{"id":22105,"date":"2015-02-15T13:51:34","date_gmt":"2015-02-15T16:51:34","guid":{"rendered":"https:\/\/www.blogsoestado.com\/danielmatos\/?p=22105"},"modified":"2015-02-15T13:51:34","modified_gmt":"2015-02-15T16:51:34","slug":"animacao-marca-abertura-do-carnaval-em-paco-do-lumiar","status":"publish","type":"post","link":"https:\/\/www.blogsoestado.com\/danielmatos\/animacao-marca-abertura-do-carnaval-em-paco-do-lumiar\/","title":{"rendered":"Anima\u00e7\u00e3o marca abertura do Carnaval em Pa\u00e7o do Lumiar"},"content":{"rendered":"<figure id=\"attachment_22106\" aria-describedby=\"caption-attachment-22106\" style=\"width: 640px\" class=\"wp-caption aligncenter\"><a href=\"https:\/\/www.blogsoestado.com\/danielmatos\/files\/2015\/02\/pa\u00e7o-carnaval20152.jpg\"><img fetchpriority=\"high\" decoding=\"async\" class=\"size-full wp-image-22106\" src=\"https:\/\/www.blogsoestado.com\/danielmatos\/files\/2015\/02\/pa\u00e7o-carnaval20152.jpg\" alt=\"Multid\u00e3o se divertiu ao som das bandas contratadas para animar o Carnaval luminense \" width=\"640\" height=\"410\" \/><\/a><figcaption id=\"caption-attachment-22106\" class=\"wp-caption-text\">Multid\u00e3o se divertiu ao som das bandas blocos contratados para animar o Carnaval luminense<\/figcaption><\/figure>\n<p>A primeira noite do carnaval da Prefeitura de Pa\u00e7o do Lumiar, com o tema \u201cBrilho e Fantasia\u201d, reuniu milhares de foli\u00f5es no Corredor da Cultura, no Maiob\u00e3o. O prefeito professor Josemar Sobreiro (PR), acompanhado da primeira-dama, Ivone Oliveira, e do secret\u00e1rio municipal de Cultura, Fernando Muniz, fez a abertura oficial do evento carnavalesco.<\/p>\n<p>O prefeito Josemar destacou que este ser\u00e1 mais um carnaval de muita alegria e total seguran\u00e7a, marca da sua administra\u00e7\u00e3o. J\u00e1 o secret\u00e1rio de Cultura, Fernando Muniz, enfatizou a valoriza\u00e7\u00e3o das bandas locais e o esquema de seguran\u00e7a montado para os dias de festa. \u201cOrganizamos uma programa\u00e7\u00e3o para atender a todos os p\u00fablicos e gostos musicais, num ambiente seguro onde toda a fam\u00edlia possa brincar os quatro dias com tranquilidade\u201d.<\/p>\n<figure id=\"attachment_22107\" aria-describedby=\"caption-attachment-22107\" style=\"width: 640px\" class=\"wp-caption aligncenter\"><a href=\"https:\/\/www.blogsoestado.com\/danielmatos\/files\/2015\/02\/pa\u00e7o-carnaval2015.jpg\"><img decoding=\"async\" class=\"size-full wp-image-22107\" src=\"https:\/\/www.blogsoestado.com\/danielmatos\/files\/2015\/02\/pa\u00e7o-carnaval2015.jpg\" alt=\"Prefeito Josemar Sobreiro subiu ao palco para cumprimentar artistas na primeira noite de folia\" width=\"640\" height=\"360\" \/><\/a><figcaption id=\"caption-attachment-22107\" class=\"wp-caption-text\">Prefeito Josemar Sobreiro subiu ao palco para cumprimentar artistas na primeira noite de folia<\/figcaption><\/figure>\n<p>A anima\u00e7\u00e3o dos foli\u00f5es luminenses ficou por conta da Reprise do Brasil, cantando os hits do carnaval deste ano, e, direto da Bahia, a banda Serginho e a Rapaziada que relembrou m\u00fasicas e grupos consagrados do carnaval baiano, entre eles, Banda Eva, \u00c9 o Tchan e Chiclete com Banana.<\/p>\n<p>O carnaval de Pa\u00e7o do Lumiar tamb\u00e9m tem espa\u00e7o para m\u00fasica eletr\u00f4nica, funk e pop, na mixagem do Dj Lu\u00eds Tenista, respons\u00e1vel em animar os fol\u00f5es no intervalo dos shows. Na ter\u00e7a-feira de Carnaval, o Dj ser\u00e1 a atra\u00e7\u00e3o do vesperal infantil, no Corredor da Cultura, a partir das 17h.<\/p>\n<figure id=\"attachment_22108\" aria-describedby=\"caption-attachment-22108\" style=\"width: 640px\" class=\"wp-caption aligncenter\"><a href=\"https:\/\/www.blogsoestado.com\/danielmatos\/files\/2015\/02\/pa\u00e7o-carnaval20153.jpg\"><img decoding=\"async\" class=\"size-full wp-image-22108\" src=\"https:\/\/www.blogsoestado.com\/danielmatos\/files\/2015\/02\/pa\u00e7o-carnaval20153.jpg\" alt=\"Comitiva liderada pelo prefeito Josemar prestigiou a abertura da folia em Pa\u00e7o do Lumiar\" width=\"640\" height=\"425\" \/><\/a><figcaption id=\"caption-attachment-22108\" class=\"wp-caption-text\">Comitiva liderada pelo prefeito Josemar Sobreiro prestigiou a abertura da folia em Pa\u00e7o do Lumiar<\/figcaption><\/figure>\n<p>Na comunidade de Igua\u00edba, na ter\u00e7a-feira, acontecer\u00e1 o Carnaval Itinerante, com shows das bandas Explos\u00e3o do Arrocha e Maria Bebeu, na pra\u00e7a central. O in\u00edcio da festa ser\u00e1 \u00e0s 19h, logo ap\u00f3s o tradicional arrast\u00e3o dos blocos.<\/p>\n<p>Os pontos de festa oficiais e entorno, contam com o apoio da Pol\u00edcia Militar do Maranh\u00e3o e o monitoramento do Grupo T\u00e1tico A\u00e9reo (GTA), homens da seguran\u00e7a privada e do Servi\u00e7o M\u00f3vel de Urg\u00eancia \u2013 SAMU 192.<\/p>\n","protected":false},"excerpt":{"rendered":"<p>A primeira noite do carnaval da Prefeitura de Pa\u00e7o do Lumiar, com o tema \u201cBrilho e Fantasia\u201d, reuniu milhares de [&hellip;]<\/p>\n","protected":false},"author":0,"featured_media":0,"comment_status":"open","ping_status":"open","sticky":false,"template":"","format":"standard","meta":{"site-sidebar-layout":"default","site-content-layout":"","ast-site-content-layout":"default","site-content-style":"default","site-sidebar-style":"default","ast-global-header-display":"","ast-banner-title-visibility":"","ast-main-header-display":"","ast-hfb-above-header-display":"","ast-hfb-below-header-display":"","ast-hfb-mobile-header-display":"","site-post-title":"","ast-breadcrumbs-content":"","ast-featured-img":"","footer-sml-layout":"","ast-disable-related-posts":"","theme-transparent-header-meta":"","adv-header-id-meta":"","stick-header-meta":"","header-above-stick-meta":"","header-main-stick-meta":"","header-below-stick-meta":"","astra-migrate-meta-layouts":"default","ast-page-background-enabled":"default","ast-page-background-meta":{"desktop":{"background-color":"var(--ast-global-color-5)","background-image":"","background-repeat":"repeat","background-position":"center center","background-size":"auto","background-attachment":"scroll","background-type":"","background-media":"","overlay-type":"","overlay-color":"","overlay-opacity":"","overlay-gradient":""},"tablet":{"background-color":"","background-image":"","background-repeat":"repeat","background-position":"center center","background-size":"auto","background-attachment":"scroll","background-type":"","background-media":"","overlay-type":"","overlay-color":"","overlay-opacity":"","overlay-gradient":""},"mobile":{"background-color":"","background-image":"","background-repeat":"repeat","background-position":"center center","background-size":"auto","background-attachment":"scroll","background-type":"","background-media":"","overlay-type":"","overlay-color":"","overlay-opacity":"","overlay-gradient":""}},"ast-content-background-meta":{"desktop":{"background-color":"var(--ast-global-color-4)","background-image":"","background-repeat":"repeat","background-position":"center center","background-size":"auto","background-attachment":"scroll","background-type":"","background-media":"","overlay-type":"","overlay-color":"","overlay-opacity":"","overlay-gradient":""},"tablet":{"background-color":"var(--ast-global-color-4)","background-image":"","background-repeat":"repeat","background-position":"center center","background-size":"auto","background-attachment":"scroll","background-type":"","background-media":"","overlay-type":"","overlay-color":"","overlay-opacity":"","overlay-gradient":""},"mobile":{"background-color":"var(--ast-global-color-4)","background-image":"","background-repeat":"repeat","background-position":"center center","background-size":"auto","background-attachment":"scroll","background-type":"","background-media":"","overlay-type":"","overlay-color":"","overlay-opacity":"","overlay-gradient":""}},"footnotes":""},"categories":[1],"tags":[],"class_list":["post-22105","post","type-post","status-publish","format-standard","hentry","category-sem-categoria"],"yoast_head":"<!-- This site is optimized with the Yoast SEO plugin v26.6 - https:\/\/yoast.com\/wordpress\/plugins\/seo\/ -->\n<title>Anima\u00e7\u00e3o marca abertura do Carnaval em Pa\u00e7o do Lumiar - Daniel Matos<\/title>\n<meta name=\"robots\" content=\"index, follow, max-snippet:-1, max-image-preview:large, max-video-preview:-1\" \/>\n<link rel=\"canonical\" href=\"https:\/\/www.blogsoestado.com\/danielmatos\/animacao-marca-abertura-do-carnaval-em-paco-do-lumiar\/\" \/>\n<meta property=\"og:locale\" content=\"pt_BR\" \/>\n<meta property=\"og:type\" content=\"article\" \/>\n<meta property=\"og:title\" content=\"Anima\u00e7\u00e3o marca abertura do Carnaval em Pa\u00e7o do Lumiar - Daniel Matos\" \/>\n<meta property=\"og:description\" content=\"A primeira noite do carnaval da Prefeitura de Pa\u00e7o do Lumiar, com o tema \u201cBrilho e Fantasia\u201d, reuniu milhares de [&hellip;]\" \/>\n<meta property=\"og:url\" content=\"https:\/\/www.blogsoestado.com\/danielmatos\/animacao-marca-abertura-do-carnaval-em-paco-do-lumiar\/\" \/>\n<meta property=\"og:site_name\" content=\"Daniel Matos\" \/>\n<meta property=\"article:published_time\" content=\"2015-02-15T16:51:34+00:00\" \/>\n<meta name=\"twitter:card\" content=\"summary_large_image\" \/>\n<meta name=\"twitter:label1\" content=\"Est. tempo de leitura\" \/>\n\t<meta name=\"twitter:data1\" content=\"2 minutos\" \/>\n<script type=\"application\/ld+json\" class=\"yoast-schema-graph\">{\"@context\":\"https:\/\/schema.org\",\"@graph\":[{\"@type\":\"WebPage\",\"@id\":\"https:\/\/www.blogsoestado.com\/danielmatos\/animacao-marca-abertura-do-carnaval-em-paco-do-lumiar\/\",\"url\":\"https:\/\/www.blogsoestado.com\/danielmatos\/animacao-marca-abertura-do-carnaval-em-paco-do-lumiar\/\",\"name\":\"Anima\u00e7\u00e3o marca abertura do Carnaval em Pa\u00e7o do Lumiar - Daniel Matos\",\"isPartOf\":{\"@id\":\"https:\/\/www.blogsoestado.com\/danielmatos\/#website\"},\"datePublished\":\"2015-02-15T16:51:34+00:00\",\"author\":{\"@id\":\"\"},\"breadcrumb\":{\"@id\":\"https:\/\/www.blogsoestado.com\/danielmatos\/animacao-marca-abertura-do-carnaval-em-paco-do-lumiar\/#breadcrumb\"},\"inLanguage\":\"pt-BR\",\"potentialAction\":[{\"@type\":\"ReadAction\",\"target\":[\"https:\/\/www.blogsoestado.com\/danielmatos\/animacao-marca-abertura-do-carnaval-em-paco-do-lumiar\/\"]}]},{\"@type\":\"BreadcrumbList\",\"@id\":\"https:\/\/www.blogsoestado.com\/danielmatos\/animacao-marca-abertura-do-carnaval-em-paco-do-lumiar\/#breadcrumb\",\"itemListElement\":[{\"@type\":\"ListItem\",\"position\":1,\"name\":\"In\u00edcio\",\"item\":\"https:\/\/www.blogsoestado.com\/danielmatos\/\"},{\"@type\":\"ListItem\",\"position\":2,\"name\":\"Anima\u00e7\u00e3o marca abertura do Carnaval em Pa\u00e7o do Lumiar\"}]},{\"@type\":\"WebSite\",\"@id\":\"https:\/\/www.blogsoestado.com\/danielmatos\/#website\",\"url\":\"https:\/\/www.blogsoestado.com\/danielmatos\/\",\"name\":\"Daniel Matos\",\"description\":\"\",\"potentialAction\":[{\"@type\":\"SearchAction\",\"target\":{\"@type\":\"EntryPoint\",\"urlTemplate\":\"https:\/\/www.blogsoestado.com\/danielmatos\/?s={search_term_string}\"},\"query-input\":{\"@type\":\"PropertyValueSpecification\",\"valueRequired\":true,\"valueName\":\"search_term_string\"}}],\"inLanguage\":\"pt-BR\"}]}<\/script>\n<!-- \/ Yoast SEO plugin. -->","yoast_head_json":{"title":"Anima\u00e7\u00e3o marca abertura do Carnaval em Pa\u00e7o do Lumiar - Daniel Matos","robots":{"index":"index","follow":"follow","max-snippet":"max-snippet:-1","max-image-preview":"max-image-preview:large","max-video-preview":"max-video-preview:-1"},"canonical":"https:\/\/www.blogsoestado.com\/danielmatos\/animacao-marca-abertura-do-carnaval-em-paco-do-lumiar\/","og_locale":"pt_BR","og_type":"article","og_title":"Anima\u00e7\u00e3o marca abertura do Carnaval em Pa\u00e7o do Lumiar - Daniel Matos","og_description":"A primeira noite do carnaval da Prefeitura de Pa\u00e7o do Lumiar, com o tema \u201cBrilho e Fantasia\u201d, reuniu milhares de [&hellip;]","og_url":"https:\/\/www.blogsoestado.com\/danielmatos\/animacao-marca-abertura-do-carnaval-em-paco-do-lumiar\/","og_site_name":"Daniel Matos","article_published_time":"2015-02-15T16:51:34+00:00","twitter_card":"summary_large_image","twitter_misc":{"Est. tempo de leitura":"2 minutos"},"schema":{"@context":"https:\/\/schema.org","@graph":[{"@type":"WebPage","@id":"https:\/\/www.blogsoestado.com\/danielmatos\/animacao-marca-abertura-do-carnaval-em-paco-do-lumiar\/","url":"https:\/\/www.blogsoestado.com\/danielmatos\/animacao-marca-abertura-do-carnaval-em-paco-do-lumiar\/","name":"Anima\u00e7\u00e3o marca abertura do Carnaval em Pa\u00e7o do Lumiar - Daniel Matos","isPartOf":{"@id":"https:\/\/www.blogsoestado.com\/danielmatos\/#website"},"datePublished":"2015-02-15T16:51:34+00:00","author":{"@id":""},"breadcrumb":{"@id":"https:\/\/www.blogsoestado.com\/danielmatos\/animacao-marca-abertura-do-carnaval-em-paco-do-lumiar\/#breadcrumb"},"inLanguage":"pt-BR","potentialAction":[{"@type":"ReadAction","target":["https:\/\/www.blogsoestado.com\/danielmatos\/animacao-marca-abertura-do-carnaval-em-paco-do-lumiar\/"]}]},{"@type":"BreadcrumbList","@id":"https:\/\/www.blogsoestado.com\/danielmatos\/animacao-marca-abertura-do-carnaval-em-paco-do-lumiar\/#breadcrumb","itemListElement":[{"@type":"ListItem","position":1,"name":"In\u00edcio","item":"https:\/\/www.blogsoestado.com\/danielmatos\/"},{"@type":"ListItem","position":2,"name":"Anima\u00e7\u00e3o marca abertura do Carnaval em Pa\u00e7o do Lumiar"}]},{"@type":"WebSite","@id":"https:\/\/www.blogsoestado.com\/danielmatos\/#website","url":"https:\/\/www.blogsoestado.com\/danielmatos\/","name":"Daniel Matos","description":"","potentialAction":[{"@type":"SearchAction","target":{"@type":"EntryPoint","urlTemplate":"https:\/\/www.blogsoestado.com\/danielmatos\/?s={search_term_string}"},"query-input":{"@type":"PropertyValueSpecification","valueRequired":true,"valueName":"search_term_string"}}],"inLanguage":"pt-BR"}]}},"jetpack_featured_media_url":"","_links":{"self":[{"href":"https:\/\/www.blogsoestado.com\/danielmatos\/wp-json\/wp\/v2\/posts\/22105","targetHints":{"allow":["GET"]}}],"collection":[{"href":"https:\/\/www.blogsoestado.com\/danielmatos\/wp-json\/wp\/v2\/posts"}],"about":[{"href":"https:\/\/www.blogsoestado.com\/danielmatos\/wp-json\/wp\/v2\/types\/post"}],"replies":[{"embeddable":true,"href":"https:\/\/www.blogsoestado.com\/danielmatos\/wp-json\/wp\/v2\/comments?post=22105"}],"version-history":[{"count":0,"href":"https:\/\/www.blogsoestado.com\/danielmatos\/wp-json\/wp\/v2\/posts\/22105\/revisions"}],"wp:attachment":[{"href":"https:\/\/www.blogsoestado.com\/danielmatos\/wp-json\/wp\/v2\/media?parent=22105"}],"wp:term":[{"taxonomy":"category","embeddable":true,"href":"https:\/\/www.blogsoestado.com\/danielmatos\/wp-json\/wp\/v2\/categories?post=22105"},{"taxonomy":"post_tag","embeddable":true,"href":"https:\/\/www.blogsoestado.com\/danielmatos\/wp-json\/wp\/v2\/tags?post=22105"}],"curies":[{"name":"wp","href":"https:\/\/api.w.org\/{rel}","templated":true}]}}