{"id":22121,"date":"2015-02-18T15:22:16","date_gmt":"2015-02-18T18:22:16","guid":{"rendered":"https:\/\/www.blogsoestado.com\/danielmatos\/?p=22121"},"modified":"2015-02-18T15:22:16","modified_gmt":"2015-02-18T18:22:16","slug":"alegria-e-seguranca-no-carnaval-de-paco-do-lumiar","status":"publish","type":"post","link":"https:\/\/www.blogsoestado.com\/danielmatos\/alegria-e-seguranca-no-carnaval-de-paco-do-lumiar\/","title":{"rendered":"Alegria e seguran\u00e7a no Carnaval de Pa\u00e7o do Lumiar"},"content":{"rendered":"<figure id=\"attachment_22122\" aria-describedby=\"caption-attachment-22122\" style=\"width: 600px\" class=\"wp-caption aligncenter\"><a href=\"https:\/\/www.blogsoestado.com\/danielmatos\/files\/2015\/02\/pa\u00e7o-carnaval-balan\u00e7o.jpg\"><img fetchpriority=\"high\" decoding=\"async\" class=\"size-full wp-image-22122\" src=\"https:\/\/www.blogsoestado.com\/danielmatos\/files\/2015\/02\/pa\u00e7o-carnaval-balan\u00e7o.jpg\" alt=\"Milhares de foli\u00f5es cantaram e dan\u00e7aram ao som das bandas e blocos que animaram o Carnaval de Pa\u00e7o do Lumiar\" width=\"600\" height=\"400\" \/><\/a><figcaption id=\"caption-attachment-22122\" class=\"wp-caption-text\">Milhares de foli\u00f5es cantaram e dan\u00e7aram ao som das bandas e blocos que animaram o Carnaval de Pa\u00e7o do Lumiar<\/figcaption><\/figure>\n<p>Os quatro dias de shows garantiram a divers\u00e3o dos foli\u00f5es luminenses, no Carnaval \u201cBrilho e Fantasia\u201d da administra\u00e7\u00e3o do prefeito Josemar Sobreiro (PR), e repetiu o sucesso do ano passado, com a estrutura do Corredor da Folia, no Maiob\u00e3o, e no Igua\u00edba.<\/p>\n<p>No Maiob\u00e3o, um p\u00fablico estimado em 100 mil pessoas compareceu nas noites de carnaval. O espa\u00e7o deu acesso \u00e0s apresenta\u00e7\u00f5es de bandas locais e consagradas como: Kzoeira, Forr\u00f3 Swing de Gueto, Forr\u00f3 de Ostenta\u00e7\u00e3o, Forr\u00f3 Pankada, Reprise, e ainda, da Bahia, o grupo Serginho e a Rapaziada.<\/p>\n<figure id=\"attachment_22123\" aria-describedby=\"caption-attachment-22123\" style=\"width: 640px\" class=\"wp-caption aligncenter\"><a href=\"https:\/\/www.blogsoestado.com\/danielmatos\/files\/2015\/02\/pa\u00e7o-carnaval-balan\u00e7o2.jpg\"><img decoding=\"async\" class=\"size-full wp-image-22123\" src=\"https:\/\/www.blogsoestado.com\/danielmatos\/files\/2015\/02\/pa\u00e7o-carnaval-balan\u00e7o2.jpg\" alt=\"Prefeito Josemar Sobreiro cumprimentou vendedora ambulante que trabalhava em um dos pontos de folia\" width=\"640\" height=\"427\" \/><\/a><figcaption id=\"caption-attachment-22123\" class=\"wp-caption-text\">Prefeito Josemar Sobreiro cumprimentou vendedora ambulante que trabalhava em um dos pontos de folia<\/figcaption><\/figure>\n<p>O prefeito professor Josemar Sobreiro (PR) acompanhou de perto o carnaval de Pa\u00e7o do Lumiar, no palco principal no Maiob\u00e3o, e no itinerante, em Igua\u00edba. \u201cMais uma vez proporcionamos aos luminenses um carnaval alegre, com seguran\u00e7a. Esta \u00e9 a marca do carnaval da atual gest\u00e3o da p<br \/>\nPrefeitura de Pa\u00e7o do Lumiar\u201d, afirmou o gestor.<\/p>\n<p>O carnaval de Pa\u00e7o do Lumiar, mais uma vez, foi marcado pela tranquilidade nos dois pontos de festas e entorno. Homens da Pol\u00edcia Militar, Corpo de Bombeiros, Defesa Civil, seguran\u00e7a privada e Servi\u00e7o M\u00f3vel de Urg\u00eancia \u2013 SAMU192 garantiram a seguran\u00e7a dos foli\u00f5es.<\/p>\n<figure id=\"attachment_22124\" aria-describedby=\"caption-attachment-22124\" style=\"width: 640px\" class=\"wp-caption aligncenter\"><a href=\"https:\/\/www.blogsoestado.com\/danielmatos\/files\/2015\/02\/pa\u00e7o-carnaval-balan\u00e7o3.jpg\"><img decoding=\"async\" class=\"size-full wp-image-22124\" src=\"https:\/\/www.blogsoestado.com\/danielmatos\/files\/2015\/02\/pa\u00e7o-carnaval-balan\u00e7o3.jpg\" alt=\"Multid\u00e3o com muita anima\u00e7\u00e3o e seguran\u00e7a nos quatro dias de programa\u00e7\u00e3o do Carnaval\" width=\"640\" height=\"427\" \/><\/a><figcaption id=\"caption-attachment-22124\" class=\"wp-caption-text\">Multid\u00e3o brincou com muita anima\u00e7\u00e3o e seguran\u00e7a nos quatro dias de programa\u00e7\u00e3o do Carnaval em Pa\u00e7o do Lumiar<\/figcaption><\/figure>\n<p>As crian\u00e7as tamb\u00e9m tiveram seu momento especial, regado a muito confete, serpentina, espuma e fantasias de personagens de super her\u00f3is, no vesperal infantil da ter\u00e7a-feira de carnaval. O bailinho foi animado pelo Dj Luis Tenista, que tocou m\u00fasicas conhecidas do p\u00fablico e as tradicionais marchinhas de carnaval.<\/p>\n<p>Na comunidade de Igua\u00edba, o \u00faltimo dia de carnaval foi animado pelo tradicional arrast\u00e3o dos blocos. Na pra\u00e7a central as bandas Maria Bebeu e Explos\u00e3o do Arrocha deram o tom \u00e0 ter\u00e7a-feira de carnaval.<\/p>\n<figure id=\"attachment_22125\" aria-describedby=\"caption-attachment-22125\" style=\"width: 640px\" class=\"wp-caption aligncenter\"><a href=\"https:\/\/www.blogsoestado.com\/danielmatos\/files\/2015\/02\/pa\u00e7o-carnaval-balan\u00e7o4.jpg\"><img loading=\"lazy\" decoding=\"async\" class=\"size-full wp-image-22125\" src=\"https:\/\/www.blogsoestado.com\/danielmatos\/files\/2015\/02\/pa\u00e7o-carnaval-balan\u00e7o4.jpg\" alt=\"Empolgado com a beleza e a anima\u00e7\u00e3o da festa, prefeito Josemar Sobreiro abra\u00e7ou foli\u00e3\" width=\"640\" height=\"427\" \/><\/a><figcaption id=\"caption-attachment-22125\" class=\"wp-caption-text\">Empolgado com a beleza e a anima\u00e7\u00e3o da festa, prefeito Josemar Sobreiro abra\u00e7ou foli\u00e3 que se divertia no Carnaval<\/figcaption><\/figure>\n<p>Para o secret\u00e1rio de Cultura, Fernando Muniz, o saldo do carnaval luminense foi muito positivo. \u201cA popula\u00e7\u00e3o se divertiu do primeiro ao \u00faltimo dia com bandas locais e Dj. A gest\u00e3o do prefeito Josemar est\u00e1 feliz pela aceita\u00e7\u00e3o da programa\u00e7\u00e3o pelo p\u00fablico e a consagra\u00e7\u00e3o do nosso carnaval\u201d, disse.<\/p>\n<p>Para a universit\u00e1ria, Rosana Cavalcante, o carnaval de Pa\u00e7o do Lumiar foi muito divertido. &#8220;Deixei de viajar para o interior com os amigos para brincar perto de casa e n\u00e3o me arrependi. Participei todos os dias e foi muito bom&#8221;, classificou a estudante.<\/p>\n<p><strong>Com\u00e9rcio<\/strong><\/p>\n<figure id=\"attachment_22126\" aria-describedby=\"caption-attachment-22126\" style=\"width: 640px\" class=\"wp-caption aligncenter\"><a href=\"https:\/\/www.blogsoestado.com\/danielmatos\/files\/2015\/02\/pa\u00e7o-carnaval-balan\u00e7o5.jpg\"><img loading=\"lazy\" decoding=\"async\" class=\"size-full wp-image-22126\" src=\"https:\/\/www.blogsoestado.com\/danielmatos\/files\/2015\/02\/pa\u00e7o-carnaval-balan\u00e7o5.jpg\" alt=\"Vocalista de banda interagiu com o p\u00fablico, que reagiu com euforia, alegrando ainda mais a festa \" width=\"640\" height=\"427\" \/><\/a><figcaption id=\"caption-attachment-22126\" class=\"wp-caption-text\">Vocalista de banda interagiu com o p\u00fablico, que reagiu com euforia, alegrando ainda mais a festa<\/figcaption><\/figure>\n<p>Quem aproveitou tamb\u00e9m no carnaval foram os ambulantes que, durante os quatro dias do per\u00edodo carnavalesco tiveram um lucro extra, com a venda de bebidas e lanches. Os vendedores informais passaram por cadastro da Prefeitura e vistoria da Vigil\u00e2ncia Sanit\u00e1ria Municipal.<\/p>\n","protected":false},"excerpt":{"rendered":"<p>Os quatro dias de shows garantiram a divers\u00e3o dos foli\u00f5es luminenses, no Carnaval \u201cBrilho e Fantasia\u201d da administra\u00e7\u00e3o do prefeito [&hellip;]<\/p>\n","protected":false},"author":0,"featured_media":0,"comment_status":"open","ping_status":"open","sticky":false,"template":"","format":"standard","meta":{"site-sidebar-layout":"default","site-content-layout":"","ast-site-content-layout":"default","site-content-style":"default","site-sidebar-style":"default","ast-global-header-display":"","ast-banner-title-visibility":"","ast-main-header-display":"","ast-hfb-above-header-display":"","ast-hfb-below-header-display":"","ast-hfb-mobile-header-display":"","site-post-title":"","ast-breadcrumbs-content":"","ast-featured-img":"","footer-sml-layout":"","ast-disable-related-posts":"","theme-transparent-header-meta":"","adv-header-id-meta":"","stick-header-meta":"","header-above-stick-meta":"","header-main-stick-meta":"","header-below-stick-meta":"","astra-migrate-meta-layouts":"default","ast-page-background-enabled":"default","ast-page-background-meta":{"desktop":{"background-color":"var(--ast-global-color-5)","background-image":"","background-repeat":"repeat","background-position":"center center","background-size":"auto","background-attachment":"scroll","background-type":"","background-media":"","overlay-type":"","overlay-color":"","overlay-opacity":"","overlay-gradient":""},"tablet":{"background-color":"","background-image":"","background-repeat":"repeat","background-position":"center center","background-size":"auto","background-attachment":"scroll","background-type":"","background-media":"","overlay-type":"","overlay-color":"","overlay-opacity":"","overlay-gradient":""},"mobile":{"background-color":"","background-image":"","background-repeat":"repeat","background-position":"center center","background-size":"auto","background-attachment":"scroll","background-type":"","background-media":"","overlay-type":"","overlay-color":"","overlay-opacity":"","overlay-gradient":""}},"ast-content-background-meta":{"desktop":{"background-color":"var(--ast-global-color-4)","background-image":"","background-repeat":"repeat","background-position":"center center","background-size":"auto","background-attachment":"scroll","background-type":"","background-media":"","overlay-type":"","overlay-color":"","overlay-opacity":"","overlay-gradient":""},"tablet":{"background-color":"var(--ast-global-color-4)","background-image":"","background-repeat":"repeat","background-position":"center center","background-size":"auto","background-attachment":"scroll","background-type":"","background-media":"","overlay-type":"","overlay-color":"","overlay-opacity":"","overlay-gradient":""},"mobile":{"background-color":"var(--ast-global-color-4)","background-image":"","background-repeat":"repeat","background-position":"center center","background-size":"auto","background-attachment":"scroll","background-type":"","background-media":"","overlay-type":"","overlay-color":"","overlay-opacity":"","overlay-gradient":""}},"footnotes":""},"categories":[1],"tags":[],"class_list":["post-22121","post","type-post","status-publish","format-standard","hentry","category-sem-categoria"],"yoast_head":"<!-- This site is optimized with the Yoast SEO plugin v26.6 - https:\/\/yoast.com\/wordpress\/plugins\/seo\/ -->\n<title>Alegria e seguran\u00e7a no Carnaval de Pa\u00e7o do Lumiar - Daniel Matos<\/title>\n<meta name=\"robots\" content=\"index, follow, max-snippet:-1, max-image-preview:large, max-video-preview:-1\" \/>\n<link rel=\"canonical\" href=\"https:\/\/www.blogsoestado.com\/danielmatos\/alegria-e-seguranca-no-carnaval-de-paco-do-lumiar\/\" \/>\n<meta property=\"og:locale\" content=\"pt_BR\" \/>\n<meta property=\"og:type\" content=\"article\" \/>\n<meta property=\"og:title\" content=\"Alegria e seguran\u00e7a no Carnaval de Pa\u00e7o do Lumiar - Daniel Matos\" \/>\n<meta property=\"og:description\" content=\"Os quatro dias de shows garantiram a divers\u00e3o dos foli\u00f5es luminenses, no Carnaval \u201cBrilho e Fantasia\u201d da administra\u00e7\u00e3o do prefeito [&hellip;]\" \/>\n<meta property=\"og:url\" content=\"https:\/\/www.blogsoestado.com\/danielmatos\/alegria-e-seguranca-no-carnaval-de-paco-do-lumiar\/\" \/>\n<meta property=\"og:site_name\" content=\"Daniel Matos\" \/>\n<meta property=\"article:published_time\" content=\"2015-02-18T18:22:16+00:00\" \/>\n<meta name=\"twitter:card\" content=\"summary_large_image\" \/>\n<meta name=\"twitter:label1\" content=\"Est. tempo de leitura\" \/>\n\t<meta name=\"twitter:data1\" content=\"3 minutos\" \/>\n<script type=\"application\/ld+json\" class=\"yoast-schema-graph\">{\"@context\":\"https:\/\/schema.org\",\"@graph\":[{\"@type\":\"WebPage\",\"@id\":\"https:\/\/www.blogsoestado.com\/danielmatos\/alegria-e-seguranca-no-carnaval-de-paco-do-lumiar\/\",\"url\":\"https:\/\/www.blogsoestado.com\/danielmatos\/alegria-e-seguranca-no-carnaval-de-paco-do-lumiar\/\",\"name\":\"Alegria e seguran\u00e7a no Carnaval de Pa\u00e7o do Lumiar - Daniel Matos\",\"isPartOf\":{\"@id\":\"https:\/\/www.blogsoestado.com\/danielmatos\/#website\"},\"datePublished\":\"2015-02-18T18:22:16+00:00\",\"author\":{\"@id\":\"\"},\"breadcrumb\":{\"@id\":\"https:\/\/www.blogsoestado.com\/danielmatos\/alegria-e-seguranca-no-carnaval-de-paco-do-lumiar\/#breadcrumb\"},\"inLanguage\":\"pt-BR\",\"potentialAction\":[{\"@type\":\"ReadAction\",\"target\":[\"https:\/\/www.blogsoestado.com\/danielmatos\/alegria-e-seguranca-no-carnaval-de-paco-do-lumiar\/\"]}]},{\"@type\":\"BreadcrumbList\",\"@id\":\"https:\/\/www.blogsoestado.com\/danielmatos\/alegria-e-seguranca-no-carnaval-de-paco-do-lumiar\/#breadcrumb\",\"itemListElement\":[{\"@type\":\"ListItem\",\"position\":1,\"name\":\"In\u00edcio\",\"item\":\"https:\/\/www.blogsoestado.com\/danielmatos\/\"},{\"@type\":\"ListItem\",\"position\":2,\"name\":\"Alegria e seguran\u00e7a no Carnaval de Pa\u00e7o do Lumiar\"}]},{\"@type\":\"WebSite\",\"@id\":\"https:\/\/www.blogsoestado.com\/danielmatos\/#website\",\"url\":\"https:\/\/www.blogsoestado.com\/danielmatos\/\",\"name\":\"Daniel Matos\",\"description\":\"\",\"potentialAction\":[{\"@type\":\"SearchAction\",\"target\":{\"@type\":\"EntryPoint\",\"urlTemplate\":\"https:\/\/www.blogsoestado.com\/danielmatos\/?s={search_term_string}\"},\"query-input\":{\"@type\":\"PropertyValueSpecification\",\"valueRequired\":true,\"valueName\":\"search_term_string\"}}],\"inLanguage\":\"pt-BR\"}]}<\/script>\n<!-- \/ Yoast SEO plugin. -->","yoast_head_json":{"title":"Alegria e seguran\u00e7a no Carnaval de Pa\u00e7o do Lumiar - Daniel Matos","robots":{"index":"index","follow":"follow","max-snippet":"max-snippet:-1","max-image-preview":"max-image-preview:large","max-video-preview":"max-video-preview:-1"},"canonical":"https:\/\/www.blogsoestado.com\/danielmatos\/alegria-e-seguranca-no-carnaval-de-paco-do-lumiar\/","og_locale":"pt_BR","og_type":"article","og_title":"Alegria e seguran\u00e7a no Carnaval de Pa\u00e7o do Lumiar - Daniel Matos","og_description":"Os quatro dias de shows garantiram a divers\u00e3o dos foli\u00f5es luminenses, no Carnaval \u201cBrilho e Fantasia\u201d da administra\u00e7\u00e3o do prefeito [&hellip;]","og_url":"https:\/\/www.blogsoestado.com\/danielmatos\/alegria-e-seguranca-no-carnaval-de-paco-do-lumiar\/","og_site_name":"Daniel Matos","article_published_time":"2015-02-18T18:22:16+00:00","twitter_card":"summary_large_image","twitter_misc":{"Est. tempo de leitura":"3 minutos"},"schema":{"@context":"https:\/\/schema.org","@graph":[{"@type":"WebPage","@id":"https:\/\/www.blogsoestado.com\/danielmatos\/alegria-e-seguranca-no-carnaval-de-paco-do-lumiar\/","url":"https:\/\/www.blogsoestado.com\/danielmatos\/alegria-e-seguranca-no-carnaval-de-paco-do-lumiar\/","name":"Alegria e seguran\u00e7a no Carnaval de Pa\u00e7o do Lumiar - Daniel Matos","isPartOf":{"@id":"https:\/\/www.blogsoestado.com\/danielmatos\/#website"},"datePublished":"2015-02-18T18:22:16+00:00","author":{"@id":""},"breadcrumb":{"@id":"https:\/\/www.blogsoestado.com\/danielmatos\/alegria-e-seguranca-no-carnaval-de-paco-do-lumiar\/#breadcrumb"},"inLanguage":"pt-BR","potentialAction":[{"@type":"ReadAction","target":["https:\/\/www.blogsoestado.com\/danielmatos\/alegria-e-seguranca-no-carnaval-de-paco-do-lumiar\/"]}]},{"@type":"BreadcrumbList","@id":"https:\/\/www.blogsoestado.com\/danielmatos\/alegria-e-seguranca-no-carnaval-de-paco-do-lumiar\/#breadcrumb","itemListElement":[{"@type":"ListItem","position":1,"name":"In\u00edcio","item":"https:\/\/www.blogsoestado.com\/danielmatos\/"},{"@type":"ListItem","position":2,"name":"Alegria e seguran\u00e7a no Carnaval de Pa\u00e7o do Lumiar"}]},{"@type":"WebSite","@id":"https:\/\/www.blogsoestado.com\/danielmatos\/#website","url":"https:\/\/www.blogsoestado.com\/danielmatos\/","name":"Daniel Matos","description":"","potentialAction":[{"@type":"SearchAction","target":{"@type":"EntryPoint","urlTemplate":"https:\/\/www.blogsoestado.com\/danielmatos\/?s={search_term_string}"},"query-input":{"@type":"PropertyValueSpecification","valueRequired":true,"valueName":"search_term_string"}}],"inLanguage":"pt-BR"}]}},"jetpack_featured_media_url":"","_links":{"self":[{"href":"https:\/\/www.blogsoestado.com\/danielmatos\/wp-json\/wp\/v2\/posts\/22121","targetHints":{"allow":["GET"]}}],"collection":[{"href":"https:\/\/www.blogsoestado.com\/danielmatos\/wp-json\/wp\/v2\/posts"}],"about":[{"href":"https:\/\/www.blogsoestado.com\/danielmatos\/wp-json\/wp\/v2\/types\/post"}],"replies":[{"embeddable":true,"href":"https:\/\/www.blogsoestado.com\/danielmatos\/wp-json\/wp\/v2\/comments?post=22121"}],"version-history":[{"count":0,"href":"https:\/\/www.blogsoestado.com\/danielmatos\/wp-json\/wp\/v2\/posts\/22121\/revisions"}],"wp:attachment":[{"href":"https:\/\/www.blogsoestado.com\/danielmatos\/wp-json\/wp\/v2\/media?parent=22121"}],"wp:term":[{"taxonomy":"category","embeddable":true,"href":"https:\/\/www.blogsoestado.com\/danielmatos\/wp-json\/wp\/v2\/categories?post=22121"},{"taxonomy":"post_tag","embeddable":true,"href":"https:\/\/www.blogsoestado.com\/danielmatos\/wp-json\/wp\/v2\/tags?post=22121"}],"curies":[{"name":"wp","href":"https:\/\/api.w.org\/{rel}","templated":true}]}}