{"id":22128,"date":"2015-02-18T15:41:07","date_gmt":"2015-02-18T18:41:07","guid":{"rendered":"https:\/\/www.blogsoestado.com\/danielmatos\/?p=22128"},"modified":"2015-02-18T15:41:07","modified_gmt":"2015-02-18T18:41:07","slug":"presidente-do-crea-ma-visita-universidade-ceuma","status":"publish","type":"post","link":"https:\/\/www.blogsoestado.com\/danielmatos\/presidente-do-crea-ma-visita-universidade-ceuma\/","title":{"rendered":"Presidente do CREA-MA visita Universidade Ceuma"},"content":{"rendered":"<figure id=\"attachment_22129\" aria-describedby=\"caption-attachment-22129\" style=\"width: 448px\" class=\"wp-caption alignright\"><a href=\"https:\/\/www.blogsoestado.com\/danielmatos\/files\/2015\/02\/ceuma-crea.jpg\"><img fetchpriority=\"high\" decoding=\"async\" class=\"size-full wp-image-22129\" src=\"https:\/\/www.blogsoestado.com\/danielmatos\/files\/2015\/02\/ceuma-crea.jpg\" alt=\"Visita teve como objetivo aproxima os acad\u00eamicos da pr\u00e1tica profissional\" width=\"448\" height=\"224\" \/><\/a><figcaption id=\"caption-attachment-22129\" class=\"wp-caption-text\">Visita teve como objetivo aproxima os acad\u00eamicos da pr\u00e1tica profissional<\/figcaption><\/figure>\n<p>Com o intuito de aproximar os acad\u00eamicos de Engenharia com o setor profissional, a Universidade Ceuma recebeu a visita do presidente do Conselho Regional de Engenharia e Agronomia do Maranh\u00e3o (CREA-MA), Cleudson Campos de Anchieta. Na ocasi\u00e3o, representantes da institui\u00e7\u00e3o de ensino e da entidade de classe\u00a0discutiram formas\u00a0de tornar\u00a0o CREA-MA mais presente no curso.<\/p>\n<p>O principal objetivo da reuni\u00e3o foi planejar um calend\u00e1rio com a inten\u00e7\u00e3o de tornar a Universidade Ceuma mais pr\u00f3xima do CREA-MA, para, assim, refor\u00e7ar o relacionamento dos futuros profissionais de Engenharia com o conselho. Durante a reuni\u00e3o, foram abordados temas sobre os conv\u00eanios que poder\u00e3o realizar; a possibilidade de parcerias de est\u00e1gios e eventos institucionais da \u00e1rea da Engenharia, para que esses alunos possam conhecer na pr\u00e1tica a profiss\u00e3o.<\/p>\n<p>\u201cO que estamos acertando com a Universidade Ceuma \u00e9 que, sempre que houver oportunidades, nos coloquem para discutir e participar dos eventos. Estamos come\u00e7ando a quebrar barreiras e muros que existem. N\u00f3s queremos estar mais pr\u00f3ximos, mais presentes na vida dos acad\u00eamicos\u201d, afirmou o Presidente do CREA, Cleudson Campos.<\/p>\n<figure id=\"attachment_22130\" aria-describedby=\"caption-attachment-22130\" style=\"width: 391px\" class=\"wp-caption alignleft\"><a href=\"https:\/\/www.blogsoestado.com\/danielmatos\/files\/2015\/02\/ceuma-crea2.jpg\"><img decoding=\"async\" class=\"size-full wp-image-22130\" src=\"https:\/\/www.blogsoestado.com\/danielmatos\/files\/2015\/02\/ceuma-crea2.jpg\" alt=\"Presidente do CREA-MA, Cleudson Campos, colocou a entidade \u00e0 disposi\u00e7\u00e3o para interagir com o Ceuma e seus estudantes de Engenharia\" width=\"391\" height=\"336\" \/><\/a><figcaption id=\"caption-attachment-22130\" class=\"wp-caption-text\">Presidente do CREA-MA, Cleudson Campos, colocou a entidade \u00e0 disposi\u00e7\u00e3o para interagir com o Ceuma e seus estudantes de Engenharia<\/figcaption><\/figure>\n<p>Estiveram presentes na reuni\u00e3o o Pr\u00f3-reitor de Gradua\u00e7\u00e3o, Prof. Saulo Martins; o coordenador do curso de Curso Superior T\u00e9cnico em Petr\u00f3leo e G\u00e1s, Prof. S\u00e9rgio Silva; o Presidente do CREA-MA, Cleudson Campos de Anchieta; Prof. Me em Sustentabilidade em Ecossistemas, Marcos Mesquita; Prof. Me em Sustentabilidade em Ecossistemas Eduardo Rodrigues; Prof. Dr. em Engenharia Mec\u00e2nica Lourival Matos e Prof. Me em Engenharia Mec\u00e2nica, Paulo Flaxa.<\/p>\n<p>O coordenador do curso Prof. S\u00e9rgio Silva ressaltou a import\u00e2ncia da parceria do CREA-MA com a Universidade Ceuma,\u201cN\u00f3s temos muito para dar certo, pois acredito que a juventude est\u00e1 vindo com muito g\u00e1s, muitas ideias e poucos v\u00edcios. Isso \u00e9 muito importante e fundamental nessa etapa\u201d,disse.<\/p>\n","protected":false},"excerpt":{"rendered":"<p>Com o intuito de aproximar os acad\u00eamicos de Engenharia com o setor profissional, a Universidade Ceuma recebeu a visita do [&hellip;]<\/p>\n","protected":false},"author":0,"featured_media":0,"comment_status":"open","ping_status":"open","sticky":false,"template":"","format":"standard","meta":{"site-sidebar-layout":"default","site-content-layout":"","ast-site-content-layout":"default","site-content-style":"default","site-sidebar-style":"default","ast-global-header-display":"","ast-banner-title-visibility":"","ast-main-header-display":"","ast-hfb-above-header-display":"","ast-hfb-below-header-display":"","ast-hfb-mobile-header-display":"","site-post-title":"","ast-breadcrumbs-content":"","ast-featured-img":"","footer-sml-layout":"","ast-disable-related-posts":"","theme-transparent-header-meta":"","adv-header-id-meta":"","stick-header-meta":"","header-above-stick-meta":"","header-main-stick-meta":"","header-below-stick-meta":"","astra-migrate-meta-layouts":"default","ast-page-background-enabled":"default","ast-page-background-meta":{"desktop":{"background-color":"var(--ast-global-color-5)","background-image":"","background-repeat":"repeat","background-position":"center center","background-size":"auto","background-attachment":"scroll","background-type":"","background-media":"","overlay-type":"","overlay-color":"","overlay-opacity":"","overlay-gradient":""},"tablet":{"background-color":"","background-image":"","background-repeat":"repeat","background-position":"center center","background-size":"auto","background-attachment":"scroll","background-type":"","background-media":"","overlay-type":"","overlay-color":"","overlay-opacity":"","overlay-gradient":""},"mobile":{"background-color":"","background-image":"","background-repeat":"repeat","background-position":"center center","background-size":"auto","background-attachment":"scroll","background-type":"","background-media":"","overlay-type":"","overlay-color":"","overlay-opacity":"","overlay-gradient":""}},"ast-content-background-meta":{"desktop":{"background-color":"var(--ast-global-color-4)","background-image":"","background-repeat":"repeat","background-position":"center center","background-size":"auto","background-attachment":"scroll","background-type":"","background-media":"","overlay-type":"","overlay-color":"","overlay-opacity":"","overlay-gradient":""},"tablet":{"background-color":"var(--ast-global-color-4)","background-image":"","background-repeat":"repeat","background-position":"center center","background-size":"auto","background-attachment":"scroll","background-type":"","background-media":"","overlay-type":"","overlay-color":"","overlay-opacity":"","overlay-gradient":""},"mobile":{"background-color":"var(--ast-global-color-4)","background-image":"","background-repeat":"repeat","background-position":"center center","background-size":"auto","background-attachment":"scroll","background-type":"","background-media":"","overlay-type":"","overlay-color":"","overlay-opacity":"","overlay-gradient":""}},"footnotes":""},"categories":[1],"tags":[],"class_list":["post-22128","post","type-post","status-publish","format-standard","hentry","category-sem-categoria"],"yoast_head":"<!-- This site is optimized with the Yoast SEO plugin v26.6 - https:\/\/yoast.com\/wordpress\/plugins\/seo\/ -->\n<title>Presidente do CREA-MA visita Universidade Ceuma - Daniel Matos<\/title>\n<meta name=\"robots\" content=\"index, follow, max-snippet:-1, max-image-preview:large, max-video-preview:-1\" \/>\n<link rel=\"canonical\" href=\"https:\/\/www.blogsoestado.com\/danielmatos\/presidente-do-crea-ma-visita-universidade-ceuma\/\" \/>\n<meta property=\"og:locale\" content=\"pt_BR\" \/>\n<meta property=\"og:type\" content=\"article\" \/>\n<meta property=\"og:title\" content=\"Presidente do CREA-MA visita Universidade Ceuma - Daniel Matos\" \/>\n<meta property=\"og:description\" content=\"Com o intuito de aproximar os acad\u00eamicos de Engenharia com o setor profissional, a Universidade Ceuma recebeu a visita do [&hellip;]\" \/>\n<meta property=\"og:url\" content=\"https:\/\/www.blogsoestado.com\/danielmatos\/presidente-do-crea-ma-visita-universidade-ceuma\/\" \/>\n<meta property=\"og:site_name\" content=\"Daniel Matos\" \/>\n<meta property=\"article:published_time\" content=\"2015-02-18T18:41:07+00:00\" \/>\n<meta property=\"og:image\" content=\"https:\/\/www.blogsoestado.com\/danielmatos\/files\/2015\/02\/ceuma-crea.jpg\" \/>\n<meta name=\"twitter:card\" content=\"summary_large_image\" \/>\n<meta name=\"twitter:label1\" content=\"Est. tempo de leitura\" \/>\n\t<meta name=\"twitter:data1\" content=\"2 minutos\" \/>\n<script type=\"application\/ld+json\" class=\"yoast-schema-graph\">{\"@context\":\"https:\/\/schema.org\",\"@graph\":[{\"@type\":\"WebPage\",\"@id\":\"https:\/\/www.blogsoestado.com\/danielmatos\/presidente-do-crea-ma-visita-universidade-ceuma\/\",\"url\":\"https:\/\/www.blogsoestado.com\/danielmatos\/presidente-do-crea-ma-visita-universidade-ceuma\/\",\"name\":\"Presidente do CREA-MA visita Universidade Ceuma - Daniel Matos\",\"isPartOf\":{\"@id\":\"https:\/\/www.blogsoestado.com\/danielmatos\/#website\"},\"primaryImageOfPage\":{\"@id\":\"https:\/\/www.blogsoestado.com\/danielmatos\/presidente-do-crea-ma-visita-universidade-ceuma\/#primaryimage\"},\"image\":{\"@id\":\"https:\/\/www.blogsoestado.com\/danielmatos\/presidente-do-crea-ma-visita-universidade-ceuma\/#primaryimage\"},\"thumbnailUrl\":\"https:\/\/www.blogsoestado.com\/danielmatos\/files\/2015\/02\/ceuma-crea.jpg\",\"datePublished\":\"2015-02-18T18:41:07+00:00\",\"author\":{\"@id\":\"\"},\"breadcrumb\":{\"@id\":\"https:\/\/www.blogsoestado.com\/danielmatos\/presidente-do-crea-ma-visita-universidade-ceuma\/#breadcrumb\"},\"inLanguage\":\"pt-BR\",\"potentialAction\":[{\"@type\":\"ReadAction\",\"target\":[\"https:\/\/www.blogsoestado.com\/danielmatos\/presidente-do-crea-ma-visita-universidade-ceuma\/\"]}]},{\"@type\":\"ImageObject\",\"inLanguage\":\"pt-BR\",\"@id\":\"https:\/\/www.blogsoestado.com\/danielmatos\/presidente-do-crea-ma-visita-universidade-ceuma\/#primaryimage\",\"url\":\"https:\/\/www.blogsoestado.com\/danielmatos\/files\/2015\/02\/ceuma-crea.jpg\",\"contentUrl\":\"https:\/\/www.blogsoestado.com\/danielmatos\/files\/2015\/02\/ceuma-crea.jpg\"},{\"@type\":\"BreadcrumbList\",\"@id\":\"https:\/\/www.blogsoestado.com\/danielmatos\/presidente-do-crea-ma-visita-universidade-ceuma\/#breadcrumb\",\"itemListElement\":[{\"@type\":\"ListItem\",\"position\":1,\"name\":\"In\u00edcio\",\"item\":\"https:\/\/www.blogsoestado.com\/danielmatos\/\"},{\"@type\":\"ListItem\",\"position\":2,\"name\":\"Presidente do CREA-MA visita Universidade Ceuma\"}]},{\"@type\":\"WebSite\",\"@id\":\"https:\/\/www.blogsoestado.com\/danielmatos\/#website\",\"url\":\"https:\/\/www.blogsoestado.com\/danielmatos\/\",\"name\":\"Daniel Matos\",\"description\":\"\",\"potentialAction\":[{\"@type\":\"SearchAction\",\"target\":{\"@type\":\"EntryPoint\",\"urlTemplate\":\"https:\/\/www.blogsoestado.com\/danielmatos\/?s={search_term_string}\"},\"query-input\":{\"@type\":\"PropertyValueSpecification\",\"valueRequired\":true,\"valueName\":\"search_term_string\"}}],\"inLanguage\":\"pt-BR\"}]}<\/script>\n<!-- \/ Yoast SEO plugin. -->","yoast_head_json":{"title":"Presidente do CREA-MA visita Universidade Ceuma - Daniel Matos","robots":{"index":"index","follow":"follow","max-snippet":"max-snippet:-1","max-image-preview":"max-image-preview:large","max-video-preview":"max-video-preview:-1"},"canonical":"https:\/\/www.blogsoestado.com\/danielmatos\/presidente-do-crea-ma-visita-universidade-ceuma\/","og_locale":"pt_BR","og_type":"article","og_title":"Presidente do CREA-MA visita Universidade Ceuma - Daniel Matos","og_description":"Com o intuito de aproximar os acad\u00eamicos de Engenharia com o setor profissional, a Universidade Ceuma recebeu a visita do [&hellip;]","og_url":"https:\/\/www.blogsoestado.com\/danielmatos\/presidente-do-crea-ma-visita-universidade-ceuma\/","og_site_name":"Daniel Matos","article_published_time":"2015-02-18T18:41:07+00:00","og_image":[{"url":"https:\/\/www.blogsoestado.com\/danielmatos\/files\/2015\/02\/ceuma-crea.jpg","type":"","width":"","height":""}],"twitter_card":"summary_large_image","twitter_misc":{"Est. tempo de leitura":"2 minutos"},"schema":{"@context":"https:\/\/schema.org","@graph":[{"@type":"WebPage","@id":"https:\/\/www.blogsoestado.com\/danielmatos\/presidente-do-crea-ma-visita-universidade-ceuma\/","url":"https:\/\/www.blogsoestado.com\/danielmatos\/presidente-do-crea-ma-visita-universidade-ceuma\/","name":"Presidente do CREA-MA visita Universidade Ceuma - Daniel Matos","isPartOf":{"@id":"https:\/\/www.blogsoestado.com\/danielmatos\/#website"},"primaryImageOfPage":{"@id":"https:\/\/www.blogsoestado.com\/danielmatos\/presidente-do-crea-ma-visita-universidade-ceuma\/#primaryimage"},"image":{"@id":"https:\/\/www.blogsoestado.com\/danielmatos\/presidente-do-crea-ma-visita-universidade-ceuma\/#primaryimage"},"thumbnailUrl":"https:\/\/www.blogsoestado.com\/danielmatos\/files\/2015\/02\/ceuma-crea.jpg","datePublished":"2015-02-18T18:41:07+00:00","author":{"@id":""},"breadcrumb":{"@id":"https:\/\/www.blogsoestado.com\/danielmatos\/presidente-do-crea-ma-visita-universidade-ceuma\/#breadcrumb"},"inLanguage":"pt-BR","potentialAction":[{"@type":"ReadAction","target":["https:\/\/www.blogsoestado.com\/danielmatos\/presidente-do-crea-ma-visita-universidade-ceuma\/"]}]},{"@type":"ImageObject","inLanguage":"pt-BR","@id":"https:\/\/www.blogsoestado.com\/danielmatos\/presidente-do-crea-ma-visita-universidade-ceuma\/#primaryimage","url":"https:\/\/www.blogsoestado.com\/danielmatos\/files\/2015\/02\/ceuma-crea.jpg","contentUrl":"https:\/\/www.blogsoestado.com\/danielmatos\/files\/2015\/02\/ceuma-crea.jpg"},{"@type":"BreadcrumbList","@id":"https:\/\/www.blogsoestado.com\/danielmatos\/presidente-do-crea-ma-visita-universidade-ceuma\/#breadcrumb","itemListElement":[{"@type":"ListItem","position":1,"name":"In\u00edcio","item":"https:\/\/www.blogsoestado.com\/danielmatos\/"},{"@type":"ListItem","position":2,"name":"Presidente do CREA-MA visita Universidade Ceuma"}]},{"@type":"WebSite","@id":"https:\/\/www.blogsoestado.com\/danielmatos\/#website","url":"https:\/\/www.blogsoestado.com\/danielmatos\/","name":"Daniel Matos","description":"","potentialAction":[{"@type":"SearchAction","target":{"@type":"EntryPoint","urlTemplate":"https:\/\/www.blogsoestado.com\/danielmatos\/?s={search_term_string}"},"query-input":{"@type":"PropertyValueSpecification","valueRequired":true,"valueName":"search_term_string"}}],"inLanguage":"pt-BR"}]}},"jetpack_featured_media_url":"","_links":{"self":[{"href":"https:\/\/www.blogsoestado.com\/danielmatos\/wp-json\/wp\/v2\/posts\/22128","targetHints":{"allow":["GET"]}}],"collection":[{"href":"https:\/\/www.blogsoestado.com\/danielmatos\/wp-json\/wp\/v2\/posts"}],"about":[{"href":"https:\/\/www.blogsoestado.com\/danielmatos\/wp-json\/wp\/v2\/types\/post"}],"replies":[{"embeddable":true,"href":"https:\/\/www.blogsoestado.com\/danielmatos\/wp-json\/wp\/v2\/comments?post=22128"}],"version-history":[{"count":0,"href":"https:\/\/www.blogsoestado.com\/danielmatos\/wp-json\/wp\/v2\/posts\/22128\/revisions"}],"wp:attachment":[{"href":"https:\/\/www.blogsoestado.com\/danielmatos\/wp-json\/wp\/v2\/media?parent=22128"}],"wp:term":[{"taxonomy":"category","embeddable":true,"href":"https:\/\/www.blogsoestado.com\/danielmatos\/wp-json\/wp\/v2\/categories?post=22128"},{"taxonomy":"post_tag","embeddable":true,"href":"https:\/\/www.blogsoestado.com\/danielmatos\/wp-json\/wp\/v2\/tags?post=22128"}],"curies":[{"name":"wp","href":"https:\/\/api.w.org\/{rel}","templated":true}]}}