{"id":22138,"date":"2015-02-19T09:56:02","date_gmt":"2015-02-19T12:56:02","guid":{"rendered":"https:\/\/www.blogsoestado.com\/danielmatos\/?p=22138"},"modified":"2015-02-19T09:56:02","modified_gmt":"2015-02-19T12:56:02","slug":"secretario-anuncia-acoes-em-prol-da-metropolizacao-de-sao-luis","status":"publish","type":"post","link":"https:\/\/www.blogsoestado.com\/danielmatos\/secretario-anuncia-acoes-em-prol-da-metropolizacao-de-sao-luis\/","title":{"rendered":"Secret\u00e1rio anuncia a\u00e7\u00f5es em prol da metropoliza\u00e7\u00e3o de S\u00e3o Lu\u00eds"},"content":{"rendered":"<figure id=\"attachment_22139\" aria-describedby=\"caption-attachment-22139\" style=\"width: 448px\" class=\"wp-caption alignright\"><a href=\"https:\/\/www.blogsoestado.com\/danielmatos\/files\/2015\/02\/metropoliza\u00e7\u00e3o.jpg\"><img fetchpriority=\"high\" decoding=\"async\" class=\"size-full wp-image-22139\" src=\"https:\/\/www.blogsoestado.com\/danielmatos\/files\/2015\/02\/metropoliza\u00e7\u00e3o.jpg\" alt=\"Secret\u00e1rio J\u00falio C\u00e9sar Marques anunciou montagem de um grupo t\u00e9cnico e cria\u00e7\u00e3o de um fundo metropolitano\" width=\"448\" height=\"252\" \/><\/a><figcaption id=\"caption-attachment-22139\" class=\"wp-caption-text\">Secret\u00e1rio J\u00falio C\u00e9sar Marques anunciou montagem de um grupo t\u00e9cnico e cria\u00e7\u00e3o de um fundo metropolitano<\/figcaption><\/figure>\n<p>O\u00a0secret\u00e1rio municipal de Metropoliza\u00e7\u00e3o, J\u00falio C\u00e9sar Marques, foi um dos entrevistados desta quarta-feira (18) do programa C\u00e2mara em Destaque, na R\u00e1dio Difusora AM. Exibindo um vasto conhecimento t\u00e9cnico, o gestor protagonizou um bate-papo descontra\u00eddo com a vereadora Rose Sales(PCdoB), que, por meio\u00a0de requerimento em que solicita o aprofundamento do\u00a0debate do tema, prop\u00f4s a realiza\u00e7\u00e3o de uma audi\u00eancia p\u00fablica na C\u00e2mara Municipal de S\u00e3o Lu\u00eds, que acontecer\u00e1 no pr\u00f3ximo dia 3.<\/p>\n<p>Na entrevista, conduzida pelos radialistas Djalma Rodrigues e Adriana Nogueira e a participa\u00e7\u00e3o\u00a0de Ademar Monteiro, o secret\u00e1rio aproveitou para anunciar a implementa\u00e7\u00e3o de v\u00e1rias a\u00e7\u00f5es em prol dos cidad\u00e3os que moram nos munic\u00edpios lim\u00edtrofes.<\/p>\n<p>Segundo o secret\u00e1rio, a vontade politica, ratificada pela parceria j\u00e1 anunciada entre o Governo do Estado e a Prefeitura de S\u00e3o Lu\u00eds, proporcionar\u00e1 os instrumentos necess\u00e1rios para transformar esse sonho em realidade.<br \/>\n\u201cFazer a metropoliza\u00e7\u00e3o avan\u00e7ar foi a miss\u00e3o que o prefeito Edvaldo Holanda me delegou, pois \u00e9 de conhecimento p\u00fablico que n\u00e3o existe mais possibilidade de retrocesso, j\u00e1 que nas regi\u00f5es lim\u00edtrofes percebemos a necessidade dessas politicas p\u00fablicas serem efetivadas\u201d, destacou o secret\u00e1rio.<\/p>\n<p><strong>Grupo t\u00e9cnico e fundo metropolitano<\/strong><\/p>\n<p>Al\u00e9m da montagem\u00a0de um grupo t\u00e9cnico, que ter\u00e1 a incumb\u00eancia de rever a legisla\u00e7\u00e3o pertinente ao tema, entre elas, a Lei da Metr\u00f3pole e a lei que instituiu o Estatuto das Cidades, o secret\u00e1rio anunciou a cria\u00e7\u00e3o de um fundo metropolitano, al\u00e9m do apoio t\u00e9cnico para fomentar a agricultura familiar na \u00e1rea.<\/p>\n<p>\u201cA cria\u00e7\u00e3o de um grupo t\u00e9cnico, que dever\u00e1 rediscutir a legisla\u00e7\u00e3o j\u00e1 obsoleta, diga-se de passagem, al\u00e9m da cria\u00e7\u00e3o de um fundo, no qual o Estado entrar\u00e1 com 50% dos recursos e os outros 50% ser\u00e1 rateado entre os demais munic\u00edpios integrantes, foram alguns dos assuntos tratadas na reuni\u00e3o realizada na semana passada, coordenada pelo governador Fl\u00e1vio Dino e o prefeito Edvaldo Holanda, al\u00e9m de representantes dos demais munic\u00edpios que vislumbram a t\u00e3o sonhada metropoliza\u00e7\u00e3o\u201d, informou o secret\u00e1rio.<\/p>\n<p>O grupo t\u00e9cnico se reunira ao longo da semana para viabilizar esse estudo e, em seguida, apresentar para futura delibera\u00e7\u00e3o. Ainda de acordo com J\u00falio C\u00e9sar Marques, que tem uma s\u00e9rie de ideias as quais ser\u00e3o compartilhadas oportunamente, a estimula\u00e7\u00e3o da agricultura familiar dever\u00e1 ser outro tema que ter\u00e1 uma aten\u00e7\u00e3o especial.<br \/>\n\u201cJ\u00e1 existe um projeto piloto para ser desenvolvido em parceria com as secretarias de agricultura dos munic\u00edpios que comp\u00f5e a regi\u00e3o metropolitana, visando estimular a agricultura familiar, de forma que se possa fazer com que os produtores da regi\u00e3o tenham um apoio t\u00e9cnico para expor o seus produtos, dando dignidade e garantido renda\u201d, finalizou o secret\u00e1rio.<\/p>\n<p><strong>Debate<\/strong><\/p>\n<p>J\u00e1 a vereadora justificou o requerimento em raz\u00e3o da import\u00e2ncia das c\u00e2maras municipais nesse processo de implanta\u00e7\u00e3o da metropoliza\u00e7\u00e3o na Grande S\u00e3o Lu\u00eds.\u00a0\u201cTenho uma inser\u00e7\u00e3o nessa discuss\u00e3o desde que iniciei meu mandato, ainda em 2009. Participei de v\u00e1rias reuni\u00f5es encabe\u00e7adas, na \u00e9poca, pelo ent\u00e3o prefeito de S\u00e3o Jos\u00e9 de Ribamar, Luis Fernando Silva, e apresentei\u00a0um projeto na C\u00e2mara Municipal, mas o tramite acabou ficando travado. Ano passado, esse projeto foi reapresentado e foi acordado com a comiss\u00e3o formada por mim e pelos vereadores Estev\u00e3o Arag\u00e3o, Chaguinhas e Beto Castro, que em 2015, ap\u00f3s audi\u00eancias publicas, esse assunto voltaria \u00e0 baila, por isso, logo no in\u00edcio da legislatura, propus que d\u00e9ssemos inicio ao debate\u201d, relatou\u00a0a vereadora.<\/p>\n<p>Rose Sales\u00a0aproveitou para parabenizar a vontade pol\u00edtica do governador e ressaltar que a metropoliza\u00e7\u00e3o vai solucionar v\u00e1rias pend\u00eancias, entre elas, a chamada bitributa\u00e7\u00e3o. \u201cO processo de metropoliza\u00e7\u00e3o \u00e9 urgente e vem ampliar as garantias de direitos em v\u00e1rias politicas publicas para o povo da regi\u00e3o metropolitana. Parabenizo o governador por dar prioridade\u00a0\u00e0 metropolita\u00e7\u00e3o, pois a gest\u00e3o compartilhada e democr\u00e1tica ser\u00e1 o grande diferencial para fazer valer os interesses comuns dos munic\u00edpios\u201d, finalizou a legisladora.<\/p>\n","protected":false},"excerpt":{"rendered":"<p>O\u00a0secret\u00e1rio municipal de Metropoliza\u00e7\u00e3o, J\u00falio C\u00e9sar Marques, foi um dos entrevistados desta quarta-feira (18) do programa C\u00e2mara em Destaque, na [&hellip;]<\/p>\n","protected":false},"author":0,"featured_media":0,"comment_status":"open","ping_status":"open","sticky":false,"template":"","format":"standard","meta":{"site-sidebar-layout":"default","site-content-layout":"","ast-site-content-layout":"default","site-content-style":"default","site-sidebar-style":"default","ast-global-header-display":"","ast-banner-title-visibility":"","ast-main-header-display":"","ast-hfb-above-header-display":"","ast-hfb-below-header-display":"","ast-hfb-mobile-header-display":"","site-post-title":"","ast-breadcrumbs-content":"","ast-featured-img":"","footer-sml-layout":"","ast-disable-related-posts":"","theme-transparent-header-meta":"","adv-header-id-meta":"","stick-header-meta":"","header-above-stick-meta":"","header-main-stick-meta":"","header-below-stick-meta":"","astra-migrate-meta-layouts":"default","ast-page-background-enabled":"default","ast-page-background-meta":{"desktop":{"background-color":"var(--ast-global-color-5)","background-image":"","background-repeat":"repeat","background-position":"center center","background-size":"auto","background-attachment":"scroll","background-type":"","background-media":"","overlay-type":"","overlay-color":"","overlay-opacity":"","overlay-gradient":""},"tablet":{"background-color":"","background-image":"","background-repeat":"repeat","background-position":"center center","background-size":"auto","background-attachment":"scroll","background-type":"","background-media":"","overlay-type":"","overlay-color":"","overlay-opacity":"","overlay-gradient":""},"mobile":{"background-color":"","background-image":"","background-repeat":"repeat","background-position":"center center","background-size":"auto","background-attachment":"scroll","background-type":"","background-media":"","overlay-type":"","overlay-color":"","overlay-opacity":"","overlay-gradient":""}},"ast-content-background-meta":{"desktop":{"background-color":"var(--ast-global-color-4)","background-image":"","background-repeat":"repeat","background-position":"center center","background-size":"auto","background-attachment":"scroll","background-type":"","background-media":"","overlay-type":"","overlay-color":"","overlay-opacity":"","overlay-gradient":""},"tablet":{"background-color":"var(--ast-global-color-4)","background-image":"","background-repeat":"repeat","background-position":"center center","background-size":"auto","background-attachment":"scroll","background-type":"","background-media":"","overlay-type":"","overlay-color":"","overlay-opacity":"","overlay-gradient":""},"mobile":{"background-color":"var(--ast-global-color-4)","background-image":"","background-repeat":"repeat","background-position":"center center","background-size":"auto","background-attachment":"scroll","background-type":"","background-media":"","overlay-type":"","overlay-color":"","overlay-opacity":"","overlay-gradient":""}},"footnotes":""},"categories":[1],"tags":[],"class_list":["post-22138","post","type-post","status-publish","format-standard","hentry","category-sem-categoria"],"yoast_head":"<!-- This site is optimized with the Yoast SEO plugin v26.6 - https:\/\/yoast.com\/wordpress\/plugins\/seo\/ -->\n<title>Secret\u00e1rio anuncia a\u00e7\u00f5es em prol da metropoliza\u00e7\u00e3o de S\u00e3o Lu\u00eds - Daniel Matos<\/title>\n<meta name=\"robots\" content=\"index, follow, max-snippet:-1, max-image-preview:large, max-video-preview:-1\" \/>\n<link rel=\"canonical\" href=\"https:\/\/www.blogsoestado.com\/danielmatos\/secretario-anuncia-acoes-em-prol-da-metropolizacao-de-sao-luis\/\" \/>\n<meta property=\"og:locale\" content=\"pt_BR\" \/>\n<meta property=\"og:type\" content=\"article\" \/>\n<meta property=\"og:title\" content=\"Secret\u00e1rio anuncia a\u00e7\u00f5es em prol da metropoliza\u00e7\u00e3o de S\u00e3o Lu\u00eds - Daniel Matos\" \/>\n<meta property=\"og:description\" content=\"O\u00a0secret\u00e1rio municipal de Metropoliza\u00e7\u00e3o, J\u00falio C\u00e9sar Marques, foi um dos entrevistados desta quarta-feira (18) do programa C\u00e2mara em Destaque, na [&hellip;]\" \/>\n<meta property=\"og:url\" content=\"https:\/\/www.blogsoestado.com\/danielmatos\/secretario-anuncia-acoes-em-prol-da-metropolizacao-de-sao-luis\/\" \/>\n<meta property=\"og:site_name\" content=\"Daniel Matos\" \/>\n<meta property=\"article:published_time\" content=\"2015-02-19T12:56:02+00:00\" \/>\n<meta name=\"twitter:card\" content=\"summary_large_image\" \/>\n<meta name=\"twitter:label1\" content=\"Est. tempo de leitura\" \/>\n\t<meta name=\"twitter:data1\" content=\"4 minutos\" \/>\n<script type=\"application\/ld+json\" class=\"yoast-schema-graph\">{\"@context\":\"https:\/\/schema.org\",\"@graph\":[{\"@type\":\"WebPage\",\"@id\":\"https:\/\/www.blogsoestado.com\/danielmatos\/secretario-anuncia-acoes-em-prol-da-metropolizacao-de-sao-luis\/\",\"url\":\"https:\/\/www.blogsoestado.com\/danielmatos\/secretario-anuncia-acoes-em-prol-da-metropolizacao-de-sao-luis\/\",\"name\":\"Secret\u00e1rio anuncia a\u00e7\u00f5es em prol da metropoliza\u00e7\u00e3o de S\u00e3o Lu\u00eds - Daniel Matos\",\"isPartOf\":{\"@id\":\"https:\/\/www.blogsoestado.com\/danielmatos\/#website\"},\"datePublished\":\"2015-02-19T12:56:02+00:00\",\"author\":{\"@id\":\"\"},\"breadcrumb\":{\"@id\":\"https:\/\/www.blogsoestado.com\/danielmatos\/secretario-anuncia-acoes-em-prol-da-metropolizacao-de-sao-luis\/#breadcrumb\"},\"inLanguage\":\"pt-BR\",\"potentialAction\":[{\"@type\":\"ReadAction\",\"target\":[\"https:\/\/www.blogsoestado.com\/danielmatos\/secretario-anuncia-acoes-em-prol-da-metropolizacao-de-sao-luis\/\"]}]},{\"@type\":\"BreadcrumbList\",\"@id\":\"https:\/\/www.blogsoestado.com\/danielmatos\/secretario-anuncia-acoes-em-prol-da-metropolizacao-de-sao-luis\/#breadcrumb\",\"itemListElement\":[{\"@type\":\"ListItem\",\"position\":1,\"name\":\"In\u00edcio\",\"item\":\"https:\/\/www.blogsoestado.com\/danielmatos\/\"},{\"@type\":\"ListItem\",\"position\":2,\"name\":\"Secret\u00e1rio anuncia a\u00e7\u00f5es em prol da metropoliza\u00e7\u00e3o de S\u00e3o Lu\u00eds\"}]},{\"@type\":\"WebSite\",\"@id\":\"https:\/\/www.blogsoestado.com\/danielmatos\/#website\",\"url\":\"https:\/\/www.blogsoestado.com\/danielmatos\/\",\"name\":\"Daniel Matos\",\"description\":\"\",\"potentialAction\":[{\"@type\":\"SearchAction\",\"target\":{\"@type\":\"EntryPoint\",\"urlTemplate\":\"https:\/\/www.blogsoestado.com\/danielmatos\/?s={search_term_string}\"},\"query-input\":{\"@type\":\"PropertyValueSpecification\",\"valueRequired\":true,\"valueName\":\"search_term_string\"}}],\"inLanguage\":\"pt-BR\"}]}<\/script>\n<!-- \/ Yoast SEO plugin. -->","yoast_head_json":{"title":"Secret\u00e1rio anuncia a\u00e7\u00f5es em prol da metropoliza\u00e7\u00e3o de S\u00e3o Lu\u00eds - Daniel Matos","robots":{"index":"index","follow":"follow","max-snippet":"max-snippet:-1","max-image-preview":"max-image-preview:large","max-video-preview":"max-video-preview:-1"},"canonical":"https:\/\/www.blogsoestado.com\/danielmatos\/secretario-anuncia-acoes-em-prol-da-metropolizacao-de-sao-luis\/","og_locale":"pt_BR","og_type":"article","og_title":"Secret\u00e1rio anuncia a\u00e7\u00f5es em prol da metropoliza\u00e7\u00e3o de S\u00e3o Lu\u00eds - Daniel Matos","og_description":"O\u00a0secret\u00e1rio municipal de Metropoliza\u00e7\u00e3o, J\u00falio C\u00e9sar Marques, foi um dos entrevistados desta quarta-feira (18) do programa C\u00e2mara em Destaque, na [&hellip;]","og_url":"https:\/\/www.blogsoestado.com\/danielmatos\/secretario-anuncia-acoes-em-prol-da-metropolizacao-de-sao-luis\/","og_site_name":"Daniel Matos","article_published_time":"2015-02-19T12:56:02+00:00","twitter_card":"summary_large_image","twitter_misc":{"Est. tempo de leitura":"4 minutos"},"schema":{"@context":"https:\/\/schema.org","@graph":[{"@type":"WebPage","@id":"https:\/\/www.blogsoestado.com\/danielmatos\/secretario-anuncia-acoes-em-prol-da-metropolizacao-de-sao-luis\/","url":"https:\/\/www.blogsoestado.com\/danielmatos\/secretario-anuncia-acoes-em-prol-da-metropolizacao-de-sao-luis\/","name":"Secret\u00e1rio anuncia a\u00e7\u00f5es em prol da metropoliza\u00e7\u00e3o de S\u00e3o Lu\u00eds - Daniel Matos","isPartOf":{"@id":"https:\/\/www.blogsoestado.com\/danielmatos\/#website"},"datePublished":"2015-02-19T12:56:02+00:00","author":{"@id":""},"breadcrumb":{"@id":"https:\/\/www.blogsoestado.com\/danielmatos\/secretario-anuncia-acoes-em-prol-da-metropolizacao-de-sao-luis\/#breadcrumb"},"inLanguage":"pt-BR","potentialAction":[{"@type":"ReadAction","target":["https:\/\/www.blogsoestado.com\/danielmatos\/secretario-anuncia-acoes-em-prol-da-metropolizacao-de-sao-luis\/"]}]},{"@type":"BreadcrumbList","@id":"https:\/\/www.blogsoestado.com\/danielmatos\/secretario-anuncia-acoes-em-prol-da-metropolizacao-de-sao-luis\/#breadcrumb","itemListElement":[{"@type":"ListItem","position":1,"name":"In\u00edcio","item":"https:\/\/www.blogsoestado.com\/danielmatos\/"},{"@type":"ListItem","position":2,"name":"Secret\u00e1rio anuncia a\u00e7\u00f5es em prol da metropoliza\u00e7\u00e3o de S\u00e3o Lu\u00eds"}]},{"@type":"WebSite","@id":"https:\/\/www.blogsoestado.com\/danielmatos\/#website","url":"https:\/\/www.blogsoestado.com\/danielmatos\/","name":"Daniel Matos","description":"","potentialAction":[{"@type":"SearchAction","target":{"@type":"EntryPoint","urlTemplate":"https:\/\/www.blogsoestado.com\/danielmatos\/?s={search_term_string}"},"query-input":{"@type":"PropertyValueSpecification","valueRequired":true,"valueName":"search_term_string"}}],"inLanguage":"pt-BR"}]}},"jetpack_featured_media_url":"","_links":{"self":[{"href":"https:\/\/www.blogsoestado.com\/danielmatos\/wp-json\/wp\/v2\/posts\/22138","targetHints":{"allow":["GET"]}}],"collection":[{"href":"https:\/\/www.blogsoestado.com\/danielmatos\/wp-json\/wp\/v2\/posts"}],"about":[{"href":"https:\/\/www.blogsoestado.com\/danielmatos\/wp-json\/wp\/v2\/types\/post"}],"replies":[{"embeddable":true,"href":"https:\/\/www.blogsoestado.com\/danielmatos\/wp-json\/wp\/v2\/comments?post=22138"}],"version-history":[{"count":0,"href":"https:\/\/www.blogsoestado.com\/danielmatos\/wp-json\/wp\/v2\/posts\/22138\/revisions"}],"wp:attachment":[{"href":"https:\/\/www.blogsoestado.com\/danielmatos\/wp-json\/wp\/v2\/media?parent=22138"}],"wp:term":[{"taxonomy":"category","embeddable":true,"href":"https:\/\/www.blogsoestado.com\/danielmatos\/wp-json\/wp\/v2\/categories?post=22138"},{"taxonomy":"post_tag","embeddable":true,"href":"https:\/\/www.blogsoestado.com\/danielmatos\/wp-json\/wp\/v2\/tags?post=22138"}],"curies":[{"name":"wp","href":"https:\/\/api.w.org\/{rel}","templated":true}]}}