{"id":22141,"date":"2015-02-19T19:16:57","date_gmt":"2015-02-19T22:16:57","guid":{"rendered":"https:\/\/www.blogsoestado.com\/danielmatos\/?p=22141"},"modified":"2015-02-19T19:16:57","modified_gmt":"2015-02-19T22:16:57","slug":"prefeito-de-magalhaes-de-almeida-e-condenado-por-promocao-pessoal-com-verba-publica","status":"publish","type":"post","link":"https:\/\/www.blogsoestado.com\/danielmatos\/prefeito-de-magalhaes-de-almeida-e-condenado-por-promocao-pessoal-com-verba-publica\/","title":{"rendered":"Prefeito de Magalh\u00e3es de Almeida \u00e9 condenado por promo\u00e7\u00e3o pessoal com verba p\u00fablica"},"content":{"rendered":"<figure id=\"attachment_22142\" aria-describedby=\"caption-attachment-22142\" style=\"width: 448px\" class=\"wp-caption alignleft\"><a href=\"https:\/\/www.blogsoestado.com\/danielmatos\/files\/2015\/02\/prefeito-magalh\u00e3es.jpg\"><img fetchpriority=\"high\" decoding=\"async\" class=\"size-full wp-image-22142\" src=\"https:\/\/www.blogsoestado.com\/danielmatos\/files\/2015\/02\/prefeito-magalh\u00e3es.jpg\" alt=\"Jo\u00e3o C\u00e2ndido Carvalho Neto foi condeado a devolver R$ 4 mil aos cofres p\u00fablicos e ao pagamento de multa de dez vezes o valor da remunera\u00e7\u00e3o no exerc\u00edcio do cargo\" width=\"448\" height=\"299\" \/><\/a><figcaption id=\"caption-attachment-22142\" class=\"wp-caption-text\">Jo\u00e3o C\u00e2ndido Carvalho Neto foi condeado a devolver R$ 4 mil aos cofres p\u00fablicos e ao pagamento de multa de dez vezes o valor da remunera\u00e7\u00e3o no exerc\u00edcio do cargo<\/figcaption><\/figure>\n<p>A 4\u00aa C\u00e2mara C\u00edvel do Tribunal de Justi\u00e7a do Maranh\u00e3o (TJMA) manteve senten\u00e7a de primeira inst\u00e2ncia que condenou o prefeito do munic\u00edpio de Magalh\u00e3es de Almeida, Jo\u00e3o C\u00e2ndido Carvalho Neto, a devolver aos cofres p\u00fablicos o valor de R$ 4 mil e ao pagamento de multa de dez vezes o valor da remunera\u00e7\u00e3o no exerc\u00edcio do cargo.<\/p>\n<p>A decis\u00e3o un\u00e2nime do \u00f3rg\u00e3o colegiado entendeu que o gestor praticou ato de improbidade administrativa, que consistiu no pagamento de publicidade com fins de promo\u00e7\u00e3o pessoal, em jornal de grande circula\u00e7\u00e3o, utilizando recursos p\u00fablicos.<\/p>\n<p>Preliminarmente, o desembargador Paulo Velten (relator) afastou a alega\u00e7\u00e3o de nulidade feita pelo prefeito. O magistrado destacou a jurisprud\u00eancia do Superior Tribunal de Justi\u00e7a (STJ), de que a aus\u00eancia de cita\u00e7\u00e3o do munic\u00edpio n\u00e3o configura causa para anular o processo. Tamb\u00e9m n\u00e3o prosperou a alega\u00e7\u00e3o do gestor de que houve cerceamento de defesa, pelo fato de ter ficado inerte quando intimado a especificar as provas que pretendia produzir.<\/p>\n<p><strong>Documentos<\/strong><\/p>\n<p>O relator apontou documentos constantes nos autos que comprovam que a publicidade em que o apelante aparece em mensagem de fim de ano na companhia da esposa, com clara refer\u00eancia aos seu terceiro mandato de prefeito, foi paga pelos cofres municipais, em viola\u00e7\u00e3o aos princ\u00edpios da moralidade e da impessoalidade administrativas.<\/p>\n<p>Paulo Velten afirmou ter ficado caracterizado o ato de improbidade administrativa e votou de forma desfavor\u00e1vel ao recurso do prefeito, mesmo entendimento da Procuradoria Geral de Justi\u00e7a.<\/p>\n<p>O desembargador Marcelino Everton e o juiz Luiz Gonzaga Almeida Filho, substituto de 2\u00ba grau e revisor, acompanharam o voto do relator, que ainda determinou que seja oficiada a decis\u00e3o ao Tribunal Regional Eleitoral (TRE-MA).<\/p>\n<p><strong>Fonte:<\/strong> Tribunal de Justi\u00e7a do Maranh\u00e3o<\/p>\n","protected":false},"excerpt":{"rendered":"<p>A 4\u00aa C\u00e2mara C\u00edvel do Tribunal de Justi\u00e7a do Maranh\u00e3o (TJMA) manteve senten\u00e7a de primeira inst\u00e2ncia que condenou o prefeito [&hellip;]<\/p>\n","protected":false},"author":0,"featured_media":0,"comment_status":"open","ping_status":"open","sticky":false,"template":"","format":"standard","meta":{"site-sidebar-layout":"default","site-content-layout":"","ast-site-content-layout":"default","site-content-style":"default","site-sidebar-style":"default","ast-global-header-display":"","ast-banner-title-visibility":"","ast-main-header-display":"","ast-hfb-above-header-display":"","ast-hfb-below-header-display":"","ast-hfb-mobile-header-display":"","site-post-title":"","ast-breadcrumbs-content":"","ast-featured-img":"","footer-sml-layout":"","ast-disable-related-posts":"","theme-transparent-header-meta":"","adv-header-id-meta":"","stick-header-meta":"","header-above-stick-meta":"","header-main-stick-meta":"","header-below-stick-meta":"","astra-migrate-meta-layouts":"default","ast-page-background-enabled":"default","ast-page-background-meta":{"desktop":{"background-color":"var(--ast-global-color-5)","background-image":"","background-repeat":"repeat","background-position":"center center","background-size":"auto","background-attachment":"scroll","background-type":"","background-media":"","overlay-type":"","overlay-color":"","overlay-opacity":"","overlay-gradient":""},"tablet":{"background-color":"","background-image":"","background-repeat":"repeat","background-position":"center center","background-size":"auto","background-attachment":"scroll","background-type":"","background-media":"","overlay-type":"","overlay-color":"","overlay-opacity":"","overlay-gradient":""},"mobile":{"background-color":"","background-image":"","background-repeat":"repeat","background-position":"center center","background-size":"auto","background-attachment":"scroll","background-type":"","background-media":"","overlay-type":"","overlay-color":"","overlay-opacity":"","overlay-gradient":""}},"ast-content-background-meta":{"desktop":{"background-color":"var(--ast-global-color-4)","background-image":"","background-repeat":"repeat","background-position":"center center","background-size":"auto","background-attachment":"scroll","background-type":"","background-media":"","overlay-type":"","overlay-color":"","overlay-opacity":"","overlay-gradient":""},"tablet":{"background-color":"var(--ast-global-color-4)","background-image":"","background-repeat":"repeat","background-position":"center center","background-size":"auto","background-attachment":"scroll","background-type":"","background-media":"","overlay-type":"","overlay-color":"","overlay-opacity":"","overlay-gradient":""},"mobile":{"background-color":"var(--ast-global-color-4)","background-image":"","background-repeat":"repeat","background-position":"center center","background-size":"auto","background-attachment":"scroll","background-type":"","background-media":"","overlay-type":"","overlay-color":"","overlay-opacity":"","overlay-gradient":""}},"footnotes":""},"categories":[1],"tags":[],"class_list":["post-22141","post","type-post","status-publish","format-standard","hentry","category-sem-categoria"],"yoast_head":"<!-- This site is optimized with the Yoast SEO plugin v26.6 - https:\/\/yoast.com\/wordpress\/plugins\/seo\/ -->\n<title>Prefeito de Magalh\u00e3es de Almeida \u00e9 condenado por promo\u00e7\u00e3o pessoal com verba p\u00fablica - Daniel Matos<\/title>\n<meta name=\"robots\" content=\"index, follow, max-snippet:-1, max-image-preview:large, max-video-preview:-1\" \/>\n<link rel=\"canonical\" href=\"https:\/\/www.blogsoestado.com\/danielmatos\/prefeito-de-magalhaes-de-almeida-e-condenado-por-promocao-pessoal-com-verba-publica\/\" \/>\n<meta property=\"og:locale\" content=\"pt_BR\" \/>\n<meta property=\"og:type\" content=\"article\" \/>\n<meta property=\"og:title\" content=\"Prefeito de Magalh\u00e3es de Almeida \u00e9 condenado por promo\u00e7\u00e3o pessoal com verba p\u00fablica - Daniel Matos\" \/>\n<meta property=\"og:description\" content=\"A 4\u00aa C\u00e2mara C\u00edvel do Tribunal de Justi\u00e7a do Maranh\u00e3o (TJMA) manteve senten\u00e7a de primeira inst\u00e2ncia que condenou o prefeito [&hellip;]\" \/>\n<meta property=\"og:url\" content=\"https:\/\/www.blogsoestado.com\/danielmatos\/prefeito-de-magalhaes-de-almeida-e-condenado-por-promocao-pessoal-com-verba-publica\/\" \/>\n<meta property=\"og:site_name\" content=\"Daniel Matos\" \/>\n<meta property=\"article:published_time\" content=\"2015-02-19T22:16:57+00:00\" \/>\n<meta name=\"twitter:card\" content=\"summary_large_image\" \/>\n<meta name=\"twitter:label1\" content=\"Est. tempo de leitura\" \/>\n\t<meta name=\"twitter:data1\" content=\"2 minutos\" \/>\n<script type=\"application\/ld+json\" class=\"yoast-schema-graph\">{\"@context\":\"https:\/\/schema.org\",\"@graph\":[{\"@type\":\"WebPage\",\"@id\":\"https:\/\/www.blogsoestado.com\/danielmatos\/prefeito-de-magalhaes-de-almeida-e-condenado-por-promocao-pessoal-com-verba-publica\/\",\"url\":\"https:\/\/www.blogsoestado.com\/danielmatos\/prefeito-de-magalhaes-de-almeida-e-condenado-por-promocao-pessoal-com-verba-publica\/\",\"name\":\"Prefeito de Magalh\u00e3es de Almeida \u00e9 condenado por promo\u00e7\u00e3o pessoal com verba p\u00fablica - Daniel Matos\",\"isPartOf\":{\"@id\":\"https:\/\/www.blogsoestado.com\/danielmatos\/#website\"},\"datePublished\":\"2015-02-19T22:16:57+00:00\",\"author\":{\"@id\":\"\"},\"breadcrumb\":{\"@id\":\"https:\/\/www.blogsoestado.com\/danielmatos\/prefeito-de-magalhaes-de-almeida-e-condenado-por-promocao-pessoal-com-verba-publica\/#breadcrumb\"},\"inLanguage\":\"pt-BR\",\"potentialAction\":[{\"@type\":\"ReadAction\",\"target\":[\"https:\/\/www.blogsoestado.com\/danielmatos\/prefeito-de-magalhaes-de-almeida-e-condenado-por-promocao-pessoal-com-verba-publica\/\"]}]},{\"@type\":\"BreadcrumbList\",\"@id\":\"https:\/\/www.blogsoestado.com\/danielmatos\/prefeito-de-magalhaes-de-almeida-e-condenado-por-promocao-pessoal-com-verba-publica\/#breadcrumb\",\"itemListElement\":[{\"@type\":\"ListItem\",\"position\":1,\"name\":\"In\u00edcio\",\"item\":\"https:\/\/www.blogsoestado.com\/danielmatos\/\"},{\"@type\":\"ListItem\",\"position\":2,\"name\":\"Prefeito de Magalh\u00e3es de Almeida \u00e9 condenado por promo\u00e7\u00e3o pessoal com verba p\u00fablica\"}]},{\"@type\":\"WebSite\",\"@id\":\"https:\/\/www.blogsoestado.com\/danielmatos\/#website\",\"url\":\"https:\/\/www.blogsoestado.com\/danielmatos\/\",\"name\":\"Daniel Matos\",\"description\":\"\",\"potentialAction\":[{\"@type\":\"SearchAction\",\"target\":{\"@type\":\"EntryPoint\",\"urlTemplate\":\"https:\/\/www.blogsoestado.com\/danielmatos\/?s={search_term_string}\"},\"query-input\":{\"@type\":\"PropertyValueSpecification\",\"valueRequired\":true,\"valueName\":\"search_term_string\"}}],\"inLanguage\":\"pt-BR\"}]}<\/script>\n<!-- \/ Yoast SEO plugin. -->","yoast_head_json":{"title":"Prefeito de Magalh\u00e3es de Almeida \u00e9 condenado por promo\u00e7\u00e3o pessoal com verba p\u00fablica - Daniel Matos","robots":{"index":"index","follow":"follow","max-snippet":"max-snippet:-1","max-image-preview":"max-image-preview:large","max-video-preview":"max-video-preview:-1"},"canonical":"https:\/\/www.blogsoestado.com\/danielmatos\/prefeito-de-magalhaes-de-almeida-e-condenado-por-promocao-pessoal-com-verba-publica\/","og_locale":"pt_BR","og_type":"article","og_title":"Prefeito de Magalh\u00e3es de Almeida \u00e9 condenado por promo\u00e7\u00e3o pessoal com verba p\u00fablica - Daniel Matos","og_description":"A 4\u00aa C\u00e2mara C\u00edvel do Tribunal de Justi\u00e7a do Maranh\u00e3o (TJMA) manteve senten\u00e7a de primeira inst\u00e2ncia que condenou o prefeito [&hellip;]","og_url":"https:\/\/www.blogsoestado.com\/danielmatos\/prefeito-de-magalhaes-de-almeida-e-condenado-por-promocao-pessoal-com-verba-publica\/","og_site_name":"Daniel Matos","article_published_time":"2015-02-19T22:16:57+00:00","twitter_card":"summary_large_image","twitter_misc":{"Est. tempo de leitura":"2 minutos"},"schema":{"@context":"https:\/\/schema.org","@graph":[{"@type":"WebPage","@id":"https:\/\/www.blogsoestado.com\/danielmatos\/prefeito-de-magalhaes-de-almeida-e-condenado-por-promocao-pessoal-com-verba-publica\/","url":"https:\/\/www.blogsoestado.com\/danielmatos\/prefeito-de-magalhaes-de-almeida-e-condenado-por-promocao-pessoal-com-verba-publica\/","name":"Prefeito de Magalh\u00e3es de Almeida \u00e9 condenado por promo\u00e7\u00e3o pessoal com verba p\u00fablica - Daniel Matos","isPartOf":{"@id":"https:\/\/www.blogsoestado.com\/danielmatos\/#website"},"datePublished":"2015-02-19T22:16:57+00:00","author":{"@id":""},"breadcrumb":{"@id":"https:\/\/www.blogsoestado.com\/danielmatos\/prefeito-de-magalhaes-de-almeida-e-condenado-por-promocao-pessoal-com-verba-publica\/#breadcrumb"},"inLanguage":"pt-BR","potentialAction":[{"@type":"ReadAction","target":["https:\/\/www.blogsoestado.com\/danielmatos\/prefeito-de-magalhaes-de-almeida-e-condenado-por-promocao-pessoal-com-verba-publica\/"]}]},{"@type":"BreadcrumbList","@id":"https:\/\/www.blogsoestado.com\/danielmatos\/prefeito-de-magalhaes-de-almeida-e-condenado-por-promocao-pessoal-com-verba-publica\/#breadcrumb","itemListElement":[{"@type":"ListItem","position":1,"name":"In\u00edcio","item":"https:\/\/www.blogsoestado.com\/danielmatos\/"},{"@type":"ListItem","position":2,"name":"Prefeito de Magalh\u00e3es de Almeida \u00e9 condenado por promo\u00e7\u00e3o pessoal com verba p\u00fablica"}]},{"@type":"WebSite","@id":"https:\/\/www.blogsoestado.com\/danielmatos\/#website","url":"https:\/\/www.blogsoestado.com\/danielmatos\/","name":"Daniel Matos","description":"","potentialAction":[{"@type":"SearchAction","target":{"@type":"EntryPoint","urlTemplate":"https:\/\/www.blogsoestado.com\/danielmatos\/?s={search_term_string}"},"query-input":{"@type":"PropertyValueSpecification","valueRequired":true,"valueName":"search_term_string"}}],"inLanguage":"pt-BR"}]}},"jetpack_featured_media_url":"","_links":{"self":[{"href":"https:\/\/www.blogsoestado.com\/danielmatos\/wp-json\/wp\/v2\/posts\/22141","targetHints":{"allow":["GET"]}}],"collection":[{"href":"https:\/\/www.blogsoestado.com\/danielmatos\/wp-json\/wp\/v2\/posts"}],"about":[{"href":"https:\/\/www.blogsoestado.com\/danielmatos\/wp-json\/wp\/v2\/types\/post"}],"replies":[{"embeddable":true,"href":"https:\/\/www.blogsoestado.com\/danielmatos\/wp-json\/wp\/v2\/comments?post=22141"}],"version-history":[{"count":0,"href":"https:\/\/www.blogsoestado.com\/danielmatos\/wp-json\/wp\/v2\/posts\/22141\/revisions"}],"wp:attachment":[{"href":"https:\/\/www.blogsoestado.com\/danielmatos\/wp-json\/wp\/v2\/media?parent=22141"}],"wp:term":[{"taxonomy":"category","embeddable":true,"href":"https:\/\/www.blogsoestado.com\/danielmatos\/wp-json\/wp\/v2\/categories?post=22141"},{"taxonomy":"post_tag","embeddable":true,"href":"https:\/\/www.blogsoestado.com\/danielmatos\/wp-json\/wp\/v2\/tags?post=22141"}],"curies":[{"name":"wp","href":"https:\/\/api.w.org\/{rel}","templated":true}]}}