{"id":22150,"date":"2015-02-20T09:36:27","date_gmt":"2015-02-20T12:36:27","guid":{"rendered":"https:\/\/www.blogsoestado.com\/danielmatos\/?p=22150"},"modified":"2015-02-20T09:36:27","modified_gmt":"2015-02-20T12:36:27","slug":"50-dias-sem-mudanca","status":"publish","type":"post","link":"https:\/\/www.blogsoestado.com\/danielmatos\/50-dias-sem-mudanca\/","title":{"rendered":"50 dias sem mudan\u00e7a"},"content":{"rendered":"<figure id=\"attachment_22151\" aria-describedby=\"caption-attachment-22151\" style=\"width: 640px\" class=\"wp-caption aligncenter\"><a href=\"https:\/\/www.blogsoestado.com\/danielmatos\/files\/2015\/02\/dino-50-dias.jpg\"><img fetchpriority=\"high\" decoding=\"async\" class=\"size-full wp-image-22151\" src=\"https:\/\/www.blogsoestado.com\/danielmatos\/files\/2015\/02\/dino-50-dias.jpg\" alt=\"Fl\u00e1vio Dino como foli\u00e3o no Carnaval: apari\u00e7\u00e3o midi\u00e1tica contra apatia\" width=\"640\" height=\"424\" \/><\/a><figcaption id=\"caption-attachment-22151\" class=\"wp-caption-text\">Como aut\u00eantico foli\u00e3o, Fl\u00e1vio Dino fotografa desfile de escola de samba: apari\u00e7\u00e3o midi\u00e1tica contra apatia<\/figcaption><\/figure>\n<p>O governo Fl\u00e1vio Dino completou ontem seus primeiros 50 dias sem qualquer vest\u00edgio da mudan\u00e7a anunciada por ele em campanha. Os \u00edndices de viol\u00eancia continuam estratosf\u00e9ricos, n\u00e3o se v\u00ea salto de qualidade na educa\u00e7\u00e3o, muito menos iniciativas voltadas ao crescimento econ\u00f4mico do Maranh\u00e3o. Em algumas \u00e1reas, como a sa\u00fade, houve retrocesso, evidenciado pelo atraso de sal\u00e1rios de m\u00e9dicos, enfermeiros e demais profissionais do setor, gerando insatisfa\u00e7\u00e3o e queda de qualidade do atendimento \u00e0 popula\u00e7\u00e3o. Sem brilho, o Carnaval tamb\u00e9m esteve aqu\u00e9m do que se viu em anos anteriores, para desgosto dos foli\u00f5es que\u00a0apostaram na programa\u00e7\u00e3o oficial e no\u00a0seu circuito desinteressante.<\/p>\n<p>Com quase nada a mostrar, o governador Fl\u00e1vio Dino intensificou suas\u00a0apari\u00e7\u00f5es midi\u00e1ticas.\u00a0Se a realidade administrativa n\u00e3o tem sido favor\u00e1vel, o jeito \u00e9 fazer m\u00e9dia. A folia de Momo tornou-se o momento perfeito para o comunista aliviar a press\u00e3o por resultados. Talvez por isso tenha se esbaldado na Passarela do Samba e nos pontos de folia bancados por sua gest\u00e3o, deixando-se filmar e fotografar como um aut\u00eantico foli\u00e3o, numa tentativa frustrada de se promover \u00e0 custa de uma festa que n\u00e3o soube organizar.<\/p>\n<p>At\u00e9 o menos atento observador\u00a0percebe a apatia da atual gest\u00e3o, que n\u00e3o deslancha e j\u00e1 apresenta focos de crise. Vide o caso do ex-deputado federal Domingos Dutra, que desistiu de assumir a representa\u00e7\u00e3o do\u00a0Maranh\u00e3o em Bras\u00edlia dias ap\u00f3s ter criticado, em entrevista ao jornal Folha de S. Paulo, a nomea\u00e7\u00e3o de parentes de secret\u00e1rios e outros aliados em cargos no governo e da exonera\u00e7\u00e3o\u00a0de um dos seus filhos de um posto de chefia no Instituto de Terras do Maranh\u00e3o (Iterma).<\/p>\n<p>As\u00a0sucessivas apari\u00e7\u00f5es p\u00fablicas do governador\u00a0n\u00e3o devem ser vistas como simples manifesta\u00e7\u00f5es de desprendimento, de desapego ao cargo. Mais do que virtude, tal comportamento soa como estrat\u00e9gia para desviar o foco do marasmo que tomou conta da m\u00e1quina p\u00fablica do Estado em meio \u00e0 inapet\u00eancia dos novos donos do poder e do deslumbramento de alguns que hoje t\u00eam o mando\u00a0da caneta e que dele t\u00eam feito mau uso.<\/p>\n<p>Cinquenta\u00a0dias \u00e9 tempo suficiente para qualquer governante come\u00e7ar a impor o seu estilo e dizer a que veio, sem tergiversar, muito menos recorrer a gestos populistas, como se viu no Carnaval. Sem contar que\u00a0houve quase tr\u00eas meses de\u00a0transi\u00e7\u00e3o, per\u00edodo\u00a0em que a equipe designada por Dino conheceu a realidade administrativa do Maranh\u00e3o e colheu &#8211; ou pelo menos deveria t\u00ea-lo feito &#8211; subs\u00eddios para planejar as primeiras a\u00e7\u00f5es da nova gest\u00e3o.<\/p>\n<p>A mudan\u00e7a, a justi\u00e7a social e a prosperidade t\u00e3o propagandeadas por Fl\u00e1vio Dino em campanha ainda n\u00e3o passam de discurso, o mesmo que o levou \u00e1 vit\u00f3ria e que ele n\u00e3o se cansa de repetir, como se se recusasse a descer do palanque.\u00a0O povo quer pr\u00e1tica e j\u00e1 come\u00e7a a desconfiar.<\/p>\n","protected":false},"excerpt":{"rendered":"<p>O governo Fl\u00e1vio Dino completou ontem seus primeiros 50 dias sem qualquer vest\u00edgio da mudan\u00e7a anunciada por ele em campanha. [&hellip;]<\/p>\n","protected":false},"author":0,"featured_media":0,"comment_status":"open","ping_status":"open","sticky":false,"template":"","format":"standard","meta":{"site-sidebar-layout":"default","site-content-layout":"","ast-site-content-layout":"default","site-content-style":"default","site-sidebar-style":"default","ast-global-header-display":"","ast-banner-title-visibility":"","ast-main-header-display":"","ast-hfb-above-header-display":"","ast-hfb-below-header-display":"","ast-hfb-mobile-header-display":"","site-post-title":"","ast-breadcrumbs-content":"","ast-featured-img":"","footer-sml-layout":"","ast-disable-related-posts":"","theme-transparent-header-meta":"","adv-header-id-meta":"","stick-header-meta":"","header-above-stick-meta":"","header-main-stick-meta":"","header-below-stick-meta":"","astra-migrate-meta-layouts":"default","ast-page-background-enabled":"default","ast-page-background-meta":{"desktop":{"background-color":"var(--ast-global-color-5)","background-image":"","background-repeat":"repeat","background-position":"center center","background-size":"auto","background-attachment":"scroll","background-type":"","background-media":"","overlay-type":"","overlay-color":"","overlay-opacity":"","overlay-gradient":""},"tablet":{"background-color":"","background-image":"","background-repeat":"repeat","background-position":"center center","background-size":"auto","background-attachment":"scroll","background-type":"","background-media":"","overlay-type":"","overlay-color":"","overlay-opacity":"","overlay-gradient":""},"mobile":{"background-color":"","background-image":"","background-repeat":"repeat","background-position":"center center","background-size":"auto","background-attachment":"scroll","background-type":"","background-media":"","overlay-type":"","overlay-color":"","overlay-opacity":"","overlay-gradient":""}},"ast-content-background-meta":{"desktop":{"background-color":"var(--ast-global-color-4)","background-image":"","background-repeat":"repeat","background-position":"center center","background-size":"auto","background-attachment":"scroll","background-type":"","background-media":"","overlay-type":"","overlay-color":"","overlay-opacity":"","overlay-gradient":""},"tablet":{"background-color":"var(--ast-global-color-4)","background-image":"","background-repeat":"repeat","background-position":"center center","background-size":"auto","background-attachment":"scroll","background-type":"","background-media":"","overlay-type":"","overlay-color":"","overlay-opacity":"","overlay-gradient":""},"mobile":{"background-color":"var(--ast-global-color-4)","background-image":"","background-repeat":"repeat","background-position":"center center","background-size":"auto","background-attachment":"scroll","background-type":"","background-media":"","overlay-type":"","overlay-color":"","overlay-opacity":"","overlay-gradient":""}},"footnotes":""},"categories":[1],"tags":[],"class_list":["post-22150","post","type-post","status-publish","format-standard","hentry","category-sem-categoria"],"yoast_head":"<!-- This site is optimized with the Yoast SEO plugin v26.6 - https:\/\/yoast.com\/wordpress\/plugins\/seo\/ -->\n<title>50 dias sem mudan\u00e7a - Daniel Matos<\/title>\n<meta name=\"robots\" content=\"index, follow, max-snippet:-1, max-image-preview:large, max-video-preview:-1\" \/>\n<link rel=\"canonical\" href=\"https:\/\/www.blogsoestado.com\/danielmatos\/50-dias-sem-mudanca\/\" \/>\n<meta property=\"og:locale\" content=\"pt_BR\" \/>\n<meta property=\"og:type\" content=\"article\" \/>\n<meta property=\"og:title\" content=\"50 dias sem mudan\u00e7a - Daniel Matos\" \/>\n<meta property=\"og:description\" content=\"O governo Fl\u00e1vio Dino completou ontem seus primeiros 50 dias sem qualquer vest\u00edgio da mudan\u00e7a anunciada por ele em campanha. [&hellip;]\" \/>\n<meta property=\"og:url\" content=\"https:\/\/www.blogsoestado.com\/danielmatos\/50-dias-sem-mudanca\/\" \/>\n<meta property=\"og:site_name\" content=\"Daniel Matos\" \/>\n<meta property=\"article:published_time\" content=\"2015-02-20T12:36:27+00:00\" \/>\n<meta property=\"og:image\" content=\"https:\/\/www.blogsoestado.com\/danielmatos\/files\/2015\/02\/dino-50-dias.jpg\" \/>\n<meta name=\"twitter:card\" content=\"summary_large_image\" \/>\n<meta name=\"twitter:label1\" content=\"Est. tempo de leitura\" \/>\n\t<meta name=\"twitter:data1\" content=\"3 minutos\" \/>\n<script type=\"application\/ld+json\" class=\"yoast-schema-graph\">{\"@context\":\"https:\/\/schema.org\",\"@graph\":[{\"@type\":\"WebPage\",\"@id\":\"https:\/\/www.blogsoestado.com\/danielmatos\/50-dias-sem-mudanca\/\",\"url\":\"https:\/\/www.blogsoestado.com\/danielmatos\/50-dias-sem-mudanca\/\",\"name\":\"50 dias sem mudan\u00e7a - Daniel Matos\",\"isPartOf\":{\"@id\":\"https:\/\/www.blogsoestado.com\/danielmatos\/#website\"},\"primaryImageOfPage\":{\"@id\":\"https:\/\/www.blogsoestado.com\/danielmatos\/50-dias-sem-mudanca\/#primaryimage\"},\"image\":{\"@id\":\"https:\/\/www.blogsoestado.com\/danielmatos\/50-dias-sem-mudanca\/#primaryimage\"},\"thumbnailUrl\":\"https:\/\/www.blogsoestado.com\/danielmatos\/files\/2015\/02\/dino-50-dias.jpg\",\"datePublished\":\"2015-02-20T12:36:27+00:00\",\"author\":{\"@id\":\"\"},\"breadcrumb\":{\"@id\":\"https:\/\/www.blogsoestado.com\/danielmatos\/50-dias-sem-mudanca\/#breadcrumb\"},\"inLanguage\":\"pt-BR\",\"potentialAction\":[{\"@type\":\"ReadAction\",\"target\":[\"https:\/\/www.blogsoestado.com\/danielmatos\/50-dias-sem-mudanca\/\"]}]},{\"@type\":\"ImageObject\",\"inLanguage\":\"pt-BR\",\"@id\":\"https:\/\/www.blogsoestado.com\/danielmatos\/50-dias-sem-mudanca\/#primaryimage\",\"url\":\"https:\/\/www.blogsoestado.com\/danielmatos\/files\/2015\/02\/dino-50-dias.jpg\",\"contentUrl\":\"https:\/\/www.blogsoestado.com\/danielmatos\/files\/2015\/02\/dino-50-dias.jpg\"},{\"@type\":\"BreadcrumbList\",\"@id\":\"https:\/\/www.blogsoestado.com\/danielmatos\/50-dias-sem-mudanca\/#breadcrumb\",\"itemListElement\":[{\"@type\":\"ListItem\",\"position\":1,\"name\":\"In\u00edcio\",\"item\":\"https:\/\/www.blogsoestado.com\/danielmatos\/\"},{\"@type\":\"ListItem\",\"position\":2,\"name\":\"50 dias sem mudan\u00e7a\"}]},{\"@type\":\"WebSite\",\"@id\":\"https:\/\/www.blogsoestado.com\/danielmatos\/#website\",\"url\":\"https:\/\/www.blogsoestado.com\/danielmatos\/\",\"name\":\"Daniel Matos\",\"description\":\"\",\"potentialAction\":[{\"@type\":\"SearchAction\",\"target\":{\"@type\":\"EntryPoint\",\"urlTemplate\":\"https:\/\/www.blogsoestado.com\/danielmatos\/?s={search_term_string}\"},\"query-input\":{\"@type\":\"PropertyValueSpecification\",\"valueRequired\":true,\"valueName\":\"search_term_string\"}}],\"inLanguage\":\"pt-BR\"}]}<\/script>\n<!-- \/ Yoast SEO plugin. -->","yoast_head_json":{"title":"50 dias sem mudan\u00e7a - Daniel Matos","robots":{"index":"index","follow":"follow","max-snippet":"max-snippet:-1","max-image-preview":"max-image-preview:large","max-video-preview":"max-video-preview:-1"},"canonical":"https:\/\/www.blogsoestado.com\/danielmatos\/50-dias-sem-mudanca\/","og_locale":"pt_BR","og_type":"article","og_title":"50 dias sem mudan\u00e7a - Daniel Matos","og_description":"O governo Fl\u00e1vio Dino completou ontem seus primeiros 50 dias sem qualquer vest\u00edgio da mudan\u00e7a anunciada por ele em campanha. [&hellip;]","og_url":"https:\/\/www.blogsoestado.com\/danielmatos\/50-dias-sem-mudanca\/","og_site_name":"Daniel Matos","article_published_time":"2015-02-20T12:36:27+00:00","og_image":[{"url":"https:\/\/www.blogsoestado.com\/danielmatos\/files\/2015\/02\/dino-50-dias.jpg","type":"","width":"","height":""}],"twitter_card":"summary_large_image","twitter_misc":{"Est. tempo de leitura":"3 minutos"},"schema":{"@context":"https:\/\/schema.org","@graph":[{"@type":"WebPage","@id":"https:\/\/www.blogsoestado.com\/danielmatos\/50-dias-sem-mudanca\/","url":"https:\/\/www.blogsoestado.com\/danielmatos\/50-dias-sem-mudanca\/","name":"50 dias sem mudan\u00e7a - Daniel Matos","isPartOf":{"@id":"https:\/\/www.blogsoestado.com\/danielmatos\/#website"},"primaryImageOfPage":{"@id":"https:\/\/www.blogsoestado.com\/danielmatos\/50-dias-sem-mudanca\/#primaryimage"},"image":{"@id":"https:\/\/www.blogsoestado.com\/danielmatos\/50-dias-sem-mudanca\/#primaryimage"},"thumbnailUrl":"https:\/\/www.blogsoestado.com\/danielmatos\/files\/2015\/02\/dino-50-dias.jpg","datePublished":"2015-02-20T12:36:27+00:00","author":{"@id":""},"breadcrumb":{"@id":"https:\/\/www.blogsoestado.com\/danielmatos\/50-dias-sem-mudanca\/#breadcrumb"},"inLanguage":"pt-BR","potentialAction":[{"@type":"ReadAction","target":["https:\/\/www.blogsoestado.com\/danielmatos\/50-dias-sem-mudanca\/"]}]},{"@type":"ImageObject","inLanguage":"pt-BR","@id":"https:\/\/www.blogsoestado.com\/danielmatos\/50-dias-sem-mudanca\/#primaryimage","url":"https:\/\/www.blogsoestado.com\/danielmatos\/files\/2015\/02\/dino-50-dias.jpg","contentUrl":"https:\/\/www.blogsoestado.com\/danielmatos\/files\/2015\/02\/dino-50-dias.jpg"},{"@type":"BreadcrumbList","@id":"https:\/\/www.blogsoestado.com\/danielmatos\/50-dias-sem-mudanca\/#breadcrumb","itemListElement":[{"@type":"ListItem","position":1,"name":"In\u00edcio","item":"https:\/\/www.blogsoestado.com\/danielmatos\/"},{"@type":"ListItem","position":2,"name":"50 dias sem mudan\u00e7a"}]},{"@type":"WebSite","@id":"https:\/\/www.blogsoestado.com\/danielmatos\/#website","url":"https:\/\/www.blogsoestado.com\/danielmatos\/","name":"Daniel Matos","description":"","potentialAction":[{"@type":"SearchAction","target":{"@type":"EntryPoint","urlTemplate":"https:\/\/www.blogsoestado.com\/danielmatos\/?s={search_term_string}"},"query-input":{"@type":"PropertyValueSpecification","valueRequired":true,"valueName":"search_term_string"}}],"inLanguage":"pt-BR"}]}},"jetpack_featured_media_url":"","_links":{"self":[{"href":"https:\/\/www.blogsoestado.com\/danielmatos\/wp-json\/wp\/v2\/posts\/22150","targetHints":{"allow":["GET"]}}],"collection":[{"href":"https:\/\/www.blogsoestado.com\/danielmatos\/wp-json\/wp\/v2\/posts"}],"about":[{"href":"https:\/\/www.blogsoestado.com\/danielmatos\/wp-json\/wp\/v2\/types\/post"}],"replies":[{"embeddable":true,"href":"https:\/\/www.blogsoestado.com\/danielmatos\/wp-json\/wp\/v2\/comments?post=22150"}],"version-history":[{"count":0,"href":"https:\/\/www.blogsoestado.com\/danielmatos\/wp-json\/wp\/v2\/posts\/22150\/revisions"}],"wp:attachment":[{"href":"https:\/\/www.blogsoestado.com\/danielmatos\/wp-json\/wp\/v2\/media?parent=22150"}],"wp:term":[{"taxonomy":"category","embeddable":true,"href":"https:\/\/www.blogsoestado.com\/danielmatos\/wp-json\/wp\/v2\/categories?post=22150"},{"taxonomy":"post_tag","embeddable":true,"href":"https:\/\/www.blogsoestado.com\/danielmatos\/wp-json\/wp\/v2\/tags?post=22150"}],"curies":[{"name":"wp","href":"https:\/\/api.w.org\/{rel}","templated":true}]}}