{"id":22159,"date":"2015-02-21T11:23:31","date_gmt":"2015-02-21T14:23:31","guid":{"rendered":"https:\/\/www.blogsoestado.com\/danielmatos\/?p=22159"},"modified":"2015-02-21T11:23:31","modified_gmt":"2015-02-21T14:23:31","slug":"124-onibus-novos-para-sao-luis","status":"publish","type":"post","link":"https:\/\/www.blogsoestado.com\/danielmatos\/124-onibus-novos-para-sao-luis\/","title":{"rendered":"124 \u00f4nibus novos para S\u00e3o Lu\u00eds"},"content":{"rendered":"<figure id=\"attachment_22160\" aria-describedby=\"caption-attachment-22160\" style=\"width: 640px\" class=\"wp-caption aligncenter\"><a href=\"https:\/\/www.blogsoestado.com\/danielmatos\/files\/2015\/02\/onibus-novos.jpg\"><img fetchpriority=\"high\" decoding=\"async\" class=\"size-full wp-image-22160\" src=\"https:\/\/www.blogsoestado.com\/danielmatos\/files\/2015\/02\/onibus-novos.jpg\" alt=\"A renovba\u00e7\u00e3o da frota de \u00f4nibus de S\u00e3o Lu\u00eds est\u00e1 prevista no Termo de Ajustamento de Conduta (TAC) firmado entre Prefeitura e o MP\" width=\"640\" height=\"427\" \/><\/a><figcaption id=\"caption-attachment-22160\" class=\"wp-caption-text\">A renova\u00e7\u00e3o da frota de \u00f4nibus de S\u00e3o Lu\u00eds est\u00e1 prevista no TAC firmado entre a Prefeitura e o MP<\/figcaption><\/figure>\n<p>A Prefeitura de S\u00e3o Lu\u00eds garantiu a entrega de 124 novos \u00f4nibus novos aos usu\u00e1rios do Sistema Integrado de Transporte da capital. Os novos coletivos entregues fazem parte do Termo de Ajustamento de Conduta (TAC) firmado entre Prefeitura e o Minist\u00e9rio P\u00fablico, determinando o acr\u00e9scimo de mais 250 novos ve\u00edculos \u00e0 frota da capital. Com a entrega, o prefeito Edivaldo reafirma o compromisso em melhorar o transporte p\u00fablico da capital.<\/p>\n<p>Com a entrega dos novos \u00f4nibus, mais de 250 mil usu\u00e1rios que utilizam o sistema de transporte de S\u00e3o Lu\u00eds ser\u00e3o beneficiados com mais conforto no trajeto que percorrem diariamente.<\/p>\n<p>&#8220;Cumprimos aqui mais um compromisso importante com a popula\u00e7\u00e3o, para proporcionar melhoria no transporte p\u00fablico de nossa cidade. Estamos avan\u00e7ando muito no setor da mobilidade urbana, viabilizando tamb\u00e9m uma s\u00e9rie de interven\u00e7\u00f5es no tr\u00e2nsito para dar maior fluidez ao tr\u00e1fego&#8221;, disse Edivaldo.<\/p>\n<figure id=\"attachment_22161\" aria-describedby=\"caption-attachment-22161\" style=\"width: 448px\" class=\"wp-caption alignright\"><a href=\"https:\/\/www.blogsoestado.com\/danielmatos\/files\/2015\/02\/onibus-novos2.jpg\"><img decoding=\"async\" class=\"size-full wp-image-22161\" src=\"https:\/\/www.blogsoestado.com\/danielmatos\/files\/2015\/02\/onibus-novos2.jpg\" alt=\"Prefeito Edivaldo Jr, dentro de um dos coletivos\" width=\"448\" height=\"299\" \/><\/a><figcaption id=\"caption-attachment-22161\" class=\"wp-caption-text\">Prefeito Edivaldo Jr, dentro de um dos novos coletivos entregues<\/figcaption><\/figure>\n<p>Os novos \u00f4nibus v\u00e3o atender, diretamente, linhas para os bairros da Santa Rosa, Circular 1 e 2, Habitacional Turu, Forquilha, Residencial Primavera, Ch\u00e1cara Brasil, Olho D&#8217;\u00c1gua, Ipem Turu, Santa Clara, Recanto dos P\u00e1ssaros, Bairro de F\u00e1tima, Vila dos Nobres, Coroadinho, Coheb\/Sacav\u00e9m, Parque Timbira, Jardim Tropical\/S\u00e3o Francisco, Divineia, Sol e Mar, Popular Ipase, Vila Luiz\u00e3o, Vila Itamar, Socorr\u00e3o 2, S\u00e3o Raimundo, Vila Jos\u00e9 Reinaldo Tavares, Cidade Ol\u00edmpica, Vila Cascavel, Santa B\u00e1rbara, Vila Embratel, Parque Vit\u00f3ria, Anjo da Guarda, S\u00e3o Bernardo, Quebra Pote, Cidade Oper\u00e1ria, Terminal\/BR 135, Arraial e Cidade Oper\u00e1ria S\u00e3o Francisco.<\/p>\n<p>Segundo o titular da Secretaria Municipal de Tr\u00e2nsito e Transporte (SMTT), Canind\u00e9 Barros, at\u00e9 meados de mar\u00e7o ser\u00e3o entregues mais 87 \u00f4nibus, completando, assim, os 250 coletivos previstos no Termo de Ajustamento de Conduta.<\/p>\n<p><strong>Fonte:<\/strong> Secretaria Municipal de Comunica\u00e7\u00e3o (Secom)<\/p>\n","protected":false},"excerpt":{"rendered":"<p>A Prefeitura de S\u00e3o Lu\u00eds garantiu a entrega de 124 novos \u00f4nibus novos aos usu\u00e1rios do Sistema Integrado de Transporte [&hellip;]<\/p>\n","protected":false},"author":0,"featured_media":0,"comment_status":"open","ping_status":"open","sticky":false,"template":"","format":"standard","meta":{"site-sidebar-layout":"default","site-content-layout":"","ast-site-content-layout":"default","site-content-style":"default","site-sidebar-style":"default","ast-global-header-display":"","ast-banner-title-visibility":"","ast-main-header-display":"","ast-hfb-above-header-display":"","ast-hfb-below-header-display":"","ast-hfb-mobile-header-display":"","site-post-title":"","ast-breadcrumbs-content":"","ast-featured-img":"","footer-sml-layout":"","ast-disable-related-posts":"","theme-transparent-header-meta":"","adv-header-id-meta":"","stick-header-meta":"","header-above-stick-meta":"","header-main-stick-meta":"","header-below-stick-meta":"","astra-migrate-meta-layouts":"default","ast-page-background-enabled":"default","ast-page-background-meta":{"desktop":{"background-color":"var(--ast-global-color-5)","background-image":"","background-repeat":"repeat","background-position":"center center","background-size":"auto","background-attachment":"scroll","background-type":"","background-media":"","overlay-type":"","overlay-color":"","overlay-opacity":"","overlay-gradient":""},"tablet":{"background-color":"","background-image":"","background-repeat":"repeat","background-position":"center center","background-size":"auto","background-attachment":"scroll","background-type":"","background-media":"","overlay-type":"","overlay-color":"","overlay-opacity":"","overlay-gradient":""},"mobile":{"background-color":"","background-image":"","background-repeat":"repeat","background-position":"center center","background-size":"auto","background-attachment":"scroll","background-type":"","background-media":"","overlay-type":"","overlay-color":"","overlay-opacity":"","overlay-gradient":""}},"ast-content-background-meta":{"desktop":{"background-color":"var(--ast-global-color-4)","background-image":"","background-repeat":"repeat","background-position":"center center","background-size":"auto","background-attachment":"scroll","background-type":"","background-media":"","overlay-type":"","overlay-color":"","overlay-opacity":"","overlay-gradient":""},"tablet":{"background-color":"var(--ast-global-color-4)","background-image":"","background-repeat":"repeat","background-position":"center center","background-size":"auto","background-attachment":"scroll","background-type":"","background-media":"","overlay-type":"","overlay-color":"","overlay-opacity":"","overlay-gradient":""},"mobile":{"background-color":"var(--ast-global-color-4)","background-image":"","background-repeat":"repeat","background-position":"center center","background-size":"auto","background-attachment":"scroll","background-type":"","background-media":"","overlay-type":"","overlay-color":"","overlay-opacity":"","overlay-gradient":""}},"footnotes":""},"categories":[1],"tags":[],"class_list":["post-22159","post","type-post","status-publish","format-standard","hentry","category-sem-categoria"],"yoast_head":"<!-- This site is optimized with the Yoast SEO plugin v26.6 - https:\/\/yoast.com\/wordpress\/plugins\/seo\/ -->\n<title>124 \u00f4nibus novos para S\u00e3o Lu\u00eds - Daniel Matos<\/title>\n<meta name=\"robots\" content=\"index, follow, max-snippet:-1, max-image-preview:large, max-video-preview:-1\" \/>\n<link rel=\"canonical\" href=\"https:\/\/www.blogsoestado.com\/danielmatos\/124-onibus-novos-para-sao-luis\/\" \/>\n<meta property=\"og:locale\" content=\"pt_BR\" \/>\n<meta property=\"og:type\" content=\"article\" \/>\n<meta property=\"og:title\" content=\"124 \u00f4nibus novos para S\u00e3o Lu\u00eds - Daniel Matos\" \/>\n<meta property=\"og:description\" content=\"A Prefeitura de S\u00e3o Lu\u00eds garantiu a entrega de 124 novos \u00f4nibus novos aos usu\u00e1rios do Sistema Integrado de Transporte [&hellip;]\" \/>\n<meta property=\"og:url\" content=\"https:\/\/www.blogsoestado.com\/danielmatos\/124-onibus-novos-para-sao-luis\/\" \/>\n<meta property=\"og:site_name\" content=\"Daniel Matos\" \/>\n<meta property=\"article:published_time\" content=\"2015-02-21T14:23:31+00:00\" \/>\n<meta property=\"og:image\" content=\"https:\/\/www.blogsoestado.com\/danielmatos\/files\/2015\/02\/onibus-novos.jpg\" \/>\n<meta name=\"twitter:card\" content=\"summary_large_image\" \/>\n<meta name=\"twitter:label1\" content=\"Est. tempo de leitura\" \/>\n\t<meta name=\"twitter:data1\" content=\"2 minutos\" \/>\n<script type=\"application\/ld+json\" class=\"yoast-schema-graph\">{\"@context\":\"https:\/\/schema.org\",\"@graph\":[{\"@type\":\"WebPage\",\"@id\":\"https:\/\/www.blogsoestado.com\/danielmatos\/124-onibus-novos-para-sao-luis\/\",\"url\":\"https:\/\/www.blogsoestado.com\/danielmatos\/124-onibus-novos-para-sao-luis\/\",\"name\":\"124 \u00f4nibus novos para S\u00e3o Lu\u00eds - Daniel Matos\",\"isPartOf\":{\"@id\":\"https:\/\/www.blogsoestado.com\/danielmatos\/#website\"},\"primaryImageOfPage\":{\"@id\":\"https:\/\/www.blogsoestado.com\/danielmatos\/124-onibus-novos-para-sao-luis\/#primaryimage\"},\"image\":{\"@id\":\"https:\/\/www.blogsoestado.com\/danielmatos\/124-onibus-novos-para-sao-luis\/#primaryimage\"},\"thumbnailUrl\":\"https:\/\/www.blogsoestado.com\/danielmatos\/files\/2015\/02\/onibus-novos.jpg\",\"datePublished\":\"2015-02-21T14:23:31+00:00\",\"author\":{\"@id\":\"\"},\"breadcrumb\":{\"@id\":\"https:\/\/www.blogsoestado.com\/danielmatos\/124-onibus-novos-para-sao-luis\/#breadcrumb\"},\"inLanguage\":\"pt-BR\",\"potentialAction\":[{\"@type\":\"ReadAction\",\"target\":[\"https:\/\/www.blogsoestado.com\/danielmatos\/124-onibus-novos-para-sao-luis\/\"]}]},{\"@type\":\"ImageObject\",\"inLanguage\":\"pt-BR\",\"@id\":\"https:\/\/www.blogsoestado.com\/danielmatos\/124-onibus-novos-para-sao-luis\/#primaryimage\",\"url\":\"https:\/\/www.blogsoestado.com\/danielmatos\/files\/2015\/02\/onibus-novos.jpg\",\"contentUrl\":\"https:\/\/www.blogsoestado.com\/danielmatos\/files\/2015\/02\/onibus-novos.jpg\"},{\"@type\":\"BreadcrumbList\",\"@id\":\"https:\/\/www.blogsoestado.com\/danielmatos\/124-onibus-novos-para-sao-luis\/#breadcrumb\",\"itemListElement\":[{\"@type\":\"ListItem\",\"position\":1,\"name\":\"In\u00edcio\",\"item\":\"https:\/\/www.blogsoestado.com\/danielmatos\/\"},{\"@type\":\"ListItem\",\"position\":2,\"name\":\"124 \u00f4nibus novos para S\u00e3o Lu\u00eds\"}]},{\"@type\":\"WebSite\",\"@id\":\"https:\/\/www.blogsoestado.com\/danielmatos\/#website\",\"url\":\"https:\/\/www.blogsoestado.com\/danielmatos\/\",\"name\":\"Daniel Matos\",\"description\":\"\",\"potentialAction\":[{\"@type\":\"SearchAction\",\"target\":{\"@type\":\"EntryPoint\",\"urlTemplate\":\"https:\/\/www.blogsoestado.com\/danielmatos\/?s={search_term_string}\"},\"query-input\":{\"@type\":\"PropertyValueSpecification\",\"valueRequired\":true,\"valueName\":\"search_term_string\"}}],\"inLanguage\":\"pt-BR\"}]}<\/script>\n<!-- \/ Yoast SEO plugin. -->","yoast_head_json":{"title":"124 \u00f4nibus novos para S\u00e3o Lu\u00eds - Daniel Matos","robots":{"index":"index","follow":"follow","max-snippet":"max-snippet:-1","max-image-preview":"max-image-preview:large","max-video-preview":"max-video-preview:-1"},"canonical":"https:\/\/www.blogsoestado.com\/danielmatos\/124-onibus-novos-para-sao-luis\/","og_locale":"pt_BR","og_type":"article","og_title":"124 \u00f4nibus novos para S\u00e3o Lu\u00eds - Daniel Matos","og_description":"A Prefeitura de S\u00e3o Lu\u00eds garantiu a entrega de 124 novos \u00f4nibus novos aos usu\u00e1rios do Sistema Integrado de Transporte [&hellip;]","og_url":"https:\/\/www.blogsoestado.com\/danielmatos\/124-onibus-novos-para-sao-luis\/","og_site_name":"Daniel Matos","article_published_time":"2015-02-21T14:23:31+00:00","og_image":[{"url":"https:\/\/www.blogsoestado.com\/danielmatos\/files\/2015\/02\/onibus-novos.jpg","type":"","width":"","height":""}],"twitter_card":"summary_large_image","twitter_misc":{"Est. tempo de leitura":"2 minutos"},"schema":{"@context":"https:\/\/schema.org","@graph":[{"@type":"WebPage","@id":"https:\/\/www.blogsoestado.com\/danielmatos\/124-onibus-novos-para-sao-luis\/","url":"https:\/\/www.blogsoestado.com\/danielmatos\/124-onibus-novos-para-sao-luis\/","name":"124 \u00f4nibus novos para S\u00e3o Lu\u00eds - Daniel Matos","isPartOf":{"@id":"https:\/\/www.blogsoestado.com\/danielmatos\/#website"},"primaryImageOfPage":{"@id":"https:\/\/www.blogsoestado.com\/danielmatos\/124-onibus-novos-para-sao-luis\/#primaryimage"},"image":{"@id":"https:\/\/www.blogsoestado.com\/danielmatos\/124-onibus-novos-para-sao-luis\/#primaryimage"},"thumbnailUrl":"https:\/\/www.blogsoestado.com\/danielmatos\/files\/2015\/02\/onibus-novos.jpg","datePublished":"2015-02-21T14:23:31+00:00","author":{"@id":""},"breadcrumb":{"@id":"https:\/\/www.blogsoestado.com\/danielmatos\/124-onibus-novos-para-sao-luis\/#breadcrumb"},"inLanguage":"pt-BR","potentialAction":[{"@type":"ReadAction","target":["https:\/\/www.blogsoestado.com\/danielmatos\/124-onibus-novos-para-sao-luis\/"]}]},{"@type":"ImageObject","inLanguage":"pt-BR","@id":"https:\/\/www.blogsoestado.com\/danielmatos\/124-onibus-novos-para-sao-luis\/#primaryimage","url":"https:\/\/www.blogsoestado.com\/danielmatos\/files\/2015\/02\/onibus-novos.jpg","contentUrl":"https:\/\/www.blogsoestado.com\/danielmatos\/files\/2015\/02\/onibus-novos.jpg"},{"@type":"BreadcrumbList","@id":"https:\/\/www.blogsoestado.com\/danielmatos\/124-onibus-novos-para-sao-luis\/#breadcrumb","itemListElement":[{"@type":"ListItem","position":1,"name":"In\u00edcio","item":"https:\/\/www.blogsoestado.com\/danielmatos\/"},{"@type":"ListItem","position":2,"name":"124 \u00f4nibus novos para S\u00e3o Lu\u00eds"}]},{"@type":"WebSite","@id":"https:\/\/www.blogsoestado.com\/danielmatos\/#website","url":"https:\/\/www.blogsoestado.com\/danielmatos\/","name":"Daniel Matos","description":"","potentialAction":[{"@type":"SearchAction","target":{"@type":"EntryPoint","urlTemplate":"https:\/\/www.blogsoestado.com\/danielmatos\/?s={search_term_string}"},"query-input":{"@type":"PropertyValueSpecification","valueRequired":true,"valueName":"search_term_string"}}],"inLanguage":"pt-BR"}]}},"jetpack_featured_media_url":"","_links":{"self":[{"href":"https:\/\/www.blogsoestado.com\/danielmatos\/wp-json\/wp\/v2\/posts\/22159","targetHints":{"allow":["GET"]}}],"collection":[{"href":"https:\/\/www.blogsoestado.com\/danielmatos\/wp-json\/wp\/v2\/posts"}],"about":[{"href":"https:\/\/www.blogsoestado.com\/danielmatos\/wp-json\/wp\/v2\/types\/post"}],"replies":[{"embeddable":true,"href":"https:\/\/www.blogsoestado.com\/danielmatos\/wp-json\/wp\/v2\/comments?post=22159"}],"version-history":[{"count":0,"href":"https:\/\/www.blogsoestado.com\/danielmatos\/wp-json\/wp\/v2\/posts\/22159\/revisions"}],"wp:attachment":[{"href":"https:\/\/www.blogsoestado.com\/danielmatos\/wp-json\/wp\/v2\/media?parent=22159"}],"wp:term":[{"taxonomy":"category","embeddable":true,"href":"https:\/\/www.blogsoestado.com\/danielmatos\/wp-json\/wp\/v2\/categories?post=22159"},{"taxonomy":"post_tag","embeddable":true,"href":"https:\/\/www.blogsoestado.com\/danielmatos\/wp-json\/wp\/v2\/tags?post=22159"}],"curies":[{"name":"wp","href":"https:\/\/api.w.org\/{rel}","templated":true}]}}