{"id":22163,"date":"2015-02-22T20:06:10","date_gmt":"2015-02-22T23:06:10","guid":{"rendered":"https:\/\/www.blogsoestado.com\/danielmatos\/?p=22163"},"modified":"2015-02-22T20:06:10","modified_gmt":"2015-02-22T23:06:10","slug":"33-escolas-da-rede-municipal-de-sao-luis-sao-reformadas-e-ampliadas","status":"publish","type":"post","link":"https:\/\/www.blogsoestado.com\/danielmatos\/33-escolas-da-rede-municipal-de-sao-luis-sao-reformadas-e-ampliadas\/","title":{"rendered":"33 escolas da rede municipal de S\u00e3o Lu\u00eds s\u00e3o reformadas e ampliadas"},"content":{"rendered":"<p><strong>Do <a href=\"http:\/\/www.diegoemir.com\/2015\/02\/33-escolas-da-rede-municipal-de-sao.html\" target=\"_blank\">Blog de Diego Emir<\/a><\/strong><\/p>\n<figure id=\"attachment_22164\" aria-describedby=\"caption-attachment-22164\" style=\"width: 640px\" class=\"wp-caption aligncenter\"><a href=\"https:\/\/www.blogsoestado.com\/danielmatos\/files\/2015\/02\/escolas9.jpg\"><img fetchpriority=\"high\" decoding=\"async\" class=\"size-full wp-image-22164\" src=\"https:\/\/www.blogsoestado.com\/danielmatos\/files\/2015\/02\/escolas9.jpg\" alt=\"Reformas e amplia\u00e7\u00f5es garantem condi\u00e7\u00f5es adequadas de aprendizado para os estudantes e de trabalho para os professores\" width=\"640\" height=\"426\" \/><\/a><figcaption id=\"caption-attachment-22164\" class=\"wp-caption-text\">Reformas e amplia\u00e7\u00f5es garantem condi\u00e7\u00f5es adequadas de aprendizado a estudantes e de trabalho a professores<\/figcaption><\/figure>\n<p>Para os estudantes, as f\u00e9rias escolares s\u00e3o o tempo de descansar. Para quem trabalha nas escolas, por\u00e9m, \u00e9 o per\u00edodo de organizar a casa e preparar as unidades de ensino para o novo ano letivo a ser iniciado. Em 33 escolas p\u00fablicas da rede municipal de S\u00e3o Lu\u00eds, a \u00e9poca tamb\u00e9m \u00e9 de melhorias estruturais. Os servi\u00e7os devem garantir condi\u00e7\u00f5es adequadas de aprendizado para os estudantes e de trabalho para os professores.<\/p>\n<p>As melhorias incluem reparo ou substitui\u00e7\u00e3o de portas e janelas, manuten\u00e7\u00e3o ou troca de instala\u00e7\u00f5es hidr\u00e1ulicas e el\u00e9tricas, instala\u00e7\u00e3o de novas lumin\u00e1rias e ventiladores, troca de forro de salas de aula e corredores, execu\u00e7\u00e3o de servi\u00e7os de acessibilidade em banheiros e outras depend\u00eancias, pintura interna e externa, entre outros servi\u00e7os. \u201cEsses trabalhos eram um anseio antigo de professores, estudantes e comunidade. Eram situa\u00e7\u00f5es que j\u00e1 se arrastavam h\u00e1 v\u00e1rios anos e que agora est\u00e3o sendo resolvidas\u201d, disse o secret\u00e1rio municipal de Educa\u00e7\u00e3o, Geraldo Castro Sobrinho.<\/p>\n<figure id=\"attachment_22165\" aria-describedby=\"caption-attachment-22165\" style=\"width: 640px\" class=\"wp-caption aligncenter\"><a href=\"https:\/\/www.blogsoestado.com\/danielmatos\/files\/2015\/02\/escolas4.jpg\"><img decoding=\"async\" class=\"size-full wp-image-22165\" src=\"https:\/\/www.blogsoestado.com\/danielmatos\/files\/2015\/02\/escolas4.jpg\" alt=\"Fachada da UEB Dayse Linhares de Sousa totalmente restaurada\" width=\"640\" height=\"478\" \/><\/a><figcaption id=\"caption-attachment-22165\" class=\"wp-caption-text\">Fachada da UEB Dayse Linhares de Sousa totalmente restaurada<\/figcaption><\/figure>\n<p>Algumas escolas est\u00e3o recebendo servi\u00e7os de manuten\u00e7\u00e3o pela primeira vez desde que foram inauguradas. \u00c9 o caso da Unidade de Educa\u00e7\u00e3o B\u00e1sica (U.E.B.) Ronald da Silva Carvalho, inaugurada em 2001 no bairro da Divin\u00e9ia, e que atende a cerca de 600 estudantes. Atualmente, os trabalhos na escola est\u00e3o em fase de acabamento. \u201cFoi uma conquista muito grande para nossa escola. N\u00e3o t\u00ednhamos nem forro nas salas de aula, e agora temos. Recebemos tamb\u00e9m ventiladores, l\u00e2mpadas, tomadas, caixa de for\u00e7a, tudo novo. Trocaram a fia\u00e7\u00e3o el\u00e9trica e bomba d\u2019\u00e1gua, que era manual, foi substitu\u00edda por uma autom\u00e1tica. A escola est\u00e1 com um novo visual e todos n\u00f3s estamos com um novo astral, motivados para o ano letivo que se iniciar\u00e1\u201d, garantiu o gestor da escola, Jailson Salgado Pinto.<\/p>\n<p>Elisabete Ol\u00edmpia de Souza, professora da rede municipal desde 2002, disse que houve uma melhora significativa na escola. \u201cAgora estamos tranq\u00fcilos para trabalhar, com o telhado refeito e a fia\u00e7\u00e3o el\u00e9trica toda nova\u201d, disse. Rupert Alc\u00e2ntara, 13, estudante do 7\u00ba ano da escola, tamb\u00e9m aprovou. \u201cA escola estava muito feia, toda pichada, mas agora est\u00e1 bem legal\u201d, comemorou.<\/p>\n<p>Nas pr\u00f3ximas semanas, a Prefeitura de S\u00e3o Lu\u00eds deve oficializar a conclus\u00e3o dos trabalhos de manuten\u00e7\u00e3o nas U.E.B. Cec\u00edlia Meireles, na Cidade Ol\u00edmpica, Amaral Raposo, em Pedrinhas. A primeira foi danificada durante um inc\u00eandio ocorrido em outubro do ano passado, quando a escola funcionava como se\u00e7\u00e3o eleitoral. J\u00e1 na U.E.B. Amaral Raposo, a melhoria era um pedido antigo da comunidade. A escola est\u00e1 recebendo novas rede el\u00e9trica e hidr\u00e1ulica e reparos no telhado e forro, entre outros servi\u00e7os de manuten\u00e7\u00e3o.<\/p>\n<p><strong>Trabalho<\/strong><\/p>\n<figure id=\"attachment_22167\" aria-describedby=\"caption-attachment-22167\" style=\"width: 640px\" class=\"wp-caption aligncenter\"><a href=\"https:\/\/www.blogsoestado.com\/danielmatos\/files\/2015\/02\/escolas6.jpg\"><img decoding=\"async\" class=\"size-full wp-image-22167\" src=\"https:\/\/www.blogsoestado.com\/danielmatos\/files\/2015\/02\/escolas6.jpg\" alt=\"Uma das centenas de salas de aula que ganharam nova pintura\" width=\"640\" height=\"480\" \/><\/a><figcaption id=\"caption-attachment-22167\" class=\"wp-caption-text\">Uma das centenas de salas de aula da rede municipal de ensino que ganharam nova pintura e outras melhorias<\/figcaption><\/figure>\n<p>Para S\u00f4nia Botentuit, professora h\u00e1 nove anos na creche Maria de Jesus Carvalho, na Camboa, o trabalho \u00e9 feito com muito mais alegria num ambiente prazeroso. \u201cUma das crian\u00e7as daqui disse para a m\u00e3e que gostaria que a sala de sua casa fosse igual \u00e0 sala da escola. Isso nos comove, pois vemos que aqui as crian\u00e7as se sentem bem. \u00c9 por isso que \u00e9 t\u00e3o importante a manuten\u00e7\u00e3o adequada do espa\u00e7o escolar\u201d, disse a professora.<\/p>\n<p>A creche, que n\u00e3o recebia manuten\u00e7\u00e3o h\u00e1 muitos anos, teve trocadas todas as caixas d\u2019\u00e1gua e instalados 18 ventiladores, entre outros trabalhos. O dormit\u00f3rio da creche, que funciona em tempo integral, foi climatizado, garantindo conforto para o repouso das crian\u00e7as. \u201cSuperou as nossas expectativas. Toda a estrutura da escola foi melhorada e tanto pais quanto professores t\u00eam elogiado bastante\u201d, comentou Aquiles Berredo, gestor da escola. Outras unidades de ensino que est\u00e3 sendo alvo de servi\u00e7os de manuten\u00e7\u00e3o s\u00e3o as U.E.B. Ribamar Bog\u00e9a, na Cidade Ol\u00edmpica; 21 de Abril, no Maracan\u00e3; Evandro Bessa, na Santa B\u00e1rbara; Henrique de La Roque, na Vila Embratel; Roseno de Jesus, na Vila Janaina; e Mindinho, no Maracan\u00e3.<\/p>\n<p><strong>Municipaliza\u00e7\u00e3o vai desativar anexos<\/strong><\/p>\n<figure id=\"attachment_22168\" aria-describedby=\"caption-attachment-22168\" style=\"width: 640px\" class=\"wp-caption aligncenter\"><a href=\"https:\/\/www.blogsoestado.com\/danielmatos\/files\/2015\/02\/escolas8.jpg\"><img loading=\"lazy\" decoding=\"async\" class=\"size-full wp-image-22168\" src=\"https:\/\/www.blogsoestado.com\/danielmatos\/files\/2015\/02\/escolas8.jpg\" alt=\"Sala foi totalmente reformada, proporcionando melhores condi\u00e7\u00f5es de aprendizado a aluno e de trabalho a professores\" width=\"640\" height=\"366\" \/><\/a><figcaption id=\"caption-attachment-22168\" class=\"wp-caption-text\">Sala foi totalmente reformada, proporcionando melhores condi\u00e7\u00f5es de aprendizado a aluno e de trabalho a professores<\/figcaption><\/figure>\n<p>Prefeitura e governo estadual firmaram parceria tamb\u00e9m para a municipaliza\u00e7\u00e3o de im\u00f3veis capazes de abrigar turmas da rede municipal, permitindo, assim, a desativa\u00e7\u00e3o dos primeiros anexos das Unidades de Educa\u00e7\u00e3o B\u00e1sica. A inten\u00e7\u00e3o \u00e9, inicialmente, desativar cerca de dez anexos, a partir da municipaliza\u00e7\u00e3o de pr\u00e9dios escolares nos bairros do Cohafuma, Cohama, Centro, Bequim\u00e3o, Jo\u00e3o Paulo, Turu, Cohatrac, Vila Embratel, Anjo da Guarda e Estiva.<\/p>\n","protected":false},"excerpt":{"rendered":"<p>Do Blog de Diego Emir Para os estudantes, as f\u00e9rias escolares s\u00e3o o tempo de descansar. Para quem trabalha nas [&hellip;]<\/p>\n","protected":false},"author":0,"featured_media":0,"comment_status":"open","ping_status":"open","sticky":false,"template":"","format":"standard","meta":{"site-sidebar-layout":"default","site-content-layout":"","ast-site-content-layout":"default","site-content-style":"default","site-sidebar-style":"default","ast-global-header-display":"","ast-banner-title-visibility":"","ast-main-header-display":"","ast-hfb-above-header-display":"","ast-hfb-below-header-display":"","ast-hfb-mobile-header-display":"","site-post-title":"","ast-breadcrumbs-content":"","ast-featured-img":"","footer-sml-layout":"","ast-disable-related-posts":"","theme-transparent-header-meta":"","adv-header-id-meta":"","stick-header-meta":"","header-above-stick-meta":"","header-main-stick-meta":"","header-below-stick-meta":"","astra-migrate-meta-layouts":"default","ast-page-background-enabled":"default","ast-page-background-meta":{"desktop":{"background-color":"var(--ast-global-color-5)","background-image":"","background-repeat":"repeat","background-position":"center center","background-size":"auto","background-attachment":"scroll","background-type":"","background-media":"","overlay-type":"","overlay-color":"","overlay-opacity":"","overlay-gradient":""},"tablet":{"background-color":"","background-image":"","background-repeat":"repeat","background-position":"center center","background-size":"auto","background-attachment":"scroll","background-type":"","background-media":"","overlay-type":"","overlay-color":"","overlay-opacity":"","overlay-gradient":""},"mobile":{"background-color":"","background-image":"","background-repeat":"repeat","background-position":"center center","background-size":"auto","background-attachment":"scroll","background-type":"","background-media":"","overlay-type":"","overlay-color":"","overlay-opacity":"","overlay-gradient":""}},"ast-content-background-meta":{"desktop":{"background-color":"var(--ast-global-color-4)","background-image":"","background-repeat":"repeat","background-position":"center center","background-size":"auto","background-attachment":"scroll","background-type":"","background-media":"","overlay-type":"","overlay-color":"","overlay-opacity":"","overlay-gradient":""},"tablet":{"background-color":"var(--ast-global-color-4)","background-image":"","background-repeat":"repeat","background-position":"center center","background-size":"auto","background-attachment":"scroll","background-type":"","background-media":"","overlay-type":"","overlay-color":"","overlay-opacity":"","overlay-gradient":""},"mobile":{"background-color":"var(--ast-global-color-4)","background-image":"","background-repeat":"repeat","background-position":"center center","background-size":"auto","background-attachment":"scroll","background-type":"","background-media":"","overlay-type":"","overlay-color":"","overlay-opacity":"","overlay-gradient":""}},"footnotes":""},"categories":[1],"tags":[],"class_list":["post-22163","post","type-post","status-publish","format-standard","hentry","category-sem-categoria"],"yoast_head":"<!-- This site is optimized with the Yoast SEO plugin v26.6 - https:\/\/yoast.com\/wordpress\/plugins\/seo\/ -->\n<title>33 escolas da rede municipal de S\u00e3o Lu\u00eds s\u00e3o reformadas e ampliadas - Daniel Matos<\/title>\n<meta name=\"robots\" content=\"index, follow, max-snippet:-1, max-image-preview:large, max-video-preview:-1\" \/>\n<link rel=\"canonical\" href=\"https:\/\/www.blogsoestado.com\/danielmatos\/33-escolas-da-rede-municipal-de-sao-luis-sao-reformadas-e-ampliadas\/\" \/>\n<meta property=\"og:locale\" content=\"pt_BR\" \/>\n<meta property=\"og:type\" content=\"article\" \/>\n<meta property=\"og:title\" content=\"33 escolas da rede municipal de S\u00e3o Lu\u00eds s\u00e3o reformadas e ampliadas - Daniel Matos\" \/>\n<meta property=\"og:description\" content=\"Do Blog de Diego Emir Para os estudantes, as f\u00e9rias escolares s\u00e3o o tempo de descansar. Para quem trabalha nas [&hellip;]\" \/>\n<meta property=\"og:url\" content=\"https:\/\/www.blogsoestado.com\/danielmatos\/33-escolas-da-rede-municipal-de-sao-luis-sao-reformadas-e-ampliadas\/\" \/>\n<meta property=\"og:site_name\" content=\"Daniel Matos\" \/>\n<meta property=\"article:published_time\" content=\"2015-02-22T23:06:10+00:00\" \/>\n<meta property=\"og:image\" content=\"https:\/\/www.blogsoestado.com\/danielmatos\/files\/2015\/02\/escolas9.jpg\" \/>\n<meta name=\"twitter:card\" content=\"summary_large_image\" \/>\n<meta name=\"twitter:label1\" content=\"Est. tempo de leitura\" \/>\n\t<meta name=\"twitter:data1\" content=\"4 minutos\" \/>\n<script type=\"application\/ld+json\" class=\"yoast-schema-graph\">{\"@context\":\"https:\/\/schema.org\",\"@graph\":[{\"@type\":\"WebPage\",\"@id\":\"https:\/\/www.blogsoestado.com\/danielmatos\/33-escolas-da-rede-municipal-de-sao-luis-sao-reformadas-e-ampliadas\/\",\"url\":\"https:\/\/www.blogsoestado.com\/danielmatos\/33-escolas-da-rede-municipal-de-sao-luis-sao-reformadas-e-ampliadas\/\",\"name\":\"33 escolas da rede municipal de S\u00e3o Lu\u00eds s\u00e3o reformadas e ampliadas - Daniel Matos\",\"isPartOf\":{\"@id\":\"https:\/\/www.blogsoestado.com\/danielmatos\/#website\"},\"primaryImageOfPage\":{\"@id\":\"https:\/\/www.blogsoestado.com\/danielmatos\/33-escolas-da-rede-municipal-de-sao-luis-sao-reformadas-e-ampliadas\/#primaryimage\"},\"image\":{\"@id\":\"https:\/\/www.blogsoestado.com\/danielmatos\/33-escolas-da-rede-municipal-de-sao-luis-sao-reformadas-e-ampliadas\/#primaryimage\"},\"thumbnailUrl\":\"https:\/\/www.blogsoestado.com\/danielmatos\/files\/2015\/02\/escolas9.jpg\",\"datePublished\":\"2015-02-22T23:06:10+00:00\",\"author\":{\"@id\":\"\"},\"breadcrumb\":{\"@id\":\"https:\/\/www.blogsoestado.com\/danielmatos\/33-escolas-da-rede-municipal-de-sao-luis-sao-reformadas-e-ampliadas\/#breadcrumb\"},\"inLanguage\":\"pt-BR\",\"potentialAction\":[{\"@type\":\"ReadAction\",\"target\":[\"https:\/\/www.blogsoestado.com\/danielmatos\/33-escolas-da-rede-municipal-de-sao-luis-sao-reformadas-e-ampliadas\/\"]}]},{\"@type\":\"ImageObject\",\"inLanguage\":\"pt-BR\",\"@id\":\"https:\/\/www.blogsoestado.com\/danielmatos\/33-escolas-da-rede-municipal-de-sao-luis-sao-reformadas-e-ampliadas\/#primaryimage\",\"url\":\"https:\/\/www.blogsoestado.com\/danielmatos\/files\/2015\/02\/escolas9.jpg\",\"contentUrl\":\"https:\/\/www.blogsoestado.com\/danielmatos\/files\/2015\/02\/escolas9.jpg\"},{\"@type\":\"BreadcrumbList\",\"@id\":\"https:\/\/www.blogsoestado.com\/danielmatos\/33-escolas-da-rede-municipal-de-sao-luis-sao-reformadas-e-ampliadas\/#breadcrumb\",\"itemListElement\":[{\"@type\":\"ListItem\",\"position\":1,\"name\":\"In\u00edcio\",\"item\":\"https:\/\/www.blogsoestado.com\/danielmatos\/\"},{\"@type\":\"ListItem\",\"position\":2,\"name\":\"33 escolas da rede municipal de S\u00e3o Lu\u00eds s\u00e3o reformadas e ampliadas\"}]},{\"@type\":\"WebSite\",\"@id\":\"https:\/\/www.blogsoestado.com\/danielmatos\/#website\",\"url\":\"https:\/\/www.blogsoestado.com\/danielmatos\/\",\"name\":\"Daniel Matos\",\"description\":\"\",\"potentialAction\":[{\"@type\":\"SearchAction\",\"target\":{\"@type\":\"EntryPoint\",\"urlTemplate\":\"https:\/\/www.blogsoestado.com\/danielmatos\/?s={search_term_string}\"},\"query-input\":{\"@type\":\"PropertyValueSpecification\",\"valueRequired\":true,\"valueName\":\"search_term_string\"}}],\"inLanguage\":\"pt-BR\"}]}<\/script>\n<!-- \/ Yoast SEO plugin. -->","yoast_head_json":{"title":"33 escolas da rede municipal de S\u00e3o Lu\u00eds s\u00e3o reformadas e ampliadas - Daniel Matos","robots":{"index":"index","follow":"follow","max-snippet":"max-snippet:-1","max-image-preview":"max-image-preview:large","max-video-preview":"max-video-preview:-1"},"canonical":"https:\/\/www.blogsoestado.com\/danielmatos\/33-escolas-da-rede-municipal-de-sao-luis-sao-reformadas-e-ampliadas\/","og_locale":"pt_BR","og_type":"article","og_title":"33 escolas da rede municipal de S\u00e3o Lu\u00eds s\u00e3o reformadas e ampliadas - Daniel Matos","og_description":"Do Blog de Diego Emir Para os estudantes, as f\u00e9rias escolares s\u00e3o o tempo de descansar. Para quem trabalha nas [&hellip;]","og_url":"https:\/\/www.blogsoestado.com\/danielmatos\/33-escolas-da-rede-municipal-de-sao-luis-sao-reformadas-e-ampliadas\/","og_site_name":"Daniel Matos","article_published_time":"2015-02-22T23:06:10+00:00","og_image":[{"url":"https:\/\/www.blogsoestado.com\/danielmatos\/files\/2015\/02\/escolas9.jpg","type":"","width":"","height":""}],"twitter_card":"summary_large_image","twitter_misc":{"Est. tempo de leitura":"4 minutos"},"schema":{"@context":"https:\/\/schema.org","@graph":[{"@type":"WebPage","@id":"https:\/\/www.blogsoestado.com\/danielmatos\/33-escolas-da-rede-municipal-de-sao-luis-sao-reformadas-e-ampliadas\/","url":"https:\/\/www.blogsoestado.com\/danielmatos\/33-escolas-da-rede-municipal-de-sao-luis-sao-reformadas-e-ampliadas\/","name":"33 escolas da rede municipal de S\u00e3o Lu\u00eds s\u00e3o reformadas e ampliadas - Daniel Matos","isPartOf":{"@id":"https:\/\/www.blogsoestado.com\/danielmatos\/#website"},"primaryImageOfPage":{"@id":"https:\/\/www.blogsoestado.com\/danielmatos\/33-escolas-da-rede-municipal-de-sao-luis-sao-reformadas-e-ampliadas\/#primaryimage"},"image":{"@id":"https:\/\/www.blogsoestado.com\/danielmatos\/33-escolas-da-rede-municipal-de-sao-luis-sao-reformadas-e-ampliadas\/#primaryimage"},"thumbnailUrl":"https:\/\/www.blogsoestado.com\/danielmatos\/files\/2015\/02\/escolas9.jpg","datePublished":"2015-02-22T23:06:10+00:00","author":{"@id":""},"breadcrumb":{"@id":"https:\/\/www.blogsoestado.com\/danielmatos\/33-escolas-da-rede-municipal-de-sao-luis-sao-reformadas-e-ampliadas\/#breadcrumb"},"inLanguage":"pt-BR","potentialAction":[{"@type":"ReadAction","target":["https:\/\/www.blogsoestado.com\/danielmatos\/33-escolas-da-rede-municipal-de-sao-luis-sao-reformadas-e-ampliadas\/"]}]},{"@type":"ImageObject","inLanguage":"pt-BR","@id":"https:\/\/www.blogsoestado.com\/danielmatos\/33-escolas-da-rede-municipal-de-sao-luis-sao-reformadas-e-ampliadas\/#primaryimage","url":"https:\/\/www.blogsoestado.com\/danielmatos\/files\/2015\/02\/escolas9.jpg","contentUrl":"https:\/\/www.blogsoestado.com\/danielmatos\/files\/2015\/02\/escolas9.jpg"},{"@type":"BreadcrumbList","@id":"https:\/\/www.blogsoestado.com\/danielmatos\/33-escolas-da-rede-municipal-de-sao-luis-sao-reformadas-e-ampliadas\/#breadcrumb","itemListElement":[{"@type":"ListItem","position":1,"name":"In\u00edcio","item":"https:\/\/www.blogsoestado.com\/danielmatos\/"},{"@type":"ListItem","position":2,"name":"33 escolas da rede municipal de S\u00e3o Lu\u00eds s\u00e3o reformadas e ampliadas"}]},{"@type":"WebSite","@id":"https:\/\/www.blogsoestado.com\/danielmatos\/#website","url":"https:\/\/www.blogsoestado.com\/danielmatos\/","name":"Daniel Matos","description":"","potentialAction":[{"@type":"SearchAction","target":{"@type":"EntryPoint","urlTemplate":"https:\/\/www.blogsoestado.com\/danielmatos\/?s={search_term_string}"},"query-input":{"@type":"PropertyValueSpecification","valueRequired":true,"valueName":"search_term_string"}}],"inLanguage":"pt-BR"}]}},"jetpack_featured_media_url":"","_links":{"self":[{"href":"https:\/\/www.blogsoestado.com\/danielmatos\/wp-json\/wp\/v2\/posts\/22163","targetHints":{"allow":["GET"]}}],"collection":[{"href":"https:\/\/www.blogsoestado.com\/danielmatos\/wp-json\/wp\/v2\/posts"}],"about":[{"href":"https:\/\/www.blogsoestado.com\/danielmatos\/wp-json\/wp\/v2\/types\/post"}],"replies":[{"embeddable":true,"href":"https:\/\/www.blogsoestado.com\/danielmatos\/wp-json\/wp\/v2\/comments?post=22163"}],"version-history":[{"count":0,"href":"https:\/\/www.blogsoestado.com\/danielmatos\/wp-json\/wp\/v2\/posts\/22163\/revisions"}],"wp:attachment":[{"href":"https:\/\/www.blogsoestado.com\/danielmatos\/wp-json\/wp\/v2\/media?parent=22163"}],"wp:term":[{"taxonomy":"category","embeddable":true,"href":"https:\/\/www.blogsoestado.com\/danielmatos\/wp-json\/wp\/v2\/categories?post=22163"},{"taxonomy":"post_tag","embeddable":true,"href":"https:\/\/www.blogsoestado.com\/danielmatos\/wp-json\/wp\/v2\/tags?post=22163"}],"curies":[{"name":"wp","href":"https:\/\/api.w.org\/{rel}","templated":true}]}}