{"id":22184,"date":"2015-02-23T13:20:28","date_gmt":"2015-02-23T16:20:28","guid":{"rendered":"https:\/\/www.blogsoestado.com\/danielmatos\/?p=22184"},"modified":"2015-02-23T13:20:28","modified_gmt":"2015-02-23T16:20:28","slug":"justica-bloqueia-bens-do-prefeito-de-sao-jose-de-ribamar","status":"publish","type":"post","link":"https:\/\/www.blogsoestado.com\/danielmatos\/justica-bloqueia-bens-do-prefeito-de-sao-jose-de-ribamar\/","title":{"rendered":"Justi\u00e7a bloqueia bens do prefeito de S\u00e3o Jos\u00e9 de Ribamar"},"content":{"rendered":"<figure id=\"attachment_22185\" aria-describedby=\"caption-attachment-22185\" style=\"width: 298px\" class=\"wp-caption alignleft\"><a href=\"https:\/\/www.blogsoestado.com\/danielmatos\/files\/2015\/02\/gil-cutrim.jpg\"><img fetchpriority=\"high\" decoding=\"async\" class=\"size-full wp-image-22185\" src=\"https:\/\/www.blogsoestado.com\/danielmatos\/files\/2015\/02\/gil-cutrim.jpg\" alt=\"Al\u00e9m de Gil Cutrim, construtora beneficiada pelo esquema e outros cinco envolvidos em fraude em licita\u00e7\u00e3o tiveram bens bloqueados\" width=\"298\" height=\"300\" \/><\/a><figcaption id=\"caption-attachment-22185\" class=\"wp-caption-text\">Al\u00e9m de Gil Cutrim, construtora beneficiada pelo esquema e outros cinco envolvidos em fraude em licita\u00e7\u00e3o tiveram bens bloqueados<\/figcaption><\/figure>\n<p>A pedido do Minist\u00e9rio P\u00fablico do Maranh\u00e3o, o Poder Judici\u00e1rio determinou, no dia 12 de fevereiro, o bloqueio dos bens do prefeito de S\u00e3o Jos\u00e9 de Ribamar, Gil Cutrim. A decis\u00e3o liminar atinge, ainda, o secret\u00e1rio municipal de Obras, Habita\u00e7\u00e3o e Servi\u00e7os P\u00fablicos (Semosp), Andr\u00e9 Franklin Duailibe da Costa; os membros da Comiss\u00e3o Central de Licita\u00e7\u00e3o, Freud Norton Moreira dos Santos (presidente), Cl\u00e1udia Regina Furtado Vieira e Gissele Chaves Baluz; al\u00e9m da Blume Engenharia LTDA e dos propriet\u00e1rios da empresa, Rafael Blume de Almeida e Ant\u00f4nio Blume de Almeida.<\/p>\n<p>Os bens de cada um dos acusados foram bloqueados at\u00e9 atingir o valor de R$ 1.887.985,86. O montante \u00e9 referente ao preju\u00edzo causado aos cofres p\u00fablicos pela fraude na contrata\u00e7\u00e3o da construtora Blume Engenharia LTDA, em dezembro de 2013, para a execu\u00e7\u00e3o das obras da arquibancada coberta e \u00e1rea de apoio do Est\u00e1dio D\u00e1rio Santos.<\/p>\n<p>Segundo a promotora de justi\u00e7a Elisabeth Albuquerque de Sousa Mendon\u00e7a, autora da A\u00e7\u00e3o Civil P\u00fablica por atos de improbidade administrativa, o Munic\u00edpio de S\u00e3o Jos\u00e9 de Ribamar firmou conv\u00eanio com a Secretaria de Estado do Esporte e Lazer (Sedel) visando \u00e0 realiza\u00e7\u00e3o da obra.<\/p>\n<p>O edital da concorr\u00eancia foi publicado no dia 1\u00ba de novembro de 2013, por meio de um peri\u00f3dico de baixa circula\u00e7\u00e3o, o jornal A Tarde, e em letra com corpo 5, que \u00e9 bastante reduzida e s\u00f3 pode ser lida com o uso de lupa.<\/p>\n<p><strong>Direcionamento da licita\u00e7\u00e3o<\/strong><\/p>\n<p>Com a divulga\u00e7\u00e3o restrita, apenas a Blume Engenharia LTDA se inscreveu no certame. \u201cIsso demonstrou a necessidade de deflagrar novo processo licitat\u00f3rio, proporcionando ampla concorr\u00eancia. Mesmo assim, nada foi feito, ferindo os princ\u00edpios da impessoalidade e da competitividade\u201d, afirmou Elisabeth Mendon\u00e7a.<\/p>\n<p>Ainda de acordo com o Minist\u00e9rio P\u00fablico, o edital n\u00e3o foi publicado no Di\u00e1rio Oficial do Maranh\u00e3o. Al\u00e9m disso, n\u00e3o existe parecer jur\u00eddico sobre a minuta do edital de licita\u00e7\u00e3o e procedimentos administrativos adotados. Tamb\u00e9m foi detectada a aus\u00eancia de portaria designando os respons\u00e1veis pela fiscaliza\u00e7\u00e3o, acompanhamento e gest\u00e3o dos contratos; inexist\u00eancia de Relat\u00f3rio Di\u00e1rio de Obra, atestando o acompanhamento dos trabalhos pelo t\u00e9cnico respons\u00e1vel, t\u00e9cnico residente e fiscal de obra; e falta de comunica\u00e7\u00e3o sobre o conv\u00eanio \u00e0 C\u00e2mara Municipal, conforme estabelece a Lei 8.666\/93.<\/p>\n<p>\u201cPercebe-se, nitidamente, que os requeridos sequer tiveram o trabalho de disfar\u00e7ar as fraudes. Ao contr\u00e1rio, fraudaram a licita\u00e7\u00e3o, talvez acreditando na certeza da impunidade. N\u00e3o houve licita\u00e7\u00e3o, mas apenas um simulacro para premiar a empresa Blume Engenharia\u201d, declarou a representante do MPMA.<\/p>\n<p>Na decis\u00e3o, o juiz titular da 1\u00aa Vara C\u00edvel de S\u00e3o Jos\u00e9 de Ribamar, Jamil Aguiar da Silva, destaca que, pela documenta\u00e7\u00e3o apresentada pelo MPMA, h\u00e1 fortes ind\u00edcios de fraude, pois \u201co pr\u00f3prio edital encontra-se eivado de irregularidades, contrariando as disposi\u00e7\u00f5es previstas na Lei 8.666\/93, al\u00e9m de impedir\/dificultar a participa\u00e7\u00e3o de outras empresas no certame\u201d.<\/p>\n<p><strong>Fonte:<\/strong> Minist\u00e9rio P\u00fablico do Maranh\u00e3o<\/p>\n","protected":false},"excerpt":{"rendered":"<p>A pedido do Minist\u00e9rio P\u00fablico do Maranh\u00e3o, o Poder Judici\u00e1rio determinou, no dia 12 de fevereiro, o bloqueio dos bens [&hellip;]<\/p>\n","protected":false},"author":0,"featured_media":0,"comment_status":"open","ping_status":"open","sticky":false,"template":"","format":"standard","meta":{"site-sidebar-layout":"default","site-content-layout":"","ast-site-content-layout":"default","site-content-style":"default","site-sidebar-style":"default","ast-global-header-display":"","ast-banner-title-visibility":"","ast-main-header-display":"","ast-hfb-above-header-display":"","ast-hfb-below-header-display":"","ast-hfb-mobile-header-display":"","site-post-title":"","ast-breadcrumbs-content":"","ast-featured-img":"","footer-sml-layout":"","ast-disable-related-posts":"","theme-transparent-header-meta":"","adv-header-id-meta":"","stick-header-meta":"","header-above-stick-meta":"","header-main-stick-meta":"","header-below-stick-meta":"","astra-migrate-meta-layouts":"default","ast-page-background-enabled":"default","ast-page-background-meta":{"desktop":{"background-color":"var(--ast-global-color-5)","background-image":"","background-repeat":"repeat","background-position":"center center","background-size":"auto","background-attachment":"scroll","background-type":"","background-media":"","overlay-type":"","overlay-color":"","overlay-opacity":"","overlay-gradient":""},"tablet":{"background-color":"","background-image":"","background-repeat":"repeat","background-position":"center center","background-size":"auto","background-attachment":"scroll","background-type":"","background-media":"","overlay-type":"","overlay-color":"","overlay-opacity":"","overlay-gradient":""},"mobile":{"background-color":"","background-image":"","background-repeat":"repeat","background-position":"center center","background-size":"auto","background-attachment":"scroll","background-type":"","background-media":"","overlay-type":"","overlay-color":"","overlay-opacity":"","overlay-gradient":""}},"ast-content-background-meta":{"desktop":{"background-color":"var(--ast-global-color-4)","background-image":"","background-repeat":"repeat","background-position":"center center","background-size":"auto","background-attachment":"scroll","background-type":"","background-media":"","overlay-type":"","overlay-color":"","overlay-opacity":"","overlay-gradient":""},"tablet":{"background-color":"var(--ast-global-color-4)","background-image":"","background-repeat":"repeat","background-position":"center center","background-size":"auto","background-attachment":"scroll","background-type":"","background-media":"","overlay-type":"","overlay-color":"","overlay-opacity":"","overlay-gradient":""},"mobile":{"background-color":"var(--ast-global-color-4)","background-image":"","background-repeat":"repeat","background-position":"center center","background-size":"auto","background-attachment":"scroll","background-type":"","background-media":"","overlay-type":"","overlay-color":"","overlay-opacity":"","overlay-gradient":""}},"footnotes":""},"categories":[1],"tags":[],"class_list":["post-22184","post","type-post","status-publish","format-standard","hentry","category-sem-categoria"],"yoast_head":"<!-- This site is optimized with the Yoast SEO plugin v26.6 - https:\/\/yoast.com\/wordpress\/plugins\/seo\/ -->\n<title>Justi\u00e7a bloqueia bens do prefeito de S\u00e3o Jos\u00e9 de Ribamar - Daniel Matos<\/title>\n<meta name=\"robots\" content=\"index, follow, max-snippet:-1, max-image-preview:large, max-video-preview:-1\" \/>\n<link rel=\"canonical\" href=\"https:\/\/www.blogsoestado.com\/danielmatos\/justica-bloqueia-bens-do-prefeito-de-sao-jose-de-ribamar\/\" \/>\n<meta property=\"og:locale\" content=\"pt_BR\" \/>\n<meta property=\"og:type\" content=\"article\" \/>\n<meta property=\"og:title\" content=\"Justi\u00e7a bloqueia bens do prefeito de S\u00e3o Jos\u00e9 de Ribamar - Daniel Matos\" \/>\n<meta property=\"og:description\" content=\"A pedido do Minist\u00e9rio P\u00fablico do Maranh\u00e3o, o Poder Judici\u00e1rio determinou, no dia 12 de fevereiro, o bloqueio dos bens [&hellip;]\" \/>\n<meta property=\"og:url\" content=\"https:\/\/www.blogsoestado.com\/danielmatos\/justica-bloqueia-bens-do-prefeito-de-sao-jose-de-ribamar\/\" \/>\n<meta property=\"og:site_name\" content=\"Daniel Matos\" \/>\n<meta property=\"article:published_time\" content=\"2015-02-23T16:20:28+00:00\" \/>\n<meta property=\"og:image\" content=\"https:\/\/www.blogsoestado.com\/danielmatos\/files\/2015\/02\/gil-cutrim.jpg\" \/>\n<meta name=\"twitter:card\" content=\"summary_large_image\" \/>\n<meta name=\"twitter:label1\" content=\"Est. tempo de leitura\" \/>\n\t<meta name=\"twitter:data1\" content=\"3 minutos\" \/>\n<script type=\"application\/ld+json\" class=\"yoast-schema-graph\">{\"@context\":\"https:\/\/schema.org\",\"@graph\":[{\"@type\":\"WebPage\",\"@id\":\"https:\/\/www.blogsoestado.com\/danielmatos\/justica-bloqueia-bens-do-prefeito-de-sao-jose-de-ribamar\/\",\"url\":\"https:\/\/www.blogsoestado.com\/danielmatos\/justica-bloqueia-bens-do-prefeito-de-sao-jose-de-ribamar\/\",\"name\":\"Justi\u00e7a bloqueia bens do prefeito de S\u00e3o Jos\u00e9 de Ribamar - Daniel Matos\",\"isPartOf\":{\"@id\":\"https:\/\/www.blogsoestado.com\/danielmatos\/#website\"},\"primaryImageOfPage\":{\"@id\":\"https:\/\/www.blogsoestado.com\/danielmatos\/justica-bloqueia-bens-do-prefeito-de-sao-jose-de-ribamar\/#primaryimage\"},\"image\":{\"@id\":\"https:\/\/www.blogsoestado.com\/danielmatos\/justica-bloqueia-bens-do-prefeito-de-sao-jose-de-ribamar\/#primaryimage\"},\"thumbnailUrl\":\"https:\/\/www.blogsoestado.com\/danielmatos\/files\/2015\/02\/gil-cutrim.jpg\",\"datePublished\":\"2015-02-23T16:20:28+00:00\",\"author\":{\"@id\":\"\"},\"breadcrumb\":{\"@id\":\"https:\/\/www.blogsoestado.com\/danielmatos\/justica-bloqueia-bens-do-prefeito-de-sao-jose-de-ribamar\/#breadcrumb\"},\"inLanguage\":\"pt-BR\",\"potentialAction\":[{\"@type\":\"ReadAction\",\"target\":[\"https:\/\/www.blogsoestado.com\/danielmatos\/justica-bloqueia-bens-do-prefeito-de-sao-jose-de-ribamar\/\"]}]},{\"@type\":\"ImageObject\",\"inLanguage\":\"pt-BR\",\"@id\":\"https:\/\/www.blogsoestado.com\/danielmatos\/justica-bloqueia-bens-do-prefeito-de-sao-jose-de-ribamar\/#primaryimage\",\"url\":\"https:\/\/www.blogsoestado.com\/danielmatos\/files\/2015\/02\/gil-cutrim.jpg\",\"contentUrl\":\"https:\/\/www.blogsoestado.com\/danielmatos\/files\/2015\/02\/gil-cutrim.jpg\"},{\"@type\":\"BreadcrumbList\",\"@id\":\"https:\/\/www.blogsoestado.com\/danielmatos\/justica-bloqueia-bens-do-prefeito-de-sao-jose-de-ribamar\/#breadcrumb\",\"itemListElement\":[{\"@type\":\"ListItem\",\"position\":1,\"name\":\"In\u00edcio\",\"item\":\"https:\/\/www.blogsoestado.com\/danielmatos\/\"},{\"@type\":\"ListItem\",\"position\":2,\"name\":\"Justi\u00e7a bloqueia bens do prefeito de S\u00e3o Jos\u00e9 de Ribamar\"}]},{\"@type\":\"WebSite\",\"@id\":\"https:\/\/www.blogsoestado.com\/danielmatos\/#website\",\"url\":\"https:\/\/www.blogsoestado.com\/danielmatos\/\",\"name\":\"Daniel Matos\",\"description\":\"\",\"potentialAction\":[{\"@type\":\"SearchAction\",\"target\":{\"@type\":\"EntryPoint\",\"urlTemplate\":\"https:\/\/www.blogsoestado.com\/danielmatos\/?s={search_term_string}\"},\"query-input\":{\"@type\":\"PropertyValueSpecification\",\"valueRequired\":true,\"valueName\":\"search_term_string\"}}],\"inLanguage\":\"pt-BR\"}]}<\/script>\n<!-- \/ Yoast SEO plugin. -->","yoast_head_json":{"title":"Justi\u00e7a bloqueia bens do prefeito de S\u00e3o Jos\u00e9 de Ribamar - Daniel Matos","robots":{"index":"index","follow":"follow","max-snippet":"max-snippet:-1","max-image-preview":"max-image-preview:large","max-video-preview":"max-video-preview:-1"},"canonical":"https:\/\/www.blogsoestado.com\/danielmatos\/justica-bloqueia-bens-do-prefeito-de-sao-jose-de-ribamar\/","og_locale":"pt_BR","og_type":"article","og_title":"Justi\u00e7a bloqueia bens do prefeito de S\u00e3o Jos\u00e9 de Ribamar - Daniel Matos","og_description":"A pedido do Minist\u00e9rio P\u00fablico do Maranh\u00e3o, o Poder Judici\u00e1rio determinou, no dia 12 de fevereiro, o bloqueio dos bens [&hellip;]","og_url":"https:\/\/www.blogsoestado.com\/danielmatos\/justica-bloqueia-bens-do-prefeito-de-sao-jose-de-ribamar\/","og_site_name":"Daniel Matos","article_published_time":"2015-02-23T16:20:28+00:00","og_image":[{"url":"https:\/\/www.blogsoestado.com\/danielmatos\/files\/2015\/02\/gil-cutrim.jpg","type":"","width":"","height":""}],"twitter_card":"summary_large_image","twitter_misc":{"Est. tempo de leitura":"3 minutos"},"schema":{"@context":"https:\/\/schema.org","@graph":[{"@type":"WebPage","@id":"https:\/\/www.blogsoestado.com\/danielmatos\/justica-bloqueia-bens-do-prefeito-de-sao-jose-de-ribamar\/","url":"https:\/\/www.blogsoestado.com\/danielmatos\/justica-bloqueia-bens-do-prefeito-de-sao-jose-de-ribamar\/","name":"Justi\u00e7a bloqueia bens do prefeito de S\u00e3o Jos\u00e9 de Ribamar - Daniel Matos","isPartOf":{"@id":"https:\/\/www.blogsoestado.com\/danielmatos\/#website"},"primaryImageOfPage":{"@id":"https:\/\/www.blogsoestado.com\/danielmatos\/justica-bloqueia-bens-do-prefeito-de-sao-jose-de-ribamar\/#primaryimage"},"image":{"@id":"https:\/\/www.blogsoestado.com\/danielmatos\/justica-bloqueia-bens-do-prefeito-de-sao-jose-de-ribamar\/#primaryimage"},"thumbnailUrl":"https:\/\/www.blogsoestado.com\/danielmatos\/files\/2015\/02\/gil-cutrim.jpg","datePublished":"2015-02-23T16:20:28+00:00","author":{"@id":""},"breadcrumb":{"@id":"https:\/\/www.blogsoestado.com\/danielmatos\/justica-bloqueia-bens-do-prefeito-de-sao-jose-de-ribamar\/#breadcrumb"},"inLanguage":"pt-BR","potentialAction":[{"@type":"ReadAction","target":["https:\/\/www.blogsoestado.com\/danielmatos\/justica-bloqueia-bens-do-prefeito-de-sao-jose-de-ribamar\/"]}]},{"@type":"ImageObject","inLanguage":"pt-BR","@id":"https:\/\/www.blogsoestado.com\/danielmatos\/justica-bloqueia-bens-do-prefeito-de-sao-jose-de-ribamar\/#primaryimage","url":"https:\/\/www.blogsoestado.com\/danielmatos\/files\/2015\/02\/gil-cutrim.jpg","contentUrl":"https:\/\/www.blogsoestado.com\/danielmatos\/files\/2015\/02\/gil-cutrim.jpg"},{"@type":"BreadcrumbList","@id":"https:\/\/www.blogsoestado.com\/danielmatos\/justica-bloqueia-bens-do-prefeito-de-sao-jose-de-ribamar\/#breadcrumb","itemListElement":[{"@type":"ListItem","position":1,"name":"In\u00edcio","item":"https:\/\/www.blogsoestado.com\/danielmatos\/"},{"@type":"ListItem","position":2,"name":"Justi\u00e7a bloqueia bens do prefeito de S\u00e3o Jos\u00e9 de Ribamar"}]},{"@type":"WebSite","@id":"https:\/\/www.blogsoestado.com\/danielmatos\/#website","url":"https:\/\/www.blogsoestado.com\/danielmatos\/","name":"Daniel Matos","description":"","potentialAction":[{"@type":"SearchAction","target":{"@type":"EntryPoint","urlTemplate":"https:\/\/www.blogsoestado.com\/danielmatos\/?s={search_term_string}"},"query-input":{"@type":"PropertyValueSpecification","valueRequired":true,"valueName":"search_term_string"}}],"inLanguage":"pt-BR"}]}},"jetpack_featured_media_url":"","_links":{"self":[{"href":"https:\/\/www.blogsoestado.com\/danielmatos\/wp-json\/wp\/v2\/posts\/22184","targetHints":{"allow":["GET"]}}],"collection":[{"href":"https:\/\/www.blogsoestado.com\/danielmatos\/wp-json\/wp\/v2\/posts"}],"about":[{"href":"https:\/\/www.blogsoestado.com\/danielmatos\/wp-json\/wp\/v2\/types\/post"}],"replies":[{"embeddable":true,"href":"https:\/\/www.blogsoestado.com\/danielmatos\/wp-json\/wp\/v2\/comments?post=22184"}],"version-history":[{"count":0,"href":"https:\/\/www.blogsoestado.com\/danielmatos\/wp-json\/wp\/v2\/posts\/22184\/revisions"}],"wp:attachment":[{"href":"https:\/\/www.blogsoestado.com\/danielmatos\/wp-json\/wp\/v2\/media?parent=22184"}],"wp:term":[{"taxonomy":"category","embeddable":true,"href":"https:\/\/www.blogsoestado.com\/danielmatos\/wp-json\/wp\/v2\/categories?post=22184"},{"taxonomy":"post_tag","embeddable":true,"href":"https:\/\/www.blogsoestado.com\/danielmatos\/wp-json\/wp\/v2\/tags?post=22184"}],"curies":[{"name":"wp","href":"https:\/\/api.w.org\/{rel}","templated":true}]}}