{"id":22198,"date":"2015-02-24T07:57:32","date_gmt":"2015-02-24T10:57:32","guid":{"rendered":"https:\/\/www.blogsoestado.com\/danielmatos\/?p=22198"},"modified":"2015-02-24T07:57:32","modified_gmt":"2015-02-24T10:57:32","slug":"deputado-ze-inacio-e-prefeita-de-chapadinha-vao-a-caema-pedir-retomada-de-obra","status":"publish","type":"post","link":"https:\/\/www.blogsoestado.com\/danielmatos\/deputado-ze-inacio-e-prefeita-de-chapadinha-vao-a-caema-pedir-retomada-de-obra\/","title":{"rendered":"Deputado Z\u00e9 In\u00e1cio e prefeita de Chapadinha v\u00e3o \u00e0 Caema pedir retomada de obra"},"content":{"rendered":"<figure id=\"attachment_22197\" aria-describedby=\"caption-attachment-22197\" style=\"width: 640px\" class=\"wp-caption aligncenter\"><a href=\"https:\/\/www.blogsoestado.com\/danielmatos\/files\/2015\/02\/inacio-caema.jpg\"><img fetchpriority=\"high\" decoding=\"async\" class=\"size-full wp-image-22197\" src=\"https:\/\/www.blogsoestado.com\/danielmatos\/files\/2015\/02\/inacio-caema.jpg\" alt=\"Deputado Z\u00e9 In\u00e1cio e prefeita Ducilene Belezinha pediram ao presidente da Caema retomada de obra em Barragem\" width=\"640\" height=\"398\" \/><\/a><figcaption id=\"caption-attachment-22197\" class=\"wp-caption-text\">Deputado Z\u00e9 In\u00e1cio e prefeita Ducilene Belezinha pediram ao presidente da Caema retomada de obra em barragem<\/figcaption><\/figure>\n<p>O deputado estadual Z\u00e9 In\u00e1cio (PT) e a prefeita de Chapadinha, Ducilene Belezinha (PRB),\u00a0visitaram, na tarde desta segunda-feira (23), o presidente da Companhia de Saneamento Ambiental do Maranh\u00e3o\u00a0(Caema), Davi Telles. Na ocasi\u00e3o, o parlamentar e a gestora municipal\u00a0trataram de demandas da cidade do leste maranhense.<\/p>\n<p>Z\u00e9 In\u00e1cio solidarizou-se ao apelo da prefeita ao presidente da Caema para que seja retomada a obra de recupera\u00e7\u00e3o da esta\u00e7\u00e3o de tratamento na \u00e1rea da barragem e a amplia\u00e7\u00e3o da rede de distribui\u00e7\u00e3o de \u00e1gua de Itamacaoca.<\/p>\n<p>De acordo com Belezinha, a agilidade na retomada da obra regularizar\u00e1 o sistema de abastecimento da cidade e amenizar\u00e1 o drama do desabastecimento de \u00e1gua em bairros como Vila Isamara, Cohab, Recanto dos P\u00e1ssaros, Mutir\u00e3o e Boa Vista.<\/p>\n<p>Para o deputado, a retomada da obra \u00e9 de extrema emerg\u00eancia para que a cidade n\u00e3o entre em colapso por falta d\u2019\u00e1gua. \u201cEstaremos empenhados e acompanharemos de perto a retomada dessa obra em Itamacoaca, no munic\u00edpio de Chapadinha, e se for preciso iremos at\u00e9 o governador Fl\u00e1vio Dino ou at\u00e9 o ministro das Cidades, Gilberto Kassab\u201d, garantiu Z\u00e9 In\u00e1cio.<\/p>\n<p>Por usa vez, o presidente da Caema, Davi Telles, garantiu ao deputado estadual e \u00e0 prefeita que at\u00e9 o inicio do pr\u00f3ximo m\u00eas, mais precisamente no dia 3 de mar\u00e7o, a obra de recupera\u00e7\u00e3o da barragem de Itamacoaca ser\u00e1 retomada. Telles tamb\u00e9m garantiu que a represa funcionar\u00e1 parcialmente at\u00e9 o dia 15 de mar\u00e7o.<\/p>\n<p><strong>O projeto<\/strong><\/p>\n<p>Em 2011, a Caema elaborou um projeto de amplia\u00e7\u00e3o do sistema de abastecimento de \u00e1gua para Chapadinha. Em julho de 2012, o Governo Federal, via Minist\u00e9rio das Cidades, aprovou a libera\u00e7\u00e3o de recursos do Or\u00e7amento Geral da Uni\u00e3o e do Programa de Acelera\u00e7\u00e3o do Crescimento (PAC) para a execu\u00e7\u00e3o da obra, or\u00e7ada em R$ 26 milh\u00f5es. No Maranh\u00e3o, somente tr\u00eas munic\u00edpios \u2013 Tut\u00f3ia, Pinheiro e Chapadinha \u2013 foram beneficiados com obras dessa natureza.<\/p>\n<p>O projeto prev\u00ea, entre outras interven\u00e7\u00f5es, a eleva\u00e7\u00e3o da represa Itamacaoca, a constru\u00e7\u00e3o de uma nova esta\u00e7\u00e3o de tratamento na \u00e1rea da barragem e a amplia\u00e7\u00e3o da rede de distribui\u00e7\u00e3o para bairros como Vila Isamara, Cohab, Recanto dos P\u00e1ssaros, Mutir\u00e3o e Boa Vista. Esses bairros s\u00e3o abastecidos apenas por po\u00e7os e chafarizes operados pela Prefeitura de Chapadinha.<\/p>\n","protected":false},"excerpt":{"rendered":"<p>O deputado estadual Z\u00e9 In\u00e1cio (PT) e a prefeita de Chapadinha, Ducilene Belezinha (PRB),\u00a0visitaram, na tarde desta segunda-feira (23), o [&hellip;]<\/p>\n","protected":false},"author":0,"featured_media":0,"comment_status":"open","ping_status":"open","sticky":false,"template":"","format":"standard","meta":{"site-sidebar-layout":"default","site-content-layout":"","ast-site-content-layout":"default","site-content-style":"default","site-sidebar-style":"default","ast-global-header-display":"","ast-banner-title-visibility":"","ast-main-header-display":"","ast-hfb-above-header-display":"","ast-hfb-below-header-display":"","ast-hfb-mobile-header-display":"","site-post-title":"","ast-breadcrumbs-content":"","ast-featured-img":"","footer-sml-layout":"","ast-disable-related-posts":"","theme-transparent-header-meta":"","adv-header-id-meta":"","stick-header-meta":"","header-above-stick-meta":"","header-main-stick-meta":"","header-below-stick-meta":"","astra-migrate-meta-layouts":"default","ast-page-background-enabled":"default","ast-page-background-meta":{"desktop":{"background-color":"var(--ast-global-color-5)","background-image":"","background-repeat":"repeat","background-position":"center center","background-size":"auto","background-attachment":"scroll","background-type":"","background-media":"","overlay-type":"","overlay-color":"","overlay-opacity":"","overlay-gradient":""},"tablet":{"background-color":"","background-image":"","background-repeat":"repeat","background-position":"center center","background-size":"auto","background-attachment":"scroll","background-type":"","background-media":"","overlay-type":"","overlay-color":"","overlay-opacity":"","overlay-gradient":""},"mobile":{"background-color":"","background-image":"","background-repeat":"repeat","background-position":"center center","background-size":"auto","background-attachment":"scroll","background-type":"","background-media":"","overlay-type":"","overlay-color":"","overlay-opacity":"","overlay-gradient":""}},"ast-content-background-meta":{"desktop":{"background-color":"var(--ast-global-color-4)","background-image":"","background-repeat":"repeat","background-position":"center center","background-size":"auto","background-attachment":"scroll","background-type":"","background-media":"","overlay-type":"","overlay-color":"","overlay-opacity":"","overlay-gradient":""},"tablet":{"background-color":"var(--ast-global-color-4)","background-image":"","background-repeat":"repeat","background-position":"center center","background-size":"auto","background-attachment":"scroll","background-type":"","background-media":"","overlay-type":"","overlay-color":"","overlay-opacity":"","overlay-gradient":""},"mobile":{"background-color":"var(--ast-global-color-4)","background-image":"","background-repeat":"repeat","background-position":"center center","background-size":"auto","background-attachment":"scroll","background-type":"","background-media":"","overlay-type":"","overlay-color":"","overlay-opacity":"","overlay-gradient":""}},"footnotes":""},"categories":[1],"tags":[],"class_list":["post-22198","post","type-post","status-publish","format-standard","hentry","category-sem-categoria"],"yoast_head":"<!-- This site is optimized with the Yoast SEO plugin v26.6 - https:\/\/yoast.com\/wordpress\/plugins\/seo\/ -->\n<title>Deputado Z\u00e9 In\u00e1cio e prefeita de Chapadinha v\u00e3o \u00e0 Caema pedir retomada de obra - Daniel Matos<\/title>\n<meta name=\"robots\" content=\"index, follow, max-snippet:-1, max-image-preview:large, max-video-preview:-1\" \/>\n<link rel=\"canonical\" href=\"https:\/\/www.blogsoestado.com\/danielmatos\/deputado-ze-inacio-e-prefeita-de-chapadinha-vao-a-caema-pedir-retomada-de-obra\/\" \/>\n<meta property=\"og:locale\" content=\"pt_BR\" \/>\n<meta property=\"og:type\" content=\"article\" \/>\n<meta property=\"og:title\" content=\"Deputado Z\u00e9 In\u00e1cio e prefeita de Chapadinha v\u00e3o \u00e0 Caema pedir retomada de obra - Daniel Matos\" \/>\n<meta property=\"og:description\" content=\"O deputado estadual Z\u00e9 In\u00e1cio (PT) e a prefeita de Chapadinha, Ducilene Belezinha (PRB),\u00a0visitaram, na tarde desta segunda-feira (23), o [&hellip;]\" \/>\n<meta property=\"og:url\" content=\"https:\/\/www.blogsoestado.com\/danielmatos\/deputado-ze-inacio-e-prefeita-de-chapadinha-vao-a-caema-pedir-retomada-de-obra\/\" \/>\n<meta property=\"og:site_name\" content=\"Daniel Matos\" \/>\n<meta property=\"article:published_time\" content=\"2015-02-24T10:57:32+00:00\" \/>\n<meta property=\"og:image\" content=\"https:\/\/www.blogsoestado.com\/danielmatos\/files\/2015\/02\/inacio-caema.jpg\" \/>\n<meta name=\"twitter:card\" content=\"summary_large_image\" \/>\n<meta name=\"twitter:label1\" content=\"Est. tempo de leitura\" \/>\n\t<meta name=\"twitter:data1\" content=\"2 minutos\" \/>\n<script type=\"application\/ld+json\" class=\"yoast-schema-graph\">{\"@context\":\"https:\/\/schema.org\",\"@graph\":[{\"@type\":\"WebPage\",\"@id\":\"https:\/\/www.blogsoestado.com\/danielmatos\/deputado-ze-inacio-e-prefeita-de-chapadinha-vao-a-caema-pedir-retomada-de-obra\/\",\"url\":\"https:\/\/www.blogsoestado.com\/danielmatos\/deputado-ze-inacio-e-prefeita-de-chapadinha-vao-a-caema-pedir-retomada-de-obra\/\",\"name\":\"Deputado Z\u00e9 In\u00e1cio e prefeita de Chapadinha v\u00e3o \u00e0 Caema pedir retomada de obra - Daniel Matos\",\"isPartOf\":{\"@id\":\"https:\/\/www.blogsoestado.com\/danielmatos\/#website\"},\"primaryImageOfPage\":{\"@id\":\"https:\/\/www.blogsoestado.com\/danielmatos\/deputado-ze-inacio-e-prefeita-de-chapadinha-vao-a-caema-pedir-retomada-de-obra\/#primaryimage\"},\"image\":{\"@id\":\"https:\/\/www.blogsoestado.com\/danielmatos\/deputado-ze-inacio-e-prefeita-de-chapadinha-vao-a-caema-pedir-retomada-de-obra\/#primaryimage\"},\"thumbnailUrl\":\"https:\/\/www.blogsoestado.com\/danielmatos\/files\/2015\/02\/inacio-caema.jpg\",\"datePublished\":\"2015-02-24T10:57:32+00:00\",\"author\":{\"@id\":\"\"},\"breadcrumb\":{\"@id\":\"https:\/\/www.blogsoestado.com\/danielmatos\/deputado-ze-inacio-e-prefeita-de-chapadinha-vao-a-caema-pedir-retomada-de-obra\/#breadcrumb\"},\"inLanguage\":\"pt-BR\",\"potentialAction\":[{\"@type\":\"ReadAction\",\"target\":[\"https:\/\/www.blogsoestado.com\/danielmatos\/deputado-ze-inacio-e-prefeita-de-chapadinha-vao-a-caema-pedir-retomada-de-obra\/\"]}]},{\"@type\":\"ImageObject\",\"inLanguage\":\"pt-BR\",\"@id\":\"https:\/\/www.blogsoestado.com\/danielmatos\/deputado-ze-inacio-e-prefeita-de-chapadinha-vao-a-caema-pedir-retomada-de-obra\/#primaryimage\",\"url\":\"https:\/\/www.blogsoestado.com\/danielmatos\/files\/2015\/02\/inacio-caema.jpg\",\"contentUrl\":\"https:\/\/www.blogsoestado.com\/danielmatos\/files\/2015\/02\/inacio-caema.jpg\"},{\"@type\":\"BreadcrumbList\",\"@id\":\"https:\/\/www.blogsoestado.com\/danielmatos\/deputado-ze-inacio-e-prefeita-de-chapadinha-vao-a-caema-pedir-retomada-de-obra\/#breadcrumb\",\"itemListElement\":[{\"@type\":\"ListItem\",\"position\":1,\"name\":\"In\u00edcio\",\"item\":\"https:\/\/www.blogsoestado.com\/danielmatos\/\"},{\"@type\":\"ListItem\",\"position\":2,\"name\":\"Deputado Z\u00e9 In\u00e1cio e prefeita de Chapadinha v\u00e3o \u00e0 Caema pedir retomada de obra\"}]},{\"@type\":\"WebSite\",\"@id\":\"https:\/\/www.blogsoestado.com\/danielmatos\/#website\",\"url\":\"https:\/\/www.blogsoestado.com\/danielmatos\/\",\"name\":\"Daniel Matos\",\"description\":\"\",\"potentialAction\":[{\"@type\":\"SearchAction\",\"target\":{\"@type\":\"EntryPoint\",\"urlTemplate\":\"https:\/\/www.blogsoestado.com\/danielmatos\/?s={search_term_string}\"},\"query-input\":{\"@type\":\"PropertyValueSpecification\",\"valueRequired\":true,\"valueName\":\"search_term_string\"}}],\"inLanguage\":\"pt-BR\"}]}<\/script>\n<!-- \/ Yoast SEO plugin. -->","yoast_head_json":{"title":"Deputado Z\u00e9 In\u00e1cio e prefeita de Chapadinha v\u00e3o \u00e0 Caema pedir retomada de obra - Daniel Matos","robots":{"index":"index","follow":"follow","max-snippet":"max-snippet:-1","max-image-preview":"max-image-preview:large","max-video-preview":"max-video-preview:-1"},"canonical":"https:\/\/www.blogsoestado.com\/danielmatos\/deputado-ze-inacio-e-prefeita-de-chapadinha-vao-a-caema-pedir-retomada-de-obra\/","og_locale":"pt_BR","og_type":"article","og_title":"Deputado Z\u00e9 In\u00e1cio e prefeita de Chapadinha v\u00e3o \u00e0 Caema pedir retomada de obra - Daniel Matos","og_description":"O deputado estadual Z\u00e9 In\u00e1cio (PT) e a prefeita de Chapadinha, Ducilene Belezinha (PRB),\u00a0visitaram, na tarde desta segunda-feira (23), o [&hellip;]","og_url":"https:\/\/www.blogsoestado.com\/danielmatos\/deputado-ze-inacio-e-prefeita-de-chapadinha-vao-a-caema-pedir-retomada-de-obra\/","og_site_name":"Daniel Matos","article_published_time":"2015-02-24T10:57:32+00:00","og_image":[{"url":"https:\/\/www.blogsoestado.com\/danielmatos\/files\/2015\/02\/inacio-caema.jpg","type":"","width":"","height":""}],"twitter_card":"summary_large_image","twitter_misc":{"Est. tempo de leitura":"2 minutos"},"schema":{"@context":"https:\/\/schema.org","@graph":[{"@type":"WebPage","@id":"https:\/\/www.blogsoestado.com\/danielmatos\/deputado-ze-inacio-e-prefeita-de-chapadinha-vao-a-caema-pedir-retomada-de-obra\/","url":"https:\/\/www.blogsoestado.com\/danielmatos\/deputado-ze-inacio-e-prefeita-de-chapadinha-vao-a-caema-pedir-retomada-de-obra\/","name":"Deputado Z\u00e9 In\u00e1cio e prefeita de Chapadinha v\u00e3o \u00e0 Caema pedir retomada de obra - Daniel Matos","isPartOf":{"@id":"https:\/\/www.blogsoestado.com\/danielmatos\/#website"},"primaryImageOfPage":{"@id":"https:\/\/www.blogsoestado.com\/danielmatos\/deputado-ze-inacio-e-prefeita-de-chapadinha-vao-a-caema-pedir-retomada-de-obra\/#primaryimage"},"image":{"@id":"https:\/\/www.blogsoestado.com\/danielmatos\/deputado-ze-inacio-e-prefeita-de-chapadinha-vao-a-caema-pedir-retomada-de-obra\/#primaryimage"},"thumbnailUrl":"https:\/\/www.blogsoestado.com\/danielmatos\/files\/2015\/02\/inacio-caema.jpg","datePublished":"2015-02-24T10:57:32+00:00","author":{"@id":""},"breadcrumb":{"@id":"https:\/\/www.blogsoestado.com\/danielmatos\/deputado-ze-inacio-e-prefeita-de-chapadinha-vao-a-caema-pedir-retomada-de-obra\/#breadcrumb"},"inLanguage":"pt-BR","potentialAction":[{"@type":"ReadAction","target":["https:\/\/www.blogsoestado.com\/danielmatos\/deputado-ze-inacio-e-prefeita-de-chapadinha-vao-a-caema-pedir-retomada-de-obra\/"]}]},{"@type":"ImageObject","inLanguage":"pt-BR","@id":"https:\/\/www.blogsoestado.com\/danielmatos\/deputado-ze-inacio-e-prefeita-de-chapadinha-vao-a-caema-pedir-retomada-de-obra\/#primaryimage","url":"https:\/\/www.blogsoestado.com\/danielmatos\/files\/2015\/02\/inacio-caema.jpg","contentUrl":"https:\/\/www.blogsoestado.com\/danielmatos\/files\/2015\/02\/inacio-caema.jpg"},{"@type":"BreadcrumbList","@id":"https:\/\/www.blogsoestado.com\/danielmatos\/deputado-ze-inacio-e-prefeita-de-chapadinha-vao-a-caema-pedir-retomada-de-obra\/#breadcrumb","itemListElement":[{"@type":"ListItem","position":1,"name":"In\u00edcio","item":"https:\/\/www.blogsoestado.com\/danielmatos\/"},{"@type":"ListItem","position":2,"name":"Deputado Z\u00e9 In\u00e1cio e prefeita de Chapadinha v\u00e3o \u00e0 Caema pedir retomada de obra"}]},{"@type":"WebSite","@id":"https:\/\/www.blogsoestado.com\/danielmatos\/#website","url":"https:\/\/www.blogsoestado.com\/danielmatos\/","name":"Daniel Matos","description":"","potentialAction":[{"@type":"SearchAction","target":{"@type":"EntryPoint","urlTemplate":"https:\/\/www.blogsoestado.com\/danielmatos\/?s={search_term_string}"},"query-input":{"@type":"PropertyValueSpecification","valueRequired":true,"valueName":"search_term_string"}}],"inLanguage":"pt-BR"}]}},"jetpack_featured_media_url":"","_links":{"self":[{"href":"https:\/\/www.blogsoestado.com\/danielmatos\/wp-json\/wp\/v2\/posts\/22198","targetHints":{"allow":["GET"]}}],"collection":[{"href":"https:\/\/www.blogsoestado.com\/danielmatos\/wp-json\/wp\/v2\/posts"}],"about":[{"href":"https:\/\/www.blogsoestado.com\/danielmatos\/wp-json\/wp\/v2\/types\/post"}],"replies":[{"embeddable":true,"href":"https:\/\/www.blogsoestado.com\/danielmatos\/wp-json\/wp\/v2\/comments?post=22198"}],"version-history":[{"count":0,"href":"https:\/\/www.blogsoestado.com\/danielmatos\/wp-json\/wp\/v2\/posts\/22198\/revisions"}],"wp:attachment":[{"href":"https:\/\/www.blogsoestado.com\/danielmatos\/wp-json\/wp\/v2\/media?parent=22198"}],"wp:term":[{"taxonomy":"category","embeddable":true,"href":"https:\/\/www.blogsoestado.com\/danielmatos\/wp-json\/wp\/v2\/categories?post=22198"},{"taxonomy":"post_tag","embeddable":true,"href":"https:\/\/www.blogsoestado.com\/danielmatos\/wp-json\/wp\/v2\/tags?post=22198"}],"curies":[{"name":"wp","href":"https:\/\/api.w.org\/{rel}","templated":true}]}}