{"id":22225,"date":"2015-02-24T18:20:23","date_gmt":"2015-02-24T21:20:23","guid":{"rendered":"https:\/\/www.blogsoestado.com\/danielmatos\/?p=22225"},"modified":"2015-02-24T18:20:23","modified_gmt":"2015-02-24T21:20:23","slug":"sucessao-na-ufma-nair-portela-e-fernando-carvalho-obtem-apoio-de-todos-os-diretores-de-centros-da-ufma-no-interior","status":"publish","type":"post","link":"https:\/\/www.blogsoestado.com\/danielmatos\/sucessao-na-ufma-nair-portela-e-fernando-carvalho-obtem-apoio-de-todos-os-diretores-de-centros-da-ufma-no-interior\/","title":{"rendered":"Sucess\u00e3o na UFMA: Nair Portela e Fernando Carvalho obt\u00eam apoio de todos os diretores de centros da UFMA no interior"},"content":{"rendered":"<figure id=\"attachment_22226\" aria-describedby=\"caption-attachment-22226\" style=\"width: 640px\" class=\"wp-caption aligncenter\"><a href=\"https:\/\/www.blogsoestado.com\/danielmatos\/files\/2015\/02\/ufma-sucess\u00e3o.jpg\"><img fetchpriority=\"high\" decoding=\"async\" class=\"size-full wp-image-22226\" src=\"https:\/\/www.blogsoestado.com\/danielmatos\/files\/2015\/02\/ufma-sucess\u00e3o.jpg\" alt=\"Reitor Natalino Salgado com diretores de campi da UFMA no interior dedefendem expans\u00e3o e novas conquistas para o continente\" width=\"640\" height=\"410\" \/><\/a><figcaption id=\"caption-attachment-22226\" class=\"wp-caption-text\">Reitor Natalino Salgado com diretores de campi no interior defendem expans\u00e3o e novas conquistas para a UFMA<\/figcaption><\/figure>\n<p>A quatro meses da consulta para a escolha dos novos reitor e vice da Universidade Federal do Maranh\u00e3o, a professora Nair Portela, diretora do Centro de Ci\u00eancias Biol\u00f3gicas e da Sa\u00fade, larga na frente e consegue apoio de todos os diretores dos campi do interior. Eles tamb\u00e9m decidiram apoiar a candidatura de Fernando Carvalho Silva a vice-reitor. O comprometimento de ambos com a pol\u00edtica de expans\u00e3o e consolida\u00e7\u00e3o da UFMA nas oito cidades maranhenses onde a universidade est\u00e1 inserida \u00e9 a principal motiva\u00e7\u00e3o do grupo no apoio aos candidatos.<\/p>\n<p>Reunidos na \u00faltima sexta-feira, os diretores do Campus de Pinheiro, Riclkey Marques; de Balsas, Francisco de Assis Concei\u00e7\u00e3o; de Cod\u00f3, Jos\u00e9 Carlos Arag\u00e3o Silva; de Bacabal, M\u00e1rcio Javan de Lima; de Graja\u00fa, Sandra Maria Barros; de Chapadinha, Joc\u00e9lio Santos Ara\u00fajo; de S\u00e3o Bernardo, Lorena Martiniano e de Imperatriz, Marcos F\u00e1bio Belo Matos, manifestaram o desejo de que a UFMA continue se expandindo e possa assegurar novas conquistas para o continente. \u201cTenho 39 anos de UFMA e nunca vi a universidade avan\u00e7ar tanto em uma s\u00f3 administra\u00e7\u00e3o. \u00c9 preciso garantir que todo esse trabalho n\u00e3o seja interrompido\u201d, disse o professor Francisco de Assis Concei\u00e7\u00e3o.<\/p>\n<p>Nair Portela agradeceu o apoio dos diretores e disse que o seu plano de trabalho e de Fernando Carvalho para atender aos anseios da comunidade universit\u00e1ria, tanto do interior quanto do campus de S\u00e3o Lu\u00eds, est\u00e1 sendo constru\u00eddo coletivamente com a participa\u00e7\u00e3o de todos os segmentos da UFMA: professores, estudantes e t\u00e9cnicos administrativos. \u201cAs metas a serem definidas contemplam as prioridades de cada um dos Centros, sem exce\u00e7\u00e3o.<\/p>\n<p>Nosso compromisso \u00e9 superar os desafios para aprimorar cada vez mais tudo que j\u00e1 foi conquistado\u201d, assumiu.<br \/>\nSegundo Nair Portela, o avan\u00e7o que a UFMA experimentou nos \u00faltimos sete anos \u00e9 muito maior que a salto vis\u00edvel na sua infraestrutura. A implanta\u00e7\u00e3o de novos cursos de gradua\u00e7\u00e3o, o fortalecimento da p\u00f3s-gradua\u00e7\u00e3o e do programa de interioriza\u00e7\u00e3o, a valoriza\u00e7\u00e3o dos recursos humanos, o aumento dos bolsistas da inicia\u00e7\u00e3o cient\u00edfica e da qualifica\u00e7\u00e3o do corpo docente, na opini\u00e3o da candidata, contribu\u00edram decisivamente para a melhoria dos indicadores acad\u00eamicos da institui\u00e7\u00e3o.<\/p>\n<p>Fernando Carvalho, pr\u00f3-reitor de pesquisa e p\u00f3s-gradua\u00e7\u00e3o, tamb\u00e9m ressaltou o crescimento vertiginoso na \u00e1rea. \u201cEm 2007 t\u00ednhamos 12 cursos de mestrado, hoje s\u00e3o 31, e apenas um de doutorado, hoje s\u00e3o nove. O n\u00famero de discentes na p\u00f3s-gradua\u00e7\u00e3o saltou de 404 para 1061, o que mostra o crescimento da UFMA com qualidade e excel\u00eancia\u201d, comprova.<\/p>\n<p>A consulta para escolha do novo reitor da UFMA ser\u00e1 realizada em junho em data ainda a ser definida pelo Conselho Superior da universidade. O mandato do reitor Natalino Salgado, que apoia Nair Portela e Fernando Carvalho, vai at\u00e9 outubro deste ano.<\/p>\n","protected":false},"excerpt":{"rendered":"<p>A quatro meses da consulta para a escolha dos novos reitor e vice da Universidade Federal do Maranh\u00e3o, a professora [&hellip;]<\/p>\n","protected":false},"author":0,"featured_media":0,"comment_status":"open","ping_status":"open","sticky":false,"template":"","format":"standard","meta":{"site-sidebar-layout":"default","site-content-layout":"","ast-site-content-layout":"default","site-content-style":"default","site-sidebar-style":"default","ast-global-header-display":"","ast-banner-title-visibility":"","ast-main-header-display":"","ast-hfb-above-header-display":"","ast-hfb-below-header-display":"","ast-hfb-mobile-header-display":"","site-post-title":"","ast-breadcrumbs-content":"","ast-featured-img":"","footer-sml-layout":"","ast-disable-related-posts":"","theme-transparent-header-meta":"","adv-header-id-meta":"","stick-header-meta":"","header-above-stick-meta":"","header-main-stick-meta":"","header-below-stick-meta":"","astra-migrate-meta-layouts":"default","ast-page-background-enabled":"default","ast-page-background-meta":{"desktop":{"background-color":"var(--ast-global-color-5)","background-image":"","background-repeat":"repeat","background-position":"center center","background-size":"auto","background-attachment":"scroll","background-type":"","background-media":"","overlay-type":"","overlay-color":"","overlay-opacity":"","overlay-gradient":""},"tablet":{"background-color":"","background-image":"","background-repeat":"repeat","background-position":"center center","background-size":"auto","background-attachment":"scroll","background-type":"","background-media":"","overlay-type":"","overlay-color":"","overlay-opacity":"","overlay-gradient":""},"mobile":{"background-color":"","background-image":"","background-repeat":"repeat","background-position":"center center","background-size":"auto","background-attachment":"scroll","background-type":"","background-media":"","overlay-type":"","overlay-color":"","overlay-opacity":"","overlay-gradient":""}},"ast-content-background-meta":{"desktop":{"background-color":"var(--ast-global-color-4)","background-image":"","background-repeat":"repeat","background-position":"center center","background-size":"auto","background-attachment":"scroll","background-type":"","background-media":"","overlay-type":"","overlay-color":"","overlay-opacity":"","overlay-gradient":""},"tablet":{"background-color":"var(--ast-global-color-4)","background-image":"","background-repeat":"repeat","background-position":"center center","background-size":"auto","background-attachment":"scroll","background-type":"","background-media":"","overlay-type":"","overlay-color":"","overlay-opacity":"","overlay-gradient":""},"mobile":{"background-color":"var(--ast-global-color-4)","background-image":"","background-repeat":"repeat","background-position":"center center","background-size":"auto","background-attachment":"scroll","background-type":"","background-media":"","overlay-type":"","overlay-color":"","overlay-opacity":"","overlay-gradient":""}},"footnotes":""},"categories":[1],"tags":[],"class_list":["post-22225","post","type-post","status-publish","format-standard","hentry","category-sem-categoria"],"yoast_head":"<!-- This site is optimized with the Yoast SEO plugin v26.6 - https:\/\/yoast.com\/wordpress\/plugins\/seo\/ -->\n<title>Sucess\u00e3o na UFMA: Nair Portela e Fernando Carvalho obt\u00eam apoio de todos os diretores de centros da UFMA no interior - Daniel Matos<\/title>\n<meta name=\"robots\" content=\"index, follow, max-snippet:-1, max-image-preview:large, max-video-preview:-1\" \/>\n<link rel=\"canonical\" href=\"https:\/\/www.blogsoestado.com\/danielmatos\/sucessao-na-ufma-nair-portela-e-fernando-carvalho-obtem-apoio-de-todos-os-diretores-de-centros-da-ufma-no-interior\/\" \/>\n<meta property=\"og:locale\" content=\"pt_BR\" \/>\n<meta property=\"og:type\" content=\"article\" \/>\n<meta property=\"og:title\" content=\"Sucess\u00e3o na UFMA: Nair Portela e Fernando Carvalho obt\u00eam apoio de todos os diretores de centros da UFMA no interior - Daniel Matos\" \/>\n<meta property=\"og:description\" content=\"A quatro meses da consulta para a escolha dos novos reitor e vice da Universidade Federal do Maranh\u00e3o, a professora [&hellip;]\" \/>\n<meta property=\"og:url\" content=\"https:\/\/www.blogsoestado.com\/danielmatos\/sucessao-na-ufma-nair-portela-e-fernando-carvalho-obtem-apoio-de-todos-os-diretores-de-centros-da-ufma-no-interior\/\" \/>\n<meta property=\"og:site_name\" content=\"Daniel Matos\" \/>\n<meta property=\"article:published_time\" content=\"2015-02-24T21:20:23+00:00\" \/>\n<meta name=\"twitter:card\" content=\"summary_large_image\" \/>\n<meta name=\"twitter:label1\" content=\"Est. tempo de leitura\" \/>\n\t<meta name=\"twitter:data1\" content=\"3 minutos\" \/>\n<script type=\"application\/ld+json\" class=\"yoast-schema-graph\">{\"@context\":\"https:\/\/schema.org\",\"@graph\":[{\"@type\":\"WebPage\",\"@id\":\"https:\/\/www.blogsoestado.com\/danielmatos\/sucessao-na-ufma-nair-portela-e-fernando-carvalho-obtem-apoio-de-todos-os-diretores-de-centros-da-ufma-no-interior\/\",\"url\":\"https:\/\/www.blogsoestado.com\/danielmatos\/sucessao-na-ufma-nair-portela-e-fernando-carvalho-obtem-apoio-de-todos-os-diretores-de-centros-da-ufma-no-interior\/\",\"name\":\"Sucess\u00e3o na UFMA: Nair Portela e Fernando Carvalho obt\u00eam apoio de todos os diretores de centros da UFMA no interior - Daniel Matos\",\"isPartOf\":{\"@id\":\"https:\/\/www.blogsoestado.com\/danielmatos\/#website\"},\"datePublished\":\"2015-02-24T21:20:23+00:00\",\"author\":{\"@id\":\"\"},\"breadcrumb\":{\"@id\":\"https:\/\/www.blogsoestado.com\/danielmatos\/sucessao-na-ufma-nair-portela-e-fernando-carvalho-obtem-apoio-de-todos-os-diretores-de-centros-da-ufma-no-interior\/#breadcrumb\"},\"inLanguage\":\"pt-BR\",\"potentialAction\":[{\"@type\":\"ReadAction\",\"target\":[\"https:\/\/www.blogsoestado.com\/danielmatos\/sucessao-na-ufma-nair-portela-e-fernando-carvalho-obtem-apoio-de-todos-os-diretores-de-centros-da-ufma-no-interior\/\"]}]},{\"@type\":\"BreadcrumbList\",\"@id\":\"https:\/\/www.blogsoestado.com\/danielmatos\/sucessao-na-ufma-nair-portela-e-fernando-carvalho-obtem-apoio-de-todos-os-diretores-de-centros-da-ufma-no-interior\/#breadcrumb\",\"itemListElement\":[{\"@type\":\"ListItem\",\"position\":1,\"name\":\"In\u00edcio\",\"item\":\"https:\/\/www.blogsoestado.com\/danielmatos\/\"},{\"@type\":\"ListItem\",\"position\":2,\"name\":\"Sucess\u00e3o na UFMA: Nair Portela e Fernando Carvalho obt\u00eam apoio de todos os diretores de centros da UFMA no interior\"}]},{\"@type\":\"WebSite\",\"@id\":\"https:\/\/www.blogsoestado.com\/danielmatos\/#website\",\"url\":\"https:\/\/www.blogsoestado.com\/danielmatos\/\",\"name\":\"Daniel Matos\",\"description\":\"\",\"potentialAction\":[{\"@type\":\"SearchAction\",\"target\":{\"@type\":\"EntryPoint\",\"urlTemplate\":\"https:\/\/www.blogsoestado.com\/danielmatos\/?s={search_term_string}\"},\"query-input\":{\"@type\":\"PropertyValueSpecification\",\"valueRequired\":true,\"valueName\":\"search_term_string\"}}],\"inLanguage\":\"pt-BR\"}]}<\/script>\n<!-- \/ Yoast SEO plugin. -->","yoast_head_json":{"title":"Sucess\u00e3o na UFMA: Nair Portela e Fernando Carvalho obt\u00eam apoio de todos os diretores de centros da UFMA no interior - Daniel Matos","robots":{"index":"index","follow":"follow","max-snippet":"max-snippet:-1","max-image-preview":"max-image-preview:large","max-video-preview":"max-video-preview:-1"},"canonical":"https:\/\/www.blogsoestado.com\/danielmatos\/sucessao-na-ufma-nair-portela-e-fernando-carvalho-obtem-apoio-de-todos-os-diretores-de-centros-da-ufma-no-interior\/","og_locale":"pt_BR","og_type":"article","og_title":"Sucess\u00e3o na UFMA: Nair Portela e Fernando Carvalho obt\u00eam apoio de todos os diretores de centros da UFMA no interior - Daniel Matos","og_description":"A quatro meses da consulta para a escolha dos novos reitor e vice da Universidade Federal do Maranh\u00e3o, a professora [&hellip;]","og_url":"https:\/\/www.blogsoestado.com\/danielmatos\/sucessao-na-ufma-nair-portela-e-fernando-carvalho-obtem-apoio-de-todos-os-diretores-de-centros-da-ufma-no-interior\/","og_site_name":"Daniel Matos","article_published_time":"2015-02-24T21:20:23+00:00","twitter_card":"summary_large_image","twitter_misc":{"Est. tempo de leitura":"3 minutos"},"schema":{"@context":"https:\/\/schema.org","@graph":[{"@type":"WebPage","@id":"https:\/\/www.blogsoestado.com\/danielmatos\/sucessao-na-ufma-nair-portela-e-fernando-carvalho-obtem-apoio-de-todos-os-diretores-de-centros-da-ufma-no-interior\/","url":"https:\/\/www.blogsoestado.com\/danielmatos\/sucessao-na-ufma-nair-portela-e-fernando-carvalho-obtem-apoio-de-todos-os-diretores-de-centros-da-ufma-no-interior\/","name":"Sucess\u00e3o na UFMA: Nair Portela e Fernando Carvalho obt\u00eam apoio de todos os diretores de centros da UFMA no interior - Daniel Matos","isPartOf":{"@id":"https:\/\/www.blogsoestado.com\/danielmatos\/#website"},"datePublished":"2015-02-24T21:20:23+00:00","author":{"@id":""},"breadcrumb":{"@id":"https:\/\/www.blogsoestado.com\/danielmatos\/sucessao-na-ufma-nair-portela-e-fernando-carvalho-obtem-apoio-de-todos-os-diretores-de-centros-da-ufma-no-interior\/#breadcrumb"},"inLanguage":"pt-BR","potentialAction":[{"@type":"ReadAction","target":["https:\/\/www.blogsoestado.com\/danielmatos\/sucessao-na-ufma-nair-portela-e-fernando-carvalho-obtem-apoio-de-todos-os-diretores-de-centros-da-ufma-no-interior\/"]}]},{"@type":"BreadcrumbList","@id":"https:\/\/www.blogsoestado.com\/danielmatos\/sucessao-na-ufma-nair-portela-e-fernando-carvalho-obtem-apoio-de-todos-os-diretores-de-centros-da-ufma-no-interior\/#breadcrumb","itemListElement":[{"@type":"ListItem","position":1,"name":"In\u00edcio","item":"https:\/\/www.blogsoestado.com\/danielmatos\/"},{"@type":"ListItem","position":2,"name":"Sucess\u00e3o na UFMA: Nair Portela e Fernando Carvalho obt\u00eam apoio de todos os diretores de centros da UFMA no interior"}]},{"@type":"WebSite","@id":"https:\/\/www.blogsoestado.com\/danielmatos\/#website","url":"https:\/\/www.blogsoestado.com\/danielmatos\/","name":"Daniel Matos","description":"","potentialAction":[{"@type":"SearchAction","target":{"@type":"EntryPoint","urlTemplate":"https:\/\/www.blogsoestado.com\/danielmatos\/?s={search_term_string}"},"query-input":{"@type":"PropertyValueSpecification","valueRequired":true,"valueName":"search_term_string"}}],"inLanguage":"pt-BR"}]}},"jetpack_featured_media_url":"","_links":{"self":[{"href":"https:\/\/www.blogsoestado.com\/danielmatos\/wp-json\/wp\/v2\/posts\/22225","targetHints":{"allow":["GET"]}}],"collection":[{"href":"https:\/\/www.blogsoestado.com\/danielmatos\/wp-json\/wp\/v2\/posts"}],"about":[{"href":"https:\/\/www.blogsoestado.com\/danielmatos\/wp-json\/wp\/v2\/types\/post"}],"replies":[{"embeddable":true,"href":"https:\/\/www.blogsoestado.com\/danielmatos\/wp-json\/wp\/v2\/comments?post=22225"}],"version-history":[{"count":0,"href":"https:\/\/www.blogsoestado.com\/danielmatos\/wp-json\/wp\/v2\/posts\/22225\/revisions"}],"wp:attachment":[{"href":"https:\/\/www.blogsoestado.com\/danielmatos\/wp-json\/wp\/v2\/media?parent=22225"}],"wp:term":[{"taxonomy":"category","embeddable":true,"href":"https:\/\/www.blogsoestado.com\/danielmatos\/wp-json\/wp\/v2\/categories?post=22225"},{"taxonomy":"post_tag","embeddable":true,"href":"https:\/\/www.blogsoestado.com\/danielmatos\/wp-json\/wp\/v2\/tags?post=22225"}],"curies":[{"name":"wp","href":"https:\/\/api.w.org\/{rel}","templated":true}]}}