{"id":22231,"date":"2015-02-25T06:38:09","date_gmt":"2015-02-25T09:38:09","guid":{"rendered":"https:\/\/www.blogsoestado.com\/danielmatos\/?p=22231"},"modified":"2015-02-25T06:38:09","modified_gmt":"2015-02-25T09:38:09","slug":"assembleia-define-composicao-das-comissoes-permanentes","status":"publish","type":"post","link":"https:\/\/www.blogsoestado.com\/danielmatos\/assembleia-define-composicao-das-comissoes-permanentes\/","title":{"rendered":"Assembleia define composi\u00e7\u00e3o das Comiss\u00f5es Permanentes"},"content":{"rendered":"<figure id=\"attachment_22232\" aria-describedby=\"caption-attachment-22232\" style=\"width: 640px\" class=\"wp-caption aligncenter\"><a href=\"https:\/\/www.blogsoestado.com\/danielmatos\/files\/2015\/02\/al-comiss\u00f5es.jpg\"><img fetchpriority=\"high\" decoding=\"async\" class=\"size-full wp-image-22232\" src=\"https:\/\/www.blogsoestado.com\/danielmatos\/files\/2015\/02\/al-comiss\u00f5es.jpg\" alt=\"AL oficializou os membros das 12 Comiss\u00f5es Permanentes que atuar\u00e3o durante o quadri\u00eanio 2015\/2018 da 18\u00aa Legislatura\" width=\"640\" height=\"424\" \/><\/a><figcaption id=\"caption-attachment-22232\" class=\"wp-caption-text\">AL oficializou os membros das 12 comiss\u00f5es permanentes que atuar\u00e3o no quadri\u00eanio 2015\/2018 da 18\u00aa legislatura<\/figcaption><\/figure>\n<p>A Assembleia Legislativa do Maranh\u00e3o j\u00e1 tem oficializados todos os membros das 12 Comiss\u00f5es Permanentes, que atuar\u00e3o durante o quadri\u00eanio 2015\/2018 da 18\u00aa Legislatura, formadas de acordo com a indica\u00e7\u00e3o dos Blocos Parlamentares, conforme a Resolu\u00e7\u00e3o n\u00ba 337 do dia 10 de fevereiro deste ano.<\/p>\n<p>O passo seguinte ser\u00e1 a instala\u00e7\u00e3o de cada uma das Comiss\u00f5es, quando ocorrer\u00e1 a elei\u00e7\u00e3o do presidente e do vice-presidente. Veja como ficou cada uma delas:<\/p>\n<p><strong>Comiss\u00e3o de Constitui\u00e7\u00e3o, Justi\u00e7a e Cidadania<\/strong><\/p>\n<p>Titulares: Professor Marco Aur\u00e9lio (PC do B), Eduardo Braide (PMN), Paulo Neto (PSDC), F\u00e1bio Macedo (PDT), Alexandre Almeida (PTN), Adriano Sarney (PV) e Ricardo Rios (PEN).<\/p>\n<p>Suplentes: St\u00eanio Rezende (PRTB), F\u00e1bio Braga (PT do B), Neto Evangelista (PSDB) \u2013 Licenciado, Bira do Pindar\u00e9 (PSB) \u2013 Licenciado, Ant\u00f4nio Pereira (DEM), Rog\u00e9rio Cafeteira (PSC) e Ana do G\u00e1s (PRB).<\/p>\n<p><strong>Comiss\u00e3o de Or\u00e7amento, Finan\u00e7as, Fiscaliza\u00e7\u00e3o e Controle<\/strong><\/p>\n<p>Titulares: S\u00e9rgio Frota (PSDB), F\u00e1bio Braga (PT do B), Raimundo Cutrim (PC do B), Edivaldo Holanda (PTC), Rigo Teles (PV), Ant\u00f4nio Pereira (DEM) e Vinicius Louro (PR).<\/p>\n<p>Suplentes: Neto Evangelista (PSDB) \u2013 Licenciado, Edson Ara\u00fajo (PSL), St\u00eanio Rezende (PRTB), Dr. Levi Pontes (SD), Alexandre Almeida (PTN), Rog\u00e9rio Cafeteira (PSC) e Ricardo Rios (PEN).<\/p>\n<p><strong>Comiss\u00e3o de Educa\u00e7\u00e3o, Cultura, Desporto, Ci\u00eancia e Tecnologia<\/strong><\/p>\n<p>Titulares: Wellington do Curso (PPS), S\u00e9rgio Frota (PSDB), Professor Marco Aur\u00e9lio (PC do B), Nina Melo (PMDB), Junior Verde (PRB), Sousa Neto (PTN) e Rog\u00e9rio Cafeteira (PSC).<\/p>\n<p>Suplentes: Bira do Pindar\u00e9- Licenciado (PSB), Paulo Neto (PSDC), F\u00e1bio Braga (PT do B), Andr\u00e9a Murad (PMDB), Josimar de Maranh\u00e3ozinho (PR), Adriano Sarney (PV) e Alexandre Almeida (PTN).<\/p>\n<p><strong>Comiss\u00e3o de Administra\u00e7\u00e3o P\u00fablica, Seguridade Social e Rela\u00e7\u00f5es de Trabalho<\/strong><\/p>\n<p>Titulares: F\u00e1bio Macedo (PDT), Bira do Pindar\u00e9 (PSB) \u2013 Licenciado, Edivaldo Holanda (PTC), Andr\u00e9a Murad (PMDB), Josimar de Maranh\u00e3ozinho (PR), Hemet\u00e9rio Weba (PV) e Rog\u00e9rio Cafeteira (PSC).<\/p>\n<p>Suplentes: Paulo Neto (PSDC), Wellington do Curso (PPS), Edson Ara\u00fajo (PSL), Max Barros (PMDB), Junior Verde (PRB), Rigo Teles (PV) e L\u00e9o Cunha (PSC).<\/p>\n<p><strong>Comiss\u00e3o de Sa\u00fade<\/strong><\/p>\n<p>Titulares: St\u00eanio Rezende (PRTB), Dr. Levi Pontes (SD), Edson Ara\u00fajo (PSL), F\u00e1bio Braga (PT do B), Ant\u00f4nio Pereira (DEM), L\u00e9o Cunha (PSC) e Ricardo Rios (PEN).<\/p>\n<p>Suplentes: Professor Marco Aur\u00e9lio (PC do B), Cabo Campos (PP), Eduardo Braide (PMN), Edivaldo Holanda (PTC), Hemet\u00e9rio Weba (PV), Rog\u00e9rio Cafeteira (PSC) e Ana do G\u00e1s (PRB).<\/p>\n<p><strong>Comiss\u00e3o de Assuntos Municipais e de Desenvolvimento Regional<\/strong><\/p>\n<p>Titulares: Paulo Neto (PSDC), Dr. Levi Pontes (SD), St\u00eanio Rezende (PRTB), F\u00e1bio Braga (PT do B), Hemet\u00e9rio Weba (PV), Rigo Teles (PV) e Ricardo Rios (PEN).<\/p>\n<p>Suplentes: S\u00e9rgio Frota (PSDB), F\u00e1bio Macedo (PDT), Eduardo Braide (PMN), Raimundo Cutrim (PC do B), Adriano Sarney (PV), L\u00e9o Cunha (PSC) e Junior Verde (PRB).<\/p>\n<p><strong>Comiss\u00e3o de Defesa dos Direitos Humanos e das Minorias<\/strong><\/p>\n<p>Titulares: Wellington do Curso (PPS), Z\u00e9 In\u00e1cio (PT), Eduardo Braide (PMN), Roberto Costa (PMDB), Junior Verde (PRB), Alexandre Almeida (PTN), Rog\u00e9rio Cafeteira (PSC).<\/p>\n<p>Suplentes: S\u00e9rgio Frota (PSDB), Professor Marco Aur\u00e9lio (PC do B), Paulo Neto (PSDC), Nina Melo (PMDB), Ricardo Rios (PEN), Ant\u00f4nio Pereira (DEM), Sousa Neto (PTN).<\/p>\n<p><strong>Comiss\u00e3o de Obras e Servi\u00e7os P\u00fablicos<\/strong><\/p>\n<p>Titulares: Neto Evangelista (PSDB) \u2013 Licenciado, S\u00e9rgio Frota (PSDB), Cabo Campos (PP), Nina Melo (PMDB), Vinicius Louro (PR), Hemet\u00e9rio Weba (PV), L\u00e9o Cunha (PSC).<\/p>\n<p>Suplentes: Dr. Levi Pontes (SD), Eduardo Braide (PMN), F\u00e1bio Braga (PT do B), Andr\u00e9a Murad (PMN), Junior Verde (PRB), Ant\u00f4nio Pereira (DEM) e Rigo Teles (PV).<\/p>\n<p><strong>Comiss\u00e3o de Meio Ambiente e Desenvolvimento Sustent\u00e1vel<\/strong><\/p>\n<p>Titulares: Edson Ara\u00fajo (PSL), Bira do Pindar\u00e9 (PSB) \u2013 Licenciado, Wellington do Curso (PPS), Neto Evangelista (PSDB) \u2013 Licenciado, L\u00e9o Cunha (PSC), Adriano Sarney (PV) e Ana do G\u00e1s (PRB).<\/p>\n<p>Suplentes: S\u00e9rgio Frota (PSDB), Z\u00e9 In\u00e1cio (PT), F\u00e1bio Macedo (PDT), Cabo Campos (PP), Sousa Neto (PTN), Rigo Teles (PV) e Ricardo Rios (PEN).<\/p>\n<p><strong>Comiss\u00e3o de \u00c9tica<\/strong><\/p>\n<p>Titulares: Professor Marco Aur\u00e9lio (PC do B), Cabo Campos (PP), Paulo Neto (PSDC), Max Barros (PMDB), Ana do G\u00e1s (PRB), Hemet\u00e9rio Weba (PV) e L\u00e9o Cunha (PSC).<\/p>\n<p>Suplentes: Edson Ara\u00fajo (PSL), S\u00e9rgio Frota (PSDB), F\u00e1bio Macedo (PDT), Roberto Costa (PMDB), Vinicius Louro (PR), Ant\u00f4nio Pereira (DEM), Alexandre Almeida (PTN).<\/p>\n<p><strong>Comiss\u00e3o de Assuntos Econ\u00f4micos<\/strong><\/p>\n<p>Titulares: Edson Ara\u00fajo (PSL), Z\u00e9 In\u00e1cio (PT), F\u00e1bio Macedo (PDT), Neto Evangelista (PSDB) \u2013 Licenciado, Adriano Sarney (PV), Ant\u00f4nio Pereira (DEM) e Josimar de Maranh\u00e3ozinho (PR).<\/p>\n<p>Suplentes: Cabo Campos (PP), Edivaldo Holanda (PTC), Dr. Levi Pontes (SD), Wellington do Curso (PPS), L\u00e9o Cunha (PSC), Alexandre Almeida (PTN), Vinicius Louro (PR).<\/p>\n<p><strong>Comiss\u00e3o de Seguran\u00e7a P\u00fablica<\/strong><\/p>\n<p>Titulares: Cabo Campos (PP), Raimundo Cutrim (PC do B), Dr. Levi Pontes (SD), Roberto Costa (PMDB), Junior Verde (PRB), Sousa Neto (PTN) e Rigo Teles (PV)<\/p>\n<p>Suplentes: Wellington do Curso (PPS), Edivaldo Holanda (PTC), Bira do Pindar\u00e9 (PSB) \u2013 Licenciado, Max Barros (PMDB), Josimar de Maranh\u00e3ozinho (PR), Alexandre Almeida (PTN) e Hemet\u00e9rio Weba (PV).<\/p>\n<p><strong>Fonte:<\/strong> Ag\u00eancia Assembleia<\/p>\n","protected":false},"excerpt":{"rendered":"<p>A Assembleia Legislativa do Maranh\u00e3o j\u00e1 tem oficializados todos os membros das 12 Comiss\u00f5es Permanentes, que atuar\u00e3o durante o quadri\u00eanio [&hellip;]<\/p>\n","protected":false},"author":0,"featured_media":0,"comment_status":"open","ping_status":"open","sticky":false,"template":"","format":"standard","meta":{"site-sidebar-layout":"default","site-content-layout":"","ast-site-content-layout":"default","site-content-style":"default","site-sidebar-style":"default","ast-global-header-display":"","ast-banner-title-visibility":"","ast-main-header-display":"","ast-hfb-above-header-display":"","ast-hfb-below-header-display":"","ast-hfb-mobile-header-display":"","site-post-title":"","ast-breadcrumbs-content":"","ast-featured-img":"","footer-sml-layout":"","ast-disable-related-posts":"","theme-transparent-header-meta":"","adv-header-id-meta":"","stick-header-meta":"","header-above-stick-meta":"","header-main-stick-meta":"","header-below-stick-meta":"","astra-migrate-meta-layouts":"default","ast-page-background-enabled":"default","ast-page-background-meta":{"desktop":{"background-color":"var(--ast-global-color-5)","background-image":"","background-repeat":"repeat","background-position":"center center","background-size":"auto","background-attachment":"scroll","background-type":"","background-media":"","overlay-type":"","overlay-color":"","overlay-opacity":"","overlay-gradient":""},"tablet":{"background-color":"","background-image":"","background-repeat":"repeat","background-position":"center center","background-size":"auto","background-attachment":"scroll","background-type":"","background-media":"","overlay-type":"","overlay-color":"","overlay-opacity":"","overlay-gradient":""},"mobile":{"background-color":"","background-image":"","background-repeat":"repeat","background-position":"center center","background-size":"auto","background-attachment":"scroll","background-type":"","background-media":"","overlay-type":"","overlay-color":"","overlay-opacity":"","overlay-gradient":""}},"ast-content-background-meta":{"desktop":{"background-color":"var(--ast-global-color-4)","background-image":"","background-repeat":"repeat","background-position":"center center","background-size":"auto","background-attachment":"scroll","background-type":"","background-media":"","overlay-type":"","overlay-color":"","overlay-opacity":"","overlay-gradient":""},"tablet":{"background-color":"var(--ast-global-color-4)","background-image":"","background-repeat":"repeat","background-position":"center center","background-size":"auto","background-attachment":"scroll","background-type":"","background-media":"","overlay-type":"","overlay-color":"","overlay-opacity":"","overlay-gradient":""},"mobile":{"background-color":"var(--ast-global-color-4)","background-image":"","background-repeat":"repeat","background-position":"center center","background-size":"auto","background-attachment":"scroll","background-type":"","background-media":"","overlay-type":"","overlay-color":"","overlay-opacity":"","overlay-gradient":""}},"footnotes":""},"categories":[1],"tags":[],"class_list":["post-22231","post","type-post","status-publish","format-standard","hentry","category-sem-categoria"],"yoast_head":"<!-- This site is optimized with the Yoast SEO plugin v26.6 - https:\/\/yoast.com\/wordpress\/plugins\/seo\/ -->\n<title>Assembleia define composi\u00e7\u00e3o das Comiss\u00f5es Permanentes - Daniel Matos<\/title>\n<meta name=\"robots\" content=\"index, follow, max-snippet:-1, max-image-preview:large, max-video-preview:-1\" \/>\n<link rel=\"canonical\" href=\"https:\/\/www.blogsoestado.com\/danielmatos\/assembleia-define-composicao-das-comissoes-permanentes\/\" \/>\n<meta property=\"og:locale\" content=\"pt_BR\" \/>\n<meta property=\"og:type\" content=\"article\" \/>\n<meta property=\"og:title\" content=\"Assembleia define composi\u00e7\u00e3o das Comiss\u00f5es Permanentes - Daniel Matos\" \/>\n<meta property=\"og:description\" content=\"A Assembleia Legislativa do Maranh\u00e3o j\u00e1 tem oficializados todos os membros das 12 Comiss\u00f5es Permanentes, que atuar\u00e3o durante o quadri\u00eanio [&hellip;]\" \/>\n<meta property=\"og:url\" content=\"https:\/\/www.blogsoestado.com\/danielmatos\/assembleia-define-composicao-das-comissoes-permanentes\/\" \/>\n<meta property=\"og:site_name\" content=\"Daniel Matos\" \/>\n<meta property=\"article:published_time\" content=\"2015-02-25T09:38:09+00:00\" \/>\n<meta name=\"twitter:card\" content=\"summary_large_image\" \/>\n<meta name=\"twitter:label1\" content=\"Est. tempo de leitura\" \/>\n\t<meta name=\"twitter:data1\" content=\"4 minutos\" \/>\n<script type=\"application\/ld+json\" class=\"yoast-schema-graph\">{\"@context\":\"https:\/\/schema.org\",\"@graph\":[{\"@type\":\"WebPage\",\"@id\":\"https:\/\/www.blogsoestado.com\/danielmatos\/assembleia-define-composicao-das-comissoes-permanentes\/\",\"url\":\"https:\/\/www.blogsoestado.com\/danielmatos\/assembleia-define-composicao-das-comissoes-permanentes\/\",\"name\":\"Assembleia define composi\u00e7\u00e3o das Comiss\u00f5es Permanentes - Daniel Matos\",\"isPartOf\":{\"@id\":\"https:\/\/www.blogsoestado.com\/danielmatos\/#website\"},\"datePublished\":\"2015-02-25T09:38:09+00:00\",\"author\":{\"@id\":\"\"},\"breadcrumb\":{\"@id\":\"https:\/\/www.blogsoestado.com\/danielmatos\/assembleia-define-composicao-das-comissoes-permanentes\/#breadcrumb\"},\"inLanguage\":\"pt-BR\",\"potentialAction\":[{\"@type\":\"ReadAction\",\"target\":[\"https:\/\/www.blogsoestado.com\/danielmatos\/assembleia-define-composicao-das-comissoes-permanentes\/\"]}]},{\"@type\":\"BreadcrumbList\",\"@id\":\"https:\/\/www.blogsoestado.com\/danielmatos\/assembleia-define-composicao-das-comissoes-permanentes\/#breadcrumb\",\"itemListElement\":[{\"@type\":\"ListItem\",\"position\":1,\"name\":\"In\u00edcio\",\"item\":\"https:\/\/www.blogsoestado.com\/danielmatos\/\"},{\"@type\":\"ListItem\",\"position\":2,\"name\":\"Assembleia define composi\u00e7\u00e3o das Comiss\u00f5es Permanentes\"}]},{\"@type\":\"WebSite\",\"@id\":\"https:\/\/www.blogsoestado.com\/danielmatos\/#website\",\"url\":\"https:\/\/www.blogsoestado.com\/danielmatos\/\",\"name\":\"Daniel Matos\",\"description\":\"\",\"potentialAction\":[{\"@type\":\"SearchAction\",\"target\":{\"@type\":\"EntryPoint\",\"urlTemplate\":\"https:\/\/www.blogsoestado.com\/danielmatos\/?s={search_term_string}\"},\"query-input\":{\"@type\":\"PropertyValueSpecification\",\"valueRequired\":true,\"valueName\":\"search_term_string\"}}],\"inLanguage\":\"pt-BR\"}]}<\/script>\n<!-- \/ Yoast SEO plugin. -->","yoast_head_json":{"title":"Assembleia define composi\u00e7\u00e3o das Comiss\u00f5es Permanentes - Daniel Matos","robots":{"index":"index","follow":"follow","max-snippet":"max-snippet:-1","max-image-preview":"max-image-preview:large","max-video-preview":"max-video-preview:-1"},"canonical":"https:\/\/www.blogsoestado.com\/danielmatos\/assembleia-define-composicao-das-comissoes-permanentes\/","og_locale":"pt_BR","og_type":"article","og_title":"Assembleia define composi\u00e7\u00e3o das Comiss\u00f5es Permanentes - Daniel Matos","og_description":"A Assembleia Legislativa do Maranh\u00e3o j\u00e1 tem oficializados todos os membros das 12 Comiss\u00f5es Permanentes, que atuar\u00e3o durante o quadri\u00eanio [&hellip;]","og_url":"https:\/\/www.blogsoestado.com\/danielmatos\/assembleia-define-composicao-das-comissoes-permanentes\/","og_site_name":"Daniel Matos","article_published_time":"2015-02-25T09:38:09+00:00","twitter_card":"summary_large_image","twitter_misc":{"Est. tempo de leitura":"4 minutos"},"schema":{"@context":"https:\/\/schema.org","@graph":[{"@type":"WebPage","@id":"https:\/\/www.blogsoestado.com\/danielmatos\/assembleia-define-composicao-das-comissoes-permanentes\/","url":"https:\/\/www.blogsoestado.com\/danielmatos\/assembleia-define-composicao-das-comissoes-permanentes\/","name":"Assembleia define composi\u00e7\u00e3o das Comiss\u00f5es Permanentes - Daniel Matos","isPartOf":{"@id":"https:\/\/www.blogsoestado.com\/danielmatos\/#website"},"datePublished":"2015-02-25T09:38:09+00:00","author":{"@id":""},"breadcrumb":{"@id":"https:\/\/www.blogsoestado.com\/danielmatos\/assembleia-define-composicao-das-comissoes-permanentes\/#breadcrumb"},"inLanguage":"pt-BR","potentialAction":[{"@type":"ReadAction","target":["https:\/\/www.blogsoestado.com\/danielmatos\/assembleia-define-composicao-das-comissoes-permanentes\/"]}]},{"@type":"BreadcrumbList","@id":"https:\/\/www.blogsoestado.com\/danielmatos\/assembleia-define-composicao-das-comissoes-permanentes\/#breadcrumb","itemListElement":[{"@type":"ListItem","position":1,"name":"In\u00edcio","item":"https:\/\/www.blogsoestado.com\/danielmatos\/"},{"@type":"ListItem","position":2,"name":"Assembleia define composi\u00e7\u00e3o das Comiss\u00f5es Permanentes"}]},{"@type":"WebSite","@id":"https:\/\/www.blogsoestado.com\/danielmatos\/#website","url":"https:\/\/www.blogsoestado.com\/danielmatos\/","name":"Daniel Matos","description":"","potentialAction":[{"@type":"SearchAction","target":{"@type":"EntryPoint","urlTemplate":"https:\/\/www.blogsoestado.com\/danielmatos\/?s={search_term_string}"},"query-input":{"@type":"PropertyValueSpecification","valueRequired":true,"valueName":"search_term_string"}}],"inLanguage":"pt-BR"}]}},"jetpack_featured_media_url":"","_links":{"self":[{"href":"https:\/\/www.blogsoestado.com\/danielmatos\/wp-json\/wp\/v2\/posts\/22231","targetHints":{"allow":["GET"]}}],"collection":[{"href":"https:\/\/www.blogsoestado.com\/danielmatos\/wp-json\/wp\/v2\/posts"}],"about":[{"href":"https:\/\/www.blogsoestado.com\/danielmatos\/wp-json\/wp\/v2\/types\/post"}],"replies":[{"embeddable":true,"href":"https:\/\/www.blogsoestado.com\/danielmatos\/wp-json\/wp\/v2\/comments?post=22231"}],"version-history":[{"count":0,"href":"https:\/\/www.blogsoestado.com\/danielmatos\/wp-json\/wp\/v2\/posts\/22231\/revisions"}],"wp:attachment":[{"href":"https:\/\/www.blogsoestado.com\/danielmatos\/wp-json\/wp\/v2\/media?parent=22231"}],"wp:term":[{"taxonomy":"category","embeddable":true,"href":"https:\/\/www.blogsoestado.com\/danielmatos\/wp-json\/wp\/v2\/categories?post=22231"},{"taxonomy":"post_tag","embeddable":true,"href":"https:\/\/www.blogsoestado.com\/danielmatos\/wp-json\/wp\/v2\/tags?post=22231"}],"curies":[{"name":"wp","href":"https:\/\/api.w.org\/{rel}","templated":true}]}}