{"id":22238,"date":"2015-02-25T06:57:03","date_gmt":"2015-02-25T09:57:03","guid":{"rendered":"https:\/\/www.blogsoestado.com\/danielmatos\/?p=22238"},"modified":"2015-02-25T06:57:03","modified_gmt":"2015-02-25T09:57:03","slug":"prefeito-josemar-empossa-novos-servidores-municipais-de-paco-do-lumiar","status":"publish","type":"post","link":"https:\/\/www.blogsoestado.com\/danielmatos\/prefeito-josemar-empossa-novos-servidores-municipais-de-paco-do-lumiar\/","title":{"rendered":"Prefeito Josemar empossa novos servidores municipais de Pa\u00e7o do Lumiar"},"content":{"rendered":"<figure id=\"attachment_22239\" aria-describedby=\"caption-attachment-22239\" style=\"width: 640px\" class=\"wp-caption aligncenter\"><a href=\"https:\/\/www.blogsoestado.com\/danielmatos\/files\/2015\/02\/josemar-empossa.jpg\"><img fetchpriority=\"high\" decoding=\"async\" class=\"size-full wp-image-22239\" src=\"https:\/\/www.blogsoestado.com\/danielmatos\/files\/2015\/02\/josemar-empossa.jpg\" alt=\"Prefeito josemaer empossou 181 novos servidores aprovados no concurso p\u00fablico municipal realizado em outubro\" width=\"640\" height=\"427\" \/><\/a><figcaption id=\"caption-attachment-22239\" class=\"wp-caption-text\">Prefeito Josemar empossou 181 novos servidores aprovados no concurso p\u00fablico municipal realizado em outubro<\/figcaption><\/figure>\n<p>O prefeito de Pa\u00e7o do Lumiar, professor Josemar Sobreiro (PR) empossou na tarde desta ter\u00e7a-feira (24), 181 novos servidores, referente \u00e0 primeira convoca\u00e7\u00e3o de aprovados no concurso p\u00fablico municipal realizado em outubro de 2014. A solenidade realizada no audit\u00f3rio da Unidade Integrada Ministro Henrique de La Roque, no Maiob\u00e3o, contou a presen\u00e7a da equipe de governo e vereadores.<\/p>\n<p>Os servidores ocupar\u00e3o cargos efetivos de n\u00edvel superior, m\u00e9dio e fundamental nas pastas da Educa\u00e7\u00e3o, Sa\u00fade e Desenvolvimento Social, e t\u00eam o prazo de at\u00e9 15 dias para se apresentarem nas respectivas secretarias.<\/p>\n<p>A pedagoga Diana R\u00e9gia, 33, agradeceu ao prefeito Josemar pela iniciativa da atual gest\u00e3o, com a efetiva\u00e7\u00e3o do concurso p\u00fablico para \u00e1reas importantes na Educa\u00e7\u00e3o. \u201c\u00c9 um compromisso que nos torna de fato valorizados e nos faz sentir conscientes do nosso dever perante a sociedade que necessita da nossa habilidade para o desenvolvimento educacional\u201d, disse.<\/p>\n<figure id=\"attachment_22240\" aria-describedby=\"caption-attachment-22240\" style=\"width: 448px\" class=\"wp-caption alignright\"><a href=\"https:\/\/www.blogsoestado.com\/danielmatos\/files\/2015\/02\/josemar-empossa2.jpg\"><img decoding=\"async\" class=\"size-full wp-image-22240\" src=\"https:\/\/www.blogsoestado.com\/danielmatos\/files\/2015\/02\/josemar-empossa2.jpg\" alt=\"Ao lado do prefeito Josemar, nova servidor exibe termo de posse\" width=\"448\" height=\"299\" \/><\/a><figcaption id=\"caption-attachment-22240\" class=\"wp-caption-text\">Ao lado do prefeito Josemar Sobreiro, nova servidor exibe termo de posse<\/figcaption><\/figure>\n<p>Durante o ato, o prefeito Josemar Sobreiro ressaltou a import\u00e2ncia do momento para os profissionais e para o servi\u00e7o p\u00fablico, uma vez que, o incremento dos recursos humanos tem por objetivo atender com mais efici\u00eancia a popula\u00e7\u00e3o luminense. \u201cQue n\u00f3s possamos ter servidores cientes de suas responsabilidades e, acima de tudo, comprometidos com a popula\u00e7\u00e3o de Pa\u00e7o do Lumiar, promovendo um atendimento cada vez mais humanizado em todos os segmentos\u201d, pontuou Sobreiro.<\/p>\n<p>De acordo com a odont\u00f3loga Adryanne Portilho, a convoca\u00e7\u00e3o dos aprovados em tempo h\u00e1bil mostrou a preocupa\u00e7\u00e3o da Prefeitura com os mun\u00edcipes, e o respeito para com os profissionais aprovados. \u201cFoi um concurso muito concorrido. Espero contribuir muito com o Pa\u00e7o do Lumiar\u201d, contou a servidora, que ressaltou ainda a inciativa do prefeito Josemar em garantir que bons profissionais trabalhem no seu munic\u00edpio.<\/p>\n<p>O concurso de Pa\u00e7o do Lumiar ofertou vagas para 69 cargos. A maior demanda do concurso est\u00e1 na \u00e1rea da Educa\u00e7\u00e3o, para professores especialistas em educa\u00e7\u00e3o infantil, ensino fundamental, e atendimento de pessoas com defici\u00eancia, e na Sa\u00fade, para agentes comunit\u00e1rios de sa\u00fade e de combate de endemias, especialidades m\u00e9dicas e enfermeiros.<\/p>\n","protected":false},"excerpt":{"rendered":"<p>O prefeito de Pa\u00e7o do Lumiar, professor Josemar Sobreiro (PR) empossou na tarde desta ter\u00e7a-feira (24), 181 novos servidores, referente [&hellip;]<\/p>\n","protected":false},"author":0,"featured_media":0,"comment_status":"open","ping_status":"open","sticky":false,"template":"","format":"standard","meta":{"site-sidebar-layout":"default","site-content-layout":"","ast-site-content-layout":"default","site-content-style":"default","site-sidebar-style":"default","ast-global-header-display":"","ast-banner-title-visibility":"","ast-main-header-display":"","ast-hfb-above-header-display":"","ast-hfb-below-header-display":"","ast-hfb-mobile-header-display":"","site-post-title":"","ast-breadcrumbs-content":"","ast-featured-img":"","footer-sml-layout":"","ast-disable-related-posts":"","theme-transparent-header-meta":"","adv-header-id-meta":"","stick-header-meta":"","header-above-stick-meta":"","header-main-stick-meta":"","header-below-stick-meta":"","astra-migrate-meta-layouts":"default","ast-page-background-enabled":"default","ast-page-background-meta":{"desktop":{"background-color":"var(--ast-global-color-5)","background-image":"","background-repeat":"repeat","background-position":"center center","background-size":"auto","background-attachment":"scroll","background-type":"","background-media":"","overlay-type":"","overlay-color":"","overlay-opacity":"","overlay-gradient":""},"tablet":{"background-color":"","background-image":"","background-repeat":"repeat","background-position":"center center","background-size":"auto","background-attachment":"scroll","background-type":"","background-media":"","overlay-type":"","overlay-color":"","overlay-opacity":"","overlay-gradient":""},"mobile":{"background-color":"","background-image":"","background-repeat":"repeat","background-position":"center center","background-size":"auto","background-attachment":"scroll","background-type":"","background-media":"","overlay-type":"","overlay-color":"","overlay-opacity":"","overlay-gradient":""}},"ast-content-background-meta":{"desktop":{"background-color":"var(--ast-global-color-4)","background-image":"","background-repeat":"repeat","background-position":"center center","background-size":"auto","background-attachment":"scroll","background-type":"","background-media":"","overlay-type":"","overlay-color":"","overlay-opacity":"","overlay-gradient":""},"tablet":{"background-color":"var(--ast-global-color-4)","background-image":"","background-repeat":"repeat","background-position":"center center","background-size":"auto","background-attachment":"scroll","background-type":"","background-media":"","overlay-type":"","overlay-color":"","overlay-opacity":"","overlay-gradient":""},"mobile":{"background-color":"var(--ast-global-color-4)","background-image":"","background-repeat":"repeat","background-position":"center center","background-size":"auto","background-attachment":"scroll","background-type":"","background-media":"","overlay-type":"","overlay-color":"","overlay-opacity":"","overlay-gradient":""}},"footnotes":""},"categories":[1],"tags":[],"class_list":["post-22238","post","type-post","status-publish","format-standard","hentry","category-sem-categoria"],"yoast_head":"<!-- This site is optimized with the Yoast SEO plugin v26.6 - https:\/\/yoast.com\/wordpress\/plugins\/seo\/ -->\n<title>Prefeito Josemar empossa novos servidores municipais de Pa\u00e7o do Lumiar - Daniel Matos<\/title>\n<meta name=\"robots\" content=\"index, follow, max-snippet:-1, max-image-preview:large, max-video-preview:-1\" \/>\n<link rel=\"canonical\" href=\"https:\/\/www.blogsoestado.com\/danielmatos\/prefeito-josemar-empossa-novos-servidores-municipais-de-paco-do-lumiar\/\" \/>\n<meta property=\"og:locale\" content=\"pt_BR\" \/>\n<meta property=\"og:type\" content=\"article\" \/>\n<meta property=\"og:title\" content=\"Prefeito Josemar empossa novos servidores municipais de Pa\u00e7o do Lumiar - Daniel Matos\" \/>\n<meta property=\"og:description\" content=\"O prefeito de Pa\u00e7o do Lumiar, professor Josemar Sobreiro (PR) empossou na tarde desta ter\u00e7a-feira (24), 181 novos servidores, referente [&hellip;]\" \/>\n<meta property=\"og:url\" content=\"https:\/\/www.blogsoestado.com\/danielmatos\/prefeito-josemar-empossa-novos-servidores-municipais-de-paco-do-lumiar\/\" \/>\n<meta property=\"og:site_name\" content=\"Daniel Matos\" \/>\n<meta property=\"article:published_time\" content=\"2015-02-25T09:57:03+00:00\" \/>\n<meta property=\"og:image\" content=\"https:\/\/www.blogsoestado.com\/danielmatos\/files\/2015\/02\/josemar-empossa.jpg\" \/>\n<meta name=\"twitter:card\" content=\"summary_large_image\" \/>\n<meta name=\"twitter:label1\" content=\"Est. tempo de leitura\" \/>\n\t<meta name=\"twitter:data1\" content=\"2 minutos\" \/>\n<script type=\"application\/ld+json\" class=\"yoast-schema-graph\">{\"@context\":\"https:\/\/schema.org\",\"@graph\":[{\"@type\":\"WebPage\",\"@id\":\"https:\/\/www.blogsoestado.com\/danielmatos\/prefeito-josemar-empossa-novos-servidores-municipais-de-paco-do-lumiar\/\",\"url\":\"https:\/\/www.blogsoestado.com\/danielmatos\/prefeito-josemar-empossa-novos-servidores-municipais-de-paco-do-lumiar\/\",\"name\":\"Prefeito Josemar empossa novos servidores municipais de Pa\u00e7o do Lumiar - Daniel Matos\",\"isPartOf\":{\"@id\":\"https:\/\/www.blogsoestado.com\/danielmatos\/#website\"},\"primaryImageOfPage\":{\"@id\":\"https:\/\/www.blogsoestado.com\/danielmatos\/prefeito-josemar-empossa-novos-servidores-municipais-de-paco-do-lumiar\/#primaryimage\"},\"image\":{\"@id\":\"https:\/\/www.blogsoestado.com\/danielmatos\/prefeito-josemar-empossa-novos-servidores-municipais-de-paco-do-lumiar\/#primaryimage\"},\"thumbnailUrl\":\"https:\/\/www.blogsoestado.com\/danielmatos\/files\/2015\/02\/josemar-empossa.jpg\",\"datePublished\":\"2015-02-25T09:57:03+00:00\",\"author\":{\"@id\":\"\"},\"breadcrumb\":{\"@id\":\"https:\/\/www.blogsoestado.com\/danielmatos\/prefeito-josemar-empossa-novos-servidores-municipais-de-paco-do-lumiar\/#breadcrumb\"},\"inLanguage\":\"pt-BR\",\"potentialAction\":[{\"@type\":\"ReadAction\",\"target\":[\"https:\/\/www.blogsoestado.com\/danielmatos\/prefeito-josemar-empossa-novos-servidores-municipais-de-paco-do-lumiar\/\"]}]},{\"@type\":\"ImageObject\",\"inLanguage\":\"pt-BR\",\"@id\":\"https:\/\/www.blogsoestado.com\/danielmatos\/prefeito-josemar-empossa-novos-servidores-municipais-de-paco-do-lumiar\/#primaryimage\",\"url\":\"https:\/\/www.blogsoestado.com\/danielmatos\/files\/2015\/02\/josemar-empossa.jpg\",\"contentUrl\":\"https:\/\/www.blogsoestado.com\/danielmatos\/files\/2015\/02\/josemar-empossa.jpg\"},{\"@type\":\"BreadcrumbList\",\"@id\":\"https:\/\/www.blogsoestado.com\/danielmatos\/prefeito-josemar-empossa-novos-servidores-municipais-de-paco-do-lumiar\/#breadcrumb\",\"itemListElement\":[{\"@type\":\"ListItem\",\"position\":1,\"name\":\"In\u00edcio\",\"item\":\"https:\/\/www.blogsoestado.com\/danielmatos\/\"},{\"@type\":\"ListItem\",\"position\":2,\"name\":\"Prefeito Josemar empossa novos servidores municipais de Pa\u00e7o do Lumiar\"}]},{\"@type\":\"WebSite\",\"@id\":\"https:\/\/www.blogsoestado.com\/danielmatos\/#website\",\"url\":\"https:\/\/www.blogsoestado.com\/danielmatos\/\",\"name\":\"Daniel Matos\",\"description\":\"\",\"potentialAction\":[{\"@type\":\"SearchAction\",\"target\":{\"@type\":\"EntryPoint\",\"urlTemplate\":\"https:\/\/www.blogsoestado.com\/danielmatos\/?s={search_term_string}\"},\"query-input\":{\"@type\":\"PropertyValueSpecification\",\"valueRequired\":true,\"valueName\":\"search_term_string\"}}],\"inLanguage\":\"pt-BR\"}]}<\/script>\n<!-- \/ Yoast SEO plugin. -->","yoast_head_json":{"title":"Prefeito Josemar empossa novos servidores municipais de Pa\u00e7o do Lumiar - Daniel Matos","robots":{"index":"index","follow":"follow","max-snippet":"max-snippet:-1","max-image-preview":"max-image-preview:large","max-video-preview":"max-video-preview:-1"},"canonical":"https:\/\/www.blogsoestado.com\/danielmatos\/prefeito-josemar-empossa-novos-servidores-municipais-de-paco-do-lumiar\/","og_locale":"pt_BR","og_type":"article","og_title":"Prefeito Josemar empossa novos servidores municipais de Pa\u00e7o do Lumiar - Daniel Matos","og_description":"O prefeito de Pa\u00e7o do Lumiar, professor Josemar Sobreiro (PR) empossou na tarde desta ter\u00e7a-feira (24), 181 novos servidores, referente [&hellip;]","og_url":"https:\/\/www.blogsoestado.com\/danielmatos\/prefeito-josemar-empossa-novos-servidores-municipais-de-paco-do-lumiar\/","og_site_name":"Daniel Matos","article_published_time":"2015-02-25T09:57:03+00:00","og_image":[{"url":"https:\/\/www.blogsoestado.com\/danielmatos\/files\/2015\/02\/josemar-empossa.jpg","type":"","width":"","height":""}],"twitter_card":"summary_large_image","twitter_misc":{"Est. tempo de leitura":"2 minutos"},"schema":{"@context":"https:\/\/schema.org","@graph":[{"@type":"WebPage","@id":"https:\/\/www.blogsoestado.com\/danielmatos\/prefeito-josemar-empossa-novos-servidores-municipais-de-paco-do-lumiar\/","url":"https:\/\/www.blogsoestado.com\/danielmatos\/prefeito-josemar-empossa-novos-servidores-municipais-de-paco-do-lumiar\/","name":"Prefeito Josemar empossa novos servidores municipais de Pa\u00e7o do Lumiar - Daniel Matos","isPartOf":{"@id":"https:\/\/www.blogsoestado.com\/danielmatos\/#website"},"primaryImageOfPage":{"@id":"https:\/\/www.blogsoestado.com\/danielmatos\/prefeito-josemar-empossa-novos-servidores-municipais-de-paco-do-lumiar\/#primaryimage"},"image":{"@id":"https:\/\/www.blogsoestado.com\/danielmatos\/prefeito-josemar-empossa-novos-servidores-municipais-de-paco-do-lumiar\/#primaryimage"},"thumbnailUrl":"https:\/\/www.blogsoestado.com\/danielmatos\/files\/2015\/02\/josemar-empossa.jpg","datePublished":"2015-02-25T09:57:03+00:00","author":{"@id":""},"breadcrumb":{"@id":"https:\/\/www.blogsoestado.com\/danielmatos\/prefeito-josemar-empossa-novos-servidores-municipais-de-paco-do-lumiar\/#breadcrumb"},"inLanguage":"pt-BR","potentialAction":[{"@type":"ReadAction","target":["https:\/\/www.blogsoestado.com\/danielmatos\/prefeito-josemar-empossa-novos-servidores-municipais-de-paco-do-lumiar\/"]}]},{"@type":"ImageObject","inLanguage":"pt-BR","@id":"https:\/\/www.blogsoestado.com\/danielmatos\/prefeito-josemar-empossa-novos-servidores-municipais-de-paco-do-lumiar\/#primaryimage","url":"https:\/\/www.blogsoestado.com\/danielmatos\/files\/2015\/02\/josemar-empossa.jpg","contentUrl":"https:\/\/www.blogsoestado.com\/danielmatos\/files\/2015\/02\/josemar-empossa.jpg"},{"@type":"BreadcrumbList","@id":"https:\/\/www.blogsoestado.com\/danielmatos\/prefeito-josemar-empossa-novos-servidores-municipais-de-paco-do-lumiar\/#breadcrumb","itemListElement":[{"@type":"ListItem","position":1,"name":"In\u00edcio","item":"https:\/\/www.blogsoestado.com\/danielmatos\/"},{"@type":"ListItem","position":2,"name":"Prefeito Josemar empossa novos servidores municipais de Pa\u00e7o do Lumiar"}]},{"@type":"WebSite","@id":"https:\/\/www.blogsoestado.com\/danielmatos\/#website","url":"https:\/\/www.blogsoestado.com\/danielmatos\/","name":"Daniel Matos","description":"","potentialAction":[{"@type":"SearchAction","target":{"@type":"EntryPoint","urlTemplate":"https:\/\/www.blogsoestado.com\/danielmatos\/?s={search_term_string}"},"query-input":{"@type":"PropertyValueSpecification","valueRequired":true,"valueName":"search_term_string"}}],"inLanguage":"pt-BR"}]}},"jetpack_featured_media_url":"","_links":{"self":[{"href":"https:\/\/www.blogsoestado.com\/danielmatos\/wp-json\/wp\/v2\/posts\/22238","targetHints":{"allow":["GET"]}}],"collection":[{"href":"https:\/\/www.blogsoestado.com\/danielmatos\/wp-json\/wp\/v2\/posts"}],"about":[{"href":"https:\/\/www.blogsoestado.com\/danielmatos\/wp-json\/wp\/v2\/types\/post"}],"replies":[{"embeddable":true,"href":"https:\/\/www.blogsoestado.com\/danielmatos\/wp-json\/wp\/v2\/comments?post=22238"}],"version-history":[{"count":0,"href":"https:\/\/www.blogsoestado.com\/danielmatos\/wp-json\/wp\/v2\/posts\/22238\/revisions"}],"wp:attachment":[{"href":"https:\/\/www.blogsoestado.com\/danielmatos\/wp-json\/wp\/v2\/media?parent=22238"}],"wp:term":[{"taxonomy":"category","embeddable":true,"href":"https:\/\/www.blogsoestado.com\/danielmatos\/wp-json\/wp\/v2\/categories?post=22238"},{"taxonomy":"post_tag","embeddable":true,"href":"https:\/\/www.blogsoestado.com\/danielmatos\/wp-json\/wp\/v2\/tags?post=22238"}],"curies":[{"name":"wp","href":"https:\/\/api.w.org\/{rel}","templated":true}]}}