{"id":22243,"date":"2015-02-26T08:17:46","date_gmt":"2015-02-26T11:17:46","guid":{"rendered":"https:\/\/www.blogsoestado.com\/danielmatos\/?p=22243"},"modified":"2015-02-26T08:17:46","modified_gmt":"2015-02-26T11:17:46","slug":"jornalista-ribamar-correa-ex-diretor-de-o-estado-estreia-coluna-eletronica","status":"publish","type":"post","link":"https:\/\/www.blogsoestado.com\/danielmatos\/jornalista-ribamar-correa-ex-diretor-de-o-estado-estreia-coluna-eletronica\/","title":{"rendered":"Jornalista Ribamar Corr\u00eaa, ex-diretor de O Estado, estreia coluna eletr\u00f4nica"},"content":{"rendered":"<p><a href=\"https:\/\/www.blogsoestado.com\/danielmatos\/files\/2015\/02\/reporter-tempo.jpg\"><img fetchpriority=\"high\" decoding=\"async\" class=\"aligncenter size-full wp-image-22244\" src=\"https:\/\/www.blogsoestado.com\/danielmatos\/files\/2015\/02\/reporter-tempo.jpg\" alt=\"reporter tempo\" width=\"640\" height=\"472\" \/><\/a><\/p>\n<p>O jornalista Ribamar Corr\u00eaa, ex-diretor de Reda\u00e7\u00e3o do jornal <a href=\"http:\/\/www.oestadoma.com.br\" target=\"_blank\">O Estado do Maranh\u00e3o<\/a>, estreou a coluna <a href=\"http:\/\/reportertempo.com.br\/\" target=\"_blank\">&#8220;Rep\u00f3rter Tempo&#8221;<\/a>, que marca o seu ingresso no ambiente das m\u00eddias digitais. O conte\u00fado do site versa sobre pol\u00edtica, \u00e1rea do jornalismo em que o experiente profissional se especializou ao longo da sua vitoriosa carreira.<\/p>\n<p>A proposta de Corr\u00eaa \u00e9 renovar a coluna a cada 24 horas com\u00a0an\u00e1lises, informa\u00e7\u00f5es de bastidores e outros assuntos relacionados ao poder em todas as esferas.<\/p>\n<p>Segundo o jornalista, <a href=\"http:\/\/reportertempo.com.br\/\" target=\"_blank\">&#8220;Rep\u00f3rter Tempo&#8221;<\/a>\u00a0n\u00e3o \u00e9 exatamente um blog, mas sim uma coluna de jornal publicada na internet,\u00a0com a marca da precis\u00e3o e da credibilidade, que sempre o pautaram em mais de tr\u00eas d\u00e9cadas de of\u00edcio.\u00a0Indiscutivelmente, jornalismo em ess\u00eancia e do mais alto n\u00edvel.<\/p>\n<p>Um dos seus disc\u00edpulos e admiradores, o autor deste blog deseja sucesso e desde j\u00e1 declara-se leitor ass\u00edduo e parceiro da coluna.<\/p>\n","protected":false},"excerpt":{"rendered":"<p>O jornalista Ribamar Corr\u00eaa, ex-diretor de Reda\u00e7\u00e3o do jornal O Estado do Maranh\u00e3o, estreou a coluna &#8220;Rep\u00f3rter Tempo&#8221;, que marca [&hellip;]<\/p>\n","protected":false},"author":0,"featured_media":0,"comment_status":"open","ping_status":"open","sticky":false,"template":"","format":"standard","meta":{"site-sidebar-layout":"default","site-content-layout":"","ast-site-content-layout":"default","site-content-style":"default","site-sidebar-style":"default","ast-global-header-display":"","ast-banner-title-visibility":"","ast-main-header-display":"","ast-hfb-above-header-display":"","ast-hfb-below-header-display":"","ast-hfb-mobile-header-display":"","site-post-title":"","ast-breadcrumbs-content":"","ast-featured-img":"","footer-sml-layout":"","ast-disable-related-posts":"","theme-transparent-header-meta":"","adv-header-id-meta":"","stick-header-meta":"","header-above-stick-meta":"","header-main-stick-meta":"","header-below-stick-meta":"","astra-migrate-meta-layouts":"default","ast-page-background-enabled":"default","ast-page-background-meta":{"desktop":{"background-color":"var(--ast-global-color-5)","background-image":"","background-repeat":"repeat","background-position":"center center","background-size":"auto","background-attachment":"scroll","background-type":"","background-media":"","overlay-type":"","overlay-color":"","overlay-opacity":"","overlay-gradient":""},"tablet":{"background-color":"","background-image":"","background-repeat":"repeat","background-position":"center center","background-size":"auto","background-attachment":"scroll","background-type":"","background-media":"","overlay-type":"","overlay-color":"","overlay-opacity":"","overlay-gradient":""},"mobile":{"background-color":"","background-image":"","background-repeat":"repeat","background-position":"center center","background-size":"auto","background-attachment":"scroll","background-type":"","background-media":"","overlay-type":"","overlay-color":"","overlay-opacity":"","overlay-gradient":""}},"ast-content-background-meta":{"desktop":{"background-color":"var(--ast-global-color-4)","background-image":"","background-repeat":"repeat","background-position":"center center","background-size":"auto","background-attachment":"scroll","background-type":"","background-media":"","overlay-type":"","overlay-color":"","overlay-opacity":"","overlay-gradient":""},"tablet":{"background-color":"var(--ast-global-color-4)","background-image":"","background-repeat":"repeat","background-position":"center center","background-size":"auto","background-attachment":"scroll","background-type":"","background-media":"","overlay-type":"","overlay-color":"","overlay-opacity":"","overlay-gradient":""},"mobile":{"background-color":"var(--ast-global-color-4)","background-image":"","background-repeat":"repeat","background-position":"center center","background-size":"auto","background-attachment":"scroll","background-type":"","background-media":"","overlay-type":"","overlay-color":"","overlay-opacity":"","overlay-gradient":""}},"footnotes":""},"categories":[1],"tags":[],"class_list":["post-22243","post","type-post","status-publish","format-standard","hentry","category-sem-categoria"],"yoast_head":"<!-- This site is optimized with the Yoast SEO plugin v26.6 - https:\/\/yoast.com\/wordpress\/plugins\/seo\/ -->\n<title>Jornalista Ribamar Corr\u00eaa, ex-diretor de O Estado, estreia coluna eletr\u00f4nica - Daniel Matos<\/title>\n<meta name=\"robots\" content=\"index, follow, max-snippet:-1, max-image-preview:large, max-video-preview:-1\" \/>\n<link rel=\"canonical\" href=\"https:\/\/www.blogsoestado.com\/danielmatos\/jornalista-ribamar-correa-ex-diretor-de-o-estado-estreia-coluna-eletronica\/\" \/>\n<meta property=\"og:locale\" content=\"pt_BR\" \/>\n<meta property=\"og:type\" content=\"article\" \/>\n<meta property=\"og:title\" content=\"Jornalista Ribamar Corr\u00eaa, ex-diretor de O Estado, estreia coluna eletr\u00f4nica - Daniel Matos\" \/>\n<meta property=\"og:description\" content=\"O jornalista Ribamar Corr\u00eaa, ex-diretor de Reda\u00e7\u00e3o do jornal O Estado do Maranh\u00e3o, estreou a coluna &#8220;Rep\u00f3rter Tempo&#8221;, que marca [&hellip;]\" \/>\n<meta property=\"og:url\" content=\"https:\/\/www.blogsoestado.com\/danielmatos\/jornalista-ribamar-correa-ex-diretor-de-o-estado-estreia-coluna-eletronica\/\" \/>\n<meta property=\"og:site_name\" content=\"Daniel Matos\" \/>\n<meta property=\"article:published_time\" content=\"2015-02-26T11:17:46+00:00\" \/>\n<meta property=\"og:image\" content=\"https:\/\/www.blogsoestado.com\/danielmatos\/files\/2015\/02\/reporter-tempo.jpg\" \/>\n<meta name=\"twitter:card\" content=\"summary_large_image\" \/>\n<meta name=\"twitter:label1\" content=\"Est. tempo de leitura\" \/>\n\t<meta name=\"twitter:data1\" content=\"1 minuto\" \/>\n<script type=\"application\/ld+json\" class=\"yoast-schema-graph\">{\"@context\":\"https:\/\/schema.org\",\"@graph\":[{\"@type\":\"WebPage\",\"@id\":\"https:\/\/www.blogsoestado.com\/danielmatos\/jornalista-ribamar-correa-ex-diretor-de-o-estado-estreia-coluna-eletronica\/\",\"url\":\"https:\/\/www.blogsoestado.com\/danielmatos\/jornalista-ribamar-correa-ex-diretor-de-o-estado-estreia-coluna-eletronica\/\",\"name\":\"Jornalista Ribamar Corr\u00eaa, ex-diretor de O Estado, estreia coluna eletr\u00f4nica - Daniel Matos\",\"isPartOf\":{\"@id\":\"https:\/\/www.blogsoestado.com\/danielmatos\/#website\"},\"primaryImageOfPage\":{\"@id\":\"https:\/\/www.blogsoestado.com\/danielmatos\/jornalista-ribamar-correa-ex-diretor-de-o-estado-estreia-coluna-eletronica\/#primaryimage\"},\"image\":{\"@id\":\"https:\/\/www.blogsoestado.com\/danielmatos\/jornalista-ribamar-correa-ex-diretor-de-o-estado-estreia-coluna-eletronica\/#primaryimage\"},\"thumbnailUrl\":\"https:\/\/www.blogsoestado.com\/danielmatos\/files\/2015\/02\/reporter-tempo.jpg\",\"datePublished\":\"2015-02-26T11:17:46+00:00\",\"author\":{\"@id\":\"\"},\"breadcrumb\":{\"@id\":\"https:\/\/www.blogsoestado.com\/danielmatos\/jornalista-ribamar-correa-ex-diretor-de-o-estado-estreia-coluna-eletronica\/#breadcrumb\"},\"inLanguage\":\"pt-BR\",\"potentialAction\":[{\"@type\":\"ReadAction\",\"target\":[\"https:\/\/www.blogsoestado.com\/danielmatos\/jornalista-ribamar-correa-ex-diretor-de-o-estado-estreia-coluna-eletronica\/\"]}]},{\"@type\":\"ImageObject\",\"inLanguage\":\"pt-BR\",\"@id\":\"https:\/\/www.blogsoestado.com\/danielmatos\/jornalista-ribamar-correa-ex-diretor-de-o-estado-estreia-coluna-eletronica\/#primaryimage\",\"url\":\"https:\/\/www.blogsoestado.com\/danielmatos\/files\/2015\/02\/reporter-tempo.jpg\",\"contentUrl\":\"https:\/\/www.blogsoestado.com\/danielmatos\/files\/2015\/02\/reporter-tempo.jpg\"},{\"@type\":\"BreadcrumbList\",\"@id\":\"https:\/\/www.blogsoestado.com\/danielmatos\/jornalista-ribamar-correa-ex-diretor-de-o-estado-estreia-coluna-eletronica\/#breadcrumb\",\"itemListElement\":[{\"@type\":\"ListItem\",\"position\":1,\"name\":\"In\u00edcio\",\"item\":\"https:\/\/www.blogsoestado.com\/danielmatos\/\"},{\"@type\":\"ListItem\",\"position\":2,\"name\":\"Jornalista Ribamar Corr\u00eaa, ex-diretor de O Estado, estreia coluna eletr\u00f4nica\"}]},{\"@type\":\"WebSite\",\"@id\":\"https:\/\/www.blogsoestado.com\/danielmatos\/#website\",\"url\":\"https:\/\/www.blogsoestado.com\/danielmatos\/\",\"name\":\"Daniel Matos\",\"description\":\"\",\"potentialAction\":[{\"@type\":\"SearchAction\",\"target\":{\"@type\":\"EntryPoint\",\"urlTemplate\":\"https:\/\/www.blogsoestado.com\/danielmatos\/?s={search_term_string}\"},\"query-input\":{\"@type\":\"PropertyValueSpecification\",\"valueRequired\":true,\"valueName\":\"search_term_string\"}}],\"inLanguage\":\"pt-BR\"}]}<\/script>\n<!-- \/ Yoast SEO plugin. -->","yoast_head_json":{"title":"Jornalista Ribamar Corr\u00eaa, ex-diretor de O Estado, estreia coluna eletr\u00f4nica - Daniel Matos","robots":{"index":"index","follow":"follow","max-snippet":"max-snippet:-1","max-image-preview":"max-image-preview:large","max-video-preview":"max-video-preview:-1"},"canonical":"https:\/\/www.blogsoestado.com\/danielmatos\/jornalista-ribamar-correa-ex-diretor-de-o-estado-estreia-coluna-eletronica\/","og_locale":"pt_BR","og_type":"article","og_title":"Jornalista Ribamar Corr\u00eaa, ex-diretor de O Estado, estreia coluna eletr\u00f4nica - Daniel Matos","og_description":"O jornalista Ribamar Corr\u00eaa, ex-diretor de Reda\u00e7\u00e3o do jornal O Estado do Maranh\u00e3o, estreou a coluna &#8220;Rep\u00f3rter Tempo&#8221;, que marca [&hellip;]","og_url":"https:\/\/www.blogsoestado.com\/danielmatos\/jornalista-ribamar-correa-ex-diretor-de-o-estado-estreia-coluna-eletronica\/","og_site_name":"Daniel Matos","article_published_time":"2015-02-26T11:17:46+00:00","og_image":[{"url":"https:\/\/www.blogsoestado.com\/danielmatos\/files\/2015\/02\/reporter-tempo.jpg","type":"","width":"","height":""}],"twitter_card":"summary_large_image","twitter_misc":{"Est. tempo de leitura":"1 minuto"},"schema":{"@context":"https:\/\/schema.org","@graph":[{"@type":"WebPage","@id":"https:\/\/www.blogsoestado.com\/danielmatos\/jornalista-ribamar-correa-ex-diretor-de-o-estado-estreia-coluna-eletronica\/","url":"https:\/\/www.blogsoestado.com\/danielmatos\/jornalista-ribamar-correa-ex-diretor-de-o-estado-estreia-coluna-eletronica\/","name":"Jornalista Ribamar Corr\u00eaa, ex-diretor de O Estado, estreia coluna eletr\u00f4nica - Daniel Matos","isPartOf":{"@id":"https:\/\/www.blogsoestado.com\/danielmatos\/#website"},"primaryImageOfPage":{"@id":"https:\/\/www.blogsoestado.com\/danielmatos\/jornalista-ribamar-correa-ex-diretor-de-o-estado-estreia-coluna-eletronica\/#primaryimage"},"image":{"@id":"https:\/\/www.blogsoestado.com\/danielmatos\/jornalista-ribamar-correa-ex-diretor-de-o-estado-estreia-coluna-eletronica\/#primaryimage"},"thumbnailUrl":"https:\/\/www.blogsoestado.com\/danielmatos\/files\/2015\/02\/reporter-tempo.jpg","datePublished":"2015-02-26T11:17:46+00:00","author":{"@id":""},"breadcrumb":{"@id":"https:\/\/www.blogsoestado.com\/danielmatos\/jornalista-ribamar-correa-ex-diretor-de-o-estado-estreia-coluna-eletronica\/#breadcrumb"},"inLanguage":"pt-BR","potentialAction":[{"@type":"ReadAction","target":["https:\/\/www.blogsoestado.com\/danielmatos\/jornalista-ribamar-correa-ex-diretor-de-o-estado-estreia-coluna-eletronica\/"]}]},{"@type":"ImageObject","inLanguage":"pt-BR","@id":"https:\/\/www.blogsoestado.com\/danielmatos\/jornalista-ribamar-correa-ex-diretor-de-o-estado-estreia-coluna-eletronica\/#primaryimage","url":"https:\/\/www.blogsoestado.com\/danielmatos\/files\/2015\/02\/reporter-tempo.jpg","contentUrl":"https:\/\/www.blogsoestado.com\/danielmatos\/files\/2015\/02\/reporter-tempo.jpg"},{"@type":"BreadcrumbList","@id":"https:\/\/www.blogsoestado.com\/danielmatos\/jornalista-ribamar-correa-ex-diretor-de-o-estado-estreia-coluna-eletronica\/#breadcrumb","itemListElement":[{"@type":"ListItem","position":1,"name":"In\u00edcio","item":"https:\/\/www.blogsoestado.com\/danielmatos\/"},{"@type":"ListItem","position":2,"name":"Jornalista Ribamar Corr\u00eaa, ex-diretor de O Estado, estreia coluna eletr\u00f4nica"}]},{"@type":"WebSite","@id":"https:\/\/www.blogsoestado.com\/danielmatos\/#website","url":"https:\/\/www.blogsoestado.com\/danielmatos\/","name":"Daniel Matos","description":"","potentialAction":[{"@type":"SearchAction","target":{"@type":"EntryPoint","urlTemplate":"https:\/\/www.blogsoestado.com\/danielmatos\/?s={search_term_string}"},"query-input":{"@type":"PropertyValueSpecification","valueRequired":true,"valueName":"search_term_string"}}],"inLanguage":"pt-BR"}]}},"jetpack_featured_media_url":"","_links":{"self":[{"href":"https:\/\/www.blogsoestado.com\/danielmatos\/wp-json\/wp\/v2\/posts\/22243","targetHints":{"allow":["GET"]}}],"collection":[{"href":"https:\/\/www.blogsoestado.com\/danielmatos\/wp-json\/wp\/v2\/posts"}],"about":[{"href":"https:\/\/www.blogsoestado.com\/danielmatos\/wp-json\/wp\/v2\/types\/post"}],"replies":[{"embeddable":true,"href":"https:\/\/www.blogsoestado.com\/danielmatos\/wp-json\/wp\/v2\/comments?post=22243"}],"version-history":[{"count":0,"href":"https:\/\/www.blogsoestado.com\/danielmatos\/wp-json\/wp\/v2\/posts\/22243\/revisions"}],"wp:attachment":[{"href":"https:\/\/www.blogsoestado.com\/danielmatos\/wp-json\/wp\/v2\/media?parent=22243"}],"wp:term":[{"taxonomy":"category","embeddable":true,"href":"https:\/\/www.blogsoestado.com\/danielmatos\/wp-json\/wp\/v2\/categories?post=22243"},{"taxonomy":"post_tag","embeddable":true,"href":"https:\/\/www.blogsoestado.com\/danielmatos\/wp-json\/wp\/v2\/tags?post=22243"}],"curies":[{"name":"wp","href":"https:\/\/api.w.org\/{rel}","templated":true}]}}