{"id":22247,"date":"2015-02-26T08:30:45","date_gmt":"2015-02-26T11:30:45","guid":{"rendered":"https:\/\/www.blogsoestado.com\/danielmatos\/?p=22247"},"modified":"2015-02-26T08:30:45","modified_gmt":"2015-02-26T11:30:45","slug":"guerreiro-junior-e-eleito-presidente-do-tre-ma","status":"publish","type":"post","link":"https:\/\/www.blogsoestado.com\/danielmatos\/guerreiro-junior-e-eleito-presidente-do-tre-ma\/","title":{"rendered":"Guerreiro J\u00fanior \u00e9 eleito presidente do TRE-MA"},"content":{"rendered":"<figure id=\"attachment_22248\" aria-describedby=\"caption-attachment-22248\" style=\"width: 312px\" class=\"wp-caption alignright\"><a href=\"https:\/\/www.blogsoestado.com\/danielmatos\/files\/2015\/02\/guerreiro-tre.jpg\"><img fetchpriority=\"high\" decoding=\"async\" class=\"size-full wp-image-22248\" src=\"https:\/\/www.blogsoestado.com\/danielmatos\/files\/2015\/02\/guerreiro-tre.jpg\" alt=\"Guerreiro J\u00fanior faz juramento ao assumir presid\u00eancia do TRE\" width=\"312\" height=\"448\" \/><\/a><figcaption id=\"caption-attachment-22248\" class=\"wp-caption-text\">Guerreiro faz juramento ao assumir presid\u00eancia do TRE<\/figcaption><\/figure>\n<p>Os desembargadores Guerreiro J\u00fanior e Lourival Serejo foram aclamados nesta quarta-feira, 25 de fevereiro, presidente e corregedor do Tribunal Regional Eleitoral do Maranh\u00e3o, respectivamente, ap\u00f3s Serejo tomar posse como membro efetivo.<\/p>\n<p>A sauda\u00e7\u00e3o de boas vindas aos novos dirigentes foi realizada pelo desembargador Eduardo Moreira. \u201cA simpatia, simplicidade, lealdade e honradez do desembargador Guerreiro J\u00fanior justificam sua escolha como presidente e quanto \u00e0 do desembargador Lourival Serejo, usarei trechos da obra liter\u00e1ria \u2018Do alto da Matriz\u2019, de sua autoria, para fazer analogia \u00e0 trajet\u00f3ria dele como magistrado. Liter\u00e1rio, jurista, magistrado vianense, brasileiro. \u00c9 ele que a Corte recebe nesta tarde, com louvor, para cumprir seus direitos constitucionais \u00e0 frente da Corregedoria\u201d.<\/p>\n<p>Em seu discurso de posse, honrado e feliz, Guerreiro J\u00fanior agradeceu aos cumprimentos e aproveitou para reiterar seu compromisso com a Justi\u00e7a Eleitoral. \u201cNo per\u00edodo em que passarei na presid\u00eancia desta Corte, agirei com o olhar atento para o mundo pol\u00edtico que se renova e para os esfor\u00e7os que a gest\u00e3o deste Tribunal exige\u201d, afirmou.<\/p>\n<p>J\u00e1 o desembargador Lourival Serejo reafirmou seus compromissos com a democracia e com os cidad\u00e3os brasileiros. \u201cTomo posse neste Tribunal pela segunda vez com a certeza que cumprirei minha miss\u00e3o, respeitando os mesmos postulados que sempre orientaram minha carreira, com \u00e9tica e aplica\u00e7\u00e3o rigorosa da lei\u201d, registrou.<\/p>\n<p>O desembargador Lourival Serejo foi eleito membro efetivo do TRE em 17 de dezembro do ano passado, durante sess\u00e3o administrativa do Tribunal de Justi\u00e7a. Ele assume a vaga do desembargador Jos\u00e9 de Ribamar Froz Sobrinho, que encerrou seu bi\u00eanio nesta data.<\/p>\n<p>Desembargadores, ju\u00edzes, promotores, deputados estaduais, advogados, servidores, amigos dos eleitos e a imprensa prestigiaram os eventos que ocorreram no audit\u00f3rio Ernani Santos do TRE-MA.<\/p>\n<p><strong>Livro<\/strong><\/p>\n<p>Ap\u00f3s a cerim\u00f4nia de posse, o desembargador Lourival Serejo autografou o livro \u00c9tica e Magistratura, que faz parte do extenso acervo do desembargador que ocupa a Cadeira n\u00ba 35 da Academia Maranhense de Letras, \u00e9 membro fundador da Academia Maranhense de Letras Jur\u00eddicas, da Academia Imperatrizense de Letras e da Academia Vianense de Letras.<\/p>\n<p><strong>Curr\u00edculos<\/strong><\/p>\n<p>Antonio Pacheco Guerreiro J\u00fanior nasceu em S\u00e3o Lu\u00eds, onde concluiu sua forma\u00e7\u00e3o acad\u00eamica. Foi auxiliar de escrit\u00f3rio do Tribunal de Justi\u00e7a; diretor da Corregedoria Geral da Justi\u00e7a; escriv\u00e3o dos feitos da Fazenda P\u00fablica na capital e juiz aprovado em concurso p\u00fablico. Exerceu a magistratura junto \u00e0s comarcas de Guimar\u00e3es, Cururupu, Cedral, Pinheiro, Turia\u00e7u, C\u00e2ndido Mendes, Itapecuru-Mirim, Vargem Grande, Chapadinha, Bacabal, Lago da Pedra, S\u00e3o Mateus, S\u00e3o Lu\u00eds Gonzaga, Olho D\u2019\u00c1gua das Cunh\u00e3s, Vitorino Freire, Paulo Ramos, Altamira do Maranh\u00e3o, Pio XII e S\u00e3o Lu\u00eds. Fora da Justi\u00e7a, exerceu o cargo de presidente da Cooperativa dos Profissionais Aut\u00f4nomos do Maranh\u00e3o, vice-presidente da Cooperativa de Livros dos Universit\u00e1rios, participando ativamente de todas as lutas pelo melhoramento do ensino superior. Possui especializa\u00e7\u00e3o em Direito Constitucional, Administrativo, Civil, Processual Civil, Tribut\u00e1rio e Financeiro. Recebeu comendas de grande vulto na \u00e1rea jur\u00eddica, como as medalhas do M\u00e9rito Judici\u00e1rio e Bento Moreira Lima, bem como os t\u00edtulos de cidadania dos munic\u00edpios de Itapecuru e Bacabal. Foi condecorado ainda com a Medalha Sim\u00e3o Est\u00e1cio da Silveira, concedida pela C\u00e2mara Municipal de S\u00e3o Lu\u00eds. Desde 1998 ocupa o cargo de desembargador do Tribunal de Justi\u00e7a do Maranh\u00e3o, onde, no bi\u00eanio de 2011-2013, exerceu o cargo de presidente do TJMA.<\/p>\n<p>Lourival de Jesus Serejo Sousa nasceu no munic\u00edpio de Viana (MA), formado em Direito pela Faculdade de Direito do Cear\u00e1, especialista em Direito P\u00fablico e em Direito Processual Civil. Antes de ingressar na magistratura, Lourival Serejo foi advogado e promotor de justi\u00e7a. Como magistrado, serviu nas comarcas de Arari, Brejo, Imperatriz e S\u00e3o Lu\u00eds. Na capital, foi diretor da Escola Superior da Magistratura do Estado do Maranh\u00e3o (ESMAM), juiz auditor da Justi\u00e7a Militar, membro do Tribunal Regional Eleitoral do Maranh\u00e3o e ouvidor do Tribunal de Justi\u00e7a do Maranh\u00e3o. Entre as obras publicadas est\u00e3o: na literatura &#8211; O Pres\u00e9pio Queimado, Rua do Porto, O Baile de S\u00e3o Gon\u00e7alo, Do Alto da Matriz, Na Casa de Ant\u00f4nio Lobo, Da Aldeia de Maracu \u00e0 Vila de Viana, Entre Viana e Viena e Pescador de Mem\u00f3rias; Na \u00e1rea jur\u00eddica &#8211; Contribui\u00e7\u00f5es ao Estudo do Direito; Direito Constitucional da Fam\u00edlia; Provas Il\u00edcitas no Direito de Fam\u00edlia; A Fam\u00edlia Partida ao Meio; Forma\u00e7\u00e3o do Juiz: anota\u00e7\u00f5es de uma experi\u00eancia; Coment\u00e1rios ao C\u00f3digo de \u00c9tica da Magistratura Nacional e Os Novos Di\u00e1logos do Direito de Fam\u00edlia.<\/p>\n<p><strong>Fonte:<\/strong> Tribunal Regional Eleitoral do Maranh\u00e3o (TRE-MA)<\/p>\n","protected":false},"excerpt":{"rendered":"<p>Os desembargadores Guerreiro J\u00fanior e Lourival Serejo foram aclamados nesta quarta-feira, 25 de fevereiro, presidente e corregedor do Tribunal Regional [&hellip;]<\/p>\n","protected":false},"author":0,"featured_media":0,"comment_status":"open","ping_status":"open","sticky":false,"template":"","format":"standard","meta":{"site-sidebar-layout":"default","site-content-layout":"","ast-site-content-layout":"default","site-content-style":"default","site-sidebar-style":"default","ast-global-header-display":"","ast-banner-title-visibility":"","ast-main-header-display":"","ast-hfb-above-header-display":"","ast-hfb-below-header-display":"","ast-hfb-mobile-header-display":"","site-post-title":"","ast-breadcrumbs-content":"","ast-featured-img":"","footer-sml-layout":"","ast-disable-related-posts":"","theme-transparent-header-meta":"","adv-header-id-meta":"","stick-header-meta":"","header-above-stick-meta":"","header-main-stick-meta":"","header-below-stick-meta":"","astra-migrate-meta-layouts":"default","ast-page-background-enabled":"default","ast-page-background-meta":{"desktop":{"background-color":"var(--ast-global-color-5)","background-image":"","background-repeat":"repeat","background-position":"center center","background-size":"auto","background-attachment":"scroll","background-type":"","background-media":"","overlay-type":"","overlay-color":"","overlay-opacity":"","overlay-gradient":""},"tablet":{"background-color":"","background-image":"","background-repeat":"repeat","background-position":"center center","background-size":"auto","background-attachment":"scroll","background-type":"","background-media":"","overlay-type":"","overlay-color":"","overlay-opacity":"","overlay-gradient":""},"mobile":{"background-color":"","background-image":"","background-repeat":"repeat","background-position":"center center","background-size":"auto","background-attachment":"scroll","background-type":"","background-media":"","overlay-type":"","overlay-color":"","overlay-opacity":"","overlay-gradient":""}},"ast-content-background-meta":{"desktop":{"background-color":"var(--ast-global-color-4)","background-image":"","background-repeat":"repeat","background-position":"center center","background-size":"auto","background-attachment":"scroll","background-type":"","background-media":"","overlay-type":"","overlay-color":"","overlay-opacity":"","overlay-gradient":""},"tablet":{"background-color":"var(--ast-global-color-4)","background-image":"","background-repeat":"repeat","background-position":"center center","background-size":"auto","background-attachment":"scroll","background-type":"","background-media":"","overlay-type":"","overlay-color":"","overlay-opacity":"","overlay-gradient":""},"mobile":{"background-color":"var(--ast-global-color-4)","background-image":"","background-repeat":"repeat","background-position":"center center","background-size":"auto","background-attachment":"scroll","background-type":"","background-media":"","overlay-type":"","overlay-color":"","overlay-opacity":"","overlay-gradient":""}},"footnotes":""},"categories":[1],"tags":[],"class_list":["post-22247","post","type-post","status-publish","format-standard","hentry","category-sem-categoria"],"yoast_head":"<!-- This site is optimized with the Yoast SEO plugin v26.6 - https:\/\/yoast.com\/wordpress\/plugins\/seo\/ -->\n<title>Guerreiro J\u00fanior \u00e9 eleito presidente do TRE-MA - Daniel Matos<\/title>\n<meta name=\"robots\" content=\"index, follow, max-snippet:-1, max-image-preview:large, max-video-preview:-1\" \/>\n<link rel=\"canonical\" href=\"https:\/\/www.blogsoestado.com\/danielmatos\/guerreiro-junior-e-eleito-presidente-do-tre-ma\/\" \/>\n<meta property=\"og:locale\" content=\"pt_BR\" \/>\n<meta property=\"og:type\" content=\"article\" \/>\n<meta property=\"og:title\" content=\"Guerreiro J\u00fanior \u00e9 eleito presidente do TRE-MA - Daniel Matos\" \/>\n<meta property=\"og:description\" content=\"Os desembargadores Guerreiro J\u00fanior e Lourival Serejo foram aclamados nesta quarta-feira, 25 de fevereiro, presidente e corregedor do Tribunal Regional [&hellip;]\" \/>\n<meta property=\"og:url\" content=\"https:\/\/www.blogsoestado.com\/danielmatos\/guerreiro-junior-e-eleito-presidente-do-tre-ma\/\" \/>\n<meta property=\"og:site_name\" content=\"Daniel Matos\" \/>\n<meta property=\"article:published_time\" content=\"2015-02-26T11:30:45+00:00\" \/>\n<meta property=\"og:image\" content=\"https:\/\/www.blogsoestado.com\/danielmatos\/files\/2015\/02\/guerreiro-tre.jpg\" \/>\n<meta name=\"twitter:card\" content=\"summary_large_image\" \/>\n<meta name=\"twitter:label1\" content=\"Est. tempo de leitura\" \/>\n\t<meta name=\"twitter:data1\" content=\"4 minutos\" \/>\n<script type=\"application\/ld+json\" class=\"yoast-schema-graph\">{\"@context\":\"https:\/\/schema.org\",\"@graph\":[{\"@type\":\"WebPage\",\"@id\":\"https:\/\/www.blogsoestado.com\/danielmatos\/guerreiro-junior-e-eleito-presidente-do-tre-ma\/\",\"url\":\"https:\/\/www.blogsoestado.com\/danielmatos\/guerreiro-junior-e-eleito-presidente-do-tre-ma\/\",\"name\":\"Guerreiro J\u00fanior \u00e9 eleito presidente do TRE-MA - Daniel Matos\",\"isPartOf\":{\"@id\":\"https:\/\/www.blogsoestado.com\/danielmatos\/#website\"},\"primaryImageOfPage\":{\"@id\":\"https:\/\/www.blogsoestado.com\/danielmatos\/guerreiro-junior-e-eleito-presidente-do-tre-ma\/#primaryimage\"},\"image\":{\"@id\":\"https:\/\/www.blogsoestado.com\/danielmatos\/guerreiro-junior-e-eleito-presidente-do-tre-ma\/#primaryimage\"},\"thumbnailUrl\":\"https:\/\/www.blogsoestado.com\/danielmatos\/files\/2015\/02\/guerreiro-tre.jpg\",\"datePublished\":\"2015-02-26T11:30:45+00:00\",\"author\":{\"@id\":\"\"},\"breadcrumb\":{\"@id\":\"https:\/\/www.blogsoestado.com\/danielmatos\/guerreiro-junior-e-eleito-presidente-do-tre-ma\/#breadcrumb\"},\"inLanguage\":\"pt-BR\",\"potentialAction\":[{\"@type\":\"ReadAction\",\"target\":[\"https:\/\/www.blogsoestado.com\/danielmatos\/guerreiro-junior-e-eleito-presidente-do-tre-ma\/\"]}]},{\"@type\":\"ImageObject\",\"inLanguage\":\"pt-BR\",\"@id\":\"https:\/\/www.blogsoestado.com\/danielmatos\/guerreiro-junior-e-eleito-presidente-do-tre-ma\/#primaryimage\",\"url\":\"https:\/\/www.blogsoestado.com\/danielmatos\/files\/2015\/02\/guerreiro-tre.jpg\",\"contentUrl\":\"https:\/\/www.blogsoestado.com\/danielmatos\/files\/2015\/02\/guerreiro-tre.jpg\"},{\"@type\":\"BreadcrumbList\",\"@id\":\"https:\/\/www.blogsoestado.com\/danielmatos\/guerreiro-junior-e-eleito-presidente-do-tre-ma\/#breadcrumb\",\"itemListElement\":[{\"@type\":\"ListItem\",\"position\":1,\"name\":\"In\u00edcio\",\"item\":\"https:\/\/www.blogsoestado.com\/danielmatos\/\"},{\"@type\":\"ListItem\",\"position\":2,\"name\":\"Guerreiro J\u00fanior \u00e9 eleito presidente do TRE-MA\"}]},{\"@type\":\"WebSite\",\"@id\":\"https:\/\/www.blogsoestado.com\/danielmatos\/#website\",\"url\":\"https:\/\/www.blogsoestado.com\/danielmatos\/\",\"name\":\"Daniel Matos\",\"description\":\"\",\"potentialAction\":[{\"@type\":\"SearchAction\",\"target\":{\"@type\":\"EntryPoint\",\"urlTemplate\":\"https:\/\/www.blogsoestado.com\/danielmatos\/?s={search_term_string}\"},\"query-input\":{\"@type\":\"PropertyValueSpecification\",\"valueRequired\":true,\"valueName\":\"search_term_string\"}}],\"inLanguage\":\"pt-BR\"}]}<\/script>\n<!-- \/ Yoast SEO plugin. -->","yoast_head_json":{"title":"Guerreiro J\u00fanior \u00e9 eleito presidente do TRE-MA - Daniel Matos","robots":{"index":"index","follow":"follow","max-snippet":"max-snippet:-1","max-image-preview":"max-image-preview:large","max-video-preview":"max-video-preview:-1"},"canonical":"https:\/\/www.blogsoestado.com\/danielmatos\/guerreiro-junior-e-eleito-presidente-do-tre-ma\/","og_locale":"pt_BR","og_type":"article","og_title":"Guerreiro J\u00fanior \u00e9 eleito presidente do TRE-MA - Daniel Matos","og_description":"Os desembargadores Guerreiro J\u00fanior e Lourival Serejo foram aclamados nesta quarta-feira, 25 de fevereiro, presidente e corregedor do Tribunal Regional [&hellip;]","og_url":"https:\/\/www.blogsoestado.com\/danielmatos\/guerreiro-junior-e-eleito-presidente-do-tre-ma\/","og_site_name":"Daniel Matos","article_published_time":"2015-02-26T11:30:45+00:00","og_image":[{"url":"https:\/\/www.blogsoestado.com\/danielmatos\/files\/2015\/02\/guerreiro-tre.jpg","type":"","width":"","height":""}],"twitter_card":"summary_large_image","twitter_misc":{"Est. tempo de leitura":"4 minutos"},"schema":{"@context":"https:\/\/schema.org","@graph":[{"@type":"WebPage","@id":"https:\/\/www.blogsoestado.com\/danielmatos\/guerreiro-junior-e-eleito-presidente-do-tre-ma\/","url":"https:\/\/www.blogsoestado.com\/danielmatos\/guerreiro-junior-e-eleito-presidente-do-tre-ma\/","name":"Guerreiro J\u00fanior \u00e9 eleito presidente do TRE-MA - Daniel Matos","isPartOf":{"@id":"https:\/\/www.blogsoestado.com\/danielmatos\/#website"},"primaryImageOfPage":{"@id":"https:\/\/www.blogsoestado.com\/danielmatos\/guerreiro-junior-e-eleito-presidente-do-tre-ma\/#primaryimage"},"image":{"@id":"https:\/\/www.blogsoestado.com\/danielmatos\/guerreiro-junior-e-eleito-presidente-do-tre-ma\/#primaryimage"},"thumbnailUrl":"https:\/\/www.blogsoestado.com\/danielmatos\/files\/2015\/02\/guerreiro-tre.jpg","datePublished":"2015-02-26T11:30:45+00:00","author":{"@id":""},"breadcrumb":{"@id":"https:\/\/www.blogsoestado.com\/danielmatos\/guerreiro-junior-e-eleito-presidente-do-tre-ma\/#breadcrumb"},"inLanguage":"pt-BR","potentialAction":[{"@type":"ReadAction","target":["https:\/\/www.blogsoestado.com\/danielmatos\/guerreiro-junior-e-eleito-presidente-do-tre-ma\/"]}]},{"@type":"ImageObject","inLanguage":"pt-BR","@id":"https:\/\/www.blogsoestado.com\/danielmatos\/guerreiro-junior-e-eleito-presidente-do-tre-ma\/#primaryimage","url":"https:\/\/www.blogsoestado.com\/danielmatos\/files\/2015\/02\/guerreiro-tre.jpg","contentUrl":"https:\/\/www.blogsoestado.com\/danielmatos\/files\/2015\/02\/guerreiro-tre.jpg"},{"@type":"BreadcrumbList","@id":"https:\/\/www.blogsoestado.com\/danielmatos\/guerreiro-junior-e-eleito-presidente-do-tre-ma\/#breadcrumb","itemListElement":[{"@type":"ListItem","position":1,"name":"In\u00edcio","item":"https:\/\/www.blogsoestado.com\/danielmatos\/"},{"@type":"ListItem","position":2,"name":"Guerreiro J\u00fanior \u00e9 eleito presidente do TRE-MA"}]},{"@type":"WebSite","@id":"https:\/\/www.blogsoestado.com\/danielmatos\/#website","url":"https:\/\/www.blogsoestado.com\/danielmatos\/","name":"Daniel Matos","description":"","potentialAction":[{"@type":"SearchAction","target":{"@type":"EntryPoint","urlTemplate":"https:\/\/www.blogsoestado.com\/danielmatos\/?s={search_term_string}"},"query-input":{"@type":"PropertyValueSpecification","valueRequired":true,"valueName":"search_term_string"}}],"inLanguage":"pt-BR"}]}},"jetpack_featured_media_url":"","_links":{"self":[{"href":"https:\/\/www.blogsoestado.com\/danielmatos\/wp-json\/wp\/v2\/posts\/22247","targetHints":{"allow":["GET"]}}],"collection":[{"href":"https:\/\/www.blogsoestado.com\/danielmatos\/wp-json\/wp\/v2\/posts"}],"about":[{"href":"https:\/\/www.blogsoestado.com\/danielmatos\/wp-json\/wp\/v2\/types\/post"}],"replies":[{"embeddable":true,"href":"https:\/\/www.blogsoestado.com\/danielmatos\/wp-json\/wp\/v2\/comments?post=22247"}],"version-history":[{"count":0,"href":"https:\/\/www.blogsoestado.com\/danielmatos\/wp-json\/wp\/v2\/posts\/22247\/revisions"}],"wp:attachment":[{"href":"https:\/\/www.blogsoestado.com\/danielmatos\/wp-json\/wp\/v2\/media?parent=22247"}],"wp:term":[{"taxonomy":"category","embeddable":true,"href":"https:\/\/www.blogsoestado.com\/danielmatos\/wp-json\/wp\/v2\/categories?post=22247"},{"taxonomy":"post_tag","embeddable":true,"href":"https:\/\/www.blogsoestado.com\/danielmatos\/wp-json\/wp\/v2\/tags?post=22247"}],"curies":[{"name":"wp","href":"https:\/\/api.w.org\/{rel}","templated":true}]}}