{"id":22250,"date":"2015-02-26T08:57:26","date_gmt":"2015-02-26T11:57:26","guid":{"rendered":"https:\/\/www.blogsoestado.com\/danielmatos\/?p=22250"},"modified":"2015-02-26T08:57:26","modified_gmt":"2015-02-26T11:57:26","slug":"deputado-ze-inacio-defende-construcao-de-ponte-sobre-o-rio-pericuma","status":"publish","type":"post","link":"https:\/\/www.blogsoestado.com\/danielmatos\/deputado-ze-inacio-defende-construcao-de-ponte-sobre-o-rio-pericuma\/","title":{"rendered":"Deputado Z\u00e9 In\u00e1cio defende constru\u00e7\u00e3o de ponte sobre o rio Pericum\u00e3"},"content":{"rendered":"<figure id=\"attachment_22251\" aria-describedby=\"caption-attachment-22251\" style=\"width: 640px\" class=\"wp-caption aligncenter\"><a href=\"https:\/\/www.blogsoestado.com\/danielmatos\/files\/2015\/02\/inacio-ponte.jpg\"><img fetchpriority=\"high\" decoding=\"async\" class=\"size-full wp-image-22251\" src=\"https:\/\/www.blogsoestado.com\/danielmatos\/files\/2015\/02\/inacio-ponte.jpg\" alt=\"Deputado Z\u00e9 In\u00e1cio acompanhou prefeitos Jos\u00e9 Martins e Amaury Almeida em vistoria \u00e0 margem do rio Pericum\u00e3\" width=\"640\" height=\"480\" \/><\/a><figcaption id=\"caption-attachment-22251\" class=\"wp-caption-text\">Deputado Z\u00e9 In\u00e1cio acompanhou prefeitos Jos\u00e9 Martins e Amaury Almeida em vistoria \u00e0 margem do rio Pericum\u00e3<\/figcaption><\/figure>\n<p>O\u00a0deputado estadual Z\u00e9 In\u00e1cio (PT) ocupou a tribuna na sess\u00e3o de ontem da Assembleia Legislativa para relatar que na manh\u00e3 da \u00faltima ter\u00e7a-feira (24) participou da vistoria que foi realizada \u00e0\u00a0margem do rio Pericum\u00e3, que liga o munic\u00edpio de Bequim\u00e3o \u00e0 Central do Maranh\u00e3o.<\/p>\n<p>O parlamentar esteve acompanhado dos prefeitos dos munic\u00edpios de Bequim\u00e3o, Jos\u00e9 Martins,\u00a0e\u00a0de Mirinzal, Amaury Almeida, e de t\u00e9cnicos da empresa Progen, contratada pela Secretaria de Infraestrutura para realiza\u00e7\u00e3o da obra.<\/p>\n<p>\u201cA popula\u00e7\u00e3o de 10 munic\u00edpios da regi\u00e3o da Baixada espera h\u00e1 40 anos pela constru\u00e7\u00e3o da ponte sobre o rio Pericum\u00e3, que deve melhorar o acesso entre a\u00a0capital maranhense e\u00a0os munic\u00edpios de Bequim\u00e3o, Central do Maranh\u00e3o, Mirinzal, Guimar\u00e3es, Cedral, Cururupu, Porto Rico, Serrano do Maranh\u00e3o, Bacuri e Apicum-A\u00e7u\u201d, salientou\u00a0o deputado.<\/p>\n<p><strong>Projeto <\/strong><\/p>\n<p>O projeto da constru\u00e7\u00e3o da ponte sobre o rio Pericum\u00e3 faz parte da plataforma do mandato do deputado, que \u00e9 natural da cidade de Bequim\u00e3o e conhece muito bem a realidade da Baixada. Com a constru\u00e7\u00e3o da ponte de Bequim\u00e3o para Central do Maranh\u00e3o, a dist\u00e2ncia ser\u00e1 diminu\u00edda para 32 quil\u00f4metros\u00a0apenas, at\u00e9 chegar \u00e0 MA-106, que d\u00e1 acesso ao Cujupe, 100 quil\u00f4metros a menos de dist\u00e2ncia.<\/p>\n<p>\u201cColoca-se agora nas m\u00e3os do governador Fl\u00e1vio Dino a execu\u00e7\u00e3o desse importante projeto, que \u00e9 a ponte sobre o rio Pericum\u00e3, ligando Bequim\u00e3o a Central do Maranh\u00e3o. E quero fazer o registro do reconhecimento do governo Fl\u00e1vio Dino da import\u00e2ncia desse projeto, inclusive informando tamb\u00e9m aqui que o secret\u00e1rio de Infraestrutura, Clayton Noleto, j\u00e1 assinou a ordem de servi\u00e7o que garante a realiza\u00e7\u00e3o do projeto t\u00e9cnico, que apontar\u00e1\u00a0o custo dessa importante obra\u201d, anunciou, na\u00a0tribuna, o parlamentar.<\/p>\n<p>Para o prefeito de Bequim\u00e3o, Jos\u00e9 Martins, a estrada e a ponte reacender\u00e3o o com\u00e9rcio do munic\u00edpio, trazendo gera\u00e7\u00e3o de emprego e renda. \u201cA continuidade desse projeto trar\u00e1 o progresso \u00e0\u00a0nossa cidade, ap\u00f3s\u00a040 anos de atraso\u201d, destacou o gestor municipal.<\/p>\n<p>J\u00e1 o prefeito de Mirinzal, Amaury Almeida, que tamb\u00e9m \u00e9 o presidente do Cons\u00f3rcio Conguar\u00e1s, acredita que as obras beneficiar\u00e3o todos os moradores daquela regi\u00e3o, melhorando o escoamento da produ\u00e7\u00e3o local e reduzindo consideravelmente a dist\u00e2ncia entre os munic\u00edpios circunvizinhos.<\/p>\n<p>Os prefeitos que comp\u00f5em o Conguar\u00e1s (Z\u00e9 Martins, Benedito Barros, Amaury Almeida, Nilce Farias, Fernando Cuba, Rosa Braga, J\u00fanior Franco, Don\u00e1ria Rodrigues, Jos\u00e9 Baldu\u00edno e Cl\u00e1udio Cunha), de forma articulada, est\u00e3o usando as m\u00e1quinas do PAC\u00a0(ca\u00e7ambas, retroescavadeira\u00a0e\u00a0patrol) com o objetivo de garantir o acesso ao leito do rio Pericum\u00e3 pelas duas margens (Bequim\u00e3o e Central do Maranh\u00e3o).<\/p>\n<p>\u201cOs prefeitos est\u00e3o, de forma consorciada, usando as m\u00e1quinas do PAC para garantir o acesso que permitiu, inclusive, que a\u00a0equipe da empresa contratada pelo Governo do Estado para elaborar o projeto t\u00e9cnico da ponte, pudesse ter acesso de carro tra\u00e7ado \u00e0\u00a0margem do rio. Eu tive a oportunidade de acompanhar a equipe que, daqui a mais ou menos uns tr\u00eas ou quatro meses\u00a0concluir\u00e1\u00a0o projeto da ponte sobre o rio Pericum\u00e3\u201d, detalhou\u00a0Z\u00e9 In\u00e1cio.<\/p>\n<p><strong>Ponte<\/strong><\/p>\n<p>A constru\u00e7\u00e3o da ponte sobre o Rio Pericum\u00e3 foi idealizada nos anos 70 pelo ent\u00e3o governador do Estado do Maranh\u00e3o Ant\u00f4nio Dino. Ele\u00a0ainda chegou a\u00a0construir a estrada que ligava a margem do Rio Pericum\u00e3, do lado do munic\u00edpio Bequim\u00e3o e do outro lado de Central do Maranh\u00e3o, at\u00e9 a sede de Mirinzal.<\/p>\n<p>Na \u00e9poca, grande parte da popula\u00e7\u00e3o do litoral ocidental maranhense se\u00a0deslocava\u00a0pelo rio Pericum\u00e3. Com a constru\u00e7\u00e3o da estrada de Central a Pinheiro, o sonho da ponte sobre o rio Pericum\u00e3 caiu no esquecimento.<\/p>\n","protected":false},"excerpt":{"rendered":"<p>O\u00a0deputado estadual Z\u00e9 In\u00e1cio (PT) ocupou a tribuna na sess\u00e3o de ontem da Assembleia Legislativa para relatar que na manh\u00e3 [&hellip;]<\/p>\n","protected":false},"author":0,"featured_media":0,"comment_status":"open","ping_status":"open","sticky":false,"template":"","format":"standard","meta":{"site-sidebar-layout":"default","site-content-layout":"","ast-site-content-layout":"default","site-content-style":"default","site-sidebar-style":"default","ast-global-header-display":"","ast-banner-title-visibility":"","ast-main-header-display":"","ast-hfb-above-header-display":"","ast-hfb-below-header-display":"","ast-hfb-mobile-header-display":"","site-post-title":"","ast-breadcrumbs-content":"","ast-featured-img":"","footer-sml-layout":"","ast-disable-related-posts":"","theme-transparent-header-meta":"","adv-header-id-meta":"","stick-header-meta":"","header-above-stick-meta":"","header-main-stick-meta":"","header-below-stick-meta":"","astra-migrate-meta-layouts":"default","ast-page-background-enabled":"default","ast-page-background-meta":{"desktop":{"background-color":"var(--ast-global-color-5)","background-image":"","background-repeat":"repeat","background-position":"center center","background-size":"auto","background-attachment":"scroll","background-type":"","background-media":"","overlay-type":"","overlay-color":"","overlay-opacity":"","overlay-gradient":""},"tablet":{"background-color":"","background-image":"","background-repeat":"repeat","background-position":"center center","background-size":"auto","background-attachment":"scroll","background-type":"","background-media":"","overlay-type":"","overlay-color":"","overlay-opacity":"","overlay-gradient":""},"mobile":{"background-color":"","background-image":"","background-repeat":"repeat","background-position":"center center","background-size":"auto","background-attachment":"scroll","background-type":"","background-media":"","overlay-type":"","overlay-color":"","overlay-opacity":"","overlay-gradient":""}},"ast-content-background-meta":{"desktop":{"background-color":"var(--ast-global-color-4)","background-image":"","background-repeat":"repeat","background-position":"center center","background-size":"auto","background-attachment":"scroll","background-type":"","background-media":"","overlay-type":"","overlay-color":"","overlay-opacity":"","overlay-gradient":""},"tablet":{"background-color":"var(--ast-global-color-4)","background-image":"","background-repeat":"repeat","background-position":"center center","background-size":"auto","background-attachment":"scroll","background-type":"","background-media":"","overlay-type":"","overlay-color":"","overlay-opacity":"","overlay-gradient":""},"mobile":{"background-color":"var(--ast-global-color-4)","background-image":"","background-repeat":"repeat","background-position":"center center","background-size":"auto","background-attachment":"scroll","background-type":"","background-media":"","overlay-type":"","overlay-color":"","overlay-opacity":"","overlay-gradient":""}},"footnotes":""},"categories":[1],"tags":[],"class_list":["post-22250","post","type-post","status-publish","format-standard","hentry","category-sem-categoria"],"yoast_head":"<!-- This site is optimized with the Yoast SEO plugin v26.6 - https:\/\/yoast.com\/wordpress\/plugins\/seo\/ -->\n<title>Deputado Z\u00e9 In\u00e1cio defende constru\u00e7\u00e3o de ponte sobre o rio Pericum\u00e3 - Daniel Matos<\/title>\n<meta name=\"robots\" content=\"index, follow, max-snippet:-1, max-image-preview:large, max-video-preview:-1\" \/>\n<link rel=\"canonical\" href=\"https:\/\/www.blogsoestado.com\/danielmatos\/deputado-ze-inacio-defende-construcao-de-ponte-sobre-o-rio-pericuma\/\" \/>\n<meta property=\"og:locale\" content=\"pt_BR\" \/>\n<meta property=\"og:type\" content=\"article\" \/>\n<meta property=\"og:title\" content=\"Deputado Z\u00e9 In\u00e1cio defende constru\u00e7\u00e3o de ponte sobre o rio Pericum\u00e3 - Daniel Matos\" \/>\n<meta property=\"og:description\" content=\"O\u00a0deputado estadual Z\u00e9 In\u00e1cio (PT) ocupou a tribuna na sess\u00e3o de ontem da Assembleia Legislativa para relatar que na manh\u00e3 [&hellip;]\" \/>\n<meta property=\"og:url\" content=\"https:\/\/www.blogsoestado.com\/danielmatos\/deputado-ze-inacio-defende-construcao-de-ponte-sobre-o-rio-pericuma\/\" \/>\n<meta property=\"og:site_name\" content=\"Daniel Matos\" \/>\n<meta property=\"article:published_time\" content=\"2015-02-26T11:57:26+00:00\" \/>\n<meta property=\"og:image\" content=\"https:\/\/www.blogsoestado.com\/danielmatos\/files\/2015\/02\/inacio-ponte.jpg\" \/>\n<meta name=\"twitter:card\" content=\"summary_large_image\" \/>\n<meta name=\"twitter:label1\" content=\"Est. tempo de leitura\" \/>\n\t<meta name=\"twitter:data1\" content=\"3 minutos\" \/>\n<script type=\"application\/ld+json\" class=\"yoast-schema-graph\">{\"@context\":\"https:\/\/schema.org\",\"@graph\":[{\"@type\":\"WebPage\",\"@id\":\"https:\/\/www.blogsoestado.com\/danielmatos\/deputado-ze-inacio-defende-construcao-de-ponte-sobre-o-rio-pericuma\/\",\"url\":\"https:\/\/www.blogsoestado.com\/danielmatos\/deputado-ze-inacio-defende-construcao-de-ponte-sobre-o-rio-pericuma\/\",\"name\":\"Deputado Z\u00e9 In\u00e1cio defende constru\u00e7\u00e3o de ponte sobre o rio Pericum\u00e3 - Daniel Matos\",\"isPartOf\":{\"@id\":\"https:\/\/www.blogsoestado.com\/danielmatos\/#website\"},\"primaryImageOfPage\":{\"@id\":\"https:\/\/www.blogsoestado.com\/danielmatos\/deputado-ze-inacio-defende-construcao-de-ponte-sobre-o-rio-pericuma\/#primaryimage\"},\"image\":{\"@id\":\"https:\/\/www.blogsoestado.com\/danielmatos\/deputado-ze-inacio-defende-construcao-de-ponte-sobre-o-rio-pericuma\/#primaryimage\"},\"thumbnailUrl\":\"https:\/\/www.blogsoestado.com\/danielmatos\/files\/2015\/02\/inacio-ponte.jpg\",\"datePublished\":\"2015-02-26T11:57:26+00:00\",\"author\":{\"@id\":\"\"},\"breadcrumb\":{\"@id\":\"https:\/\/www.blogsoestado.com\/danielmatos\/deputado-ze-inacio-defende-construcao-de-ponte-sobre-o-rio-pericuma\/#breadcrumb\"},\"inLanguage\":\"pt-BR\",\"potentialAction\":[{\"@type\":\"ReadAction\",\"target\":[\"https:\/\/www.blogsoestado.com\/danielmatos\/deputado-ze-inacio-defende-construcao-de-ponte-sobre-o-rio-pericuma\/\"]}]},{\"@type\":\"ImageObject\",\"inLanguage\":\"pt-BR\",\"@id\":\"https:\/\/www.blogsoestado.com\/danielmatos\/deputado-ze-inacio-defende-construcao-de-ponte-sobre-o-rio-pericuma\/#primaryimage\",\"url\":\"https:\/\/www.blogsoestado.com\/danielmatos\/files\/2015\/02\/inacio-ponte.jpg\",\"contentUrl\":\"https:\/\/www.blogsoestado.com\/danielmatos\/files\/2015\/02\/inacio-ponte.jpg\"},{\"@type\":\"BreadcrumbList\",\"@id\":\"https:\/\/www.blogsoestado.com\/danielmatos\/deputado-ze-inacio-defende-construcao-de-ponte-sobre-o-rio-pericuma\/#breadcrumb\",\"itemListElement\":[{\"@type\":\"ListItem\",\"position\":1,\"name\":\"In\u00edcio\",\"item\":\"https:\/\/www.blogsoestado.com\/danielmatos\/\"},{\"@type\":\"ListItem\",\"position\":2,\"name\":\"Deputado Z\u00e9 In\u00e1cio defende constru\u00e7\u00e3o de ponte sobre o rio Pericum\u00e3\"}]},{\"@type\":\"WebSite\",\"@id\":\"https:\/\/www.blogsoestado.com\/danielmatos\/#website\",\"url\":\"https:\/\/www.blogsoestado.com\/danielmatos\/\",\"name\":\"Daniel Matos\",\"description\":\"\",\"potentialAction\":[{\"@type\":\"SearchAction\",\"target\":{\"@type\":\"EntryPoint\",\"urlTemplate\":\"https:\/\/www.blogsoestado.com\/danielmatos\/?s={search_term_string}\"},\"query-input\":{\"@type\":\"PropertyValueSpecification\",\"valueRequired\":true,\"valueName\":\"search_term_string\"}}],\"inLanguage\":\"pt-BR\"}]}<\/script>\n<!-- \/ Yoast SEO plugin. -->","yoast_head_json":{"title":"Deputado Z\u00e9 In\u00e1cio defende constru\u00e7\u00e3o de ponte sobre o rio Pericum\u00e3 - Daniel Matos","robots":{"index":"index","follow":"follow","max-snippet":"max-snippet:-1","max-image-preview":"max-image-preview:large","max-video-preview":"max-video-preview:-1"},"canonical":"https:\/\/www.blogsoestado.com\/danielmatos\/deputado-ze-inacio-defende-construcao-de-ponte-sobre-o-rio-pericuma\/","og_locale":"pt_BR","og_type":"article","og_title":"Deputado Z\u00e9 In\u00e1cio defende constru\u00e7\u00e3o de ponte sobre o rio Pericum\u00e3 - Daniel Matos","og_description":"O\u00a0deputado estadual Z\u00e9 In\u00e1cio (PT) ocupou a tribuna na sess\u00e3o de ontem da Assembleia Legislativa para relatar que na manh\u00e3 [&hellip;]","og_url":"https:\/\/www.blogsoestado.com\/danielmatos\/deputado-ze-inacio-defende-construcao-de-ponte-sobre-o-rio-pericuma\/","og_site_name":"Daniel Matos","article_published_time":"2015-02-26T11:57:26+00:00","og_image":[{"url":"https:\/\/www.blogsoestado.com\/danielmatos\/files\/2015\/02\/inacio-ponte.jpg","type":"","width":"","height":""}],"twitter_card":"summary_large_image","twitter_misc":{"Est. tempo de leitura":"3 minutos"},"schema":{"@context":"https:\/\/schema.org","@graph":[{"@type":"WebPage","@id":"https:\/\/www.blogsoestado.com\/danielmatos\/deputado-ze-inacio-defende-construcao-de-ponte-sobre-o-rio-pericuma\/","url":"https:\/\/www.blogsoestado.com\/danielmatos\/deputado-ze-inacio-defende-construcao-de-ponte-sobre-o-rio-pericuma\/","name":"Deputado Z\u00e9 In\u00e1cio defende constru\u00e7\u00e3o de ponte sobre o rio Pericum\u00e3 - Daniel Matos","isPartOf":{"@id":"https:\/\/www.blogsoestado.com\/danielmatos\/#website"},"primaryImageOfPage":{"@id":"https:\/\/www.blogsoestado.com\/danielmatos\/deputado-ze-inacio-defende-construcao-de-ponte-sobre-o-rio-pericuma\/#primaryimage"},"image":{"@id":"https:\/\/www.blogsoestado.com\/danielmatos\/deputado-ze-inacio-defende-construcao-de-ponte-sobre-o-rio-pericuma\/#primaryimage"},"thumbnailUrl":"https:\/\/www.blogsoestado.com\/danielmatos\/files\/2015\/02\/inacio-ponte.jpg","datePublished":"2015-02-26T11:57:26+00:00","author":{"@id":""},"breadcrumb":{"@id":"https:\/\/www.blogsoestado.com\/danielmatos\/deputado-ze-inacio-defende-construcao-de-ponte-sobre-o-rio-pericuma\/#breadcrumb"},"inLanguage":"pt-BR","potentialAction":[{"@type":"ReadAction","target":["https:\/\/www.blogsoestado.com\/danielmatos\/deputado-ze-inacio-defende-construcao-de-ponte-sobre-o-rio-pericuma\/"]}]},{"@type":"ImageObject","inLanguage":"pt-BR","@id":"https:\/\/www.blogsoestado.com\/danielmatos\/deputado-ze-inacio-defende-construcao-de-ponte-sobre-o-rio-pericuma\/#primaryimage","url":"https:\/\/www.blogsoestado.com\/danielmatos\/files\/2015\/02\/inacio-ponte.jpg","contentUrl":"https:\/\/www.blogsoestado.com\/danielmatos\/files\/2015\/02\/inacio-ponte.jpg"},{"@type":"BreadcrumbList","@id":"https:\/\/www.blogsoestado.com\/danielmatos\/deputado-ze-inacio-defende-construcao-de-ponte-sobre-o-rio-pericuma\/#breadcrumb","itemListElement":[{"@type":"ListItem","position":1,"name":"In\u00edcio","item":"https:\/\/www.blogsoestado.com\/danielmatos\/"},{"@type":"ListItem","position":2,"name":"Deputado Z\u00e9 In\u00e1cio defende constru\u00e7\u00e3o de ponte sobre o rio Pericum\u00e3"}]},{"@type":"WebSite","@id":"https:\/\/www.blogsoestado.com\/danielmatos\/#website","url":"https:\/\/www.blogsoestado.com\/danielmatos\/","name":"Daniel Matos","description":"","potentialAction":[{"@type":"SearchAction","target":{"@type":"EntryPoint","urlTemplate":"https:\/\/www.blogsoestado.com\/danielmatos\/?s={search_term_string}"},"query-input":{"@type":"PropertyValueSpecification","valueRequired":true,"valueName":"search_term_string"}}],"inLanguage":"pt-BR"}]}},"jetpack_featured_media_url":"","_links":{"self":[{"href":"https:\/\/www.blogsoestado.com\/danielmatos\/wp-json\/wp\/v2\/posts\/22250","targetHints":{"allow":["GET"]}}],"collection":[{"href":"https:\/\/www.blogsoestado.com\/danielmatos\/wp-json\/wp\/v2\/posts"}],"about":[{"href":"https:\/\/www.blogsoestado.com\/danielmatos\/wp-json\/wp\/v2\/types\/post"}],"replies":[{"embeddable":true,"href":"https:\/\/www.blogsoestado.com\/danielmatos\/wp-json\/wp\/v2\/comments?post=22250"}],"version-history":[{"count":0,"href":"https:\/\/www.blogsoestado.com\/danielmatos\/wp-json\/wp\/v2\/posts\/22250\/revisions"}],"wp:attachment":[{"href":"https:\/\/www.blogsoestado.com\/danielmatos\/wp-json\/wp\/v2\/media?parent=22250"}],"wp:term":[{"taxonomy":"category","embeddable":true,"href":"https:\/\/www.blogsoestado.com\/danielmatos\/wp-json\/wp\/v2\/categories?post=22250"},{"taxonomy":"post_tag","embeddable":true,"href":"https:\/\/www.blogsoestado.com\/danielmatos\/wp-json\/wp\/v2\/tags?post=22250"}],"curies":[{"name":"wp","href":"https:\/\/api.w.org\/{rel}","templated":true}]}}