{"id":22253,"date":"2015-02-26T09:08:08","date_gmt":"2015-02-26T12:08:08","guid":{"rendered":"https:\/\/www.blogsoestado.com\/danielmatos\/?p=22253"},"modified":"2015-02-26T09:08:08","modified_gmt":"2015-02-26T12:08:08","slug":"deputado-adriano-sarney-apresenta-propostas-de-trabalho","status":"publish","type":"post","link":"https:\/\/www.blogsoestado.com\/danielmatos\/deputado-adriano-sarney-apresenta-propostas-de-trabalho\/","title":{"rendered":"Deputado Adriano Sarney apresenta propostas de trabalho"},"content":{"rendered":"<figure id=\"attachment_22254\" aria-describedby=\"caption-attachment-22254\" style=\"width: 640px\" class=\"wp-caption aligncenter\"><a href=\"https:\/\/www.blogsoestado.com\/danielmatos\/files\/2015\/02\/adriano-tribuna.jpg\"><img fetchpriority=\"high\" decoding=\"async\" class=\"size-full wp-image-22254\" src=\"https:\/\/www.blogsoestado.com\/danielmatos\/files\/2015\/02\/adriano-tribuna.jpg\" alt=\"Adriano Sarney ocupou a tribuna para apresentar as suas ideias e metas como parlamentar e a sua percep\u00e7\u00e3o do papel da Assembleia Legislativa na sociedade\" width=\"640\" height=\"342\" \/><\/a><figcaption id=\"caption-attachment-22254\" class=\"wp-caption-text\">Adriano Sarney ocupou a tribuna para apresentar suas ideias e metas como parlamentar e sua percep\u00e7\u00e3o do papel da Assembleia Legislativa na sociedade<\/figcaption><\/figure>\n<p>O deputado estadual Adriano Sarney (PV-MA) ocupou a tribuna parlamentar na manh\u00e3 desta quarta-feira (25\/02), durante o grande expediente, para apresentar as suas ideias e metas como parlamentar e a sua percep\u00e7\u00e3o do papel da Assembleia Legislativa na sociedade e com os demais poderes.<\/p>\n<p>Na oportunidade, o parlamentar tamb\u00e9m prestou uma homenagem ao av\u00f4, Jos\u00e9 Sarney, e ao pai, Sarney Filho, que foi um jovem atuante enquanto deputado estadual, aos 21 anos, nos tempos das diretas j\u00e1.<\/p>\n<p>O deputado fez refer\u00eancia ao Parlamento como o cora\u00e7\u00e3o da democracia e a s\u00edntese das for\u00e7as e corrente pol\u00edticas do Maranh\u00e3o. \u201cA Assembleia precisa ser um centro de debate. Na esteira da tend\u00eancia observada no Congresso Nacional, n\u00e3o podemos ceder lugar \u00e0 desenfreada e inconstitucional expans\u00e3o do Poder Executivo em detrimento do Poder Legislativo. N\u00e3o podemos ficar a reboque do Governo!\u201d, enfatizou o parlamentar.<\/p>\n<p>Durante seu pronunciamento, Adriano apontou tr\u00eas iniciativas consideradas fundamentais para o fortalecimento do papel da Assembleia Legislativa: o or\u00e7amento impositivo, que fortalece a autonomia do Legislativo e limita a barganha do Governo ao tornar as emendas parlamentares despesas obrigat\u00f3rias; a imposi\u00e7\u00e3o das Medidas Provis\u00f3rias pelo Executivo e que s\u00e3o grandes entraves ao exerc\u00edcio da Democracia e a necessidade de uma agenda positiva pr\u00f3pria para a Assembleia independente da agenda do Governo.<\/p>\n<p>\u201cSou contra as Medidas Provis\u00f3rias, apesar de ter votado a favor das recentes encaminhadas pelo Governador. Acredito que o Executivo deve deixar a fun\u00e7\u00e3o de legislar para os Deputados. Temos que ter uma agenda pr\u00f3pria, como a defesa da Refinaria de Bacabeira\u201d, disse Adriano.<\/p>\n<p>Adriano tamb\u00e9m defendeu a sua posi\u00e7ao pol\u00edtica de oposi\u00e7\u00e3o ao Governo do Estado. \u201cVou cobrar e fiscalizar as a\u00e7\u00f5es do Executivo. Ficarei atento aos avan\u00e7os e retrocessos da atual gest\u00e3o com honestidade intelectual!\u201d. O deputado foi enf\u00e1tico ao falar que n\u00e3o vai tolerar injusti\u00e7as em rela\u00e7\u00e3o aos governos anteriores.<\/p>\n<p>\u201cNunca, nunca colocarei interesses pol\u00edticos, eleitorais ou pessoais na frente dos interesses coletivos do povo do Maranh\u00e3o. Mas, da mesma forma, sempre acusarei medidas do Executivo que fujam das boas pr\u00e1ticas daquele Poder. Uso como exemplo a clara pretens\u00e3o em acabar com o acervo do ex-Presidente Jos\u00e9 Sarney que, independentemente de posi\u00e7\u00e3o pol\u00edtica, faz parte da hist\u00f3ria do Brasil e do Maranh\u00e3o. Um museu n\u00e3o \u00e9 feito para homenagear algu\u00e9m, mas para guardar a mem\u00f3ria para as futuras gera\u00e7\u00f5es. Dentro de 100 anos ningu\u00e9m mais se importar\u00e1 com a querela pol\u00edtica que vivemos hoje, mas existir\u00e1 a necessidade de estudar e lembrar a passagem do primeiro maranhense como Presidente da Rep\u00fablica!\u201d.<\/p>\n<p><strong>Atua\u00e7\u00e3o <\/strong><\/p>\n<p>Adriano se mostrou determinado para colocar em pratica seus conceitos de efici\u00eancia, gest\u00e3o, sustentabilidade, meritocracia, inova\u00e7\u00e3o, resili\u00eancia e citou o papel do Estado como indutor do desenvolvimento, n\u00e3o de protagonista.\u00a0\u201cN\u00e3o tenho a pretens\u00e3o de mudar a pol\u00edtica, mas de ajudar a mudar a vida das pessoas por meio dela. N\u00e3o basta s\u00f3 mudar, \u00e9 preciso evoluir! Vou atuar desta forma, sem ret\u00f3ricas vazias, entendendo o momento em que vivemos, com objetividade e resultados\u201d, disse o deputado que agradeceu aos 50.000 maranhenses, em 187 munic\u00edpios do Maranh\u00e3o, que o elegeram.<\/p>\n<p>\u201cProcurarei desempenhar minhas fun\u00e7\u00f5es dentro dos mais r\u00edgidos princ\u00edpios morais, estudando os problemas, buscando solu\u00e7\u00f5es e colocando os conhecimentos que consegui adquirir ao longo da vida a servi\u00e7o do povo. N\u00e3o tenho a inten\u00e7\u00e3o de pautar a minha atua\u00e7\u00e3o olhando para o passado, mas visando o futuro. Serei militante do di\u00e1logo, das solu\u00e7\u00f5es consensuais e do entendimento para encontrar os melhores caminhos e solu\u00e7\u00f5es. A democracia moderna n\u00e3o floresce com radicalismos, nem com ofensas e persegui\u00e7\u00f5es\u201d, enfatizou o deputado, que usar\u00e1 sua experi\u00eancia como administrador, empres\u00e1rio, economista e cidad\u00e3o no parlamento.<\/p>\n<p>O deputado ressaltou as potencialidades naturais do Estado e o desenvolvimento das regi\u00f5es maranhenses como uma bandeira dentro do parlamento. \u201cEssas voca\u00e7\u00f5es econ\u00f4micas devem ser estrategicamente exploradas. \u00c9 necess\u00e1rio investir recursos, tempo, capital humano e intelectual para consolidar as cadeias produtivas de atividades para as quais temos aptid\u00f5es e que sejam vi\u00e1veis economicamente\u201d.<\/p>\n<p>Ele tamb\u00e9m abordou a constru\u00e7\u00e3o dos diques e barragens na Baixada, ideia que surgiu durante a gest\u00e3o do Deputado Sarney Filho no Minist\u00e9rio do Meio Ambiente, inspirada em Guayaquil, no Equador, e que hoje \u00e9 a regi\u00e3o que mais se desenvolve naquele pa\u00eds, produzindo e industrializando pescados entre outros produtos para exporta\u00e7\u00e3o em condi\u00e7\u00f5es clim\u00e1ticas, geogr\u00e1ficas e de solo similares as da Baixada Maranhense. Segundo o parlamentar o projeto encontra-se em fase de elabora\u00e7\u00e3o pelo Governo Federal e vai favorecer a pesca e a agricultura sustent\u00e1vel, al\u00e9m de mudar a economia daquela regi\u00e3o, beneficiando mais de 260 mil pessoas em 11 munic\u00edpios.<\/p>\n<p>Para tanto, o deputado prop\u00f4s a reativa\u00e7\u00e3o da Frente Parlamentar em Defesa da Baixada e do Litoral Norte para acompanhar de perto essa importante obra para a regi\u00e3o.<\/p>\n<p>Ao falar de S\u00e3o Lu\u00eds, Adriano destacou a necessidade de investimento na chamada ind\u00fastria da Economia Criativa. \u201cEsse mercado envolve a cria\u00e7\u00e3o, a produ\u00e7\u00e3o e a distribui\u00e7\u00e3o de produtos e servi\u00e7os nas mais diversas \u00e1reas da arte e da inspira\u00e7\u00e3o como a culin\u00e1ria, a literatura, o cinema, a arquitetura. E por que n\u00e3o incentivar a ind\u00fastria da Economia Criativa no Centro Hist\u00f3rico, em meio aos casar\u00f5es?\u201d.<\/p>\n<p>O deputado fez refer\u00eancia a cidade de Recife, em Pernambuco, que implementou o projeto Porto Digital, que hoje emprega quase 7 mil pessoas, espalhadas em mais de 200 empresas de tecnologia instaladas no local e gerou um faturamento total em 2010 de incr\u00edveis R$ 1 bilh\u00e3o. O Recife Antigo est\u00e1 revitalizado e preservado, destacou o parlamentar.\u00a0\u201cS\u00e3o com essas ideias e o olhar para o futuro que farei parte nesta Casa das Comiss\u00f5es de Assuntos Econ\u00f4micos, da qual presidirei, de Meio Ambiente e de Constitui\u00e7\u00e3o e Justi\u00e7a\u201d, finalizou o deputado.<\/p>\n","protected":false},"excerpt":{"rendered":"<p>O deputado estadual Adriano Sarney (PV-MA) ocupou a tribuna parlamentar na manh\u00e3 desta quarta-feira (25\/02), durante o grande expediente, para [&hellip;]<\/p>\n","protected":false},"author":0,"featured_media":0,"comment_status":"open","ping_status":"open","sticky":false,"template":"","format":"standard","meta":{"site-sidebar-layout":"default","site-content-layout":"","ast-site-content-layout":"default","site-content-style":"default","site-sidebar-style":"default","ast-global-header-display":"","ast-banner-title-visibility":"","ast-main-header-display":"","ast-hfb-above-header-display":"","ast-hfb-below-header-display":"","ast-hfb-mobile-header-display":"","site-post-title":"","ast-breadcrumbs-content":"","ast-featured-img":"","footer-sml-layout":"","ast-disable-related-posts":"","theme-transparent-header-meta":"","adv-header-id-meta":"","stick-header-meta":"","header-above-stick-meta":"","header-main-stick-meta":"","header-below-stick-meta":"","astra-migrate-meta-layouts":"default","ast-page-background-enabled":"default","ast-page-background-meta":{"desktop":{"background-color":"var(--ast-global-color-5)","background-image":"","background-repeat":"repeat","background-position":"center center","background-size":"auto","background-attachment":"scroll","background-type":"","background-media":"","overlay-type":"","overlay-color":"","overlay-opacity":"","overlay-gradient":""},"tablet":{"background-color":"","background-image":"","background-repeat":"repeat","background-position":"center center","background-size":"auto","background-attachment":"scroll","background-type":"","background-media":"","overlay-type":"","overlay-color":"","overlay-opacity":"","overlay-gradient":""},"mobile":{"background-color":"","background-image":"","background-repeat":"repeat","background-position":"center center","background-size":"auto","background-attachment":"scroll","background-type":"","background-media":"","overlay-type":"","overlay-color":"","overlay-opacity":"","overlay-gradient":""}},"ast-content-background-meta":{"desktop":{"background-color":"var(--ast-global-color-4)","background-image":"","background-repeat":"repeat","background-position":"center center","background-size":"auto","background-attachment":"scroll","background-type":"","background-media":"","overlay-type":"","overlay-color":"","overlay-opacity":"","overlay-gradient":""},"tablet":{"background-color":"var(--ast-global-color-4)","background-image":"","background-repeat":"repeat","background-position":"center center","background-size":"auto","background-attachment":"scroll","background-type":"","background-media":"","overlay-type":"","overlay-color":"","overlay-opacity":"","overlay-gradient":""},"mobile":{"background-color":"var(--ast-global-color-4)","background-image":"","background-repeat":"repeat","background-position":"center center","background-size":"auto","background-attachment":"scroll","background-type":"","background-media":"","overlay-type":"","overlay-color":"","overlay-opacity":"","overlay-gradient":""}},"footnotes":""},"categories":[1],"tags":[],"class_list":["post-22253","post","type-post","status-publish","format-standard","hentry","category-sem-categoria"],"yoast_head":"<!-- This site is optimized with the Yoast SEO plugin v26.6 - https:\/\/yoast.com\/wordpress\/plugins\/seo\/ -->\n<title>Deputado Adriano Sarney apresenta propostas de trabalho - Daniel Matos<\/title>\n<meta name=\"robots\" content=\"index, follow, max-snippet:-1, max-image-preview:large, max-video-preview:-1\" \/>\n<link rel=\"canonical\" href=\"https:\/\/www.blogsoestado.com\/danielmatos\/deputado-adriano-sarney-apresenta-propostas-de-trabalho\/\" \/>\n<meta property=\"og:locale\" content=\"pt_BR\" \/>\n<meta property=\"og:type\" content=\"article\" \/>\n<meta property=\"og:title\" content=\"Deputado Adriano Sarney apresenta propostas de trabalho - Daniel Matos\" \/>\n<meta property=\"og:description\" content=\"O deputado estadual Adriano Sarney (PV-MA) ocupou a tribuna parlamentar na manh\u00e3 desta quarta-feira (25\/02), durante o grande expediente, para [&hellip;]\" \/>\n<meta property=\"og:url\" content=\"https:\/\/www.blogsoestado.com\/danielmatos\/deputado-adriano-sarney-apresenta-propostas-de-trabalho\/\" \/>\n<meta property=\"og:site_name\" content=\"Daniel Matos\" \/>\n<meta property=\"article:published_time\" content=\"2015-02-26T12:08:08+00:00\" \/>\n<meta property=\"og:image\" content=\"https:\/\/www.blogsoestado.com\/danielmatos\/files\/2015\/02\/adriano-tribuna.jpg\" \/>\n<meta name=\"twitter:card\" content=\"summary_large_image\" \/>\n<meta name=\"twitter:label1\" content=\"Est. tempo de leitura\" \/>\n\t<meta name=\"twitter:data1\" content=\"5 minutos\" \/>\n<script type=\"application\/ld+json\" class=\"yoast-schema-graph\">{\"@context\":\"https:\/\/schema.org\",\"@graph\":[{\"@type\":\"WebPage\",\"@id\":\"https:\/\/www.blogsoestado.com\/danielmatos\/deputado-adriano-sarney-apresenta-propostas-de-trabalho\/\",\"url\":\"https:\/\/www.blogsoestado.com\/danielmatos\/deputado-adriano-sarney-apresenta-propostas-de-trabalho\/\",\"name\":\"Deputado Adriano Sarney apresenta propostas de trabalho - Daniel Matos\",\"isPartOf\":{\"@id\":\"https:\/\/www.blogsoestado.com\/danielmatos\/#website\"},\"primaryImageOfPage\":{\"@id\":\"https:\/\/www.blogsoestado.com\/danielmatos\/deputado-adriano-sarney-apresenta-propostas-de-trabalho\/#primaryimage\"},\"image\":{\"@id\":\"https:\/\/www.blogsoestado.com\/danielmatos\/deputado-adriano-sarney-apresenta-propostas-de-trabalho\/#primaryimage\"},\"thumbnailUrl\":\"https:\/\/www.blogsoestado.com\/danielmatos\/files\/2015\/02\/adriano-tribuna.jpg\",\"datePublished\":\"2015-02-26T12:08:08+00:00\",\"author\":{\"@id\":\"\"},\"breadcrumb\":{\"@id\":\"https:\/\/www.blogsoestado.com\/danielmatos\/deputado-adriano-sarney-apresenta-propostas-de-trabalho\/#breadcrumb\"},\"inLanguage\":\"pt-BR\",\"potentialAction\":[{\"@type\":\"ReadAction\",\"target\":[\"https:\/\/www.blogsoestado.com\/danielmatos\/deputado-adriano-sarney-apresenta-propostas-de-trabalho\/\"]}]},{\"@type\":\"ImageObject\",\"inLanguage\":\"pt-BR\",\"@id\":\"https:\/\/www.blogsoestado.com\/danielmatos\/deputado-adriano-sarney-apresenta-propostas-de-trabalho\/#primaryimage\",\"url\":\"https:\/\/www.blogsoestado.com\/danielmatos\/files\/2015\/02\/adriano-tribuna.jpg\",\"contentUrl\":\"https:\/\/www.blogsoestado.com\/danielmatos\/files\/2015\/02\/adriano-tribuna.jpg\"},{\"@type\":\"BreadcrumbList\",\"@id\":\"https:\/\/www.blogsoestado.com\/danielmatos\/deputado-adriano-sarney-apresenta-propostas-de-trabalho\/#breadcrumb\",\"itemListElement\":[{\"@type\":\"ListItem\",\"position\":1,\"name\":\"In\u00edcio\",\"item\":\"https:\/\/www.blogsoestado.com\/danielmatos\/\"},{\"@type\":\"ListItem\",\"position\":2,\"name\":\"Deputado Adriano Sarney apresenta propostas de trabalho\"}]},{\"@type\":\"WebSite\",\"@id\":\"https:\/\/www.blogsoestado.com\/danielmatos\/#website\",\"url\":\"https:\/\/www.blogsoestado.com\/danielmatos\/\",\"name\":\"Daniel Matos\",\"description\":\"\",\"potentialAction\":[{\"@type\":\"SearchAction\",\"target\":{\"@type\":\"EntryPoint\",\"urlTemplate\":\"https:\/\/www.blogsoestado.com\/danielmatos\/?s={search_term_string}\"},\"query-input\":{\"@type\":\"PropertyValueSpecification\",\"valueRequired\":true,\"valueName\":\"search_term_string\"}}],\"inLanguage\":\"pt-BR\"}]}<\/script>\n<!-- \/ Yoast SEO plugin. -->","yoast_head_json":{"title":"Deputado Adriano Sarney apresenta propostas de trabalho - Daniel Matos","robots":{"index":"index","follow":"follow","max-snippet":"max-snippet:-1","max-image-preview":"max-image-preview:large","max-video-preview":"max-video-preview:-1"},"canonical":"https:\/\/www.blogsoestado.com\/danielmatos\/deputado-adriano-sarney-apresenta-propostas-de-trabalho\/","og_locale":"pt_BR","og_type":"article","og_title":"Deputado Adriano Sarney apresenta propostas de trabalho - Daniel Matos","og_description":"O deputado estadual Adriano Sarney (PV-MA) ocupou a tribuna parlamentar na manh\u00e3 desta quarta-feira (25\/02), durante o grande expediente, para [&hellip;]","og_url":"https:\/\/www.blogsoestado.com\/danielmatos\/deputado-adriano-sarney-apresenta-propostas-de-trabalho\/","og_site_name":"Daniel Matos","article_published_time":"2015-02-26T12:08:08+00:00","og_image":[{"url":"https:\/\/www.blogsoestado.com\/danielmatos\/files\/2015\/02\/adriano-tribuna.jpg","type":"","width":"","height":""}],"twitter_card":"summary_large_image","twitter_misc":{"Est. tempo de leitura":"5 minutos"},"schema":{"@context":"https:\/\/schema.org","@graph":[{"@type":"WebPage","@id":"https:\/\/www.blogsoestado.com\/danielmatos\/deputado-adriano-sarney-apresenta-propostas-de-trabalho\/","url":"https:\/\/www.blogsoestado.com\/danielmatos\/deputado-adriano-sarney-apresenta-propostas-de-trabalho\/","name":"Deputado Adriano Sarney apresenta propostas de trabalho - Daniel Matos","isPartOf":{"@id":"https:\/\/www.blogsoestado.com\/danielmatos\/#website"},"primaryImageOfPage":{"@id":"https:\/\/www.blogsoestado.com\/danielmatos\/deputado-adriano-sarney-apresenta-propostas-de-trabalho\/#primaryimage"},"image":{"@id":"https:\/\/www.blogsoestado.com\/danielmatos\/deputado-adriano-sarney-apresenta-propostas-de-trabalho\/#primaryimage"},"thumbnailUrl":"https:\/\/www.blogsoestado.com\/danielmatos\/files\/2015\/02\/adriano-tribuna.jpg","datePublished":"2015-02-26T12:08:08+00:00","author":{"@id":""},"breadcrumb":{"@id":"https:\/\/www.blogsoestado.com\/danielmatos\/deputado-adriano-sarney-apresenta-propostas-de-trabalho\/#breadcrumb"},"inLanguage":"pt-BR","potentialAction":[{"@type":"ReadAction","target":["https:\/\/www.blogsoestado.com\/danielmatos\/deputado-adriano-sarney-apresenta-propostas-de-trabalho\/"]}]},{"@type":"ImageObject","inLanguage":"pt-BR","@id":"https:\/\/www.blogsoestado.com\/danielmatos\/deputado-adriano-sarney-apresenta-propostas-de-trabalho\/#primaryimage","url":"https:\/\/www.blogsoestado.com\/danielmatos\/files\/2015\/02\/adriano-tribuna.jpg","contentUrl":"https:\/\/www.blogsoestado.com\/danielmatos\/files\/2015\/02\/adriano-tribuna.jpg"},{"@type":"BreadcrumbList","@id":"https:\/\/www.blogsoestado.com\/danielmatos\/deputado-adriano-sarney-apresenta-propostas-de-trabalho\/#breadcrumb","itemListElement":[{"@type":"ListItem","position":1,"name":"In\u00edcio","item":"https:\/\/www.blogsoestado.com\/danielmatos\/"},{"@type":"ListItem","position":2,"name":"Deputado Adriano Sarney apresenta propostas de trabalho"}]},{"@type":"WebSite","@id":"https:\/\/www.blogsoestado.com\/danielmatos\/#website","url":"https:\/\/www.blogsoestado.com\/danielmatos\/","name":"Daniel Matos","description":"","potentialAction":[{"@type":"SearchAction","target":{"@type":"EntryPoint","urlTemplate":"https:\/\/www.blogsoestado.com\/danielmatos\/?s={search_term_string}"},"query-input":{"@type":"PropertyValueSpecification","valueRequired":true,"valueName":"search_term_string"}}],"inLanguage":"pt-BR"}]}},"jetpack_featured_media_url":"","_links":{"self":[{"href":"https:\/\/www.blogsoestado.com\/danielmatos\/wp-json\/wp\/v2\/posts\/22253","targetHints":{"allow":["GET"]}}],"collection":[{"href":"https:\/\/www.blogsoestado.com\/danielmatos\/wp-json\/wp\/v2\/posts"}],"about":[{"href":"https:\/\/www.blogsoestado.com\/danielmatos\/wp-json\/wp\/v2\/types\/post"}],"replies":[{"embeddable":true,"href":"https:\/\/www.blogsoestado.com\/danielmatos\/wp-json\/wp\/v2\/comments?post=22253"}],"version-history":[{"count":0,"href":"https:\/\/www.blogsoestado.com\/danielmatos\/wp-json\/wp\/v2\/posts\/22253\/revisions"}],"wp:attachment":[{"href":"https:\/\/www.blogsoestado.com\/danielmatos\/wp-json\/wp\/v2\/media?parent=22253"}],"wp:term":[{"taxonomy":"category","embeddable":true,"href":"https:\/\/www.blogsoestado.com\/danielmatos\/wp-json\/wp\/v2\/categories?post=22253"},{"taxonomy":"post_tag","embeddable":true,"href":"https:\/\/www.blogsoestado.com\/danielmatos\/wp-json\/wp\/v2\/tags?post=22253"}],"curies":[{"name":"wp","href":"https:\/\/api.w.org\/{rel}","templated":true}]}}