{"id":22258,"date":"2015-02-26T17:53:09","date_gmt":"2015-02-26T20:53:09","guid":{"rendered":"https:\/\/www.blogsoestado.com\/danielmatos\/?p=22258"},"modified":"2015-02-26T17:53:09","modified_gmt":"2015-02-26T20:53:09","slug":"prefeito-josemar-prestigia-seminario-de-educadores-em-paco-do-lumiar","status":"publish","type":"post","link":"https:\/\/www.blogsoestado.com\/danielmatos\/prefeito-josemar-prestigia-seminario-de-educadores-em-paco-do-lumiar\/","title":{"rendered":"Prefeito Josemar prestigia semin\u00e1rio de educadores em Pa\u00e7o do Lumiar"},"content":{"rendered":"<figure id=\"attachment_22259\" aria-describedby=\"caption-attachment-22259\" style=\"width: 600px\" class=\"wp-caption aligncenter\"><a href=\"https:\/\/www.blogsoestado.com\/danielmatos\/files\/2015\/02\/pa\u00e7o-seminario.jpg\"><img fetchpriority=\"high\" decoding=\"async\" class=\"size-full wp-image-22259\" src=\"https:\/\/www.blogsoestado.com\/danielmatos\/files\/2015\/02\/pa\u00e7o-seminario.jpg\" alt=\"Josemar prestigiou abertura do &quot;Semin\u00e1rio de Encerramento do Pacto Nacional pela Alfabetiza\u00e7\u00e3o da Idade Certa&quot;\" width=\"600\" height=\"400\" \/><\/a><figcaption id=\"caption-attachment-22259\" class=\"wp-caption-text\">Josemar prestigiou abertura do semin\u00e1rio de encerramento do Pacto Nacional pela Alfabetiza\u00e7\u00e3o da Idade Certa<\/figcaption><\/figure>\n<p>O prefeito professor Josemar Sobreiro (PR) e a Secret\u00e1ria Municipal de Educa\u00e7\u00e3o, Gra\u00e7a Privado participaram, na manh\u00e3 desta quinta-feira (26), da abertura do &#8220;Semin\u00e1rio de Encerramento do Pacto Nacional pela Alfabetiza\u00e7\u00e3o da Idade Certa&#8221; &#8211; PENAIC, na Faculdade IESF, no Maiob\u00e3o. O Semin\u00e1rio acontece at\u00e9 este s\u00e1bado, 28, onde ser\u00e3o socializadas as experi\u00eancias de alfabetiza\u00e7\u00e3o vividas ao longo dos anos de 2013 e 2014 pelos professores alfabetizadores luminenses.<\/p>\n<p>Durante o encontro ser\u00e3o realizadas palestras, debates, mesas redondas, din\u00e2micas e apresenta\u00e7\u00e3o de pol\u00edticas educacionais desenvolvidas pelos educadores. O PENAIC prev\u00ea a a alfabetiza\u00e7\u00e3o de crian\u00e7as at\u00e9 os 8 anos de idade.<\/p>\n<figure id=\"attachment_22260\" aria-describedby=\"caption-attachment-22260\" style=\"width: 600px\" class=\"wp-caption aligncenter\"><a href=\"https:\/\/www.blogsoestado.com\/danielmatos\/files\/2015\/02\/pa\u00e7o-seminario2.jpg\"><img decoding=\"async\" class=\"size-full wp-image-22260\" src=\"https:\/\/www.blogsoestado.com\/danielmatos\/files\/2015\/02\/pa\u00e7o-seminario2.jpg\" alt=\"No encontro haver\u00e1 palestras, debates, mesas redondas, din\u00e2micas e apresenta\u00e7\u00e3o de pol\u00edticas desenvolvidas pelos educadores\" width=\"600\" height=\"400\" \/><\/a><figcaption id=\"caption-attachment-22260\" class=\"wp-caption-text\">No encontro haver\u00e1 palestras, debates, mesas redondas, din\u00e2micas e apresenta\u00e7\u00e3o de pol\u00edticas desenvolvidas pelos educadores<\/figcaption><\/figure>\n<p>Prestigiaram tamb\u00e9m o encontro, secret\u00e1rios municipais, os vereadores Leonardo Bruno e Wellington Sousa, coordenadores da SEMED, Conselho Municipal de Educa\u00e7\u00e3o, gestores de escolas e educadores.<\/p>\n","protected":false},"excerpt":{"rendered":"<p>O prefeito professor Josemar Sobreiro (PR) e a Secret\u00e1ria Municipal de Educa\u00e7\u00e3o, Gra\u00e7a Privado participaram, na manh\u00e3 desta quinta-feira (26), [&hellip;]<\/p>\n","protected":false},"author":0,"featured_media":0,"comment_status":"open","ping_status":"open","sticky":false,"template":"","format":"standard","meta":{"site-sidebar-layout":"default","site-content-layout":"","ast-site-content-layout":"default","site-content-style":"default","site-sidebar-style":"default","ast-global-header-display":"","ast-banner-title-visibility":"","ast-main-header-display":"","ast-hfb-above-header-display":"","ast-hfb-below-header-display":"","ast-hfb-mobile-header-display":"","site-post-title":"","ast-breadcrumbs-content":"","ast-featured-img":"","footer-sml-layout":"","ast-disable-related-posts":"","theme-transparent-header-meta":"","adv-header-id-meta":"","stick-header-meta":"","header-above-stick-meta":"","header-main-stick-meta":"","header-below-stick-meta":"","astra-migrate-meta-layouts":"default","ast-page-background-enabled":"default","ast-page-background-meta":{"desktop":{"background-color":"var(--ast-global-color-5)","background-image":"","background-repeat":"repeat","background-position":"center center","background-size":"auto","background-attachment":"scroll","background-type":"","background-media":"","overlay-type":"","overlay-color":"","overlay-opacity":"","overlay-gradient":""},"tablet":{"background-color":"","background-image":"","background-repeat":"repeat","background-position":"center center","background-size":"auto","background-attachment":"scroll","background-type":"","background-media":"","overlay-type":"","overlay-color":"","overlay-opacity":"","overlay-gradient":""},"mobile":{"background-color":"","background-image":"","background-repeat":"repeat","background-position":"center center","background-size":"auto","background-attachment":"scroll","background-type":"","background-media":"","overlay-type":"","overlay-color":"","overlay-opacity":"","overlay-gradient":""}},"ast-content-background-meta":{"desktop":{"background-color":"var(--ast-global-color-4)","background-image":"","background-repeat":"repeat","background-position":"center center","background-size":"auto","background-attachment":"scroll","background-type":"","background-media":"","overlay-type":"","overlay-color":"","overlay-opacity":"","overlay-gradient":""},"tablet":{"background-color":"var(--ast-global-color-4)","background-image":"","background-repeat":"repeat","background-position":"center center","background-size":"auto","background-attachment":"scroll","background-type":"","background-media":"","overlay-type":"","overlay-color":"","overlay-opacity":"","overlay-gradient":""},"mobile":{"background-color":"var(--ast-global-color-4)","background-image":"","background-repeat":"repeat","background-position":"center center","background-size":"auto","background-attachment":"scroll","background-type":"","background-media":"","overlay-type":"","overlay-color":"","overlay-opacity":"","overlay-gradient":""}},"footnotes":""},"categories":[1],"tags":[],"class_list":["post-22258","post","type-post","status-publish","format-standard","hentry","category-sem-categoria"],"yoast_head":"<!-- This site is optimized with the Yoast SEO plugin v26.6 - https:\/\/yoast.com\/wordpress\/plugins\/seo\/ -->\n<title>Prefeito Josemar prestigia semin\u00e1rio de educadores em Pa\u00e7o do Lumiar - Daniel Matos<\/title>\n<meta name=\"robots\" content=\"index, follow, max-snippet:-1, max-image-preview:large, max-video-preview:-1\" \/>\n<link rel=\"canonical\" href=\"https:\/\/www.blogsoestado.com\/danielmatos\/prefeito-josemar-prestigia-seminario-de-educadores-em-paco-do-lumiar\/\" \/>\n<meta property=\"og:locale\" content=\"pt_BR\" \/>\n<meta property=\"og:type\" content=\"article\" \/>\n<meta property=\"og:title\" content=\"Prefeito Josemar prestigia semin\u00e1rio de educadores em Pa\u00e7o do Lumiar - Daniel Matos\" \/>\n<meta property=\"og:description\" content=\"O prefeito professor Josemar Sobreiro (PR) e a Secret\u00e1ria Municipal de Educa\u00e7\u00e3o, Gra\u00e7a Privado participaram, na manh\u00e3 desta quinta-feira (26), [&hellip;]\" \/>\n<meta property=\"og:url\" content=\"https:\/\/www.blogsoestado.com\/danielmatos\/prefeito-josemar-prestigia-seminario-de-educadores-em-paco-do-lumiar\/\" \/>\n<meta property=\"og:site_name\" content=\"Daniel Matos\" \/>\n<meta property=\"article:published_time\" content=\"2015-02-26T20:53:09+00:00\" \/>\n<meta name=\"twitter:card\" content=\"summary_large_image\" \/>\n<meta name=\"twitter:label1\" content=\"Est. tempo de leitura\" \/>\n\t<meta name=\"twitter:data1\" content=\"1 minuto\" \/>\n<script type=\"application\/ld+json\" class=\"yoast-schema-graph\">{\"@context\":\"https:\/\/schema.org\",\"@graph\":[{\"@type\":\"WebPage\",\"@id\":\"https:\/\/www.blogsoestado.com\/danielmatos\/prefeito-josemar-prestigia-seminario-de-educadores-em-paco-do-lumiar\/\",\"url\":\"https:\/\/www.blogsoestado.com\/danielmatos\/prefeito-josemar-prestigia-seminario-de-educadores-em-paco-do-lumiar\/\",\"name\":\"Prefeito Josemar prestigia semin\u00e1rio de educadores em Pa\u00e7o do Lumiar - Daniel Matos\",\"isPartOf\":{\"@id\":\"https:\/\/www.blogsoestado.com\/danielmatos\/#website\"},\"datePublished\":\"2015-02-26T20:53:09+00:00\",\"author\":{\"@id\":\"\"},\"breadcrumb\":{\"@id\":\"https:\/\/www.blogsoestado.com\/danielmatos\/prefeito-josemar-prestigia-seminario-de-educadores-em-paco-do-lumiar\/#breadcrumb\"},\"inLanguage\":\"pt-BR\",\"potentialAction\":[{\"@type\":\"ReadAction\",\"target\":[\"https:\/\/www.blogsoestado.com\/danielmatos\/prefeito-josemar-prestigia-seminario-de-educadores-em-paco-do-lumiar\/\"]}]},{\"@type\":\"BreadcrumbList\",\"@id\":\"https:\/\/www.blogsoestado.com\/danielmatos\/prefeito-josemar-prestigia-seminario-de-educadores-em-paco-do-lumiar\/#breadcrumb\",\"itemListElement\":[{\"@type\":\"ListItem\",\"position\":1,\"name\":\"In\u00edcio\",\"item\":\"https:\/\/www.blogsoestado.com\/danielmatos\/\"},{\"@type\":\"ListItem\",\"position\":2,\"name\":\"Prefeito Josemar prestigia semin\u00e1rio de educadores em Pa\u00e7o do Lumiar\"}]},{\"@type\":\"WebSite\",\"@id\":\"https:\/\/www.blogsoestado.com\/danielmatos\/#website\",\"url\":\"https:\/\/www.blogsoestado.com\/danielmatos\/\",\"name\":\"Daniel Matos\",\"description\":\"\",\"potentialAction\":[{\"@type\":\"SearchAction\",\"target\":{\"@type\":\"EntryPoint\",\"urlTemplate\":\"https:\/\/www.blogsoestado.com\/danielmatos\/?s={search_term_string}\"},\"query-input\":{\"@type\":\"PropertyValueSpecification\",\"valueRequired\":true,\"valueName\":\"search_term_string\"}}],\"inLanguage\":\"pt-BR\"}]}<\/script>\n<!-- \/ Yoast SEO plugin. -->","yoast_head_json":{"title":"Prefeito Josemar prestigia semin\u00e1rio de educadores em Pa\u00e7o do Lumiar - Daniel Matos","robots":{"index":"index","follow":"follow","max-snippet":"max-snippet:-1","max-image-preview":"max-image-preview:large","max-video-preview":"max-video-preview:-1"},"canonical":"https:\/\/www.blogsoestado.com\/danielmatos\/prefeito-josemar-prestigia-seminario-de-educadores-em-paco-do-lumiar\/","og_locale":"pt_BR","og_type":"article","og_title":"Prefeito Josemar prestigia semin\u00e1rio de educadores em Pa\u00e7o do Lumiar - Daniel Matos","og_description":"O prefeito professor Josemar Sobreiro (PR) e a Secret\u00e1ria Municipal de Educa\u00e7\u00e3o, Gra\u00e7a Privado participaram, na manh\u00e3 desta quinta-feira (26), [&hellip;]","og_url":"https:\/\/www.blogsoestado.com\/danielmatos\/prefeito-josemar-prestigia-seminario-de-educadores-em-paco-do-lumiar\/","og_site_name":"Daniel Matos","article_published_time":"2015-02-26T20:53:09+00:00","twitter_card":"summary_large_image","twitter_misc":{"Est. tempo de leitura":"1 minuto"},"schema":{"@context":"https:\/\/schema.org","@graph":[{"@type":"WebPage","@id":"https:\/\/www.blogsoestado.com\/danielmatos\/prefeito-josemar-prestigia-seminario-de-educadores-em-paco-do-lumiar\/","url":"https:\/\/www.blogsoestado.com\/danielmatos\/prefeito-josemar-prestigia-seminario-de-educadores-em-paco-do-lumiar\/","name":"Prefeito Josemar prestigia semin\u00e1rio de educadores em Pa\u00e7o do Lumiar - Daniel Matos","isPartOf":{"@id":"https:\/\/www.blogsoestado.com\/danielmatos\/#website"},"datePublished":"2015-02-26T20:53:09+00:00","author":{"@id":""},"breadcrumb":{"@id":"https:\/\/www.blogsoestado.com\/danielmatos\/prefeito-josemar-prestigia-seminario-de-educadores-em-paco-do-lumiar\/#breadcrumb"},"inLanguage":"pt-BR","potentialAction":[{"@type":"ReadAction","target":["https:\/\/www.blogsoestado.com\/danielmatos\/prefeito-josemar-prestigia-seminario-de-educadores-em-paco-do-lumiar\/"]}]},{"@type":"BreadcrumbList","@id":"https:\/\/www.blogsoestado.com\/danielmatos\/prefeito-josemar-prestigia-seminario-de-educadores-em-paco-do-lumiar\/#breadcrumb","itemListElement":[{"@type":"ListItem","position":1,"name":"In\u00edcio","item":"https:\/\/www.blogsoestado.com\/danielmatos\/"},{"@type":"ListItem","position":2,"name":"Prefeito Josemar prestigia semin\u00e1rio de educadores em Pa\u00e7o do Lumiar"}]},{"@type":"WebSite","@id":"https:\/\/www.blogsoestado.com\/danielmatos\/#website","url":"https:\/\/www.blogsoestado.com\/danielmatos\/","name":"Daniel Matos","description":"","potentialAction":[{"@type":"SearchAction","target":{"@type":"EntryPoint","urlTemplate":"https:\/\/www.blogsoestado.com\/danielmatos\/?s={search_term_string}"},"query-input":{"@type":"PropertyValueSpecification","valueRequired":true,"valueName":"search_term_string"}}],"inLanguage":"pt-BR"}]}},"jetpack_featured_media_url":"","_links":{"self":[{"href":"https:\/\/www.blogsoestado.com\/danielmatos\/wp-json\/wp\/v2\/posts\/22258","targetHints":{"allow":["GET"]}}],"collection":[{"href":"https:\/\/www.blogsoestado.com\/danielmatos\/wp-json\/wp\/v2\/posts"}],"about":[{"href":"https:\/\/www.blogsoestado.com\/danielmatos\/wp-json\/wp\/v2\/types\/post"}],"replies":[{"embeddable":true,"href":"https:\/\/www.blogsoestado.com\/danielmatos\/wp-json\/wp\/v2\/comments?post=22258"}],"version-history":[{"count":0,"href":"https:\/\/www.blogsoestado.com\/danielmatos\/wp-json\/wp\/v2\/posts\/22258\/revisions"}],"wp:attachment":[{"href":"https:\/\/www.blogsoestado.com\/danielmatos\/wp-json\/wp\/v2\/media?parent=22258"}],"wp:term":[{"taxonomy":"category","embeddable":true,"href":"https:\/\/www.blogsoestado.com\/danielmatos\/wp-json\/wp\/v2\/categories?post=22258"},{"taxonomy":"post_tag","embeddable":true,"href":"https:\/\/www.blogsoestado.com\/danielmatos\/wp-json\/wp\/v2\/tags?post=22258"}],"curies":[{"name":"wp","href":"https:\/\/api.w.org\/{rel}","templated":true}]}}