{"id":22262,"date":"2015-02-26T18:08:53","date_gmt":"2015-02-26T21:08:53","guid":{"rendered":"https:\/\/www.blogsoestado.com\/danielmatos\/?p=22262"},"modified":"2015-02-26T18:08:53","modified_gmt":"2015-02-26T21:08:53","slug":"reitor-natalino-salgado-assina-ordem-de-servico-para-execucao-de-obras-no-campus-de-balsas","status":"publish","type":"post","link":"https:\/\/www.blogsoestado.com\/danielmatos\/reitor-natalino-salgado-assina-ordem-de-servico-para-execucao-de-obras-no-campus-de-balsas\/","title":{"rendered":"Reitor Natalino Salgado assina ordem de servi\u00e7o para execu\u00e7\u00e3o de obras no Campus de Balsas"},"content":{"rendered":"<h2><span style=\"color: #ff0000;\">Pr\u00e9dio ter\u00e1 moderna infraestrutura para atender aos cursos implantados h\u00e1 pouco mais de um ano<\/span><\/h2>\n<figure id=\"attachment_22263\" aria-describedby=\"caption-attachment-22263\" style=\"width: 640px\" class=\"wp-caption aligncenter\"><a href=\"https:\/\/www.blogsoestado.com\/danielmatos\/files\/2015\/02\/natalino-assina.png\"><img fetchpriority=\"high\" decoding=\"async\" class=\"size-full wp-image-22263\" src=\"https:\/\/www.blogsoestado.com\/danielmatos\/files\/2015\/02\/natalino-assina.png\" alt=\"Reitor assinou ordem de servi\u00e7o para o in\u00edcio das obras de constru\u00e7\u00e3o dos novos pr\u00e9dios do Campus da UFMA em Balsas\" width=\"640\" height=\"427\" \/><\/a><figcaption id=\"caption-attachment-22263\" class=\"wp-caption-text\">Reitor assinou ordem de servi\u00e7o para o in\u00edcio das obras de constru\u00e7\u00e3o dos novos pr\u00e9dios do Campus da UFMA em Balsas<\/figcaption><\/figure>\n<p><strong>S\u00c3O LU\u00cdS \u2013<\/strong> O reitor Natalino Salgado assinou, na \u00faltima ter\u00e7a-feira, a ordem de servi\u00e7o para o in\u00edcio das obras de constru\u00e7\u00e3o dos novos pr\u00e9dios do Campus da UFMA em Balsas, situado em uma \u00e1rea de 120 hectares doada pela prefeitura local. Implantado em setembro de 2013, o campus vem funcionando provisoriamente na escola municipal Maria Justina Serr\u00e3o, cujo pr\u00e9dio tamb\u00e9m foi cedido pela prefeitura.<\/p>\n<p>A obra ser\u00e1 divida em tr\u00eas blocos. O primeiro vai abrigar salas de aulas climatizadas em uma \u00e1rea de 4.166 metros quadrados. Ter\u00e1 dez salas com capacidade para 65 estudantes e duas para 150 estudantes, al\u00e9m de espa\u00e7os para administra\u00e7\u00e3o, xerox, lanchonete e banheiros adaptados tamb\u00e9m para pessoas com defici\u00eancia.<\/p>\n<p>O segundo bloco \u00e9 reservado aos laborat\u00f3rios de ensino e pesquisa, em uma \u00e1rea de 3.948,05 metros quadrados. Ser\u00e3o dois laborat\u00f3rios com 117,37 m\u00b2, cada; oito laborat\u00f3rios de 175 m\u00b2 e dois laborat\u00f3rios de 223,11 m\u00b2, al\u00e9m de um almoxarifado, salas administrativas, sala de xerox e banheiros.<\/p>\n<p>J\u00e1 o terceiro bloco, destinado ao centro administrativo do campus, ser\u00e1 erguido em uma \u00e1rea de 2.633,11 metros quadrados. Contar\u00e1 com 64 salas para professores, \u00e1rea de viv\u00eancia, banheiros, secretarias acad\u00eamicas, coordena\u00e7\u00f5es de cursos e sala de dire\u00e7\u00e3o.<\/p>\n<figure id=\"attachment_22264\" aria-describedby=\"caption-attachment-22264\" style=\"width: 640px\" class=\"wp-caption aligncenter\"><a href=\"https:\/\/www.blogsoestado.com\/danielmatos\/files\/2015\/02\/natalino-assina2.png\"><img decoding=\"async\" class=\"size-full wp-image-22264\" src=\"https:\/\/www.blogsoestado.com\/danielmatos\/files\/2015\/02\/natalino-assina2.png\" alt=\"Maquete virtual do campus de Balsas, instalado em 2013 e situado em uma \u00e1rea de 120 hectares doada pela prefeitura local\" width=\"640\" height=\"325\" \/><\/a><figcaption id=\"caption-attachment-22264\" class=\"wp-caption-text\">Maquete virtual do campus de Balsas, instalado em 2013 e situado em uma \u00e1rea de 120 hectares doada pela prefeitura<\/figcaption><\/figure>\n<p>Segundo o Prefeito de Campus, Guilherme Abreu, as obras ter\u00e3o in\u00edcio em mar\u00e7o com prazo de conclus\u00e3o em seis meses. Ele adiantou tamb\u00e9m que j\u00e1 foram licitados os projetos para urbaniza\u00e7\u00e3o e eletrifica\u00e7\u00e3o do campus e que o projeto para constru\u00e7\u00e3o da biblioteca, audit\u00f3rio e restaurante est\u00e1 sendo elaborado.<\/p>\n<p>O reitor Natalino Salgado disse que a ordem de servi\u00e7o para in\u00edcio imediato das obras marca uma nova etapa da expans\u00e3o da UFMA no sul do Estado e a consolida\u00e7\u00e3o da Universidade em Balsas. \u201cEstamos cumprindo o papel da Universidade, que \u00e9 o crescimento com inova\u00e7\u00e3o e inclus\u00e3o social, e proporcionando aos maranhenses o acesso ao ensino superior p\u00fablico em regi\u00f5es do Estado de grande potencial econ\u00f4mico\u201d, avaliou.<\/p>\n<p>Atualmente, o Campus da UFMA em Balsas, a 774 Km de S\u00e3o Lu\u00eds, possui um curso, o de Bacharelado Interdisciplinar em Ci\u00eancias e Tecnologia (BCT), que engloba as engenharias ambiental, civil, el\u00e9trica e mec\u00e2nica.<\/p>\n<p>No ato da assinatura, estavam presentes tamb\u00e9m o diretor do Campus de Balsas, Francisco de Assis Concei\u00e7\u00e3o, e os representantes do Diret\u00f3rio Central de Estudantes (DCE), de Balsas Eimar Nunes, Jefferson Barros e Felipe Matias. Para Eimar, o clima \u00e9 de expectativa entre os estudantes da UFMA de Balsas que est\u00e3o ansiosos pela entrega da obra, que vai beneficiar n\u00e3o s\u00f3 os acad\u00eamicos, mas tamb\u00e9m contribuir para o desenvolvimento da regi\u00e3o sul do Maranh\u00e3o. &#8220;Criamos uma comiss\u00e3o permanente de fiscaliza\u00e7\u00e3o da obra at\u00e9 a sua conclus\u00e3o, para dar celeridade ao processo de constru\u00e7\u00e3o&#8221;, pontuou.<\/p>\n","protected":false},"excerpt":{"rendered":"<p>Pr\u00e9dio ter\u00e1 moderna infraestrutura para atender aos cursos implantados h\u00e1 pouco mais de um ano S\u00c3O LU\u00cdS \u2013 O reitor [&hellip;]<\/p>\n","protected":false},"author":0,"featured_media":0,"comment_status":"open","ping_status":"open","sticky":false,"template":"","format":"standard","meta":{"site-sidebar-layout":"default","site-content-layout":"","ast-site-content-layout":"default","site-content-style":"default","site-sidebar-style":"default","ast-global-header-display":"","ast-banner-title-visibility":"","ast-main-header-display":"","ast-hfb-above-header-display":"","ast-hfb-below-header-display":"","ast-hfb-mobile-header-display":"","site-post-title":"","ast-breadcrumbs-content":"","ast-featured-img":"","footer-sml-layout":"","ast-disable-related-posts":"","theme-transparent-header-meta":"","adv-header-id-meta":"","stick-header-meta":"","header-above-stick-meta":"","header-main-stick-meta":"","header-below-stick-meta":"","astra-migrate-meta-layouts":"default","ast-page-background-enabled":"default","ast-page-background-meta":{"desktop":{"background-color":"var(--ast-global-color-5)","background-image":"","background-repeat":"repeat","background-position":"center center","background-size":"auto","background-attachment":"scroll","background-type":"","background-media":"","overlay-type":"","overlay-color":"","overlay-opacity":"","overlay-gradient":""},"tablet":{"background-color":"","background-image":"","background-repeat":"repeat","background-position":"center center","background-size":"auto","background-attachment":"scroll","background-type":"","background-media":"","overlay-type":"","overlay-color":"","overlay-opacity":"","overlay-gradient":""},"mobile":{"background-color":"","background-image":"","background-repeat":"repeat","background-position":"center center","background-size":"auto","background-attachment":"scroll","background-type":"","background-media":"","overlay-type":"","overlay-color":"","overlay-opacity":"","overlay-gradient":""}},"ast-content-background-meta":{"desktop":{"background-color":"var(--ast-global-color-4)","background-image":"","background-repeat":"repeat","background-position":"center center","background-size":"auto","background-attachment":"scroll","background-type":"","background-media":"","overlay-type":"","overlay-color":"","overlay-opacity":"","overlay-gradient":""},"tablet":{"background-color":"var(--ast-global-color-4)","background-image":"","background-repeat":"repeat","background-position":"center center","background-size":"auto","background-attachment":"scroll","background-type":"","background-media":"","overlay-type":"","overlay-color":"","overlay-opacity":"","overlay-gradient":""},"mobile":{"background-color":"var(--ast-global-color-4)","background-image":"","background-repeat":"repeat","background-position":"center center","background-size":"auto","background-attachment":"scroll","background-type":"","background-media":"","overlay-type":"","overlay-color":"","overlay-opacity":"","overlay-gradient":""}},"footnotes":""},"categories":[1],"tags":[],"class_list":["post-22262","post","type-post","status-publish","format-standard","hentry","category-sem-categoria"],"yoast_head":"<!-- This site is optimized with the Yoast SEO plugin v26.6 - https:\/\/yoast.com\/wordpress\/plugins\/seo\/ -->\n<title>Reitor Natalino Salgado assina ordem de servi\u00e7o para execu\u00e7\u00e3o de obras no Campus de Balsas - Daniel Matos<\/title>\n<meta name=\"robots\" content=\"index, follow, max-snippet:-1, max-image-preview:large, max-video-preview:-1\" \/>\n<link rel=\"canonical\" href=\"https:\/\/www.blogsoestado.com\/danielmatos\/reitor-natalino-salgado-assina-ordem-de-servico-para-execucao-de-obras-no-campus-de-balsas\/\" \/>\n<meta property=\"og:locale\" content=\"pt_BR\" \/>\n<meta property=\"og:type\" content=\"article\" \/>\n<meta property=\"og:title\" content=\"Reitor Natalino Salgado assina ordem de servi\u00e7o para execu\u00e7\u00e3o de obras no Campus de Balsas - Daniel Matos\" \/>\n<meta property=\"og:description\" content=\"Pr\u00e9dio ter\u00e1 moderna infraestrutura para atender aos cursos implantados h\u00e1 pouco mais de um ano S\u00c3O LU\u00cdS \u2013 O reitor [&hellip;]\" \/>\n<meta property=\"og:url\" content=\"https:\/\/www.blogsoestado.com\/danielmatos\/reitor-natalino-salgado-assina-ordem-de-servico-para-execucao-de-obras-no-campus-de-balsas\/\" \/>\n<meta property=\"og:site_name\" content=\"Daniel Matos\" \/>\n<meta property=\"article:published_time\" content=\"2015-02-26T21:08:53+00:00\" \/>\n<meta property=\"og:image\" content=\"https:\/\/www.blogsoestado.com\/danielmatos\/files\/2015\/02\/natalino-assina.png\" \/>\n<meta name=\"twitter:card\" content=\"summary_large_image\" \/>\n<meta name=\"twitter:label1\" content=\"Est. tempo de leitura\" \/>\n\t<meta name=\"twitter:data1\" content=\"3 minutos\" \/>\n<script type=\"application\/ld+json\" class=\"yoast-schema-graph\">{\"@context\":\"https:\/\/schema.org\",\"@graph\":[{\"@type\":\"WebPage\",\"@id\":\"https:\/\/www.blogsoestado.com\/danielmatos\/reitor-natalino-salgado-assina-ordem-de-servico-para-execucao-de-obras-no-campus-de-balsas\/\",\"url\":\"https:\/\/www.blogsoestado.com\/danielmatos\/reitor-natalino-salgado-assina-ordem-de-servico-para-execucao-de-obras-no-campus-de-balsas\/\",\"name\":\"Reitor Natalino Salgado assina ordem de servi\u00e7o para execu\u00e7\u00e3o de obras no Campus de Balsas - Daniel Matos\",\"isPartOf\":{\"@id\":\"https:\/\/www.blogsoestado.com\/danielmatos\/#website\"},\"primaryImageOfPage\":{\"@id\":\"https:\/\/www.blogsoestado.com\/danielmatos\/reitor-natalino-salgado-assina-ordem-de-servico-para-execucao-de-obras-no-campus-de-balsas\/#primaryimage\"},\"image\":{\"@id\":\"https:\/\/www.blogsoestado.com\/danielmatos\/reitor-natalino-salgado-assina-ordem-de-servico-para-execucao-de-obras-no-campus-de-balsas\/#primaryimage\"},\"thumbnailUrl\":\"https:\/\/www.blogsoestado.com\/danielmatos\/files\/2015\/02\/natalino-assina.png\",\"datePublished\":\"2015-02-26T21:08:53+00:00\",\"author\":{\"@id\":\"\"},\"breadcrumb\":{\"@id\":\"https:\/\/www.blogsoestado.com\/danielmatos\/reitor-natalino-salgado-assina-ordem-de-servico-para-execucao-de-obras-no-campus-de-balsas\/#breadcrumb\"},\"inLanguage\":\"pt-BR\",\"potentialAction\":[{\"@type\":\"ReadAction\",\"target\":[\"https:\/\/www.blogsoestado.com\/danielmatos\/reitor-natalino-salgado-assina-ordem-de-servico-para-execucao-de-obras-no-campus-de-balsas\/\"]}]},{\"@type\":\"ImageObject\",\"inLanguage\":\"pt-BR\",\"@id\":\"https:\/\/www.blogsoestado.com\/danielmatos\/reitor-natalino-salgado-assina-ordem-de-servico-para-execucao-de-obras-no-campus-de-balsas\/#primaryimage\",\"url\":\"https:\/\/www.blogsoestado.com\/danielmatos\/files\/2015\/02\/natalino-assina.png\",\"contentUrl\":\"https:\/\/www.blogsoestado.com\/danielmatos\/files\/2015\/02\/natalino-assina.png\"},{\"@type\":\"BreadcrumbList\",\"@id\":\"https:\/\/www.blogsoestado.com\/danielmatos\/reitor-natalino-salgado-assina-ordem-de-servico-para-execucao-de-obras-no-campus-de-balsas\/#breadcrumb\",\"itemListElement\":[{\"@type\":\"ListItem\",\"position\":1,\"name\":\"In\u00edcio\",\"item\":\"https:\/\/www.blogsoestado.com\/danielmatos\/\"},{\"@type\":\"ListItem\",\"position\":2,\"name\":\"Reitor Natalino Salgado assina ordem de servi\u00e7o para execu\u00e7\u00e3o de obras no Campus de Balsas\"}]},{\"@type\":\"WebSite\",\"@id\":\"https:\/\/www.blogsoestado.com\/danielmatos\/#website\",\"url\":\"https:\/\/www.blogsoestado.com\/danielmatos\/\",\"name\":\"Daniel Matos\",\"description\":\"\",\"potentialAction\":[{\"@type\":\"SearchAction\",\"target\":{\"@type\":\"EntryPoint\",\"urlTemplate\":\"https:\/\/www.blogsoestado.com\/danielmatos\/?s={search_term_string}\"},\"query-input\":{\"@type\":\"PropertyValueSpecification\",\"valueRequired\":true,\"valueName\":\"search_term_string\"}}],\"inLanguage\":\"pt-BR\"}]}<\/script>\n<!-- \/ Yoast SEO plugin. -->","yoast_head_json":{"title":"Reitor Natalino Salgado assina ordem de servi\u00e7o para execu\u00e7\u00e3o de obras no Campus de Balsas - Daniel Matos","robots":{"index":"index","follow":"follow","max-snippet":"max-snippet:-1","max-image-preview":"max-image-preview:large","max-video-preview":"max-video-preview:-1"},"canonical":"https:\/\/www.blogsoestado.com\/danielmatos\/reitor-natalino-salgado-assina-ordem-de-servico-para-execucao-de-obras-no-campus-de-balsas\/","og_locale":"pt_BR","og_type":"article","og_title":"Reitor Natalino Salgado assina ordem de servi\u00e7o para execu\u00e7\u00e3o de obras no Campus de Balsas - Daniel Matos","og_description":"Pr\u00e9dio ter\u00e1 moderna infraestrutura para atender aos cursos implantados h\u00e1 pouco mais de um ano S\u00c3O LU\u00cdS \u2013 O reitor [&hellip;]","og_url":"https:\/\/www.blogsoestado.com\/danielmatos\/reitor-natalino-salgado-assina-ordem-de-servico-para-execucao-de-obras-no-campus-de-balsas\/","og_site_name":"Daniel Matos","article_published_time":"2015-02-26T21:08:53+00:00","og_image":[{"url":"https:\/\/www.blogsoestado.com\/danielmatos\/files\/2015\/02\/natalino-assina.png","type":"","width":"","height":""}],"twitter_card":"summary_large_image","twitter_misc":{"Est. tempo de leitura":"3 minutos"},"schema":{"@context":"https:\/\/schema.org","@graph":[{"@type":"WebPage","@id":"https:\/\/www.blogsoestado.com\/danielmatos\/reitor-natalino-salgado-assina-ordem-de-servico-para-execucao-de-obras-no-campus-de-balsas\/","url":"https:\/\/www.blogsoestado.com\/danielmatos\/reitor-natalino-salgado-assina-ordem-de-servico-para-execucao-de-obras-no-campus-de-balsas\/","name":"Reitor Natalino Salgado assina ordem de servi\u00e7o para execu\u00e7\u00e3o de obras no Campus de Balsas - Daniel Matos","isPartOf":{"@id":"https:\/\/www.blogsoestado.com\/danielmatos\/#website"},"primaryImageOfPage":{"@id":"https:\/\/www.blogsoestado.com\/danielmatos\/reitor-natalino-salgado-assina-ordem-de-servico-para-execucao-de-obras-no-campus-de-balsas\/#primaryimage"},"image":{"@id":"https:\/\/www.blogsoestado.com\/danielmatos\/reitor-natalino-salgado-assina-ordem-de-servico-para-execucao-de-obras-no-campus-de-balsas\/#primaryimage"},"thumbnailUrl":"https:\/\/www.blogsoestado.com\/danielmatos\/files\/2015\/02\/natalino-assina.png","datePublished":"2015-02-26T21:08:53+00:00","author":{"@id":""},"breadcrumb":{"@id":"https:\/\/www.blogsoestado.com\/danielmatos\/reitor-natalino-salgado-assina-ordem-de-servico-para-execucao-de-obras-no-campus-de-balsas\/#breadcrumb"},"inLanguage":"pt-BR","potentialAction":[{"@type":"ReadAction","target":["https:\/\/www.blogsoestado.com\/danielmatos\/reitor-natalino-salgado-assina-ordem-de-servico-para-execucao-de-obras-no-campus-de-balsas\/"]}]},{"@type":"ImageObject","inLanguage":"pt-BR","@id":"https:\/\/www.blogsoestado.com\/danielmatos\/reitor-natalino-salgado-assina-ordem-de-servico-para-execucao-de-obras-no-campus-de-balsas\/#primaryimage","url":"https:\/\/www.blogsoestado.com\/danielmatos\/files\/2015\/02\/natalino-assina.png","contentUrl":"https:\/\/www.blogsoestado.com\/danielmatos\/files\/2015\/02\/natalino-assina.png"},{"@type":"BreadcrumbList","@id":"https:\/\/www.blogsoestado.com\/danielmatos\/reitor-natalino-salgado-assina-ordem-de-servico-para-execucao-de-obras-no-campus-de-balsas\/#breadcrumb","itemListElement":[{"@type":"ListItem","position":1,"name":"In\u00edcio","item":"https:\/\/www.blogsoestado.com\/danielmatos\/"},{"@type":"ListItem","position":2,"name":"Reitor Natalino Salgado assina ordem de servi\u00e7o para execu\u00e7\u00e3o de obras no Campus de Balsas"}]},{"@type":"WebSite","@id":"https:\/\/www.blogsoestado.com\/danielmatos\/#website","url":"https:\/\/www.blogsoestado.com\/danielmatos\/","name":"Daniel Matos","description":"","potentialAction":[{"@type":"SearchAction","target":{"@type":"EntryPoint","urlTemplate":"https:\/\/www.blogsoestado.com\/danielmatos\/?s={search_term_string}"},"query-input":{"@type":"PropertyValueSpecification","valueRequired":true,"valueName":"search_term_string"}}],"inLanguage":"pt-BR"}]}},"jetpack_featured_media_url":"","_links":{"self":[{"href":"https:\/\/www.blogsoestado.com\/danielmatos\/wp-json\/wp\/v2\/posts\/22262","targetHints":{"allow":["GET"]}}],"collection":[{"href":"https:\/\/www.blogsoestado.com\/danielmatos\/wp-json\/wp\/v2\/posts"}],"about":[{"href":"https:\/\/www.blogsoestado.com\/danielmatos\/wp-json\/wp\/v2\/types\/post"}],"replies":[{"embeddable":true,"href":"https:\/\/www.blogsoestado.com\/danielmatos\/wp-json\/wp\/v2\/comments?post=22262"}],"version-history":[{"count":0,"href":"https:\/\/www.blogsoestado.com\/danielmatos\/wp-json\/wp\/v2\/posts\/22262\/revisions"}],"wp:attachment":[{"href":"https:\/\/www.blogsoestado.com\/danielmatos\/wp-json\/wp\/v2\/media?parent=22262"}],"wp:term":[{"taxonomy":"category","embeddable":true,"href":"https:\/\/www.blogsoestado.com\/danielmatos\/wp-json\/wp\/v2\/categories?post=22262"},{"taxonomy":"post_tag","embeddable":true,"href":"https:\/\/www.blogsoestado.com\/danielmatos\/wp-json\/wp\/v2\/tags?post=22262"}],"curies":[{"name":"wp","href":"https:\/\/api.w.org\/{rel}","templated":true}]}}