{"id":22271,"date":"2015-02-28T14:08:49","date_gmt":"2015-02-28T17:08:49","guid":{"rendered":"https:\/\/www.blogsoestado.com\/danielmatos\/?p=22271"},"modified":"2015-02-28T14:08:49","modified_gmt":"2015-02-28T17:08:49","slug":"ze-inacio-promove-seminario-para-construcao-do-seu-mandato","status":"publish","type":"post","link":"https:\/\/www.blogsoestado.com\/danielmatos\/ze-inacio-promove-seminario-para-construcao-do-seu-mandato\/","title":{"rendered":"Z\u00e9 In\u00e1cio promove Semin\u00e1rio para constru\u00e7\u00e3o do seu mandato"},"content":{"rendered":"<figure id=\"attachment_22272\" aria-describedby=\"caption-attachment-22272\" style=\"width: 640px\" class=\"wp-caption aligncenter\"><a href=\"https:\/\/www.blogsoestado.com\/danielmatos\/files\/2015\/02\/inacio-seminario.jpg\"><img fetchpriority=\"high\" decoding=\"async\" class=\"size-full wp-image-22272\" src=\"https:\/\/www.blogsoestado.com\/danielmatos\/files\/2015\/02\/inacio-seminario.jpg\" alt=\"Z\u00e9 In\u00e1cio fala ao p\u00fablico presente ao semin\u00e1rio, prestigiado por Raimundo Monteiro, Humberto Costa e Helena Heluy \" width=\"640\" height=\"424\" \/><\/a><figcaption id=\"caption-attachment-22272\" class=\"wp-caption-text\">Z\u00e9 In\u00e1cio fala ao p\u00fablico presente ao semin\u00e1rio, prestigiado por Raimundo Monteiro, Humberto Costa e Helena Heluy<\/figcaption><\/figure>\n<p>O deputado estadual Z\u00e9 In\u00e1cio (PT) promoveu nesta sexta-feira (27) o I Semin\u00e1rio &#8220;Brasil Atual e os Desafios do Mandato Popular&#8221;, com o objetivo de definir as a\u00e7\u00f5es priorit\u00e1rias para o planejamento do mandato parlamentar, a partir das propostas de campanha, diretrizes do mandato e princ\u00edpios do mandato popular petista.<\/p>\n<p>O semin\u00e1rio contou com a presen\u00e7a do senador pernambucano Humberto Costa, l\u00edder do PT\u00a0no Senado, que veio contribuir com as suas experi\u00eancias como gestor p\u00fablico e parlamentar.<\/p>\n<p>Z\u00e9 In\u00e1cio\u00a0destacou a import\u00e2ncia da participa\u00e7\u00e3o popular em seu mandato como deputado estadual. &#8220;Ouvir, neste momento,\u00a0v\u00e1rios segmentos para discutir o nosso mandato \u00e9 de uma grande satisfa\u00e7\u00e3o porque durante todo o meu trabalho como gestor p\u00fablico, pol\u00edtico e agora como parlamentar, esses segmentos contribu\u00edram bastante&#8221;, disse Z\u00e9 In\u00e1cio.<\/p>\n<p>No semin\u00e1rio, foram discutidos em grupos algumas \u00e1reas de atua\u00e7\u00e3o do mandato do deputado Z\u00e9 In\u00e1cio, entre as\u00a0quais\u00a0agricultura familiar, reforma agr\u00e1ria e meio ambiente; desenvolvimento territorial, economia solid\u00e1ria e seguran\u00e7a alimentar; igualdade de g\u00eanero; pol\u00edtica para juventude; promo\u00e7\u00e3o da igualdade racial; direitos humanos e diversidade; educa\u00e7\u00e3o e cultura.<\/p>\n<p>Quem tamb\u00e9m deu a sua contribui\u00e7\u00e3o ao semin\u00e1rio &#8220;Brasil Atual e os Desafios do Mandato Popular&#8221; foi a ex-vereadora e ex-deputada estadual Helena Barros Heluy (PT), que falou sobre a sua atua\u00e7\u00e3o pol\u00edtica.<\/p>\n<p>Participaram tamb\u00e9m do semin\u00e1rio o presidente do PT no Maranh\u00e3o, Raimundo Monteiro, a representante da Executiva Nacional do partido, Berenice Silva, as prefeitas de Itinga, Vete Botelho, e de Urbano Santos, Iracema Vale, e o prefeito de Alc\u00e2ntara, Domingos Arakem, al\u00e9m de Gra\u00e7a Amorim, representante da Federa\u00e7\u00e3o Nacional dos Trabalhadores e Trabalhadoras na Agricultura Familiar (Fetraf\/MA), que ressaltou a import\u00e2ncia da contribui\u00e7\u00e3o do homem do campo no processo de desenvolvimento do Brasil no atual cen\u00e1rio pol\u00edtico.<\/p>\n<p>O senador Humberto Costa falou da import\u00e2ncia da iniciativa do deputado Z\u00e9 In\u00e1cio. \u201cIniciar seu mandato com essas prerrogativas, com a colabora\u00e7\u00e3o popular, \u00e9 uma estrat\u00e9gia fundamental para que d\u00ea certo. Z\u00e9 In\u00e1cio j\u00e1 est\u00e1 fazendo a diferen\u00e7a com essa iniciativa e, portanto, tem tudo para fazer um bom mandato\u201d,\u00a0observou.<\/p>\n<p>Estiveram presentes ao evento\u00a0146 representantes de entidades e movimentos sociais de 47 munic\u00edpios maranhenses, al\u00e9m de militantes do PT e membros da sociedade civil organizada.<\/p>\n<p>Ainda na parte da tarde, foram realizadas atividades em grupos com o objetivo de criar propostas priorit\u00e1rias para implement\u00e1-las durante o mandato legislativo.<\/p>\n","protected":false},"excerpt":{"rendered":"<p>O deputado estadual Z\u00e9 In\u00e1cio (PT) promoveu nesta sexta-feira (27) o I Semin\u00e1rio &#8220;Brasil Atual e os Desafios do Mandato [&hellip;]<\/p>\n","protected":false},"author":0,"featured_media":0,"comment_status":"open","ping_status":"open","sticky":false,"template":"","format":"standard","meta":{"site-sidebar-layout":"default","site-content-layout":"","ast-site-content-layout":"default","site-content-style":"default","site-sidebar-style":"default","ast-global-header-display":"","ast-banner-title-visibility":"","ast-main-header-display":"","ast-hfb-above-header-display":"","ast-hfb-below-header-display":"","ast-hfb-mobile-header-display":"","site-post-title":"","ast-breadcrumbs-content":"","ast-featured-img":"","footer-sml-layout":"","ast-disable-related-posts":"","theme-transparent-header-meta":"","adv-header-id-meta":"","stick-header-meta":"","header-above-stick-meta":"","header-main-stick-meta":"","header-below-stick-meta":"","astra-migrate-meta-layouts":"default","ast-page-background-enabled":"default","ast-page-background-meta":{"desktop":{"background-color":"var(--ast-global-color-5)","background-image":"","background-repeat":"repeat","background-position":"center center","background-size":"auto","background-attachment":"scroll","background-type":"","background-media":"","overlay-type":"","overlay-color":"","overlay-opacity":"","overlay-gradient":""},"tablet":{"background-color":"","background-image":"","background-repeat":"repeat","background-position":"center center","background-size":"auto","background-attachment":"scroll","background-type":"","background-media":"","overlay-type":"","overlay-color":"","overlay-opacity":"","overlay-gradient":""},"mobile":{"background-color":"","background-image":"","background-repeat":"repeat","background-position":"center center","background-size":"auto","background-attachment":"scroll","background-type":"","background-media":"","overlay-type":"","overlay-color":"","overlay-opacity":"","overlay-gradient":""}},"ast-content-background-meta":{"desktop":{"background-color":"var(--ast-global-color-4)","background-image":"","background-repeat":"repeat","background-position":"center center","background-size":"auto","background-attachment":"scroll","background-type":"","background-media":"","overlay-type":"","overlay-color":"","overlay-opacity":"","overlay-gradient":""},"tablet":{"background-color":"var(--ast-global-color-4)","background-image":"","background-repeat":"repeat","background-position":"center center","background-size":"auto","background-attachment":"scroll","background-type":"","background-media":"","overlay-type":"","overlay-color":"","overlay-opacity":"","overlay-gradient":""},"mobile":{"background-color":"var(--ast-global-color-4)","background-image":"","background-repeat":"repeat","background-position":"center center","background-size":"auto","background-attachment":"scroll","background-type":"","background-media":"","overlay-type":"","overlay-color":"","overlay-opacity":"","overlay-gradient":""}},"footnotes":""},"categories":[1],"tags":[],"class_list":["post-22271","post","type-post","status-publish","format-standard","hentry","category-sem-categoria"],"yoast_head":"<!-- This site is optimized with the Yoast SEO plugin v26.6 - https:\/\/yoast.com\/wordpress\/plugins\/seo\/ -->\n<title>Z\u00e9 In\u00e1cio promove Semin\u00e1rio para constru\u00e7\u00e3o do seu mandato - Daniel Matos<\/title>\n<meta name=\"robots\" content=\"index, follow, max-snippet:-1, max-image-preview:large, max-video-preview:-1\" \/>\n<link rel=\"canonical\" href=\"https:\/\/www.blogsoestado.com\/danielmatos\/ze-inacio-promove-seminario-para-construcao-do-seu-mandato\/\" \/>\n<meta property=\"og:locale\" content=\"pt_BR\" \/>\n<meta property=\"og:type\" content=\"article\" \/>\n<meta property=\"og:title\" content=\"Z\u00e9 In\u00e1cio promove Semin\u00e1rio para constru\u00e7\u00e3o do seu mandato - Daniel Matos\" \/>\n<meta property=\"og:description\" content=\"O deputado estadual Z\u00e9 In\u00e1cio (PT) promoveu nesta sexta-feira (27) o I Semin\u00e1rio &#8220;Brasil Atual e os Desafios do Mandato [&hellip;]\" \/>\n<meta property=\"og:url\" content=\"https:\/\/www.blogsoestado.com\/danielmatos\/ze-inacio-promove-seminario-para-construcao-do-seu-mandato\/\" \/>\n<meta property=\"og:site_name\" content=\"Daniel Matos\" \/>\n<meta property=\"article:published_time\" content=\"2015-02-28T17:08:49+00:00\" \/>\n<meta property=\"og:image\" content=\"https:\/\/www.blogsoestado.com\/danielmatos\/files\/2015\/02\/inacio-seminario.jpg\" \/>\n<meta name=\"twitter:card\" content=\"summary_large_image\" \/>\n<meta name=\"twitter:label1\" content=\"Est. tempo de leitura\" \/>\n\t<meta name=\"twitter:data1\" content=\"2 minutos\" \/>\n<script type=\"application\/ld+json\" class=\"yoast-schema-graph\">{\"@context\":\"https:\/\/schema.org\",\"@graph\":[{\"@type\":\"WebPage\",\"@id\":\"https:\/\/www.blogsoestado.com\/danielmatos\/ze-inacio-promove-seminario-para-construcao-do-seu-mandato\/\",\"url\":\"https:\/\/www.blogsoestado.com\/danielmatos\/ze-inacio-promove-seminario-para-construcao-do-seu-mandato\/\",\"name\":\"Z\u00e9 In\u00e1cio promove Semin\u00e1rio para constru\u00e7\u00e3o do seu mandato - Daniel Matos\",\"isPartOf\":{\"@id\":\"https:\/\/www.blogsoestado.com\/danielmatos\/#website\"},\"primaryImageOfPage\":{\"@id\":\"https:\/\/www.blogsoestado.com\/danielmatos\/ze-inacio-promove-seminario-para-construcao-do-seu-mandato\/#primaryimage\"},\"image\":{\"@id\":\"https:\/\/www.blogsoestado.com\/danielmatos\/ze-inacio-promove-seminario-para-construcao-do-seu-mandato\/#primaryimage\"},\"thumbnailUrl\":\"https:\/\/www.blogsoestado.com\/danielmatos\/files\/2015\/02\/inacio-seminario.jpg\",\"datePublished\":\"2015-02-28T17:08:49+00:00\",\"author\":{\"@id\":\"\"},\"breadcrumb\":{\"@id\":\"https:\/\/www.blogsoestado.com\/danielmatos\/ze-inacio-promove-seminario-para-construcao-do-seu-mandato\/#breadcrumb\"},\"inLanguage\":\"pt-BR\",\"potentialAction\":[{\"@type\":\"ReadAction\",\"target\":[\"https:\/\/www.blogsoestado.com\/danielmatos\/ze-inacio-promove-seminario-para-construcao-do-seu-mandato\/\"]}]},{\"@type\":\"ImageObject\",\"inLanguage\":\"pt-BR\",\"@id\":\"https:\/\/www.blogsoestado.com\/danielmatos\/ze-inacio-promove-seminario-para-construcao-do-seu-mandato\/#primaryimage\",\"url\":\"https:\/\/www.blogsoestado.com\/danielmatos\/files\/2015\/02\/inacio-seminario.jpg\",\"contentUrl\":\"https:\/\/www.blogsoestado.com\/danielmatos\/files\/2015\/02\/inacio-seminario.jpg\"},{\"@type\":\"BreadcrumbList\",\"@id\":\"https:\/\/www.blogsoestado.com\/danielmatos\/ze-inacio-promove-seminario-para-construcao-do-seu-mandato\/#breadcrumb\",\"itemListElement\":[{\"@type\":\"ListItem\",\"position\":1,\"name\":\"In\u00edcio\",\"item\":\"https:\/\/www.blogsoestado.com\/danielmatos\/\"},{\"@type\":\"ListItem\",\"position\":2,\"name\":\"Z\u00e9 In\u00e1cio promove Semin\u00e1rio para constru\u00e7\u00e3o do seu mandato\"}]},{\"@type\":\"WebSite\",\"@id\":\"https:\/\/www.blogsoestado.com\/danielmatos\/#website\",\"url\":\"https:\/\/www.blogsoestado.com\/danielmatos\/\",\"name\":\"Daniel Matos\",\"description\":\"\",\"potentialAction\":[{\"@type\":\"SearchAction\",\"target\":{\"@type\":\"EntryPoint\",\"urlTemplate\":\"https:\/\/www.blogsoestado.com\/danielmatos\/?s={search_term_string}\"},\"query-input\":{\"@type\":\"PropertyValueSpecification\",\"valueRequired\":true,\"valueName\":\"search_term_string\"}}],\"inLanguage\":\"pt-BR\"}]}<\/script>\n<!-- \/ Yoast SEO plugin. -->","yoast_head_json":{"title":"Z\u00e9 In\u00e1cio promove Semin\u00e1rio para constru\u00e7\u00e3o do seu mandato - Daniel Matos","robots":{"index":"index","follow":"follow","max-snippet":"max-snippet:-1","max-image-preview":"max-image-preview:large","max-video-preview":"max-video-preview:-1"},"canonical":"https:\/\/www.blogsoestado.com\/danielmatos\/ze-inacio-promove-seminario-para-construcao-do-seu-mandato\/","og_locale":"pt_BR","og_type":"article","og_title":"Z\u00e9 In\u00e1cio promove Semin\u00e1rio para constru\u00e7\u00e3o do seu mandato - Daniel Matos","og_description":"O deputado estadual Z\u00e9 In\u00e1cio (PT) promoveu nesta sexta-feira (27) o I Semin\u00e1rio &#8220;Brasil Atual e os Desafios do Mandato [&hellip;]","og_url":"https:\/\/www.blogsoestado.com\/danielmatos\/ze-inacio-promove-seminario-para-construcao-do-seu-mandato\/","og_site_name":"Daniel Matos","article_published_time":"2015-02-28T17:08:49+00:00","og_image":[{"url":"https:\/\/www.blogsoestado.com\/danielmatos\/files\/2015\/02\/inacio-seminario.jpg","type":"","width":"","height":""}],"twitter_card":"summary_large_image","twitter_misc":{"Est. tempo de leitura":"2 minutos"},"schema":{"@context":"https:\/\/schema.org","@graph":[{"@type":"WebPage","@id":"https:\/\/www.blogsoestado.com\/danielmatos\/ze-inacio-promove-seminario-para-construcao-do-seu-mandato\/","url":"https:\/\/www.blogsoestado.com\/danielmatos\/ze-inacio-promove-seminario-para-construcao-do-seu-mandato\/","name":"Z\u00e9 In\u00e1cio promove Semin\u00e1rio para constru\u00e7\u00e3o do seu mandato - Daniel Matos","isPartOf":{"@id":"https:\/\/www.blogsoestado.com\/danielmatos\/#website"},"primaryImageOfPage":{"@id":"https:\/\/www.blogsoestado.com\/danielmatos\/ze-inacio-promove-seminario-para-construcao-do-seu-mandato\/#primaryimage"},"image":{"@id":"https:\/\/www.blogsoestado.com\/danielmatos\/ze-inacio-promove-seminario-para-construcao-do-seu-mandato\/#primaryimage"},"thumbnailUrl":"https:\/\/www.blogsoestado.com\/danielmatos\/files\/2015\/02\/inacio-seminario.jpg","datePublished":"2015-02-28T17:08:49+00:00","author":{"@id":""},"breadcrumb":{"@id":"https:\/\/www.blogsoestado.com\/danielmatos\/ze-inacio-promove-seminario-para-construcao-do-seu-mandato\/#breadcrumb"},"inLanguage":"pt-BR","potentialAction":[{"@type":"ReadAction","target":["https:\/\/www.blogsoestado.com\/danielmatos\/ze-inacio-promove-seminario-para-construcao-do-seu-mandato\/"]}]},{"@type":"ImageObject","inLanguage":"pt-BR","@id":"https:\/\/www.blogsoestado.com\/danielmatos\/ze-inacio-promove-seminario-para-construcao-do-seu-mandato\/#primaryimage","url":"https:\/\/www.blogsoestado.com\/danielmatos\/files\/2015\/02\/inacio-seminario.jpg","contentUrl":"https:\/\/www.blogsoestado.com\/danielmatos\/files\/2015\/02\/inacio-seminario.jpg"},{"@type":"BreadcrumbList","@id":"https:\/\/www.blogsoestado.com\/danielmatos\/ze-inacio-promove-seminario-para-construcao-do-seu-mandato\/#breadcrumb","itemListElement":[{"@type":"ListItem","position":1,"name":"In\u00edcio","item":"https:\/\/www.blogsoestado.com\/danielmatos\/"},{"@type":"ListItem","position":2,"name":"Z\u00e9 In\u00e1cio promove Semin\u00e1rio para constru\u00e7\u00e3o do seu mandato"}]},{"@type":"WebSite","@id":"https:\/\/www.blogsoestado.com\/danielmatos\/#website","url":"https:\/\/www.blogsoestado.com\/danielmatos\/","name":"Daniel Matos","description":"","potentialAction":[{"@type":"SearchAction","target":{"@type":"EntryPoint","urlTemplate":"https:\/\/www.blogsoestado.com\/danielmatos\/?s={search_term_string}"},"query-input":{"@type":"PropertyValueSpecification","valueRequired":true,"valueName":"search_term_string"}}],"inLanguage":"pt-BR"}]}},"jetpack_featured_media_url":"","_links":{"self":[{"href":"https:\/\/www.blogsoestado.com\/danielmatos\/wp-json\/wp\/v2\/posts\/22271","targetHints":{"allow":["GET"]}}],"collection":[{"href":"https:\/\/www.blogsoestado.com\/danielmatos\/wp-json\/wp\/v2\/posts"}],"about":[{"href":"https:\/\/www.blogsoestado.com\/danielmatos\/wp-json\/wp\/v2\/types\/post"}],"replies":[{"embeddable":true,"href":"https:\/\/www.blogsoestado.com\/danielmatos\/wp-json\/wp\/v2\/comments?post=22271"}],"version-history":[{"count":0,"href":"https:\/\/www.blogsoestado.com\/danielmatos\/wp-json\/wp\/v2\/posts\/22271\/revisions"}],"wp:attachment":[{"href":"https:\/\/www.blogsoestado.com\/danielmatos\/wp-json\/wp\/v2\/media?parent=22271"}],"wp:term":[{"taxonomy":"category","embeddable":true,"href":"https:\/\/www.blogsoestado.com\/danielmatos\/wp-json\/wp\/v2\/categories?post=22271"},{"taxonomy":"post_tag","embeddable":true,"href":"https:\/\/www.blogsoestado.com\/danielmatos\/wp-json\/wp\/v2\/tags?post=22271"}],"curies":[{"name":"wp","href":"https:\/\/api.w.org\/{rel}","templated":true}]}}