{"id":22282,"date":"2015-03-02T11:03:34","date_gmt":"2015-03-02T14:03:34","guid":{"rendered":"https:\/\/www.blogsoestado.com\/danielmatos\/?p=22282"},"modified":"2015-03-02T11:03:34","modified_gmt":"2015-03-02T14:03:34","slug":"tj-nega-mais-um-habeas-corpus-a-acusado-de-mandar-matar-jornalista-decio-sa","status":"publish","type":"post","link":"https:\/\/www.blogsoestado.com\/danielmatos\/tj-nega-mais-um-habeas-corpus-a-acusado-de-mandar-matar-jornalista-decio-sa\/","title":{"rendered":"TJ nega mais um habeas corpus a acusado de mandar matar jornalista D\u00e9cio S\u00e1"},"content":{"rendered":"<figure id=\"attachment_22283\" aria-describedby=\"caption-attachment-22283\" style=\"width: 340px\" class=\"wp-caption alignright\"><a href=\"https:\/\/www.blogsoestado.com\/danielmatos\/files\/2015\/03\/glaucio-alencar.jpg\"><img fetchpriority=\"high\" decoding=\"async\" class=\"size-full wp-image-22283\" src=\"https:\/\/www.blogsoestado.com\/danielmatos\/files\/2015\/03\/glaucio-alencar.jpg\" alt=\"Acusado de ter mandado matar D\u00e9cio S\u00e1, Gl\u00e1ucio Alencar continuar\u00e1 preso\" width=\"340\" height=\"280\" \/><\/a><figcaption id=\"caption-attachment-22283\" class=\"wp-caption-text\">Acusado de ter mandado matar D\u00e9cio S\u00e1 continuar\u00e1 preso<\/figcaption><\/figure>\n<p>O desembargador Jos\u00e9 Luiz Oliveira de Almeida, membro da Segunda C\u00e2mara Criminal do Tribunal de Justi\u00e7a do Maranh\u00e3o, negou, no \u00faltimo dia 20, habeas corpus, com pedido de liminar, impetrado pela defesa do empres\u00e1rio e suposto agiota Gl\u00e1ucio Alencar Pontes Carvalho, preso e pronunciado a j\u00fari sob a acusa\u00e7\u00e3o de ter mandado assassinar o jornalista D\u00e9cio S\u00e1, em 23 de abril de 2012, em um bar da Avenida Litor\u00e2nea, na Praia de S\u00e3o Marcos. Relator do recurso, o magistrado argumentou\u00a0n\u00e3o ter vislumbrado a presen\u00e7a dos pressupostos legais para revogar a pris\u00e3o preventiva, como\u00a0amea\u00e7a \u00e0 integridade f\u00edsica do acusado.<\/p>\n<p>Gl\u00e1ucio voltou a alegar inoc\u00eancia, reafirmando n\u00e3o ter motivo para mandar matar o jornalista. Aludiu ainda excesso de prazo para o julgamento.\u00a0Em\u00a0rela\u00e7\u00e3o \u00e0 nega\u00e7\u00e3o de autoria do crime, o desembargador observou ser inadequada\u00a0a via escolhida pela defesa para o reexame de fatos e provas.<\/p>\n<p>Sobre o alegado excesso\u00a0de prazo, o magistrado\u00a0lembrou que ap\u00f3s a\u00a0pron\u00fancia a j\u00fari, a defesa de Gl\u00e1ucio ingressou com diversos recursos e requerimentos que, indubitavelmente, acabam por retardar o julgamento. &#8220;Registre-se que o processo em quest\u00e3o encontra-se pendente de julgamento do recurso especial interposto pelo advogado do paciente contra decis\u00e3o proferida por este Tribunal em sede de agravo regimental&#8221;, acrescentou.<\/p>\n<p>Por fim, Jos\u00e9 Luiz Almeida ressaltou que os advogados do acusado deixaram de\u00a0juntar aos autos c\u00f3pia da decis\u00e3o que mant\u00e9m a pris\u00e3o preventiva do paciente, o que inviabiliza o exame da alega\u00e7\u00e3o de aus\u00eancia de fundamenta\u00e7\u00e3o da medida cautelar.<\/p>\n<p><strong>Retrospecto<\/strong><\/p>\n<p>Rep\u00f3rter de pol\u00edtica de O Estado e autor de um dos blogs mais acessados do Maranh\u00e3o, D\u00e9cio S\u00e1 foi executado com cinco\u00a0tiros de pistola .40 pelo matador de aluguel\u00a0\u00a0Jhonathan de Sousa Silva, transportado em uma motocicleta pilotada por Marcos Bruno Silva de Oliveira. Ambos foram condenados em fevereiro de 2014, a 25 anos e tr\u00eas meses e a 18 anos e tr\u00eas meses, respectivamente.<\/p>\n<p>Em 13 de junho de 2012, menos de dois meses ap\u00f3s o crime, a pol\u00edcia realizou a Opera\u00e7\u00e3o Detonando, que\u00a0resultou na pris\u00e3o de oito pessoas suspeitas de envolvimento no assassinato do jornalista. Foram detidos\u00a0Jos\u00e9 Raimundo Sales Chaves j\u00fanior, o \u201cJ\u00fanior Bolinha\u201d; os policiais Alcides Nunes da Silva e Joel Durans Medeiros; Elker Farias Veloso; o capit\u00e3o da PM, F\u00e1bio Aur\u00e9lio Saraiva Silva, o \u201cF\u00e1bio Capita\u201d; F\u00e1bio Aur\u00e9lio do Lago e Silva, o \u201cBochecha\u201d (solto em julho de 2013 por falta de provas); os empres\u00e1rios Gl\u00e1ucio Alencar Pontes Carvalho e Jos\u00e9 de Alencar Miranda Carvalho,\u00a0pai de Gl\u00e1ucio, que cumpre pris\u00e3o domiciliar desde agosto do ano passado em raz\u00e3o do seu grave estado de sa\u00fade (ele \u00e9 cardiopata).<\/p>\n<p>Todos foram pronunciados\u00a0a j\u00fari e recorreram da decis\u00e3o, proferida pelo juiz Osmar Gomes, ent\u00e3o titular da\u00a01\u00aa Vara do Tribunal do J\u00fari.<\/p>\n<p>O\u00a0advogado Ronaldo Henrique Santos Ribeiro, denunciado pelo Minist\u00e9rio P\u00fablico por suposta participa\u00e7\u00e3o no assassinato do jornalista n\u00e3o ser\u00e1 levado a j\u00fari popular. Em outubro de 2013, o juiz Osmar Gomes impronunciou o acusado, por n\u00e3o verificar ind\u00edcios suficientes que comprovem a autoria ou participa\u00e7\u00e3o do advogado no crime.<\/p>\n","protected":false},"excerpt":{"rendered":"<p>O desembargador Jos\u00e9 Luiz Oliveira de Almeida, membro da Segunda C\u00e2mara Criminal do Tribunal de Justi\u00e7a do Maranh\u00e3o, negou, no [&hellip;]<\/p>\n","protected":false},"author":0,"featured_media":0,"comment_status":"open","ping_status":"open","sticky":false,"template":"","format":"standard","meta":{"site-sidebar-layout":"default","site-content-layout":"","ast-site-content-layout":"default","site-content-style":"default","site-sidebar-style":"default","ast-global-header-display":"","ast-banner-title-visibility":"","ast-main-header-display":"","ast-hfb-above-header-display":"","ast-hfb-below-header-display":"","ast-hfb-mobile-header-display":"","site-post-title":"","ast-breadcrumbs-content":"","ast-featured-img":"","footer-sml-layout":"","ast-disable-related-posts":"","theme-transparent-header-meta":"","adv-header-id-meta":"","stick-header-meta":"","header-above-stick-meta":"","header-main-stick-meta":"","header-below-stick-meta":"","astra-migrate-meta-layouts":"default","ast-page-background-enabled":"default","ast-page-background-meta":{"desktop":{"background-color":"var(--ast-global-color-5)","background-image":"","background-repeat":"repeat","background-position":"center center","background-size":"auto","background-attachment":"scroll","background-type":"","background-media":"","overlay-type":"","overlay-color":"","overlay-opacity":"","overlay-gradient":""},"tablet":{"background-color":"","background-image":"","background-repeat":"repeat","background-position":"center center","background-size":"auto","background-attachment":"scroll","background-type":"","background-media":"","overlay-type":"","overlay-color":"","overlay-opacity":"","overlay-gradient":""},"mobile":{"background-color":"","background-image":"","background-repeat":"repeat","background-position":"center center","background-size":"auto","background-attachment":"scroll","background-type":"","background-media":"","overlay-type":"","overlay-color":"","overlay-opacity":"","overlay-gradient":""}},"ast-content-background-meta":{"desktop":{"background-color":"var(--ast-global-color-4)","background-image":"","background-repeat":"repeat","background-position":"center center","background-size":"auto","background-attachment":"scroll","background-type":"","background-media":"","overlay-type":"","overlay-color":"","overlay-opacity":"","overlay-gradient":""},"tablet":{"background-color":"var(--ast-global-color-4)","background-image":"","background-repeat":"repeat","background-position":"center center","background-size":"auto","background-attachment":"scroll","background-type":"","background-media":"","overlay-type":"","overlay-color":"","overlay-opacity":"","overlay-gradient":""},"mobile":{"background-color":"var(--ast-global-color-4)","background-image":"","background-repeat":"repeat","background-position":"center center","background-size":"auto","background-attachment":"scroll","background-type":"","background-media":"","overlay-type":"","overlay-color":"","overlay-opacity":"","overlay-gradient":""}},"footnotes":""},"categories":[1],"tags":[],"class_list":["post-22282","post","type-post","status-publish","format-standard","hentry","category-sem-categoria"],"yoast_head":"<!-- This site is optimized with the Yoast SEO plugin v26.6 - https:\/\/yoast.com\/wordpress\/plugins\/seo\/ -->\n<title>TJ nega mais um habeas corpus a acusado de mandar matar jornalista D\u00e9cio S\u00e1 - Daniel Matos<\/title>\n<meta name=\"robots\" content=\"index, follow, max-snippet:-1, max-image-preview:large, max-video-preview:-1\" \/>\n<link rel=\"canonical\" href=\"https:\/\/www.blogsoestado.com\/danielmatos\/tj-nega-mais-um-habeas-corpus-a-acusado-de-mandar-matar-jornalista-decio-sa\/\" \/>\n<meta property=\"og:locale\" content=\"pt_BR\" \/>\n<meta property=\"og:type\" content=\"article\" \/>\n<meta property=\"og:title\" content=\"TJ nega mais um habeas corpus a acusado de mandar matar jornalista D\u00e9cio S\u00e1 - Daniel Matos\" \/>\n<meta property=\"og:description\" content=\"O desembargador Jos\u00e9 Luiz Oliveira de Almeida, membro da Segunda C\u00e2mara Criminal do Tribunal de Justi\u00e7a do Maranh\u00e3o, negou, no [&hellip;]\" \/>\n<meta property=\"og:url\" content=\"https:\/\/www.blogsoestado.com\/danielmatos\/tj-nega-mais-um-habeas-corpus-a-acusado-de-mandar-matar-jornalista-decio-sa\/\" \/>\n<meta property=\"og:site_name\" content=\"Daniel Matos\" \/>\n<meta property=\"article:published_time\" content=\"2015-03-02T14:03:34+00:00\" \/>\n<meta property=\"og:image\" content=\"https:\/\/www.blogsoestado.com\/danielmatos\/files\/2015\/03\/glaucio-alencar.jpg\" \/>\n<meta name=\"twitter:card\" content=\"summary_large_image\" \/>\n<meta name=\"twitter:label1\" content=\"Est. tempo de leitura\" \/>\n\t<meta name=\"twitter:data1\" content=\"3 minutos\" \/>\n<script type=\"application\/ld+json\" class=\"yoast-schema-graph\">{\"@context\":\"https:\/\/schema.org\",\"@graph\":[{\"@type\":\"WebPage\",\"@id\":\"https:\/\/www.blogsoestado.com\/danielmatos\/tj-nega-mais-um-habeas-corpus-a-acusado-de-mandar-matar-jornalista-decio-sa\/\",\"url\":\"https:\/\/www.blogsoestado.com\/danielmatos\/tj-nega-mais-um-habeas-corpus-a-acusado-de-mandar-matar-jornalista-decio-sa\/\",\"name\":\"TJ nega mais um habeas corpus a acusado de mandar matar jornalista D\u00e9cio S\u00e1 - Daniel Matos\",\"isPartOf\":{\"@id\":\"https:\/\/www.blogsoestado.com\/danielmatos\/#website\"},\"primaryImageOfPage\":{\"@id\":\"https:\/\/www.blogsoestado.com\/danielmatos\/tj-nega-mais-um-habeas-corpus-a-acusado-de-mandar-matar-jornalista-decio-sa\/#primaryimage\"},\"image\":{\"@id\":\"https:\/\/www.blogsoestado.com\/danielmatos\/tj-nega-mais-um-habeas-corpus-a-acusado-de-mandar-matar-jornalista-decio-sa\/#primaryimage\"},\"thumbnailUrl\":\"https:\/\/www.blogsoestado.com\/danielmatos\/files\/2015\/03\/glaucio-alencar.jpg\",\"datePublished\":\"2015-03-02T14:03:34+00:00\",\"author\":{\"@id\":\"\"},\"breadcrumb\":{\"@id\":\"https:\/\/www.blogsoestado.com\/danielmatos\/tj-nega-mais-um-habeas-corpus-a-acusado-de-mandar-matar-jornalista-decio-sa\/#breadcrumb\"},\"inLanguage\":\"pt-BR\",\"potentialAction\":[{\"@type\":\"ReadAction\",\"target\":[\"https:\/\/www.blogsoestado.com\/danielmatos\/tj-nega-mais-um-habeas-corpus-a-acusado-de-mandar-matar-jornalista-decio-sa\/\"]}]},{\"@type\":\"ImageObject\",\"inLanguage\":\"pt-BR\",\"@id\":\"https:\/\/www.blogsoestado.com\/danielmatos\/tj-nega-mais-um-habeas-corpus-a-acusado-de-mandar-matar-jornalista-decio-sa\/#primaryimage\",\"url\":\"https:\/\/www.blogsoestado.com\/danielmatos\/files\/2015\/03\/glaucio-alencar.jpg\",\"contentUrl\":\"https:\/\/www.blogsoestado.com\/danielmatos\/files\/2015\/03\/glaucio-alencar.jpg\"},{\"@type\":\"BreadcrumbList\",\"@id\":\"https:\/\/www.blogsoestado.com\/danielmatos\/tj-nega-mais-um-habeas-corpus-a-acusado-de-mandar-matar-jornalista-decio-sa\/#breadcrumb\",\"itemListElement\":[{\"@type\":\"ListItem\",\"position\":1,\"name\":\"In\u00edcio\",\"item\":\"https:\/\/www.blogsoestado.com\/danielmatos\/\"},{\"@type\":\"ListItem\",\"position\":2,\"name\":\"TJ nega mais um habeas corpus a acusado de mandar matar jornalista D\u00e9cio S\u00e1\"}]},{\"@type\":\"WebSite\",\"@id\":\"https:\/\/www.blogsoestado.com\/danielmatos\/#website\",\"url\":\"https:\/\/www.blogsoestado.com\/danielmatos\/\",\"name\":\"Daniel Matos\",\"description\":\"\",\"potentialAction\":[{\"@type\":\"SearchAction\",\"target\":{\"@type\":\"EntryPoint\",\"urlTemplate\":\"https:\/\/www.blogsoestado.com\/danielmatos\/?s={search_term_string}\"},\"query-input\":{\"@type\":\"PropertyValueSpecification\",\"valueRequired\":true,\"valueName\":\"search_term_string\"}}],\"inLanguage\":\"pt-BR\"}]}<\/script>\n<!-- \/ Yoast SEO plugin. -->","yoast_head_json":{"title":"TJ nega mais um habeas corpus a acusado de mandar matar jornalista D\u00e9cio S\u00e1 - Daniel Matos","robots":{"index":"index","follow":"follow","max-snippet":"max-snippet:-1","max-image-preview":"max-image-preview:large","max-video-preview":"max-video-preview:-1"},"canonical":"https:\/\/www.blogsoestado.com\/danielmatos\/tj-nega-mais-um-habeas-corpus-a-acusado-de-mandar-matar-jornalista-decio-sa\/","og_locale":"pt_BR","og_type":"article","og_title":"TJ nega mais um habeas corpus a acusado de mandar matar jornalista D\u00e9cio S\u00e1 - Daniel Matos","og_description":"O desembargador Jos\u00e9 Luiz Oliveira de Almeida, membro da Segunda C\u00e2mara Criminal do Tribunal de Justi\u00e7a do Maranh\u00e3o, negou, no [&hellip;]","og_url":"https:\/\/www.blogsoestado.com\/danielmatos\/tj-nega-mais-um-habeas-corpus-a-acusado-de-mandar-matar-jornalista-decio-sa\/","og_site_name":"Daniel Matos","article_published_time":"2015-03-02T14:03:34+00:00","og_image":[{"url":"https:\/\/www.blogsoestado.com\/danielmatos\/files\/2015\/03\/glaucio-alencar.jpg","type":"","width":"","height":""}],"twitter_card":"summary_large_image","twitter_misc":{"Est. tempo de leitura":"3 minutos"},"schema":{"@context":"https:\/\/schema.org","@graph":[{"@type":"WebPage","@id":"https:\/\/www.blogsoestado.com\/danielmatos\/tj-nega-mais-um-habeas-corpus-a-acusado-de-mandar-matar-jornalista-decio-sa\/","url":"https:\/\/www.blogsoestado.com\/danielmatos\/tj-nega-mais-um-habeas-corpus-a-acusado-de-mandar-matar-jornalista-decio-sa\/","name":"TJ nega mais um habeas corpus a acusado de mandar matar jornalista D\u00e9cio S\u00e1 - Daniel Matos","isPartOf":{"@id":"https:\/\/www.blogsoestado.com\/danielmatos\/#website"},"primaryImageOfPage":{"@id":"https:\/\/www.blogsoestado.com\/danielmatos\/tj-nega-mais-um-habeas-corpus-a-acusado-de-mandar-matar-jornalista-decio-sa\/#primaryimage"},"image":{"@id":"https:\/\/www.blogsoestado.com\/danielmatos\/tj-nega-mais-um-habeas-corpus-a-acusado-de-mandar-matar-jornalista-decio-sa\/#primaryimage"},"thumbnailUrl":"https:\/\/www.blogsoestado.com\/danielmatos\/files\/2015\/03\/glaucio-alencar.jpg","datePublished":"2015-03-02T14:03:34+00:00","author":{"@id":""},"breadcrumb":{"@id":"https:\/\/www.blogsoestado.com\/danielmatos\/tj-nega-mais-um-habeas-corpus-a-acusado-de-mandar-matar-jornalista-decio-sa\/#breadcrumb"},"inLanguage":"pt-BR","potentialAction":[{"@type":"ReadAction","target":["https:\/\/www.blogsoestado.com\/danielmatos\/tj-nega-mais-um-habeas-corpus-a-acusado-de-mandar-matar-jornalista-decio-sa\/"]}]},{"@type":"ImageObject","inLanguage":"pt-BR","@id":"https:\/\/www.blogsoestado.com\/danielmatos\/tj-nega-mais-um-habeas-corpus-a-acusado-de-mandar-matar-jornalista-decio-sa\/#primaryimage","url":"https:\/\/www.blogsoestado.com\/danielmatos\/files\/2015\/03\/glaucio-alencar.jpg","contentUrl":"https:\/\/www.blogsoestado.com\/danielmatos\/files\/2015\/03\/glaucio-alencar.jpg"},{"@type":"BreadcrumbList","@id":"https:\/\/www.blogsoestado.com\/danielmatos\/tj-nega-mais-um-habeas-corpus-a-acusado-de-mandar-matar-jornalista-decio-sa\/#breadcrumb","itemListElement":[{"@type":"ListItem","position":1,"name":"In\u00edcio","item":"https:\/\/www.blogsoestado.com\/danielmatos\/"},{"@type":"ListItem","position":2,"name":"TJ nega mais um habeas corpus a acusado de mandar matar jornalista D\u00e9cio S\u00e1"}]},{"@type":"WebSite","@id":"https:\/\/www.blogsoestado.com\/danielmatos\/#website","url":"https:\/\/www.blogsoestado.com\/danielmatos\/","name":"Daniel Matos","description":"","potentialAction":[{"@type":"SearchAction","target":{"@type":"EntryPoint","urlTemplate":"https:\/\/www.blogsoestado.com\/danielmatos\/?s={search_term_string}"},"query-input":{"@type":"PropertyValueSpecification","valueRequired":true,"valueName":"search_term_string"}}],"inLanguage":"pt-BR"}]}},"jetpack_featured_media_url":"","_links":{"self":[{"href":"https:\/\/www.blogsoestado.com\/danielmatos\/wp-json\/wp\/v2\/posts\/22282","targetHints":{"allow":["GET"]}}],"collection":[{"href":"https:\/\/www.blogsoestado.com\/danielmatos\/wp-json\/wp\/v2\/posts"}],"about":[{"href":"https:\/\/www.blogsoestado.com\/danielmatos\/wp-json\/wp\/v2\/types\/post"}],"replies":[{"embeddable":true,"href":"https:\/\/www.blogsoestado.com\/danielmatos\/wp-json\/wp\/v2\/comments?post=22282"}],"version-history":[{"count":0,"href":"https:\/\/www.blogsoestado.com\/danielmatos\/wp-json\/wp\/v2\/posts\/22282\/revisions"}],"wp:attachment":[{"href":"https:\/\/www.blogsoestado.com\/danielmatos\/wp-json\/wp\/v2\/media?parent=22282"}],"wp:term":[{"taxonomy":"category","embeddable":true,"href":"https:\/\/www.blogsoestado.com\/danielmatos\/wp-json\/wp\/v2\/categories?post=22282"},{"taxonomy":"post_tag","embeddable":true,"href":"https:\/\/www.blogsoestado.com\/danielmatos\/wp-json\/wp\/v2\/tags?post=22282"}],"curies":[{"name":"wp","href":"https:\/\/api.w.org\/{rel}","templated":true}]}}