{"id":22285,"date":"2015-03-02T11:23:15","date_gmt":"2015-03-02T14:23:15","guid":{"rendered":"https:\/\/www.blogsoestado.com\/danielmatos\/?p=22285"},"modified":"2015-03-02T11:23:15","modified_gmt":"2015-03-02T14:23:15","slug":"educadores-de-paco-do-lumiar-avaliam-pacto-nacional-pela-alfabetizacao-na-idade-certa","status":"publish","type":"post","link":"https:\/\/www.blogsoestado.com\/danielmatos\/educadores-de-paco-do-lumiar-avaliam-pacto-nacional-pela-alfabetizacao-na-idade-certa\/","title":{"rendered":"Educadores de Pa\u00e7o do Lumiar avaliam Pacto Nacional pela Alfabetiza\u00e7\u00e3o na Idade Certa"},"content":{"rendered":"<figure id=\"attachment_22286\" aria-describedby=\"caption-attachment-22286\" style=\"width: 640px\" class=\"wp-caption aligncenter\"><a href=\"https:\/\/www.blogsoestado.com\/danielmatos\/files\/2015\/03\/pacto-alfabetiza\u00e7\u00e3o.jpg\"><img fetchpriority=\"high\" decoding=\"async\" class=\"size-full wp-image-22286\" src=\"https:\/\/www.blogsoestado.com\/danielmatos\/files\/2015\/03\/pacto-alfabetiza\u00e7\u00e3o.jpg\" alt=\"Professores, gestores de escolas, monitores e demais educadores, pais e respons\u00e1veis mensuraram resultados do programa federal\" width=\"640\" height=\"360\" \/><\/a><figcaption id=\"caption-attachment-22286\" class=\"wp-caption-text\">Diretores, professores, monitores e pais de alunos mensuraram resultados do programa federal no munic\u00edpio<\/figcaption><\/figure>\n<p>Foi conclu\u00edda no \u00faltimo fim de semana\u00a0a\u00a0avalia\u00e7\u00e3o do Pacto Nacional pela Alfabetiza\u00e7\u00e3o na Idade Certa (PNAIC) de Pa\u00e7o do Lumiar. Em formato de semin\u00e1rio, professores da alfabetiza\u00e7\u00e3o, gestores de escolas, monitores, educadores em geral, pais e respons\u00e1veis mensuraram os resultados obtidos na aplica\u00e7\u00e3o do programa federal nos anos de 2013 e 2014, no munic\u00edpio.<\/p>\n<p>O semin\u00e1rio promovido pela Secretaria Municipal de Educa\u00e7\u00e3o contou com a presen\u00e7a do prefeito de Pa\u00e7o do Lumiar, professor Josemar Sobreiro (PR), da Secret\u00e1ria de Educa\u00e7\u00e3o, Gra\u00e7a Privado, membros do legislativo, Conselho Municipal de Educa\u00e7\u00e3o, e de docentes especialistas em Educa\u00e7\u00e3o, da Universidade Federal do Maranh\u00e3o (UFMA).<\/p>\n<p>A ades\u00e3o do PNAIC aconteceu em 2013 pelo prefeito Josemar Sobreiro, como uma pol\u00edtica de fortalecimento e de apoio \u00e0s s\u00e9ries iniciais, com foco na alfabetiza\u00e7\u00e3o de crian\u00e7as at\u00e9 8 anos de idade. \u201c\u00c9 uma imensa contribui\u00e7\u00e3o para a educa\u00e7\u00e3o b\u00e1sica, uma vez que n\u00e3o existia, no munic\u00edpio, uma pol\u00edtica de alfabetiza\u00e7\u00e3o. Uma inciativa que deu certo e que chegamos a resultados concretos com o empenho dos nossos educadores\u201d, destacou o prefeito.<\/p>\n<p><strong>Estrutura<\/strong><\/p>\n<figure id=\"attachment_22287\" aria-describedby=\"caption-attachment-22287\" style=\"width: 640px\" class=\"wp-caption aligncenter\"><a href=\"https:\/\/www.blogsoestado.com\/danielmatos\/files\/2015\/03\/pacto-alfabetiza\u00e7\u00e3o2.jpg\"><img decoding=\"async\" class=\"size-full wp-image-22287\" src=\"https:\/\/www.blogsoestado.com\/danielmatos\/files\/2015\/03\/pacto-alfabetiza\u00e7\u00e3o2.jpg\" alt=\"Professoras apresentaram trabalhos que favorecem a alfabetiza\u00e7\u00e3o na idade certa\" width=\"640\" height=\"360\" \/><\/a><figcaption id=\"caption-attachment-22287\" class=\"wp-caption-text\">Professoras apresentaram trabalhos que favorecem a alfabetiza\u00e7\u00e3o na idade certa<\/figcaption><\/figure>\n<p>O programa integra uma s\u00e9rie de a\u00e7\u00f5es, materiais e refer\u00eancias curriculares e pedag\u00f3gicas disponibilizados pelo Minist\u00e9rio da Educa\u00e7\u00e3o (MEC), tendo como eixo principal a forma\u00e7\u00e3o continuada dos professores alfabetizadores.<\/p>\n<p>As forma\u00e7\u00f5es aconteciam uma vez ao m\u00eas com a aplica\u00e7\u00e3o de metodologias voltadas ao letramento, na utiliza\u00e7\u00e3o de recursos did\u00e1ticos da l\u00edngua portuguesa e da matem\u00e1tica. Cinquenta escolas desenvolveram o PNAIC com os alunos do 1\u00ba ao 3\u00ba ano fundamental.<\/p>\n<p>A coordenadora do PNAIC de Pa\u00e7o do Lumiar, Izoila Lucena enfatizou o ganho para a Educa\u00e7\u00e3o, nesse per\u00edodo. \u201cO Pacto al\u00e9m da sua proposta de alfabetizar as crian\u00e7as oportunizou tamb\u00e9m, aos educadores, o desenvolvimento de habilidades, metodologias inovadoras aliadas ao l\u00fadico, atrav\u00e9s de produ\u00e7\u00e3o liter\u00e1ria, da dan\u00e7a e da m\u00fasica\u201d, citou.<\/p>\n<p>De acordo com a secret\u00e1ria de Educa\u00e7\u00e3o, Gra\u00e7a Privado, o encontro foi muito positivo pelo envolvimento da comunidade escolar em todo o processo de desenvolvimento do pacto. \u201cConcretizamos um processo, com o sentimento de que os objetivos proposto pelo Governo Federal foram alcan\u00e7ados em dois anos, no munic\u00edpio de Pa\u00e7o do Lumiar. A nossa inten\u00e7\u00e3o \u00e9 de que o PNAIC tenha continuidade, alavancando ainda mais o IDEB\u201d, refor\u00e7ou a secret\u00e1ria.<\/p>\n<p>Para a professora Joelma Reis Correia, da UFMA, Pa\u00e7o do Lumiar est\u00e1 desenvolvendo grandiosamente e com qualidade o pacto. \u201cO munic\u00edpio mostra com essa a\u00e7\u00e3o, a import\u00e2ncia da educa\u00e7\u00e3o continuada com novas estrat\u00e9gias de aprendizado aos alunos em forma\u00e7\u00e3o\u201d, disse.<\/p>\n<p>Durante os tr\u00eas dias do evento foram apresentados palestras, mesas redondas, exposi\u00e7\u00e3o de trabalhos e experi\u00eancias dos professores alfabetizadores, e apresenta\u00e7\u00e3o cultural dos projetos da rede municipal.<\/p>\n","protected":false},"excerpt":{"rendered":"<p>Foi conclu\u00edda no \u00faltimo fim de semana\u00a0a\u00a0avalia\u00e7\u00e3o do Pacto Nacional pela Alfabetiza\u00e7\u00e3o na Idade Certa (PNAIC) de Pa\u00e7o do Lumiar. [&hellip;]<\/p>\n","protected":false},"author":0,"featured_media":0,"comment_status":"open","ping_status":"open","sticky":false,"template":"","format":"standard","meta":{"site-sidebar-layout":"default","site-content-layout":"","ast-site-content-layout":"default","site-content-style":"default","site-sidebar-style":"default","ast-global-header-display":"","ast-banner-title-visibility":"","ast-main-header-display":"","ast-hfb-above-header-display":"","ast-hfb-below-header-display":"","ast-hfb-mobile-header-display":"","site-post-title":"","ast-breadcrumbs-content":"","ast-featured-img":"","footer-sml-layout":"","ast-disable-related-posts":"","theme-transparent-header-meta":"","adv-header-id-meta":"","stick-header-meta":"","header-above-stick-meta":"","header-main-stick-meta":"","header-below-stick-meta":"","astra-migrate-meta-layouts":"default","ast-page-background-enabled":"default","ast-page-background-meta":{"desktop":{"background-color":"var(--ast-global-color-5)","background-image":"","background-repeat":"repeat","background-position":"center center","background-size":"auto","background-attachment":"scroll","background-type":"","background-media":"","overlay-type":"","overlay-color":"","overlay-opacity":"","overlay-gradient":""},"tablet":{"background-color":"","background-image":"","background-repeat":"repeat","background-position":"center center","background-size":"auto","background-attachment":"scroll","background-type":"","background-media":"","overlay-type":"","overlay-color":"","overlay-opacity":"","overlay-gradient":""},"mobile":{"background-color":"","background-image":"","background-repeat":"repeat","background-position":"center center","background-size":"auto","background-attachment":"scroll","background-type":"","background-media":"","overlay-type":"","overlay-color":"","overlay-opacity":"","overlay-gradient":""}},"ast-content-background-meta":{"desktop":{"background-color":"var(--ast-global-color-4)","background-image":"","background-repeat":"repeat","background-position":"center center","background-size":"auto","background-attachment":"scroll","background-type":"","background-media":"","overlay-type":"","overlay-color":"","overlay-opacity":"","overlay-gradient":""},"tablet":{"background-color":"var(--ast-global-color-4)","background-image":"","background-repeat":"repeat","background-position":"center center","background-size":"auto","background-attachment":"scroll","background-type":"","background-media":"","overlay-type":"","overlay-color":"","overlay-opacity":"","overlay-gradient":""},"mobile":{"background-color":"var(--ast-global-color-4)","background-image":"","background-repeat":"repeat","background-position":"center center","background-size":"auto","background-attachment":"scroll","background-type":"","background-media":"","overlay-type":"","overlay-color":"","overlay-opacity":"","overlay-gradient":""}},"footnotes":""},"categories":[1],"tags":[],"class_list":["post-22285","post","type-post","status-publish","format-standard","hentry","category-sem-categoria"],"yoast_head":"<!-- This site is optimized with the Yoast SEO plugin v26.6 - https:\/\/yoast.com\/wordpress\/plugins\/seo\/ -->\n<title>Educadores de Pa\u00e7o do Lumiar avaliam Pacto Nacional pela Alfabetiza\u00e7\u00e3o na Idade Certa - Daniel Matos<\/title>\n<meta name=\"robots\" content=\"index, follow, max-snippet:-1, max-image-preview:large, max-video-preview:-1\" \/>\n<link rel=\"canonical\" href=\"https:\/\/www.blogsoestado.com\/danielmatos\/educadores-de-paco-do-lumiar-avaliam-pacto-nacional-pela-alfabetizacao-na-idade-certa\/\" \/>\n<meta property=\"og:locale\" content=\"pt_BR\" \/>\n<meta property=\"og:type\" content=\"article\" \/>\n<meta property=\"og:title\" content=\"Educadores de Pa\u00e7o do Lumiar avaliam Pacto Nacional pela Alfabetiza\u00e7\u00e3o na Idade Certa - Daniel Matos\" \/>\n<meta property=\"og:description\" content=\"Foi conclu\u00edda no \u00faltimo fim de semana\u00a0a\u00a0avalia\u00e7\u00e3o do Pacto Nacional pela Alfabetiza\u00e7\u00e3o na Idade Certa (PNAIC) de Pa\u00e7o do Lumiar. [&hellip;]\" \/>\n<meta property=\"og:url\" content=\"https:\/\/www.blogsoestado.com\/danielmatos\/educadores-de-paco-do-lumiar-avaliam-pacto-nacional-pela-alfabetizacao-na-idade-certa\/\" \/>\n<meta property=\"og:site_name\" content=\"Daniel Matos\" \/>\n<meta property=\"article:published_time\" content=\"2015-03-02T14:23:15+00:00\" \/>\n<meta name=\"twitter:card\" content=\"summary_large_image\" \/>\n<meta name=\"twitter:label1\" content=\"Est. tempo de leitura\" \/>\n\t<meta name=\"twitter:data1\" content=\"3 minutos\" \/>\n<script type=\"application\/ld+json\" class=\"yoast-schema-graph\">{\"@context\":\"https:\/\/schema.org\",\"@graph\":[{\"@type\":\"WebPage\",\"@id\":\"https:\/\/www.blogsoestado.com\/danielmatos\/educadores-de-paco-do-lumiar-avaliam-pacto-nacional-pela-alfabetizacao-na-idade-certa\/\",\"url\":\"https:\/\/www.blogsoestado.com\/danielmatos\/educadores-de-paco-do-lumiar-avaliam-pacto-nacional-pela-alfabetizacao-na-idade-certa\/\",\"name\":\"Educadores de Pa\u00e7o do Lumiar avaliam Pacto Nacional pela Alfabetiza\u00e7\u00e3o na Idade Certa - Daniel Matos\",\"isPartOf\":{\"@id\":\"https:\/\/www.blogsoestado.com\/danielmatos\/#website\"},\"datePublished\":\"2015-03-02T14:23:15+00:00\",\"author\":{\"@id\":\"\"},\"breadcrumb\":{\"@id\":\"https:\/\/www.blogsoestado.com\/danielmatos\/educadores-de-paco-do-lumiar-avaliam-pacto-nacional-pela-alfabetizacao-na-idade-certa\/#breadcrumb\"},\"inLanguage\":\"pt-BR\",\"potentialAction\":[{\"@type\":\"ReadAction\",\"target\":[\"https:\/\/www.blogsoestado.com\/danielmatos\/educadores-de-paco-do-lumiar-avaliam-pacto-nacional-pela-alfabetizacao-na-idade-certa\/\"]}]},{\"@type\":\"BreadcrumbList\",\"@id\":\"https:\/\/www.blogsoestado.com\/danielmatos\/educadores-de-paco-do-lumiar-avaliam-pacto-nacional-pela-alfabetizacao-na-idade-certa\/#breadcrumb\",\"itemListElement\":[{\"@type\":\"ListItem\",\"position\":1,\"name\":\"In\u00edcio\",\"item\":\"https:\/\/www.blogsoestado.com\/danielmatos\/\"},{\"@type\":\"ListItem\",\"position\":2,\"name\":\"Educadores de Pa\u00e7o do Lumiar avaliam Pacto Nacional pela Alfabetiza\u00e7\u00e3o na Idade Certa\"}]},{\"@type\":\"WebSite\",\"@id\":\"https:\/\/www.blogsoestado.com\/danielmatos\/#website\",\"url\":\"https:\/\/www.blogsoestado.com\/danielmatos\/\",\"name\":\"Daniel Matos\",\"description\":\"\",\"potentialAction\":[{\"@type\":\"SearchAction\",\"target\":{\"@type\":\"EntryPoint\",\"urlTemplate\":\"https:\/\/www.blogsoestado.com\/danielmatos\/?s={search_term_string}\"},\"query-input\":{\"@type\":\"PropertyValueSpecification\",\"valueRequired\":true,\"valueName\":\"search_term_string\"}}],\"inLanguage\":\"pt-BR\"}]}<\/script>\n<!-- \/ Yoast SEO plugin. -->","yoast_head_json":{"title":"Educadores de Pa\u00e7o do Lumiar avaliam Pacto Nacional pela Alfabetiza\u00e7\u00e3o na Idade Certa - Daniel Matos","robots":{"index":"index","follow":"follow","max-snippet":"max-snippet:-1","max-image-preview":"max-image-preview:large","max-video-preview":"max-video-preview:-1"},"canonical":"https:\/\/www.blogsoestado.com\/danielmatos\/educadores-de-paco-do-lumiar-avaliam-pacto-nacional-pela-alfabetizacao-na-idade-certa\/","og_locale":"pt_BR","og_type":"article","og_title":"Educadores de Pa\u00e7o do Lumiar avaliam Pacto Nacional pela Alfabetiza\u00e7\u00e3o na Idade Certa - Daniel Matos","og_description":"Foi conclu\u00edda no \u00faltimo fim de semana\u00a0a\u00a0avalia\u00e7\u00e3o do Pacto Nacional pela Alfabetiza\u00e7\u00e3o na Idade Certa (PNAIC) de Pa\u00e7o do Lumiar. [&hellip;]","og_url":"https:\/\/www.blogsoestado.com\/danielmatos\/educadores-de-paco-do-lumiar-avaliam-pacto-nacional-pela-alfabetizacao-na-idade-certa\/","og_site_name":"Daniel Matos","article_published_time":"2015-03-02T14:23:15+00:00","twitter_card":"summary_large_image","twitter_misc":{"Est. tempo de leitura":"3 minutos"},"schema":{"@context":"https:\/\/schema.org","@graph":[{"@type":"WebPage","@id":"https:\/\/www.blogsoestado.com\/danielmatos\/educadores-de-paco-do-lumiar-avaliam-pacto-nacional-pela-alfabetizacao-na-idade-certa\/","url":"https:\/\/www.blogsoestado.com\/danielmatos\/educadores-de-paco-do-lumiar-avaliam-pacto-nacional-pela-alfabetizacao-na-idade-certa\/","name":"Educadores de Pa\u00e7o do Lumiar avaliam Pacto Nacional pela Alfabetiza\u00e7\u00e3o na Idade Certa - Daniel Matos","isPartOf":{"@id":"https:\/\/www.blogsoestado.com\/danielmatos\/#website"},"datePublished":"2015-03-02T14:23:15+00:00","author":{"@id":""},"breadcrumb":{"@id":"https:\/\/www.blogsoestado.com\/danielmatos\/educadores-de-paco-do-lumiar-avaliam-pacto-nacional-pela-alfabetizacao-na-idade-certa\/#breadcrumb"},"inLanguage":"pt-BR","potentialAction":[{"@type":"ReadAction","target":["https:\/\/www.blogsoestado.com\/danielmatos\/educadores-de-paco-do-lumiar-avaliam-pacto-nacional-pela-alfabetizacao-na-idade-certa\/"]}]},{"@type":"BreadcrumbList","@id":"https:\/\/www.blogsoestado.com\/danielmatos\/educadores-de-paco-do-lumiar-avaliam-pacto-nacional-pela-alfabetizacao-na-idade-certa\/#breadcrumb","itemListElement":[{"@type":"ListItem","position":1,"name":"In\u00edcio","item":"https:\/\/www.blogsoestado.com\/danielmatos\/"},{"@type":"ListItem","position":2,"name":"Educadores de Pa\u00e7o do Lumiar avaliam Pacto Nacional pela Alfabetiza\u00e7\u00e3o na Idade Certa"}]},{"@type":"WebSite","@id":"https:\/\/www.blogsoestado.com\/danielmatos\/#website","url":"https:\/\/www.blogsoestado.com\/danielmatos\/","name":"Daniel Matos","description":"","potentialAction":[{"@type":"SearchAction","target":{"@type":"EntryPoint","urlTemplate":"https:\/\/www.blogsoestado.com\/danielmatos\/?s={search_term_string}"},"query-input":{"@type":"PropertyValueSpecification","valueRequired":true,"valueName":"search_term_string"}}],"inLanguage":"pt-BR"}]}},"jetpack_featured_media_url":"","_links":{"self":[{"href":"https:\/\/www.blogsoestado.com\/danielmatos\/wp-json\/wp\/v2\/posts\/22285","targetHints":{"allow":["GET"]}}],"collection":[{"href":"https:\/\/www.blogsoestado.com\/danielmatos\/wp-json\/wp\/v2\/posts"}],"about":[{"href":"https:\/\/www.blogsoestado.com\/danielmatos\/wp-json\/wp\/v2\/types\/post"}],"replies":[{"embeddable":true,"href":"https:\/\/www.blogsoestado.com\/danielmatos\/wp-json\/wp\/v2\/comments?post=22285"}],"version-history":[{"count":0,"href":"https:\/\/www.blogsoestado.com\/danielmatos\/wp-json\/wp\/v2\/posts\/22285\/revisions"}],"wp:attachment":[{"href":"https:\/\/www.blogsoestado.com\/danielmatos\/wp-json\/wp\/v2\/media?parent=22285"}],"wp:term":[{"taxonomy":"category","embeddable":true,"href":"https:\/\/www.blogsoestado.com\/danielmatos\/wp-json\/wp\/v2\/categories?post=22285"},{"taxonomy":"post_tag","embeddable":true,"href":"https:\/\/www.blogsoestado.com\/danielmatos\/wp-json\/wp\/v2\/tags?post=22285"}],"curies":[{"name":"wp","href":"https:\/\/api.w.org\/{rel}","templated":true}]}}