{"id":22291,"date":"2015-03-03T09:07:56","date_gmt":"2015-03-03T12:07:56","guid":{"rendered":"https:\/\/www.blogsoestado.com\/danielmatos\/?p=22291"},"modified":"2015-03-03T09:07:56","modified_gmt":"2015-03-03T12:07:56","slug":"diretoria-do-cosemsma-recepciona-supervisores-do-mais-medico","status":"publish","type":"post","link":"https:\/\/www.blogsoestado.com\/danielmatos\/diretoria-do-cosemsma-recepciona-supervisores-do-mais-medico\/","title":{"rendered":"Diretoria do COSEMS\/MA recepciona supervisores do Mais M\u00e9dico"},"content":{"rendered":"<figure id=\"attachment_22292\" aria-describedby=\"caption-attachment-22292\" style=\"width: 448px\" class=\"wp-caption alignright\"><a href=\"https:\/\/www.blogsoestado.com\/danielmatos\/files\/2015\/03\/recep\u00e7\u00e3o-m\u00e9dicos.jpg\"><img fetchpriority=\"high\" decoding=\"async\" class=\"size-full wp-image-22292\" src=\"https:\/\/www.blogsoestado.com\/danielmatos\/files\/2015\/03\/recep\u00e7\u00e3o-m\u00e9dicos.jpg\" alt=\"Supervisores cubanos visitar\u00e3o 10 cidades maranhenses at\u00e9 o dia 6\" width=\"448\" height=\"336\" \/><\/a><figcaption id=\"caption-attachment-22292\" class=\"wp-caption-text\">Supervisores cubanos visitar\u00e3o 10 cidades maranhenses at\u00e9 o pr\u00f3ximo dia 6<\/figcaption><\/figure>\n<p>Ao lado da vice-presidente, Maria Jos\u00e9 Coutinho, na tarde deste domingo, a presidente do Conselho Estadual de Secret\u00e1rios Municipais de Sa\u00fade (COSEMS\/MA),\u00a0Iolete Soares Arruda, recepcionou os t\u00e9cnicos da Organiza\u00e7\u00e3o Pan-americana da Sa\u00fade \u2013 OPAS, que vieram ao Maranh\u00e3o para avaliar a funcionalidade do Programa Mais M\u00e9dicos. Denise Farias, apoiadora do COSEMS\/MA, e a coordenadora do Mais M\u00e9dicos no Maranh\u00e3o e consultora da OPAS, Nancy Rastres Vega, tamb\u00e9m fizeram parte da comitiva.<\/p>\n<p>At\u00e9 a pr\u00f3xima sexta-feira(06), os supervisores cubanos visitar\u00e3o 10 cidades maranhenses, entre elas, Santa In\u00eas, Bom Jardim, Caxias, Coroat\u00e1, Miranda do Norte, Peritor\u00f3, Alto Alegre do Maranh\u00e3o e outras. \u201cO Maranh\u00e3o foi o estado brasileiro que mais abra\u00e7ou esse programa, prova disso \u00e9 que atualmente dispomos de 572 m\u00e9dicos cubanos, atuando em 172 dos 217 munic\u00edpios maranhenses\u201d, informou Iolete.<\/p>\n<p>Ainda segundo a presidente, nos pr\u00f3ximos 12 meses, a entidade tem como meta a implanta\u00e7\u00e3o do programa em 100% do Estado. O Mais M\u00e9dicos \u00e9 um programa do Governo Federal que faz parte de um amplo pacto de melhoria do atendimento aos usu\u00e1rios do Sistema \u00danico de Sa\u00fade, que prev\u00ea mais investimentos em infraestrutura dos hospitais e unidades de sa\u00fade, al\u00e9m de levar mais m\u00e9dicos para regi\u00f5es onde h\u00e1 escassez e aus\u00eancia de profissionais.<\/p>\n<p>No Maranh\u00e3o, os primeiros m\u00e9dicos cubanos foram recepcionados em 2013. Na ter\u00e7a-feira(03), no audit\u00f3rio Paulo Freire, na Universidade Federal do Maranh\u00e3o (UFMA), a solenidade de acolhimento de uma nova leva de m\u00e9dicos do programa contar\u00e1 com a presen\u00e7a do ministro da Sa\u00fade, Arthur Chioro. Nesta nova etapa, o Maranh\u00e3o dever\u00e1 receber\u00a0m\u00e9dicos brasileiros que est\u00e3o aderindo ao programa.<\/p>\n","protected":false},"excerpt":{"rendered":"<p>Ao lado da vice-presidente, Maria Jos\u00e9 Coutinho, na tarde deste domingo, a presidente do Conselho Estadual de Secret\u00e1rios Municipais de [&hellip;]<\/p>\n","protected":false},"author":0,"featured_media":0,"comment_status":"open","ping_status":"open","sticky":false,"template":"","format":"standard","meta":{"site-sidebar-layout":"default","site-content-layout":"","ast-site-content-layout":"default","site-content-style":"default","site-sidebar-style":"default","ast-global-header-display":"","ast-banner-title-visibility":"","ast-main-header-display":"","ast-hfb-above-header-display":"","ast-hfb-below-header-display":"","ast-hfb-mobile-header-display":"","site-post-title":"","ast-breadcrumbs-content":"","ast-featured-img":"","footer-sml-layout":"","ast-disable-related-posts":"","theme-transparent-header-meta":"","adv-header-id-meta":"","stick-header-meta":"","header-above-stick-meta":"","header-main-stick-meta":"","header-below-stick-meta":"","astra-migrate-meta-layouts":"default","ast-page-background-enabled":"default","ast-page-background-meta":{"desktop":{"background-color":"var(--ast-global-color-5)","background-image":"","background-repeat":"repeat","background-position":"center center","background-size":"auto","background-attachment":"scroll","background-type":"","background-media":"","overlay-type":"","overlay-color":"","overlay-opacity":"","overlay-gradient":""},"tablet":{"background-color":"","background-image":"","background-repeat":"repeat","background-position":"center center","background-size":"auto","background-attachment":"scroll","background-type":"","background-media":"","overlay-type":"","overlay-color":"","overlay-opacity":"","overlay-gradient":""},"mobile":{"background-color":"","background-image":"","background-repeat":"repeat","background-position":"center center","background-size":"auto","background-attachment":"scroll","background-type":"","background-media":"","overlay-type":"","overlay-color":"","overlay-opacity":"","overlay-gradient":""}},"ast-content-background-meta":{"desktop":{"background-color":"var(--ast-global-color-4)","background-image":"","background-repeat":"repeat","background-position":"center center","background-size":"auto","background-attachment":"scroll","background-type":"","background-media":"","overlay-type":"","overlay-color":"","overlay-opacity":"","overlay-gradient":""},"tablet":{"background-color":"var(--ast-global-color-4)","background-image":"","background-repeat":"repeat","background-position":"center center","background-size":"auto","background-attachment":"scroll","background-type":"","background-media":"","overlay-type":"","overlay-color":"","overlay-opacity":"","overlay-gradient":""},"mobile":{"background-color":"var(--ast-global-color-4)","background-image":"","background-repeat":"repeat","background-position":"center center","background-size":"auto","background-attachment":"scroll","background-type":"","background-media":"","overlay-type":"","overlay-color":"","overlay-opacity":"","overlay-gradient":""}},"footnotes":""},"categories":[1],"tags":[],"class_list":["post-22291","post","type-post","status-publish","format-standard","hentry","category-sem-categoria"],"yoast_head":"<!-- This site is optimized with the Yoast SEO plugin v26.6 - https:\/\/yoast.com\/wordpress\/plugins\/seo\/ -->\n<title>Diretoria do COSEMS\/MA recepciona supervisores do Mais M\u00e9dico - Daniel Matos<\/title>\n<meta name=\"robots\" content=\"index, follow, max-snippet:-1, max-image-preview:large, max-video-preview:-1\" \/>\n<link rel=\"canonical\" href=\"https:\/\/www.blogsoestado.com\/danielmatos\/diretoria-do-cosemsma-recepciona-supervisores-do-mais-medico\/\" \/>\n<meta property=\"og:locale\" content=\"pt_BR\" \/>\n<meta property=\"og:type\" content=\"article\" \/>\n<meta property=\"og:title\" content=\"Diretoria do COSEMS\/MA recepciona supervisores do Mais M\u00e9dico - Daniel Matos\" \/>\n<meta property=\"og:description\" content=\"Ao lado da vice-presidente, Maria Jos\u00e9 Coutinho, na tarde deste domingo, a presidente do Conselho Estadual de Secret\u00e1rios Municipais de [&hellip;]\" \/>\n<meta property=\"og:url\" content=\"https:\/\/www.blogsoestado.com\/danielmatos\/diretoria-do-cosemsma-recepciona-supervisores-do-mais-medico\/\" \/>\n<meta property=\"og:site_name\" content=\"Daniel Matos\" \/>\n<meta property=\"article:published_time\" content=\"2015-03-03T12:07:56+00:00\" \/>\n<meta name=\"twitter:card\" content=\"summary_large_image\" \/>\n<meta name=\"twitter:label1\" content=\"Est. tempo de leitura\" \/>\n\t<meta name=\"twitter:data1\" content=\"2 minutos\" \/>\n<script type=\"application\/ld+json\" class=\"yoast-schema-graph\">{\"@context\":\"https:\/\/schema.org\",\"@graph\":[{\"@type\":\"WebPage\",\"@id\":\"https:\/\/www.blogsoestado.com\/danielmatos\/diretoria-do-cosemsma-recepciona-supervisores-do-mais-medico\/\",\"url\":\"https:\/\/www.blogsoestado.com\/danielmatos\/diretoria-do-cosemsma-recepciona-supervisores-do-mais-medico\/\",\"name\":\"Diretoria do COSEMS\/MA recepciona supervisores do Mais M\u00e9dico - Daniel Matos\",\"isPartOf\":{\"@id\":\"https:\/\/www.blogsoestado.com\/danielmatos\/#website\"},\"datePublished\":\"2015-03-03T12:07:56+00:00\",\"author\":{\"@id\":\"\"},\"breadcrumb\":{\"@id\":\"https:\/\/www.blogsoestado.com\/danielmatos\/diretoria-do-cosemsma-recepciona-supervisores-do-mais-medico\/#breadcrumb\"},\"inLanguage\":\"pt-BR\",\"potentialAction\":[{\"@type\":\"ReadAction\",\"target\":[\"https:\/\/www.blogsoestado.com\/danielmatos\/diretoria-do-cosemsma-recepciona-supervisores-do-mais-medico\/\"]}]},{\"@type\":\"BreadcrumbList\",\"@id\":\"https:\/\/www.blogsoestado.com\/danielmatos\/diretoria-do-cosemsma-recepciona-supervisores-do-mais-medico\/#breadcrumb\",\"itemListElement\":[{\"@type\":\"ListItem\",\"position\":1,\"name\":\"In\u00edcio\",\"item\":\"https:\/\/www.blogsoestado.com\/danielmatos\/\"},{\"@type\":\"ListItem\",\"position\":2,\"name\":\"Diretoria do COSEMS\/MA recepciona supervisores do Mais M\u00e9dico\"}]},{\"@type\":\"WebSite\",\"@id\":\"https:\/\/www.blogsoestado.com\/danielmatos\/#website\",\"url\":\"https:\/\/www.blogsoestado.com\/danielmatos\/\",\"name\":\"Daniel Matos\",\"description\":\"\",\"potentialAction\":[{\"@type\":\"SearchAction\",\"target\":{\"@type\":\"EntryPoint\",\"urlTemplate\":\"https:\/\/www.blogsoestado.com\/danielmatos\/?s={search_term_string}\"},\"query-input\":{\"@type\":\"PropertyValueSpecification\",\"valueRequired\":true,\"valueName\":\"search_term_string\"}}],\"inLanguage\":\"pt-BR\"}]}<\/script>\n<!-- \/ Yoast SEO plugin. -->","yoast_head_json":{"title":"Diretoria do COSEMS\/MA recepciona supervisores do Mais M\u00e9dico - Daniel Matos","robots":{"index":"index","follow":"follow","max-snippet":"max-snippet:-1","max-image-preview":"max-image-preview:large","max-video-preview":"max-video-preview:-1"},"canonical":"https:\/\/www.blogsoestado.com\/danielmatos\/diretoria-do-cosemsma-recepciona-supervisores-do-mais-medico\/","og_locale":"pt_BR","og_type":"article","og_title":"Diretoria do COSEMS\/MA recepciona supervisores do Mais M\u00e9dico - Daniel Matos","og_description":"Ao lado da vice-presidente, Maria Jos\u00e9 Coutinho, na tarde deste domingo, a presidente do Conselho Estadual de Secret\u00e1rios Municipais de [&hellip;]","og_url":"https:\/\/www.blogsoestado.com\/danielmatos\/diretoria-do-cosemsma-recepciona-supervisores-do-mais-medico\/","og_site_name":"Daniel Matos","article_published_time":"2015-03-03T12:07:56+00:00","twitter_card":"summary_large_image","twitter_misc":{"Est. tempo de leitura":"2 minutos"},"schema":{"@context":"https:\/\/schema.org","@graph":[{"@type":"WebPage","@id":"https:\/\/www.blogsoestado.com\/danielmatos\/diretoria-do-cosemsma-recepciona-supervisores-do-mais-medico\/","url":"https:\/\/www.blogsoestado.com\/danielmatos\/diretoria-do-cosemsma-recepciona-supervisores-do-mais-medico\/","name":"Diretoria do COSEMS\/MA recepciona supervisores do Mais M\u00e9dico - Daniel Matos","isPartOf":{"@id":"https:\/\/www.blogsoestado.com\/danielmatos\/#website"},"datePublished":"2015-03-03T12:07:56+00:00","author":{"@id":""},"breadcrumb":{"@id":"https:\/\/www.blogsoestado.com\/danielmatos\/diretoria-do-cosemsma-recepciona-supervisores-do-mais-medico\/#breadcrumb"},"inLanguage":"pt-BR","potentialAction":[{"@type":"ReadAction","target":["https:\/\/www.blogsoestado.com\/danielmatos\/diretoria-do-cosemsma-recepciona-supervisores-do-mais-medico\/"]}]},{"@type":"BreadcrumbList","@id":"https:\/\/www.blogsoestado.com\/danielmatos\/diretoria-do-cosemsma-recepciona-supervisores-do-mais-medico\/#breadcrumb","itemListElement":[{"@type":"ListItem","position":1,"name":"In\u00edcio","item":"https:\/\/www.blogsoestado.com\/danielmatos\/"},{"@type":"ListItem","position":2,"name":"Diretoria do COSEMS\/MA recepciona supervisores do Mais M\u00e9dico"}]},{"@type":"WebSite","@id":"https:\/\/www.blogsoestado.com\/danielmatos\/#website","url":"https:\/\/www.blogsoestado.com\/danielmatos\/","name":"Daniel Matos","description":"","potentialAction":[{"@type":"SearchAction","target":{"@type":"EntryPoint","urlTemplate":"https:\/\/www.blogsoestado.com\/danielmatos\/?s={search_term_string}"},"query-input":{"@type":"PropertyValueSpecification","valueRequired":true,"valueName":"search_term_string"}}],"inLanguage":"pt-BR"}]}},"jetpack_featured_media_url":"","_links":{"self":[{"href":"https:\/\/www.blogsoestado.com\/danielmatos\/wp-json\/wp\/v2\/posts\/22291","targetHints":{"allow":["GET"]}}],"collection":[{"href":"https:\/\/www.blogsoestado.com\/danielmatos\/wp-json\/wp\/v2\/posts"}],"about":[{"href":"https:\/\/www.blogsoestado.com\/danielmatos\/wp-json\/wp\/v2\/types\/post"}],"replies":[{"embeddable":true,"href":"https:\/\/www.blogsoestado.com\/danielmatos\/wp-json\/wp\/v2\/comments?post=22291"}],"version-history":[{"count":0,"href":"https:\/\/www.blogsoestado.com\/danielmatos\/wp-json\/wp\/v2\/posts\/22291\/revisions"}],"wp:attachment":[{"href":"https:\/\/www.blogsoestado.com\/danielmatos\/wp-json\/wp\/v2\/media?parent=22291"}],"wp:term":[{"taxonomy":"category","embeddable":true,"href":"https:\/\/www.blogsoestado.com\/danielmatos\/wp-json\/wp\/v2\/categories?post=22291"},{"taxonomy":"post_tag","embeddable":true,"href":"https:\/\/www.blogsoestado.com\/danielmatos\/wp-json\/wp\/v2\/tags?post=22291"}],"curies":[{"name":"wp","href":"https:\/\/api.w.org\/{rel}","templated":true}]}}