{"id":22297,"date":"2015-03-03T09:28:14","date_gmt":"2015-03-03T12:28:14","guid":{"rendered":"https:\/\/www.blogsoestado.com\/danielmatos\/?p=22297"},"modified":"2015-03-03T09:28:14","modified_gmt":"2015-03-03T12:28:14","slug":"prefeitura-e-senac-renovam-convenio-para-qualificacao-de-mulheres-em-paco-do-lumiar","status":"publish","type":"post","link":"https:\/\/www.blogsoestado.com\/danielmatos\/prefeitura-e-senac-renovam-convenio-para-qualificacao-de-mulheres-em-paco-do-lumiar\/","title":{"rendered":"Prefeitura e Senac renovam conv\u00eanio para qualifica\u00e7\u00e3o de mulheres em Pa\u00e7o do Lumiar"},"content":{"rendered":"<figure id=\"attachment_22298\" aria-describedby=\"caption-attachment-22298\" style=\"width: 336px\" class=\"wp-caption alignright\"><a href=\"https:\/\/www.blogsoestado.com\/danielmatos\/files\/2015\/03\/pa\u00e7o-senac.jpg\"><img fetchpriority=\"high\" decoding=\"async\" class=\"size-full wp-image-22298\" src=\"https:\/\/www.blogsoestado.com\/danielmatos\/files\/2015\/03\/pa\u00e7o-senac.jpg\" alt=\"Secret\u00e1ria Carlas Sousa com o presidente da Fecom\u00e9rcio, Jos\u00e9 Arteiro\" width=\"336\" height=\"448\" \/><\/a><figcaption id=\"caption-attachment-22298\" class=\"wp-caption-text\">Secret\u00e1ria de Pol\u00edticas para as Mulheres, Carla Sousa, com o presidente da Fecom\u00e9rcio, Jos\u00e9 Arteiro da Silva<\/figcaption><\/figure>\n<p>A assinatura aconteceu na tarde desta segunda-feira, 02, no Audit\u00f3rio da Fecom\u00e9rcio, em S\u00e3o Lu\u00eds, e contou com a presen\u00e7a da secret\u00e1ria de Pol\u00edticas para as Mulheres, Carla Sousa e dirigentes da institui\u00e7\u00e3o ofertante. O conv\u00eanio renovado para o ano de 2015 faz parte do programa &#8220;Senac Faz a Sua Parte&#8221;, onde mulheres luminenses ser\u00e3o qualificadas atrav\u00e9s dos cursos de pintura em tecidos, auxiliar de cozinheiro, manicure, corte e costura.<\/p>\n<p>Para a secret\u00e1ria Carla Sousa, a parceria legitima o zelo da atual gest\u00e3o para com as mulheres luminenses, garantindo que, al\u00e9m de pol\u00edticas protetivas, de assist\u00eancia social e psicol\u00f3gica, elas continuem produzindo, atualizando o conhecimento, conquistando espa\u00e7o do mercado de trabalho e, consequentemente, a renda pr\u00f3pria .<\/p>\n<p>\u201cA vis\u00e3o da secretaria da Mulher \u00e9 de que o p\u00fablico feminino tenha oportunidade em seu pr\u00f3prio munic\u00edpio. Temos v\u00e1rias mulheres no mercado de trabalho, resultado do incentivo da Prefeitura de Pa\u00e7o do Lumiar e do apoio das institui\u00e7\u00f5es que acreditam na seriedade da nossa gest\u00e3o\u201d, concluiu a secret\u00e1ria.<\/p>\n<p>Segundo o presidente do Sistema Fecom\u00e9rcio\/MA, Jos\u00e9 Arteiro da Silva, o Programa de Inclus\u00e3o Social \u2013 Senac Faz Sua Parte refor\u00e7a o compromisso do Senac em contribuir para a educa\u00e7\u00e3o profissional nas atividades do com\u00e9rcio, servi\u00e7os e turismo. \u201c\u00c9 pensando no trabalhador que o Senac surgiu, com a finalidade de levar uma qualifica\u00e7\u00e3o melhor, afinal, sem qualifica\u00e7\u00e3o o profissional n\u00e3o entra no mercado de trabalho\u201d, destacou.<\/p>\n<p>Cerca de mil mulheres de diferentes faixas et\u00e1rias j\u00e1 foram qualificadas pelos cursos pactuados pela Prefeitura e institui\u00e7\u00f5es de ensino t\u00e9cnico profissionalizante, como o SENAI e o SENAC. Os dados s\u00e3o da Secretaria Municipal da Mulher, respons\u00e1vel pela triagem e encaminhamento de mulheres.<\/p>\n","protected":false},"excerpt":{"rendered":"<p>A assinatura aconteceu na tarde desta segunda-feira, 02, no Audit\u00f3rio da Fecom\u00e9rcio, em S\u00e3o Lu\u00eds, e contou com a presen\u00e7a [&hellip;]<\/p>\n","protected":false},"author":0,"featured_media":0,"comment_status":"open","ping_status":"open","sticky":false,"template":"","format":"standard","meta":{"site-sidebar-layout":"default","site-content-layout":"","ast-site-content-layout":"default","site-content-style":"default","site-sidebar-style":"default","ast-global-header-display":"","ast-banner-title-visibility":"","ast-main-header-display":"","ast-hfb-above-header-display":"","ast-hfb-below-header-display":"","ast-hfb-mobile-header-display":"","site-post-title":"","ast-breadcrumbs-content":"","ast-featured-img":"","footer-sml-layout":"","ast-disable-related-posts":"","theme-transparent-header-meta":"","adv-header-id-meta":"","stick-header-meta":"","header-above-stick-meta":"","header-main-stick-meta":"","header-below-stick-meta":"","astra-migrate-meta-layouts":"default","ast-page-background-enabled":"default","ast-page-background-meta":{"desktop":{"background-color":"var(--ast-global-color-5)","background-image":"","background-repeat":"repeat","background-position":"center center","background-size":"auto","background-attachment":"scroll","background-type":"","background-media":"","overlay-type":"","overlay-color":"","overlay-opacity":"","overlay-gradient":""},"tablet":{"background-color":"","background-image":"","background-repeat":"repeat","background-position":"center center","background-size":"auto","background-attachment":"scroll","background-type":"","background-media":"","overlay-type":"","overlay-color":"","overlay-opacity":"","overlay-gradient":""},"mobile":{"background-color":"","background-image":"","background-repeat":"repeat","background-position":"center center","background-size":"auto","background-attachment":"scroll","background-type":"","background-media":"","overlay-type":"","overlay-color":"","overlay-opacity":"","overlay-gradient":""}},"ast-content-background-meta":{"desktop":{"background-color":"var(--ast-global-color-4)","background-image":"","background-repeat":"repeat","background-position":"center center","background-size":"auto","background-attachment":"scroll","background-type":"","background-media":"","overlay-type":"","overlay-color":"","overlay-opacity":"","overlay-gradient":""},"tablet":{"background-color":"var(--ast-global-color-4)","background-image":"","background-repeat":"repeat","background-position":"center center","background-size":"auto","background-attachment":"scroll","background-type":"","background-media":"","overlay-type":"","overlay-color":"","overlay-opacity":"","overlay-gradient":""},"mobile":{"background-color":"var(--ast-global-color-4)","background-image":"","background-repeat":"repeat","background-position":"center center","background-size":"auto","background-attachment":"scroll","background-type":"","background-media":"","overlay-type":"","overlay-color":"","overlay-opacity":"","overlay-gradient":""}},"footnotes":""},"categories":[1],"tags":[],"class_list":["post-22297","post","type-post","status-publish","format-standard","hentry","category-sem-categoria"],"yoast_head":"<!-- This site is optimized with the Yoast SEO plugin v26.6 - https:\/\/yoast.com\/wordpress\/plugins\/seo\/ -->\n<title>Prefeitura e Senac renovam conv\u00eanio para qualifica\u00e7\u00e3o de mulheres em Pa\u00e7o do Lumiar - Daniel Matos<\/title>\n<meta name=\"robots\" content=\"index, follow, max-snippet:-1, max-image-preview:large, max-video-preview:-1\" \/>\n<link rel=\"canonical\" href=\"https:\/\/www.blogsoestado.com\/danielmatos\/prefeitura-e-senac-renovam-convenio-para-qualificacao-de-mulheres-em-paco-do-lumiar\/\" \/>\n<meta property=\"og:locale\" content=\"pt_BR\" \/>\n<meta property=\"og:type\" content=\"article\" \/>\n<meta property=\"og:title\" content=\"Prefeitura e Senac renovam conv\u00eanio para qualifica\u00e7\u00e3o de mulheres em Pa\u00e7o do Lumiar - Daniel Matos\" \/>\n<meta property=\"og:description\" content=\"A assinatura aconteceu na tarde desta segunda-feira, 02, no Audit\u00f3rio da Fecom\u00e9rcio, em S\u00e3o Lu\u00eds, e contou com a presen\u00e7a [&hellip;]\" \/>\n<meta property=\"og:url\" content=\"https:\/\/www.blogsoestado.com\/danielmatos\/prefeitura-e-senac-renovam-convenio-para-qualificacao-de-mulheres-em-paco-do-lumiar\/\" \/>\n<meta property=\"og:site_name\" content=\"Daniel Matos\" \/>\n<meta property=\"article:published_time\" content=\"2015-03-03T12:28:14+00:00\" \/>\n<meta name=\"twitter:card\" content=\"summary_large_image\" \/>\n<meta name=\"twitter:label1\" content=\"Est. tempo de leitura\" \/>\n\t<meta name=\"twitter:data1\" content=\"2 minutos\" \/>\n<script type=\"application\/ld+json\" class=\"yoast-schema-graph\">{\"@context\":\"https:\/\/schema.org\",\"@graph\":[{\"@type\":\"WebPage\",\"@id\":\"https:\/\/www.blogsoestado.com\/danielmatos\/prefeitura-e-senac-renovam-convenio-para-qualificacao-de-mulheres-em-paco-do-lumiar\/\",\"url\":\"https:\/\/www.blogsoestado.com\/danielmatos\/prefeitura-e-senac-renovam-convenio-para-qualificacao-de-mulheres-em-paco-do-lumiar\/\",\"name\":\"Prefeitura e Senac renovam conv\u00eanio para qualifica\u00e7\u00e3o de mulheres em Pa\u00e7o do Lumiar - Daniel Matos\",\"isPartOf\":{\"@id\":\"https:\/\/www.blogsoestado.com\/danielmatos\/#website\"},\"datePublished\":\"2015-03-03T12:28:14+00:00\",\"author\":{\"@id\":\"\"},\"breadcrumb\":{\"@id\":\"https:\/\/www.blogsoestado.com\/danielmatos\/prefeitura-e-senac-renovam-convenio-para-qualificacao-de-mulheres-em-paco-do-lumiar\/#breadcrumb\"},\"inLanguage\":\"pt-BR\",\"potentialAction\":[{\"@type\":\"ReadAction\",\"target\":[\"https:\/\/www.blogsoestado.com\/danielmatos\/prefeitura-e-senac-renovam-convenio-para-qualificacao-de-mulheres-em-paco-do-lumiar\/\"]}]},{\"@type\":\"BreadcrumbList\",\"@id\":\"https:\/\/www.blogsoestado.com\/danielmatos\/prefeitura-e-senac-renovam-convenio-para-qualificacao-de-mulheres-em-paco-do-lumiar\/#breadcrumb\",\"itemListElement\":[{\"@type\":\"ListItem\",\"position\":1,\"name\":\"In\u00edcio\",\"item\":\"https:\/\/www.blogsoestado.com\/danielmatos\/\"},{\"@type\":\"ListItem\",\"position\":2,\"name\":\"Prefeitura e Senac renovam conv\u00eanio para qualifica\u00e7\u00e3o de mulheres em Pa\u00e7o do Lumiar\"}]},{\"@type\":\"WebSite\",\"@id\":\"https:\/\/www.blogsoestado.com\/danielmatos\/#website\",\"url\":\"https:\/\/www.blogsoestado.com\/danielmatos\/\",\"name\":\"Daniel Matos\",\"description\":\"\",\"potentialAction\":[{\"@type\":\"SearchAction\",\"target\":{\"@type\":\"EntryPoint\",\"urlTemplate\":\"https:\/\/www.blogsoestado.com\/danielmatos\/?s={search_term_string}\"},\"query-input\":{\"@type\":\"PropertyValueSpecification\",\"valueRequired\":true,\"valueName\":\"search_term_string\"}}],\"inLanguage\":\"pt-BR\"}]}<\/script>\n<!-- \/ Yoast SEO plugin. -->","yoast_head_json":{"title":"Prefeitura e Senac renovam conv\u00eanio para qualifica\u00e7\u00e3o de mulheres em Pa\u00e7o do Lumiar - Daniel Matos","robots":{"index":"index","follow":"follow","max-snippet":"max-snippet:-1","max-image-preview":"max-image-preview:large","max-video-preview":"max-video-preview:-1"},"canonical":"https:\/\/www.blogsoestado.com\/danielmatos\/prefeitura-e-senac-renovam-convenio-para-qualificacao-de-mulheres-em-paco-do-lumiar\/","og_locale":"pt_BR","og_type":"article","og_title":"Prefeitura e Senac renovam conv\u00eanio para qualifica\u00e7\u00e3o de mulheres em Pa\u00e7o do Lumiar - Daniel Matos","og_description":"A assinatura aconteceu na tarde desta segunda-feira, 02, no Audit\u00f3rio da Fecom\u00e9rcio, em S\u00e3o Lu\u00eds, e contou com a presen\u00e7a [&hellip;]","og_url":"https:\/\/www.blogsoestado.com\/danielmatos\/prefeitura-e-senac-renovam-convenio-para-qualificacao-de-mulheres-em-paco-do-lumiar\/","og_site_name":"Daniel Matos","article_published_time":"2015-03-03T12:28:14+00:00","twitter_card":"summary_large_image","twitter_misc":{"Est. tempo de leitura":"2 minutos"},"schema":{"@context":"https:\/\/schema.org","@graph":[{"@type":"WebPage","@id":"https:\/\/www.blogsoestado.com\/danielmatos\/prefeitura-e-senac-renovam-convenio-para-qualificacao-de-mulheres-em-paco-do-lumiar\/","url":"https:\/\/www.blogsoestado.com\/danielmatos\/prefeitura-e-senac-renovam-convenio-para-qualificacao-de-mulheres-em-paco-do-lumiar\/","name":"Prefeitura e Senac renovam conv\u00eanio para qualifica\u00e7\u00e3o de mulheres em Pa\u00e7o do Lumiar - Daniel Matos","isPartOf":{"@id":"https:\/\/www.blogsoestado.com\/danielmatos\/#website"},"datePublished":"2015-03-03T12:28:14+00:00","author":{"@id":""},"breadcrumb":{"@id":"https:\/\/www.blogsoestado.com\/danielmatos\/prefeitura-e-senac-renovam-convenio-para-qualificacao-de-mulheres-em-paco-do-lumiar\/#breadcrumb"},"inLanguage":"pt-BR","potentialAction":[{"@type":"ReadAction","target":["https:\/\/www.blogsoestado.com\/danielmatos\/prefeitura-e-senac-renovam-convenio-para-qualificacao-de-mulheres-em-paco-do-lumiar\/"]}]},{"@type":"BreadcrumbList","@id":"https:\/\/www.blogsoestado.com\/danielmatos\/prefeitura-e-senac-renovam-convenio-para-qualificacao-de-mulheres-em-paco-do-lumiar\/#breadcrumb","itemListElement":[{"@type":"ListItem","position":1,"name":"In\u00edcio","item":"https:\/\/www.blogsoestado.com\/danielmatos\/"},{"@type":"ListItem","position":2,"name":"Prefeitura e Senac renovam conv\u00eanio para qualifica\u00e7\u00e3o de mulheres em Pa\u00e7o do Lumiar"}]},{"@type":"WebSite","@id":"https:\/\/www.blogsoestado.com\/danielmatos\/#website","url":"https:\/\/www.blogsoestado.com\/danielmatos\/","name":"Daniel Matos","description":"","potentialAction":[{"@type":"SearchAction","target":{"@type":"EntryPoint","urlTemplate":"https:\/\/www.blogsoestado.com\/danielmatos\/?s={search_term_string}"},"query-input":{"@type":"PropertyValueSpecification","valueRequired":true,"valueName":"search_term_string"}}],"inLanguage":"pt-BR"}]}},"jetpack_featured_media_url":"","_links":{"self":[{"href":"https:\/\/www.blogsoestado.com\/danielmatos\/wp-json\/wp\/v2\/posts\/22297","targetHints":{"allow":["GET"]}}],"collection":[{"href":"https:\/\/www.blogsoestado.com\/danielmatos\/wp-json\/wp\/v2\/posts"}],"about":[{"href":"https:\/\/www.blogsoestado.com\/danielmatos\/wp-json\/wp\/v2\/types\/post"}],"replies":[{"embeddable":true,"href":"https:\/\/www.blogsoestado.com\/danielmatos\/wp-json\/wp\/v2\/comments?post=22297"}],"version-history":[{"count":0,"href":"https:\/\/www.blogsoestado.com\/danielmatos\/wp-json\/wp\/v2\/posts\/22297\/revisions"}],"wp:attachment":[{"href":"https:\/\/www.blogsoestado.com\/danielmatos\/wp-json\/wp\/v2\/media?parent=22297"}],"wp:term":[{"taxonomy":"category","embeddable":true,"href":"https:\/\/www.blogsoestado.com\/danielmatos\/wp-json\/wp\/v2\/categories?post=22297"},{"taxonomy":"post_tag","embeddable":true,"href":"https:\/\/www.blogsoestado.com\/danielmatos\/wp-json\/wp\/v2\/tags?post=22297"}],"curies":[{"name":"wp","href":"https:\/\/api.w.org\/{rel}","templated":true}]}}