{"id":22300,"date":"2015-03-03T15:11:03","date_gmt":"2015-03-03T18:11:03","guid":{"rendered":"https:\/\/www.blogsoestado.com\/danielmatos\/?p=22300"},"modified":"2015-03-03T15:11:03","modified_gmt":"2015-03-03T18:11:03","slug":"chovem-acoes-contra-o-facebook-na-justica-do-maranhao","status":"publish","type":"post","link":"https:\/\/www.blogsoestado.com\/danielmatos\/chovem-acoes-contra-o-facebook-na-justica-do-maranhao\/","title":{"rendered":"Chovem a\u00e7\u00f5es contra o Facebook na Justi\u00e7a do Maranh\u00e3o"},"content":{"rendered":"<p><a href=\"https:\/\/www.blogsoestado.com\/danielmatos\/files\/2015\/03\/face-justi\u00e7a.jpg\"><img fetchpriority=\"high\" decoding=\"async\" class=\"alignleft size-full wp-image-22301\" src=\"https:\/\/www.blogsoestado.com\/danielmatos\/files\/2015\/03\/face-justi\u00e7a.jpg\" alt=\"face justi\u00e7a\" width=\"448\" height=\"251\" \/><\/a>\u00c9 cada vez maior o n\u00famero de a\u00e7\u00f5es em tramita\u00e7\u00e3o na Justi\u00e7a do Maranh\u00e3o que t\u00eam como r\u00e9u o site de relacionamentos Facebook. A maioria dos processos &#8211; o blog levantou nove na Justi\u00e7a de 1\u00ba grau e seis na de 2\u00ba grau s\u00f3 na comarca de\u00a0S\u00e3o Lu\u00eds &#8211; refere-se a pedidos de indeniza\u00e7\u00e3o e exclus\u00e3o de conte\u00fado por dano moral, por uso indevido de imagens e por divulga\u00e7\u00e3o de eventos considerados il\u00edcitos. At\u00e9 ent\u00e3o, os magistrados t\u00eam demonstrado clara tend\u00eancia\u00a0a decidir em desfavor da rede social. Entre os autores das a\u00e7\u00f5es contra o Facebook est\u00e3o pessoas da comunidade, um grande shopping da capital e at\u00e9 o governador do Estado, Fl\u00e1vio Dino (PCdoB).<\/p>\n<p>Um dos casos mais pol\u00eamicos ocorreu em meados de 2013 e\u00a0colocou em lados opostos o Facebook e\u00a0o Rio Anil Shopping, uma das maiores empresas do segmento na capital maranhense. Incomodada com os preju\u00edzos decorrentes do evento batizado de &#8220;rolezinho&#8221;, em que adolescentes se movimentavam em grupos dentro do shopping, assustando o resto do p\u00fablico e provocando o fechamento antecipado das lojas, a administra\u00e7\u00e3o do Rio Anil ajuizou a\u00e7\u00e3o para obrigar o site \u00a0a retirar do ar as p\u00e1ginas e imagens com incita\u00e7\u00e3o a\u00a0esses eventos\u00a0e se abster de divulg\u00e1-los em sua plataforma.<\/p>\n<figure id=\"attachment_22302\" aria-describedby=\"caption-attachment-22302\" style=\"width: 874px\" class=\"wp-caption aligncenter\"><a href=\"https:\/\/www.blogsoestado.com\/danielmatos\/files\/2015\/03\/rio-anil-facebook.jpg\"><img decoding=\"async\" class=\"size-full wp-image-22302\" src=\"https:\/\/www.blogsoestado.com\/danielmatos\/files\/2015\/03\/rio-anil-facebook.jpg\" alt=\"Trecho da decis\u00e3o favor\u00e1vel ao Rio Anil Shopping que determina ao Facebook exclus\u00e3o de postagens divulgando &quot;rolezinhos&quot;\" width=\"874\" height=\"157\" \/><\/a><figcaption id=\"caption-attachment-22302\" class=\"wp-caption-text\">Trecho da decis\u00e3o favor\u00e1vel ao Rio Anil Shopping que determina ao Facebook exclus\u00e3o de postagens divulgando &#8220;rolezinhos&#8221;<\/figcaption><\/figure>\n<p>Respons\u00e1vel por julgar o conflito, o juiz H\u00e9lio de Ara\u00fajo Carvalho Filho, da 12\u00aa Vara C\u00edvel da capital, decidiu em favor do shopping, determinando que o Facebook exclu\u00edsse imediatamente o conte\u00fado alusivo aos &#8220;rolezinhos&#8221; e n\u00e3o mais permitisse tais publica\u00e7\u00f5es, sob pena de multa di\u00e1ria de R$ 1 mil, at\u00e9 o limite de 30 dias.<\/p>\n<p><strong>Governador<\/strong><\/p>\n<figure id=\"attachment_22303\" aria-describedby=\"caption-attachment-22303\" style=\"width: 448px\" class=\"wp-caption alignright\"><a href=\"https:\/\/www.blogsoestado.com\/danielmatos\/files\/2015\/03\/dino-facebook.jpg\"><img decoding=\"async\" class=\"size-full wp-image-22303\" src=\"https:\/\/www.blogsoestado.com\/danielmatos\/files\/2015\/03\/dino-facebook.jpg\" alt=\"Fl\u00e1vio Dino tamb\u00e9m \u00e9 autor de a\u00e7\u00e3o judicial contra o site de relacionamentos \" width=\"448\" height=\"253\" \/><\/a><figcaption id=\"caption-attachment-22303\" class=\"wp-caption-text\">Fl\u00e1vio Dino tamb\u00e9m \u00e9 autor de a\u00e7\u00e3o judicial contra o site de relacionamentos<\/figcaption><\/figure>\n<p>Reafirmando o seu \u00e2nimo judicante, o\u00a0governador Fl\u00e1vio Dino tamb\u00e9m processou o Facebook. Em 6 de novembro do ano passado, quando ainda n\u00e3o havia assumido o comando do Estado, o comunista ajuizou a\u00e7\u00e3o com obriga\u00e7\u00e3o de fazer e com pedido de antecipa\u00e7\u00e3o de tutela contra a rede social. O mecanismo de consulta p\u00fablica do site do TJ n\u00e3o traz detalhes sobre o processo, mas por se tratar de &#8220;obriga\u00e7\u00e3o de fazer&#8221;, deduz-se que Dino sentiu-se ofendido de alguma forma pelo site, a ponto de tentar censurar as postagens que o atingiram.<\/p>\n<p><strong>Fakes<\/strong><\/p>\n<p>A\u00a0cria\u00e7\u00e3o de\u00a0endere\u00e7os\u00a0falsos no Facebook, denominados\u00a0no jarg\u00e3o cibern\u00e9tico de <em>fakes<\/em>, tamb\u00e9m deu origem a a\u00e7\u00f5es judiciais contra\u00a0a rede social. Uma das v\u00edtimas que\u00a0buscou na Justi\u00e7a repara\u00e7\u00e3o do dano que sofrera\u00a0foi\u00a0Carlos Dourado Lobato Neto.\u00a0Em 20 de janeiro deste ano, ele ajuizou a\u00e7\u00e3o em que pede indeniza\u00e7\u00e3o por danos morais em raz\u00e3o da viola\u00e7\u00e3o do seu direito de imagem em postagens exibidas em uma p\u00e1gina <em>fake<\/em>. O processo tramita na 2\u00aa Vara C\u00edvel\u00a0de S\u00e3o Lu\u00eds e ser\u00e1 julgado\u00a0pelo juiz Luiz de Fran\u00e7a Belchior Silva.<\/p>\n<p>A\u00e7\u00e3o com igual motiva\u00e7\u00e3o\u00a0foi ajuizada em 11 de dezembro do ano passado por\u00a0Terezinha de Jesus Pereira dos Santos, que um m\u00eas antes entrara em p\u00e2nico\u00a0ao ser surpreendida\u00a0com\u00a0o perfil falso intitulado &#8220;Teresa Silva&#8221;, criado, segundo ela, com o intuito de &#8220;difamar e desonrar a sua imagem, bem como fazer intrigas com seus vizinhos, o que vem lhe causando s\u00e9rios abalos psicol\u00f3gicos, uma vez que se iniciaram uma s\u00e9rie de acusa\u00e7\u00f5es contra a sua imagem e sua \u00edndole&#8221;.<\/p>\n<p>Ainda de acordo com a autora, foram publicadas na p\u00e1gina v\u00e1rias fotos suas, com mensagens ofensivas a outras pessoas.\u00a0Ela conta que\u00a0sua sobrinha tamb\u00e9m vem sendo v\u00edtima, uma vez que v\u00eam lhe sendo atribu\u00eddas palavras de baixo cal\u00e3o. Terezinha\u00a0afirmou\u00a0tamb\u00e9m\u00a0que o falso perfil tem injuriado seus vizinhos e que por essa raz\u00e3o vem sofrendo amea\u00e7as.\u00a0A autora\u00a0alega\u00a0que, por v\u00e1rias vezes, denunciou o caso ao Facebook, que jamais\u00a0tomou provid\u00eancia e\u00a0manteve\u00a0a p\u00e1gina\u00a0<em>fake <\/em>no ar.<\/p>\n<p>Ao julgar a quest\u00e3o, o juiz Cl\u00e9sio Coelho Cunha, da 4\u00aa Vara C\u00edvel de S\u00e3o Lu\u00eds, deferiu o pedido de Terezinha,\u00a0determinando a retirada da p\u00e1gina do ar em um prazo de 24 horas, sob pena de multa de R$ 400,00 por dia de descumprimento.<\/p>\n<p><strong>&#8220;Merendinhas &amp; Cornos&#8221;<\/strong><\/p>\n<p>Comunidades\u00a0nas quais s\u00e3o atribu\u00eddos a certas pessoas estere\u00f3tipos e condutas sociais tidos como imorais tamb\u00e9m motivaram o ajuizamento de a\u00e7\u00f5es contra o Facebook no Maranh\u00e3o. Em pesquisa no\u00a0site do TJ, o blog encontrou pelo menos duas, intituladas &#8220;Merendinhas e Cornos Slz&#8221; e &#8220;Merendinhas de S\u00e3o Lu\u00eds&#8221;, express\u00f5es que remetem a adult\u00e9rio e a vida\u00a0sexual prom\u00edscua. Ofendida pela exist\u00eancia de tais comunidades, Sthefany Santos da Costa interpelou judicialmente o site de relacionamentos na 15\u00aa Vara C\u00edvel e ganhou, obtendo em seu favor decis\u00e3o para que a rede social exclu\u00edsse o conte\u00fado ofensivo e se abstivesse de permitir novas postagens dessa natureza, sob pena de multa di\u00e1ria de R$ 1 mil.<\/p>\n<figure id=\"attachment_22304\" aria-describedby=\"caption-attachment-22304\" style=\"width: 805px\" class=\"wp-caption aligncenter\"><a href=\"https:\/\/www.blogsoestado.com\/danielmatos\/files\/2015\/03\/merendinha-face2.jpg\"><img loading=\"lazy\" decoding=\"async\" class=\"size-full wp-image-22304\" src=\"https:\/\/www.blogsoestado.com\/danielmatos\/files\/2015\/03\/merendinha-face2.jpg\" alt=\"Ofensas contidas nas comunidades &quot;Merendinhas &amp; Cornos Slz&quot; e &quot;Merendinhas de S\u00e3o Lu\u00eds&quot; deram origem a processo \" width=\"805\" height=\"310\" \/><\/a><figcaption id=\"caption-attachment-22304\" class=\"wp-caption-text\">Ofensas contidas nas comunidades &#8220;Merendinhas &amp; Cornos Slz&#8221; e &#8220;Merendinhas de S\u00e3o Lu\u00eds&#8221; deram origem a processo<\/figcaption><\/figure>\n<p>O Facebook ainda apelou \u00e0\u00a0segunda inst\u00e2ncia, alegando que n\u00e3o tem obriga\u00e7\u00e3o de monitorar\/moderar o conte\u00fado postado em sua\u00a0plataforma. Argumentou ainda que a\u00a0mesma \u00e9 gerenciada\u00a0por empresas estrangeiras (Facebook Inc. e Facebook Ireland Ltd), localizadas nos Estados Unidos, e que somente elas t\u00eam permiss\u00e3o para gerenciar o conte\u00fado hospedado. Mas\u00a0o pedido n\u00e3o prosperou, pois os advogados do site perderam o prazo para interposi\u00e7\u00e3o do recurso, indeferido em 20 de maio do ano passado pelo desembargador Ant\u00f4nio Guerreiro J\u00fanior.<\/p>\n<p>Por causa das sucessivas demandas judiciais no Maranh\u00e3o, o Facebook j\u00e1 contratou uma banca de advogados para defend\u00ea-lo\u00a0nos tribunais do estado. E\u00a0tudo indica que os profissionais do direito ter\u00e3o muito trabalho para contestar as crescentes acusa\u00e7\u00f5es de viola\u00e7\u00f5es atribu\u00eddas ao nobre cliente.<\/p>\n","protected":false},"excerpt":{"rendered":"<p>\u00c9 cada vez maior o n\u00famero de a\u00e7\u00f5es em tramita\u00e7\u00e3o na Justi\u00e7a do Maranh\u00e3o que t\u00eam como r\u00e9u o site [&hellip;]<\/p>\n","protected":false},"author":0,"featured_media":0,"comment_status":"open","ping_status":"open","sticky":false,"template":"","format":"standard","meta":{"site-sidebar-layout":"default","site-content-layout":"","ast-site-content-layout":"default","site-content-style":"default","site-sidebar-style":"default","ast-global-header-display":"","ast-banner-title-visibility":"","ast-main-header-display":"","ast-hfb-above-header-display":"","ast-hfb-below-header-display":"","ast-hfb-mobile-header-display":"","site-post-title":"","ast-breadcrumbs-content":"","ast-featured-img":"","footer-sml-layout":"","ast-disable-related-posts":"","theme-transparent-header-meta":"","adv-header-id-meta":"","stick-header-meta":"","header-above-stick-meta":"","header-main-stick-meta":"","header-below-stick-meta":"","astra-migrate-meta-layouts":"default","ast-page-background-enabled":"default","ast-page-background-meta":{"desktop":{"background-color":"var(--ast-global-color-5)","background-image":"","background-repeat":"repeat","background-position":"center center","background-size":"auto","background-attachment":"scroll","background-type":"","background-media":"","overlay-type":"","overlay-color":"","overlay-opacity":"","overlay-gradient":""},"tablet":{"background-color":"","background-image":"","background-repeat":"repeat","background-position":"center center","background-size":"auto","background-attachment":"scroll","background-type":"","background-media":"","overlay-type":"","overlay-color":"","overlay-opacity":"","overlay-gradient":""},"mobile":{"background-color":"","background-image":"","background-repeat":"repeat","background-position":"center center","background-size":"auto","background-attachment":"scroll","background-type":"","background-media":"","overlay-type":"","overlay-color":"","overlay-opacity":"","overlay-gradient":""}},"ast-content-background-meta":{"desktop":{"background-color":"var(--ast-global-color-4)","background-image":"","background-repeat":"repeat","background-position":"center center","background-size":"auto","background-attachment":"scroll","background-type":"","background-media":"","overlay-type":"","overlay-color":"","overlay-opacity":"","overlay-gradient":""},"tablet":{"background-color":"var(--ast-global-color-4)","background-image":"","background-repeat":"repeat","background-position":"center center","background-size":"auto","background-attachment":"scroll","background-type":"","background-media":"","overlay-type":"","overlay-color":"","overlay-opacity":"","overlay-gradient":""},"mobile":{"background-color":"var(--ast-global-color-4)","background-image":"","background-repeat":"repeat","background-position":"center center","background-size":"auto","background-attachment":"scroll","background-type":"","background-media":"","overlay-type":"","overlay-color":"","overlay-opacity":"","overlay-gradient":""}},"footnotes":""},"categories":[1],"tags":[],"class_list":["post-22300","post","type-post","status-publish","format-standard","hentry","category-sem-categoria"],"yoast_head":"<!-- This site is optimized with the Yoast SEO plugin v26.6 - https:\/\/yoast.com\/wordpress\/plugins\/seo\/ -->\n<title>Chovem a\u00e7\u00f5es contra o Facebook na Justi\u00e7a do Maranh\u00e3o - Daniel Matos<\/title>\n<meta name=\"robots\" content=\"index, follow, max-snippet:-1, max-image-preview:large, max-video-preview:-1\" \/>\n<link rel=\"canonical\" href=\"https:\/\/www.blogsoestado.com\/danielmatos\/chovem-acoes-contra-o-facebook-na-justica-do-maranhao\/\" \/>\n<meta property=\"og:locale\" content=\"pt_BR\" \/>\n<meta property=\"og:type\" content=\"article\" \/>\n<meta property=\"og:title\" content=\"Chovem a\u00e7\u00f5es contra o Facebook na Justi\u00e7a do Maranh\u00e3o - Daniel Matos\" \/>\n<meta property=\"og:description\" content=\"\u00c9 cada vez maior o n\u00famero de a\u00e7\u00f5es em tramita\u00e7\u00e3o na Justi\u00e7a do Maranh\u00e3o que t\u00eam como r\u00e9u o site [&hellip;]\" \/>\n<meta property=\"og:url\" content=\"https:\/\/www.blogsoestado.com\/danielmatos\/chovem-acoes-contra-o-facebook-na-justica-do-maranhao\/\" \/>\n<meta property=\"og:site_name\" content=\"Daniel Matos\" \/>\n<meta property=\"article:published_time\" content=\"2015-03-03T18:11:03+00:00\" \/>\n<meta property=\"og:image\" content=\"https:\/\/www.blogsoestado.com\/danielmatos\/files\/2015\/03\/rio-anil-facebook.jpg\" \/>\n<meta name=\"twitter:card\" content=\"summary_large_image\" \/>\n<meta name=\"twitter:label1\" content=\"Est. tempo de leitura\" \/>\n\t<meta name=\"twitter:data1\" content=\"5 minutos\" \/>\n<script type=\"application\/ld+json\" class=\"yoast-schema-graph\">{\"@context\":\"https:\/\/schema.org\",\"@graph\":[{\"@type\":\"WebPage\",\"@id\":\"https:\/\/www.blogsoestado.com\/danielmatos\/chovem-acoes-contra-o-facebook-na-justica-do-maranhao\/\",\"url\":\"https:\/\/www.blogsoestado.com\/danielmatos\/chovem-acoes-contra-o-facebook-na-justica-do-maranhao\/\",\"name\":\"Chovem a\u00e7\u00f5es contra o Facebook na Justi\u00e7a do Maranh\u00e3o - Daniel Matos\",\"isPartOf\":{\"@id\":\"https:\/\/www.blogsoestado.com\/danielmatos\/#website\"},\"primaryImageOfPage\":{\"@id\":\"https:\/\/www.blogsoestado.com\/danielmatos\/chovem-acoes-contra-o-facebook-na-justica-do-maranhao\/#primaryimage\"},\"image\":{\"@id\":\"https:\/\/www.blogsoestado.com\/danielmatos\/chovem-acoes-contra-o-facebook-na-justica-do-maranhao\/#primaryimage\"},\"thumbnailUrl\":\"https:\/\/www.blogsoestado.com\/danielmatos\/files\/2015\/03\/rio-anil-facebook.jpg\",\"datePublished\":\"2015-03-03T18:11:03+00:00\",\"author\":{\"@id\":\"\"},\"breadcrumb\":{\"@id\":\"https:\/\/www.blogsoestado.com\/danielmatos\/chovem-acoes-contra-o-facebook-na-justica-do-maranhao\/#breadcrumb\"},\"inLanguage\":\"pt-BR\",\"potentialAction\":[{\"@type\":\"ReadAction\",\"target\":[\"https:\/\/www.blogsoestado.com\/danielmatos\/chovem-acoes-contra-o-facebook-na-justica-do-maranhao\/\"]}]},{\"@type\":\"ImageObject\",\"inLanguage\":\"pt-BR\",\"@id\":\"https:\/\/www.blogsoestado.com\/danielmatos\/chovem-acoes-contra-o-facebook-na-justica-do-maranhao\/#primaryimage\",\"url\":\"https:\/\/www.blogsoestado.com\/danielmatos\/files\/2015\/03\/rio-anil-facebook.jpg\",\"contentUrl\":\"https:\/\/www.blogsoestado.com\/danielmatos\/files\/2015\/03\/rio-anil-facebook.jpg\"},{\"@type\":\"BreadcrumbList\",\"@id\":\"https:\/\/www.blogsoestado.com\/danielmatos\/chovem-acoes-contra-o-facebook-na-justica-do-maranhao\/#breadcrumb\",\"itemListElement\":[{\"@type\":\"ListItem\",\"position\":1,\"name\":\"In\u00edcio\",\"item\":\"https:\/\/www.blogsoestado.com\/danielmatos\/\"},{\"@type\":\"ListItem\",\"position\":2,\"name\":\"Chovem a\u00e7\u00f5es contra o Facebook na Justi\u00e7a do Maranh\u00e3o\"}]},{\"@type\":\"WebSite\",\"@id\":\"https:\/\/www.blogsoestado.com\/danielmatos\/#website\",\"url\":\"https:\/\/www.blogsoestado.com\/danielmatos\/\",\"name\":\"Daniel Matos\",\"description\":\"\",\"potentialAction\":[{\"@type\":\"SearchAction\",\"target\":{\"@type\":\"EntryPoint\",\"urlTemplate\":\"https:\/\/www.blogsoestado.com\/danielmatos\/?s={search_term_string}\"},\"query-input\":{\"@type\":\"PropertyValueSpecification\",\"valueRequired\":true,\"valueName\":\"search_term_string\"}}],\"inLanguage\":\"pt-BR\"}]}<\/script>\n<!-- \/ Yoast SEO plugin. -->","yoast_head_json":{"title":"Chovem a\u00e7\u00f5es contra o Facebook na Justi\u00e7a do Maranh\u00e3o - Daniel Matos","robots":{"index":"index","follow":"follow","max-snippet":"max-snippet:-1","max-image-preview":"max-image-preview:large","max-video-preview":"max-video-preview:-1"},"canonical":"https:\/\/www.blogsoestado.com\/danielmatos\/chovem-acoes-contra-o-facebook-na-justica-do-maranhao\/","og_locale":"pt_BR","og_type":"article","og_title":"Chovem a\u00e7\u00f5es contra o Facebook na Justi\u00e7a do Maranh\u00e3o - Daniel Matos","og_description":"\u00c9 cada vez maior o n\u00famero de a\u00e7\u00f5es em tramita\u00e7\u00e3o na Justi\u00e7a do Maranh\u00e3o que t\u00eam como r\u00e9u o site [&hellip;]","og_url":"https:\/\/www.blogsoestado.com\/danielmatos\/chovem-acoes-contra-o-facebook-na-justica-do-maranhao\/","og_site_name":"Daniel Matos","article_published_time":"2015-03-03T18:11:03+00:00","og_image":[{"url":"https:\/\/www.blogsoestado.com\/danielmatos\/files\/2015\/03\/rio-anil-facebook.jpg","type":"","width":"","height":""}],"twitter_card":"summary_large_image","twitter_misc":{"Est. tempo de leitura":"5 minutos"},"schema":{"@context":"https:\/\/schema.org","@graph":[{"@type":"WebPage","@id":"https:\/\/www.blogsoestado.com\/danielmatos\/chovem-acoes-contra-o-facebook-na-justica-do-maranhao\/","url":"https:\/\/www.blogsoestado.com\/danielmatos\/chovem-acoes-contra-o-facebook-na-justica-do-maranhao\/","name":"Chovem a\u00e7\u00f5es contra o Facebook na Justi\u00e7a do Maranh\u00e3o - Daniel Matos","isPartOf":{"@id":"https:\/\/www.blogsoestado.com\/danielmatos\/#website"},"primaryImageOfPage":{"@id":"https:\/\/www.blogsoestado.com\/danielmatos\/chovem-acoes-contra-o-facebook-na-justica-do-maranhao\/#primaryimage"},"image":{"@id":"https:\/\/www.blogsoestado.com\/danielmatos\/chovem-acoes-contra-o-facebook-na-justica-do-maranhao\/#primaryimage"},"thumbnailUrl":"https:\/\/www.blogsoestado.com\/danielmatos\/files\/2015\/03\/rio-anil-facebook.jpg","datePublished":"2015-03-03T18:11:03+00:00","author":{"@id":""},"breadcrumb":{"@id":"https:\/\/www.blogsoestado.com\/danielmatos\/chovem-acoes-contra-o-facebook-na-justica-do-maranhao\/#breadcrumb"},"inLanguage":"pt-BR","potentialAction":[{"@type":"ReadAction","target":["https:\/\/www.blogsoestado.com\/danielmatos\/chovem-acoes-contra-o-facebook-na-justica-do-maranhao\/"]}]},{"@type":"ImageObject","inLanguage":"pt-BR","@id":"https:\/\/www.blogsoestado.com\/danielmatos\/chovem-acoes-contra-o-facebook-na-justica-do-maranhao\/#primaryimage","url":"https:\/\/www.blogsoestado.com\/danielmatos\/files\/2015\/03\/rio-anil-facebook.jpg","contentUrl":"https:\/\/www.blogsoestado.com\/danielmatos\/files\/2015\/03\/rio-anil-facebook.jpg"},{"@type":"BreadcrumbList","@id":"https:\/\/www.blogsoestado.com\/danielmatos\/chovem-acoes-contra-o-facebook-na-justica-do-maranhao\/#breadcrumb","itemListElement":[{"@type":"ListItem","position":1,"name":"In\u00edcio","item":"https:\/\/www.blogsoestado.com\/danielmatos\/"},{"@type":"ListItem","position":2,"name":"Chovem a\u00e7\u00f5es contra o Facebook na Justi\u00e7a do Maranh\u00e3o"}]},{"@type":"WebSite","@id":"https:\/\/www.blogsoestado.com\/danielmatos\/#website","url":"https:\/\/www.blogsoestado.com\/danielmatos\/","name":"Daniel Matos","description":"","potentialAction":[{"@type":"SearchAction","target":{"@type":"EntryPoint","urlTemplate":"https:\/\/www.blogsoestado.com\/danielmatos\/?s={search_term_string}"},"query-input":{"@type":"PropertyValueSpecification","valueRequired":true,"valueName":"search_term_string"}}],"inLanguage":"pt-BR"}]}},"jetpack_featured_media_url":"","_links":{"self":[{"href":"https:\/\/www.blogsoestado.com\/danielmatos\/wp-json\/wp\/v2\/posts\/22300","targetHints":{"allow":["GET"]}}],"collection":[{"href":"https:\/\/www.blogsoestado.com\/danielmatos\/wp-json\/wp\/v2\/posts"}],"about":[{"href":"https:\/\/www.blogsoestado.com\/danielmatos\/wp-json\/wp\/v2\/types\/post"}],"replies":[{"embeddable":true,"href":"https:\/\/www.blogsoestado.com\/danielmatos\/wp-json\/wp\/v2\/comments?post=22300"}],"version-history":[{"count":0,"href":"https:\/\/www.blogsoestado.com\/danielmatos\/wp-json\/wp\/v2\/posts\/22300\/revisions"}],"wp:attachment":[{"href":"https:\/\/www.blogsoestado.com\/danielmatos\/wp-json\/wp\/v2\/media?parent=22300"}],"wp:term":[{"taxonomy":"category","embeddable":true,"href":"https:\/\/www.blogsoestado.com\/danielmatos\/wp-json\/wp\/v2\/categories?post=22300"},{"taxonomy":"post_tag","embeddable":true,"href":"https:\/\/www.blogsoestado.com\/danielmatos\/wp-json\/wp\/v2\/tags?post=22300"}],"curies":[{"name":"wp","href":"https:\/\/api.w.org\/{rel}","templated":true}]}}