{"id":22312,"date":"2015-03-03T15:51:12","date_gmt":"2015-03-03T18:51:12","guid":{"rendered":"https:\/\/www.blogsoestado.com\/danielmatos\/?p=22312"},"modified":"2015-03-03T15:51:12","modified_gmt":"2015-03-03T18:51:12","slug":"josue-pinheiro-pede-a-prefeitura-obras-prioritarias-em-bairros","status":"publish","type":"post","link":"https:\/\/www.blogsoestado.com\/danielmatos\/josue-pinheiro-pede-a-prefeitura-obras-prioritarias-em-bairros\/","title":{"rendered":"Josu\u00e9 Pinheiro pede \u00e0 Prefeitura obras priorit\u00e1rias em bairros"},"content":{"rendered":"<figure id=\"attachment_22313\" aria-describedby=\"caption-attachment-22313\" style=\"width: 448px\" class=\"wp-caption alignright\"><a href=\"https:\/\/www.blogsoestado.com\/danielmatos\/files\/2015\/03\/josue-obras.jpg\"><img fetchpriority=\"high\" decoding=\"async\" class=\"size-full wp-image-22313\" src=\"https:\/\/www.blogsoestado.com\/danielmatos\/files\/2015\/03\/josue-obras.jpg\" alt=\"Josu\u00e9 Pinheiro pediu inclus\u00e3o da Vila Embratel, Alemanha e Santa Efig\u00eania no cronograma de obras priorit\u00e1rias da Prefeitura (Foto: Paulo Caru\u00e1)  \" width=\"448\" height=\"298\" \/><\/a><figcaption id=\"caption-attachment-22313\" class=\"wp-caption-text\">Josu\u00e9 Pinheiro pediu inclus\u00e3o da Vila Embratel, Alemanha e Santa Efig\u00eania no cronograma de obras priorit\u00e1rias da Prefeitura (<strong>Foto:<\/strong> Paulo Caru\u00e1)<\/figcaption><\/figure>\n<p>Com requerimentos aprovados pela C\u00e2mara Municipal de S\u00e3o Lu\u00eds o vereador Josu\u00e9 Pinheiro (PSDC) solicita ao prefeito Edivaldo Holanda Junior, provid\u00eancias junto a SEMOSP (Secretaria Municipal de Obras e Servi\u00e7os P\u00fablicos), no sentido de incluir no programa de obras priorit\u00e1rias bairros como Vila Embratel, Alemanha e Santa Efig\u00eania. Especificando sua solicita\u00e7\u00e3o ele pleiteia a execu\u00e7\u00e3o de servi\u00e7os de asfaltamento em vias dessas localidades.<\/p>\n<p>Para a Vila Embratel o democrata crist\u00e3o requer recupera\u00e7\u00e3o asf\u00e1ltica da 2\u00ba Travessa 06 de Abril, enquanto para a Alemanha est\u00e1 sendo solicitada a execu\u00e7\u00e3o de recapeamento asf\u00e1ltico da Rua Jer\u00f4nimo Viveiros e da 1\u00ba e 2\u00ba Travessas da Rua 04 e para a Santa Efig\u00eania s\u00e3o servi\u00e7os de complementa\u00e7\u00e3o asf\u00e1ltica das Travessas Tancredo Neves e Santa Rita e da Rua Santa Rita. Al\u00e9m de citar v\u00e1rias imperfei\u00e7\u00f5es que dificultam o tr\u00e2nsito podendo ocasionar acidentes, o vereador do PSDC diz que as referidas vias em sua maioria encontram-se intrafeg\u00e1veis e em p\u00e9ssimo estado de conserva\u00e7\u00e3o, causando transtornos para quem ali trafega.<\/p>\n<p>\u201cCom a execu\u00e7\u00e3o dos servi\u00e7os solicitados procuraremos garantir a melhoria de acesso nessas ruas e travessas, bem como proporcionar maior seguran\u00e7a e conforto tanto para pedestres como para condutores de ve\u00edculos, oferecendo melhor trafegabilidade\u201d, enfatiza Josu\u00e9 Pinheiro para acrescentar: \u201cnesse per\u00edodo chuvoso a situa\u00e7\u00e3o tende a se agravar, mas estamos confiantes na sensibiliza\u00e7\u00e3o do poder p\u00fablico para atendimento das car\u00eancias dessas comunidades, e lhes proporcionar melhoria na sua qualidade de vida\u201d.<\/p>\n<p><strong>Sistemas de esgoto<\/strong><\/p>\n<p>Para a Companhia de Saneamento Ambiental (Caema), Josu\u00e9 Pinheiro solicita a realiza\u00e7\u00e3o quanto aos servi\u00e7os de regulariza\u00e7\u00e3o do vazamento no Sistema de Esgotos da Avenida Rio Claro, um dos principais acessos \u00e0 Praia do Olho D\u2019\u00c1gua. Informa ele que \u201cna avenida existe um derramamento de chorume proveniente de esgoto a c\u00e9u aberto que perdura por um longo tempo\u201d.<\/p>\n<p>Continuando, assinala o verador\u00a0que \u201cisso provoca um odor f\u00e9tido, com grande volume de dejetos que se prolongam p\u00e1rea as areias da praia, formam po\u00e7as e infiltram para o len\u00e7ol fre\u00e1tico, poluindo o meio ambiente\u201d. Josu\u00e9 Pinheiro fala que a situa\u00e7\u00e3o \u00e9 de calamidade, com os moradores e comerciantes denunciando o problema, \u201ce almejam ado\u00e7\u00e3o de medidas pelo \u00f3rg\u00e3o competente, para uma adequada corre\u00e7\u00e3o no esgotamento sanit\u00e1rio do local\u201d, finaliza.<\/p>\n","protected":false},"excerpt":{"rendered":"<p>Com requerimentos aprovados pela C\u00e2mara Municipal de S\u00e3o Lu\u00eds o vereador Josu\u00e9 Pinheiro (PSDC) solicita ao prefeito Edivaldo Holanda Junior, [&hellip;]<\/p>\n","protected":false},"author":0,"featured_media":0,"comment_status":"open","ping_status":"open","sticky":false,"template":"","format":"standard","meta":{"site-sidebar-layout":"default","site-content-layout":"","ast-site-content-layout":"default","site-content-style":"default","site-sidebar-style":"default","ast-global-header-display":"","ast-banner-title-visibility":"","ast-main-header-display":"","ast-hfb-above-header-display":"","ast-hfb-below-header-display":"","ast-hfb-mobile-header-display":"","site-post-title":"","ast-breadcrumbs-content":"","ast-featured-img":"","footer-sml-layout":"","ast-disable-related-posts":"","theme-transparent-header-meta":"","adv-header-id-meta":"","stick-header-meta":"","header-above-stick-meta":"","header-main-stick-meta":"","header-below-stick-meta":"","astra-migrate-meta-layouts":"default","ast-page-background-enabled":"default","ast-page-background-meta":{"desktop":{"background-color":"var(--ast-global-color-5)","background-image":"","background-repeat":"repeat","background-position":"center center","background-size":"auto","background-attachment":"scroll","background-type":"","background-media":"","overlay-type":"","overlay-color":"","overlay-opacity":"","overlay-gradient":""},"tablet":{"background-color":"","background-image":"","background-repeat":"repeat","background-position":"center center","background-size":"auto","background-attachment":"scroll","background-type":"","background-media":"","overlay-type":"","overlay-color":"","overlay-opacity":"","overlay-gradient":""},"mobile":{"background-color":"","background-image":"","background-repeat":"repeat","background-position":"center center","background-size":"auto","background-attachment":"scroll","background-type":"","background-media":"","overlay-type":"","overlay-color":"","overlay-opacity":"","overlay-gradient":""}},"ast-content-background-meta":{"desktop":{"background-color":"var(--ast-global-color-4)","background-image":"","background-repeat":"repeat","background-position":"center center","background-size":"auto","background-attachment":"scroll","background-type":"","background-media":"","overlay-type":"","overlay-color":"","overlay-opacity":"","overlay-gradient":""},"tablet":{"background-color":"var(--ast-global-color-4)","background-image":"","background-repeat":"repeat","background-position":"center center","background-size":"auto","background-attachment":"scroll","background-type":"","background-media":"","overlay-type":"","overlay-color":"","overlay-opacity":"","overlay-gradient":""},"mobile":{"background-color":"var(--ast-global-color-4)","background-image":"","background-repeat":"repeat","background-position":"center center","background-size":"auto","background-attachment":"scroll","background-type":"","background-media":"","overlay-type":"","overlay-color":"","overlay-opacity":"","overlay-gradient":""}},"footnotes":""},"categories":[1],"tags":[],"class_list":["post-22312","post","type-post","status-publish","format-standard","hentry","category-sem-categoria"],"yoast_head":"<!-- This site is optimized with the Yoast SEO plugin v26.6 - https:\/\/yoast.com\/wordpress\/plugins\/seo\/ -->\n<title>Josu\u00e9 Pinheiro pede \u00e0 Prefeitura obras priorit\u00e1rias em bairros - Daniel Matos<\/title>\n<meta name=\"robots\" content=\"index, follow, max-snippet:-1, max-image-preview:large, max-video-preview:-1\" \/>\n<link rel=\"canonical\" href=\"https:\/\/www.blogsoestado.com\/danielmatos\/josue-pinheiro-pede-a-prefeitura-obras-prioritarias-em-bairros\/\" \/>\n<meta property=\"og:locale\" content=\"pt_BR\" \/>\n<meta property=\"og:type\" content=\"article\" \/>\n<meta property=\"og:title\" content=\"Josu\u00e9 Pinheiro pede \u00e0 Prefeitura obras priorit\u00e1rias em bairros - Daniel Matos\" \/>\n<meta property=\"og:description\" content=\"Com requerimentos aprovados pela C\u00e2mara Municipal de S\u00e3o Lu\u00eds o vereador Josu\u00e9 Pinheiro (PSDC) solicita ao prefeito Edivaldo Holanda Junior, [&hellip;]\" \/>\n<meta property=\"og:url\" content=\"https:\/\/www.blogsoestado.com\/danielmatos\/josue-pinheiro-pede-a-prefeitura-obras-prioritarias-em-bairros\/\" \/>\n<meta property=\"og:site_name\" content=\"Daniel Matos\" \/>\n<meta property=\"article:published_time\" content=\"2015-03-03T18:51:12+00:00\" \/>\n<meta property=\"og:image\" content=\"https:\/\/www.blogsoestado.com\/danielmatos\/files\/2015\/03\/josue-obras.jpg\" \/>\n<meta name=\"twitter:card\" content=\"summary_large_image\" \/>\n<meta name=\"twitter:label1\" content=\"Est. tempo de leitura\" \/>\n\t<meta name=\"twitter:data1\" content=\"2 minutos\" \/>\n<script type=\"application\/ld+json\" class=\"yoast-schema-graph\">{\"@context\":\"https:\/\/schema.org\",\"@graph\":[{\"@type\":\"WebPage\",\"@id\":\"https:\/\/www.blogsoestado.com\/danielmatos\/josue-pinheiro-pede-a-prefeitura-obras-prioritarias-em-bairros\/\",\"url\":\"https:\/\/www.blogsoestado.com\/danielmatos\/josue-pinheiro-pede-a-prefeitura-obras-prioritarias-em-bairros\/\",\"name\":\"Josu\u00e9 Pinheiro pede \u00e0 Prefeitura obras priorit\u00e1rias em bairros - Daniel Matos\",\"isPartOf\":{\"@id\":\"https:\/\/www.blogsoestado.com\/danielmatos\/#website\"},\"primaryImageOfPage\":{\"@id\":\"https:\/\/www.blogsoestado.com\/danielmatos\/josue-pinheiro-pede-a-prefeitura-obras-prioritarias-em-bairros\/#primaryimage\"},\"image\":{\"@id\":\"https:\/\/www.blogsoestado.com\/danielmatos\/josue-pinheiro-pede-a-prefeitura-obras-prioritarias-em-bairros\/#primaryimage\"},\"thumbnailUrl\":\"https:\/\/www.blogsoestado.com\/danielmatos\/files\/2015\/03\/josue-obras.jpg\",\"datePublished\":\"2015-03-03T18:51:12+00:00\",\"author\":{\"@id\":\"\"},\"breadcrumb\":{\"@id\":\"https:\/\/www.blogsoestado.com\/danielmatos\/josue-pinheiro-pede-a-prefeitura-obras-prioritarias-em-bairros\/#breadcrumb\"},\"inLanguage\":\"pt-BR\",\"potentialAction\":[{\"@type\":\"ReadAction\",\"target\":[\"https:\/\/www.blogsoestado.com\/danielmatos\/josue-pinheiro-pede-a-prefeitura-obras-prioritarias-em-bairros\/\"]}]},{\"@type\":\"ImageObject\",\"inLanguage\":\"pt-BR\",\"@id\":\"https:\/\/www.blogsoestado.com\/danielmatos\/josue-pinheiro-pede-a-prefeitura-obras-prioritarias-em-bairros\/#primaryimage\",\"url\":\"https:\/\/www.blogsoestado.com\/danielmatos\/files\/2015\/03\/josue-obras.jpg\",\"contentUrl\":\"https:\/\/www.blogsoestado.com\/danielmatos\/files\/2015\/03\/josue-obras.jpg\"},{\"@type\":\"BreadcrumbList\",\"@id\":\"https:\/\/www.blogsoestado.com\/danielmatos\/josue-pinheiro-pede-a-prefeitura-obras-prioritarias-em-bairros\/#breadcrumb\",\"itemListElement\":[{\"@type\":\"ListItem\",\"position\":1,\"name\":\"In\u00edcio\",\"item\":\"https:\/\/www.blogsoestado.com\/danielmatos\/\"},{\"@type\":\"ListItem\",\"position\":2,\"name\":\"Josu\u00e9 Pinheiro pede \u00e0 Prefeitura obras priorit\u00e1rias em bairros\"}]},{\"@type\":\"WebSite\",\"@id\":\"https:\/\/www.blogsoestado.com\/danielmatos\/#website\",\"url\":\"https:\/\/www.blogsoestado.com\/danielmatos\/\",\"name\":\"Daniel Matos\",\"description\":\"\",\"potentialAction\":[{\"@type\":\"SearchAction\",\"target\":{\"@type\":\"EntryPoint\",\"urlTemplate\":\"https:\/\/www.blogsoestado.com\/danielmatos\/?s={search_term_string}\"},\"query-input\":{\"@type\":\"PropertyValueSpecification\",\"valueRequired\":true,\"valueName\":\"search_term_string\"}}],\"inLanguage\":\"pt-BR\"}]}<\/script>\n<!-- \/ Yoast SEO plugin. -->","yoast_head_json":{"title":"Josu\u00e9 Pinheiro pede \u00e0 Prefeitura obras priorit\u00e1rias em bairros - Daniel Matos","robots":{"index":"index","follow":"follow","max-snippet":"max-snippet:-1","max-image-preview":"max-image-preview:large","max-video-preview":"max-video-preview:-1"},"canonical":"https:\/\/www.blogsoestado.com\/danielmatos\/josue-pinheiro-pede-a-prefeitura-obras-prioritarias-em-bairros\/","og_locale":"pt_BR","og_type":"article","og_title":"Josu\u00e9 Pinheiro pede \u00e0 Prefeitura obras priorit\u00e1rias em bairros - Daniel Matos","og_description":"Com requerimentos aprovados pela C\u00e2mara Municipal de S\u00e3o Lu\u00eds o vereador Josu\u00e9 Pinheiro (PSDC) solicita ao prefeito Edivaldo Holanda Junior, [&hellip;]","og_url":"https:\/\/www.blogsoestado.com\/danielmatos\/josue-pinheiro-pede-a-prefeitura-obras-prioritarias-em-bairros\/","og_site_name":"Daniel Matos","article_published_time":"2015-03-03T18:51:12+00:00","og_image":[{"url":"https:\/\/www.blogsoestado.com\/danielmatos\/files\/2015\/03\/josue-obras.jpg","type":"","width":"","height":""}],"twitter_card":"summary_large_image","twitter_misc":{"Est. tempo de leitura":"2 minutos"},"schema":{"@context":"https:\/\/schema.org","@graph":[{"@type":"WebPage","@id":"https:\/\/www.blogsoestado.com\/danielmatos\/josue-pinheiro-pede-a-prefeitura-obras-prioritarias-em-bairros\/","url":"https:\/\/www.blogsoestado.com\/danielmatos\/josue-pinheiro-pede-a-prefeitura-obras-prioritarias-em-bairros\/","name":"Josu\u00e9 Pinheiro pede \u00e0 Prefeitura obras priorit\u00e1rias em bairros - Daniel Matos","isPartOf":{"@id":"https:\/\/www.blogsoestado.com\/danielmatos\/#website"},"primaryImageOfPage":{"@id":"https:\/\/www.blogsoestado.com\/danielmatos\/josue-pinheiro-pede-a-prefeitura-obras-prioritarias-em-bairros\/#primaryimage"},"image":{"@id":"https:\/\/www.blogsoestado.com\/danielmatos\/josue-pinheiro-pede-a-prefeitura-obras-prioritarias-em-bairros\/#primaryimage"},"thumbnailUrl":"https:\/\/www.blogsoestado.com\/danielmatos\/files\/2015\/03\/josue-obras.jpg","datePublished":"2015-03-03T18:51:12+00:00","author":{"@id":""},"breadcrumb":{"@id":"https:\/\/www.blogsoestado.com\/danielmatos\/josue-pinheiro-pede-a-prefeitura-obras-prioritarias-em-bairros\/#breadcrumb"},"inLanguage":"pt-BR","potentialAction":[{"@type":"ReadAction","target":["https:\/\/www.blogsoestado.com\/danielmatos\/josue-pinheiro-pede-a-prefeitura-obras-prioritarias-em-bairros\/"]}]},{"@type":"ImageObject","inLanguage":"pt-BR","@id":"https:\/\/www.blogsoestado.com\/danielmatos\/josue-pinheiro-pede-a-prefeitura-obras-prioritarias-em-bairros\/#primaryimage","url":"https:\/\/www.blogsoestado.com\/danielmatos\/files\/2015\/03\/josue-obras.jpg","contentUrl":"https:\/\/www.blogsoestado.com\/danielmatos\/files\/2015\/03\/josue-obras.jpg"},{"@type":"BreadcrumbList","@id":"https:\/\/www.blogsoestado.com\/danielmatos\/josue-pinheiro-pede-a-prefeitura-obras-prioritarias-em-bairros\/#breadcrumb","itemListElement":[{"@type":"ListItem","position":1,"name":"In\u00edcio","item":"https:\/\/www.blogsoestado.com\/danielmatos\/"},{"@type":"ListItem","position":2,"name":"Josu\u00e9 Pinheiro pede \u00e0 Prefeitura obras priorit\u00e1rias em bairros"}]},{"@type":"WebSite","@id":"https:\/\/www.blogsoestado.com\/danielmatos\/#website","url":"https:\/\/www.blogsoestado.com\/danielmatos\/","name":"Daniel Matos","description":"","potentialAction":[{"@type":"SearchAction","target":{"@type":"EntryPoint","urlTemplate":"https:\/\/www.blogsoestado.com\/danielmatos\/?s={search_term_string}"},"query-input":{"@type":"PropertyValueSpecification","valueRequired":true,"valueName":"search_term_string"}}],"inLanguage":"pt-BR"}]}},"jetpack_featured_media_url":"","_links":{"self":[{"href":"https:\/\/www.blogsoestado.com\/danielmatos\/wp-json\/wp\/v2\/posts\/22312","targetHints":{"allow":["GET"]}}],"collection":[{"href":"https:\/\/www.blogsoestado.com\/danielmatos\/wp-json\/wp\/v2\/posts"}],"about":[{"href":"https:\/\/www.blogsoestado.com\/danielmatos\/wp-json\/wp\/v2\/types\/post"}],"replies":[{"embeddable":true,"href":"https:\/\/www.blogsoestado.com\/danielmatos\/wp-json\/wp\/v2\/comments?post=22312"}],"version-history":[{"count":0,"href":"https:\/\/www.blogsoestado.com\/danielmatos\/wp-json\/wp\/v2\/posts\/22312\/revisions"}],"wp:attachment":[{"href":"https:\/\/www.blogsoestado.com\/danielmatos\/wp-json\/wp\/v2\/media?parent=22312"}],"wp:term":[{"taxonomy":"category","embeddable":true,"href":"https:\/\/www.blogsoestado.com\/danielmatos\/wp-json\/wp\/v2\/categories?post=22312"},{"taxonomy":"post_tag","embeddable":true,"href":"https:\/\/www.blogsoestado.com\/danielmatos\/wp-json\/wp\/v2\/tags?post=22312"}],"curies":[{"name":"wp","href":"https:\/\/api.w.org\/{rel}","templated":true}]}}