{"id":22315,"date":"2015-03-03T15:57:16","date_gmt":"2015-03-03T18:57:16","guid":{"rendered":"https:\/\/www.blogsoestado.com\/danielmatos\/?p=22315"},"modified":"2015-03-03T15:57:16","modified_gmt":"2015-03-03T18:57:16","slug":"wellington-do-curso-destaca-incorporacao-de-novos-militares-pelo-exercito","status":"publish","type":"post","link":"https:\/\/www.blogsoestado.com\/danielmatos\/wellington-do-curso-destaca-incorporacao-de-novos-militares-pelo-exercito\/","title":{"rendered":"Wellington do Curso destaca incorpora\u00e7\u00e3o de novos militares pelo Ex\u00e9rcito"},"content":{"rendered":"<figure id=\"attachment_22316\" aria-describedby=\"caption-attachment-22316\" style=\"width: 448px\" class=\"wp-caption alignleft\"><a href=\"https:\/\/www.blogsoestado.com\/danielmatos\/files\/2015\/03\/wellington-militares.jpg\"><img fetchpriority=\"high\" decoding=\"async\" class=\"size-full wp-image-22316\" src=\"https:\/\/www.blogsoestado.com\/danielmatos\/files\/2015\/03\/wellington-militares.jpg\" alt=\"Wellington registrou na tribuna sua participa\u00e7\u00e3o na solenidade de incorpora\u00e7\u00e3o de novos militares do Ex\u00e9rcito\" width=\"448\" height=\"297\" \/><\/a><figcaption id=\"caption-attachment-22316\" class=\"wp-caption-text\">Wellington registrou na tribuna sua participa\u00e7\u00e3o na solenidade de incorpora\u00e7\u00e3o de novos militares do Ex\u00e9rcito<\/figcaption><\/figure>\n<p>O deputado Wellington do Curso (PPS) ocupou a tribuna da Assembleia Legislativa, nessa segunda-feira (2), para registrar sua ida ao 24\u00ba Batalh\u00e3o de Infantaria Leve, a convite do comandante, para participar da solenidade de incorpora\u00e7\u00e3o dos recrutas e soldados no ano de 2015.<\/p>\n<p>Na oportunidade, o parlamentar falou sobre sua trajet\u00f3ria de vida e o tempo em que serviu ao Ex\u00e9rcito. Destacou, ainda, o orgulho que sentiu em prestigiar o evento.<\/p>\n<p>\u201cPara mim foi um momento de orgulho voltar ao 24\u00ba Batalh\u00e3o como convidado, 26 anos ap\u00f3s minha incorpora\u00e7\u00e3o no Ex\u00e9rcito Brasileiro. Veio-me \u00e0 lembran\u00e7a o tempo em que incorporei, no dia 13 de fevereiro de 1989. Servi ao Ex\u00e9rcito por 15 anos, onde aprendi atributos, valores e princ\u00edpios que at\u00e9 hoje levo em minha forma de viver\u201d, lembrou.<\/p>\n<p>Segundo o deputado, o que mais o chamou a aten\u00e7\u00e3o foi um jovem que tentou ser aprovado no concurso de Sargento do Ex\u00e9rcito pela primeira vez, mas n\u00e3o conseguiu e, insistentemente, mesmo diante das dificuldades que enfrentou, n\u00e3o desistiu e hoje \u00e9 sargento do Ex\u00e9rcito.<\/p>\n<p>O parlamentar lamentou, ainda, o falecimento do empres\u00e1rio Raimundo Flor\u00eancio e do ex-prefeito de Lago da Pedra, Waldir Jorge.<\/p>\n<p>\u201cQuero fazer refer\u00eancia ao pai do deputado Carlinhos Flor\u00eancio, Raimundo Flor\u00eancio, que veio a falecer na sexta-feira. Externo minhas condol\u00eancias aos familiares. E tamb\u00e9m ao pai da deputada Maura Jorge, atual prefeita de Lago da Pedra. Que Deus conforte seus cora\u00e7\u00f5es!\u201d, lamentou o deputado.<\/p>\n","protected":false},"excerpt":{"rendered":"<p>O deputado Wellington do Curso (PPS) ocupou a tribuna da Assembleia Legislativa, nessa segunda-feira (2), para registrar sua ida ao [&hellip;]<\/p>\n","protected":false},"author":0,"featured_media":0,"comment_status":"open","ping_status":"open","sticky":false,"template":"","format":"standard","meta":{"site-sidebar-layout":"default","site-content-layout":"","ast-site-content-layout":"default","site-content-style":"default","site-sidebar-style":"default","ast-global-header-display":"","ast-banner-title-visibility":"","ast-main-header-display":"","ast-hfb-above-header-display":"","ast-hfb-below-header-display":"","ast-hfb-mobile-header-display":"","site-post-title":"","ast-breadcrumbs-content":"","ast-featured-img":"","footer-sml-layout":"","ast-disable-related-posts":"","theme-transparent-header-meta":"","adv-header-id-meta":"","stick-header-meta":"","header-above-stick-meta":"","header-main-stick-meta":"","header-below-stick-meta":"","astra-migrate-meta-layouts":"default","ast-page-background-enabled":"default","ast-page-background-meta":{"desktop":{"background-color":"var(--ast-global-color-5)","background-image":"","background-repeat":"repeat","background-position":"center center","background-size":"auto","background-attachment":"scroll","background-type":"","background-media":"","overlay-type":"","overlay-color":"","overlay-opacity":"","overlay-gradient":""},"tablet":{"background-color":"","background-image":"","background-repeat":"repeat","background-position":"center center","background-size":"auto","background-attachment":"scroll","background-type":"","background-media":"","overlay-type":"","overlay-color":"","overlay-opacity":"","overlay-gradient":""},"mobile":{"background-color":"","background-image":"","background-repeat":"repeat","background-position":"center center","background-size":"auto","background-attachment":"scroll","background-type":"","background-media":"","overlay-type":"","overlay-color":"","overlay-opacity":"","overlay-gradient":""}},"ast-content-background-meta":{"desktop":{"background-color":"var(--ast-global-color-4)","background-image":"","background-repeat":"repeat","background-position":"center center","background-size":"auto","background-attachment":"scroll","background-type":"","background-media":"","overlay-type":"","overlay-color":"","overlay-opacity":"","overlay-gradient":""},"tablet":{"background-color":"var(--ast-global-color-4)","background-image":"","background-repeat":"repeat","background-position":"center center","background-size":"auto","background-attachment":"scroll","background-type":"","background-media":"","overlay-type":"","overlay-color":"","overlay-opacity":"","overlay-gradient":""},"mobile":{"background-color":"var(--ast-global-color-4)","background-image":"","background-repeat":"repeat","background-position":"center center","background-size":"auto","background-attachment":"scroll","background-type":"","background-media":"","overlay-type":"","overlay-color":"","overlay-opacity":"","overlay-gradient":""}},"footnotes":""},"categories":[1],"tags":[],"class_list":["post-22315","post","type-post","status-publish","format-standard","hentry","category-sem-categoria"],"yoast_head":"<!-- This site is optimized with the Yoast SEO plugin v26.6 - https:\/\/yoast.com\/wordpress\/plugins\/seo\/ -->\n<title>Wellington do Curso destaca incorpora\u00e7\u00e3o de novos militares pelo Ex\u00e9rcito - Daniel Matos<\/title>\n<meta name=\"robots\" content=\"index, follow, max-snippet:-1, max-image-preview:large, max-video-preview:-1\" \/>\n<link rel=\"canonical\" href=\"https:\/\/www.blogsoestado.com\/danielmatos\/wellington-do-curso-destaca-incorporacao-de-novos-militares-pelo-exercito\/\" \/>\n<meta property=\"og:locale\" content=\"pt_BR\" \/>\n<meta property=\"og:type\" content=\"article\" \/>\n<meta property=\"og:title\" content=\"Wellington do Curso destaca incorpora\u00e7\u00e3o de novos militares pelo Ex\u00e9rcito - Daniel Matos\" \/>\n<meta property=\"og:description\" content=\"O deputado Wellington do Curso (PPS) ocupou a tribuna da Assembleia Legislativa, nessa segunda-feira (2), para registrar sua ida ao [&hellip;]\" \/>\n<meta property=\"og:url\" content=\"https:\/\/www.blogsoestado.com\/danielmatos\/wellington-do-curso-destaca-incorporacao-de-novos-militares-pelo-exercito\/\" \/>\n<meta property=\"og:site_name\" content=\"Daniel Matos\" \/>\n<meta property=\"article:published_time\" content=\"2015-03-03T18:57:16+00:00\" \/>\n<meta property=\"og:image\" content=\"https:\/\/www.blogsoestado.com\/danielmatos\/files\/2015\/03\/wellington-militares.jpg\" \/>\n<meta name=\"twitter:card\" content=\"summary_large_image\" \/>\n<meta name=\"twitter:label1\" content=\"Est. tempo de leitura\" \/>\n\t<meta name=\"twitter:data1\" content=\"1 minuto\" \/>\n<script type=\"application\/ld+json\" class=\"yoast-schema-graph\">{\"@context\":\"https:\/\/schema.org\",\"@graph\":[{\"@type\":\"WebPage\",\"@id\":\"https:\/\/www.blogsoestado.com\/danielmatos\/wellington-do-curso-destaca-incorporacao-de-novos-militares-pelo-exercito\/\",\"url\":\"https:\/\/www.blogsoestado.com\/danielmatos\/wellington-do-curso-destaca-incorporacao-de-novos-militares-pelo-exercito\/\",\"name\":\"Wellington do Curso destaca incorpora\u00e7\u00e3o de novos militares pelo Ex\u00e9rcito - Daniel Matos\",\"isPartOf\":{\"@id\":\"https:\/\/www.blogsoestado.com\/danielmatos\/#website\"},\"primaryImageOfPage\":{\"@id\":\"https:\/\/www.blogsoestado.com\/danielmatos\/wellington-do-curso-destaca-incorporacao-de-novos-militares-pelo-exercito\/#primaryimage\"},\"image\":{\"@id\":\"https:\/\/www.blogsoestado.com\/danielmatos\/wellington-do-curso-destaca-incorporacao-de-novos-militares-pelo-exercito\/#primaryimage\"},\"thumbnailUrl\":\"https:\/\/www.blogsoestado.com\/danielmatos\/files\/2015\/03\/wellington-militares.jpg\",\"datePublished\":\"2015-03-03T18:57:16+00:00\",\"author\":{\"@id\":\"\"},\"breadcrumb\":{\"@id\":\"https:\/\/www.blogsoestado.com\/danielmatos\/wellington-do-curso-destaca-incorporacao-de-novos-militares-pelo-exercito\/#breadcrumb\"},\"inLanguage\":\"pt-BR\",\"potentialAction\":[{\"@type\":\"ReadAction\",\"target\":[\"https:\/\/www.blogsoestado.com\/danielmatos\/wellington-do-curso-destaca-incorporacao-de-novos-militares-pelo-exercito\/\"]}]},{\"@type\":\"ImageObject\",\"inLanguage\":\"pt-BR\",\"@id\":\"https:\/\/www.blogsoestado.com\/danielmatos\/wellington-do-curso-destaca-incorporacao-de-novos-militares-pelo-exercito\/#primaryimage\",\"url\":\"https:\/\/www.blogsoestado.com\/danielmatos\/files\/2015\/03\/wellington-militares.jpg\",\"contentUrl\":\"https:\/\/www.blogsoestado.com\/danielmatos\/files\/2015\/03\/wellington-militares.jpg\"},{\"@type\":\"BreadcrumbList\",\"@id\":\"https:\/\/www.blogsoestado.com\/danielmatos\/wellington-do-curso-destaca-incorporacao-de-novos-militares-pelo-exercito\/#breadcrumb\",\"itemListElement\":[{\"@type\":\"ListItem\",\"position\":1,\"name\":\"In\u00edcio\",\"item\":\"https:\/\/www.blogsoestado.com\/danielmatos\/\"},{\"@type\":\"ListItem\",\"position\":2,\"name\":\"Wellington do Curso destaca incorpora\u00e7\u00e3o de novos militares pelo Ex\u00e9rcito\"}]},{\"@type\":\"WebSite\",\"@id\":\"https:\/\/www.blogsoestado.com\/danielmatos\/#website\",\"url\":\"https:\/\/www.blogsoestado.com\/danielmatos\/\",\"name\":\"Daniel Matos\",\"description\":\"\",\"potentialAction\":[{\"@type\":\"SearchAction\",\"target\":{\"@type\":\"EntryPoint\",\"urlTemplate\":\"https:\/\/www.blogsoestado.com\/danielmatos\/?s={search_term_string}\"},\"query-input\":{\"@type\":\"PropertyValueSpecification\",\"valueRequired\":true,\"valueName\":\"search_term_string\"}}],\"inLanguage\":\"pt-BR\"}]}<\/script>\n<!-- \/ Yoast SEO plugin. -->","yoast_head_json":{"title":"Wellington do Curso destaca incorpora\u00e7\u00e3o de novos militares pelo Ex\u00e9rcito - Daniel Matos","robots":{"index":"index","follow":"follow","max-snippet":"max-snippet:-1","max-image-preview":"max-image-preview:large","max-video-preview":"max-video-preview:-1"},"canonical":"https:\/\/www.blogsoestado.com\/danielmatos\/wellington-do-curso-destaca-incorporacao-de-novos-militares-pelo-exercito\/","og_locale":"pt_BR","og_type":"article","og_title":"Wellington do Curso destaca incorpora\u00e7\u00e3o de novos militares pelo Ex\u00e9rcito - Daniel Matos","og_description":"O deputado Wellington do Curso (PPS) ocupou a tribuna da Assembleia Legislativa, nessa segunda-feira (2), para registrar sua ida ao [&hellip;]","og_url":"https:\/\/www.blogsoestado.com\/danielmatos\/wellington-do-curso-destaca-incorporacao-de-novos-militares-pelo-exercito\/","og_site_name":"Daniel Matos","article_published_time":"2015-03-03T18:57:16+00:00","og_image":[{"url":"https:\/\/www.blogsoestado.com\/danielmatos\/files\/2015\/03\/wellington-militares.jpg","type":"","width":"","height":""}],"twitter_card":"summary_large_image","twitter_misc":{"Est. tempo de leitura":"1 minuto"},"schema":{"@context":"https:\/\/schema.org","@graph":[{"@type":"WebPage","@id":"https:\/\/www.blogsoestado.com\/danielmatos\/wellington-do-curso-destaca-incorporacao-de-novos-militares-pelo-exercito\/","url":"https:\/\/www.blogsoestado.com\/danielmatos\/wellington-do-curso-destaca-incorporacao-de-novos-militares-pelo-exercito\/","name":"Wellington do Curso destaca incorpora\u00e7\u00e3o de novos militares pelo Ex\u00e9rcito - Daniel Matos","isPartOf":{"@id":"https:\/\/www.blogsoestado.com\/danielmatos\/#website"},"primaryImageOfPage":{"@id":"https:\/\/www.blogsoestado.com\/danielmatos\/wellington-do-curso-destaca-incorporacao-de-novos-militares-pelo-exercito\/#primaryimage"},"image":{"@id":"https:\/\/www.blogsoestado.com\/danielmatos\/wellington-do-curso-destaca-incorporacao-de-novos-militares-pelo-exercito\/#primaryimage"},"thumbnailUrl":"https:\/\/www.blogsoestado.com\/danielmatos\/files\/2015\/03\/wellington-militares.jpg","datePublished":"2015-03-03T18:57:16+00:00","author":{"@id":""},"breadcrumb":{"@id":"https:\/\/www.blogsoestado.com\/danielmatos\/wellington-do-curso-destaca-incorporacao-de-novos-militares-pelo-exercito\/#breadcrumb"},"inLanguage":"pt-BR","potentialAction":[{"@type":"ReadAction","target":["https:\/\/www.blogsoestado.com\/danielmatos\/wellington-do-curso-destaca-incorporacao-de-novos-militares-pelo-exercito\/"]}]},{"@type":"ImageObject","inLanguage":"pt-BR","@id":"https:\/\/www.blogsoestado.com\/danielmatos\/wellington-do-curso-destaca-incorporacao-de-novos-militares-pelo-exercito\/#primaryimage","url":"https:\/\/www.blogsoestado.com\/danielmatos\/files\/2015\/03\/wellington-militares.jpg","contentUrl":"https:\/\/www.blogsoestado.com\/danielmatos\/files\/2015\/03\/wellington-militares.jpg"},{"@type":"BreadcrumbList","@id":"https:\/\/www.blogsoestado.com\/danielmatos\/wellington-do-curso-destaca-incorporacao-de-novos-militares-pelo-exercito\/#breadcrumb","itemListElement":[{"@type":"ListItem","position":1,"name":"In\u00edcio","item":"https:\/\/www.blogsoestado.com\/danielmatos\/"},{"@type":"ListItem","position":2,"name":"Wellington do Curso destaca incorpora\u00e7\u00e3o de novos militares pelo Ex\u00e9rcito"}]},{"@type":"WebSite","@id":"https:\/\/www.blogsoestado.com\/danielmatos\/#website","url":"https:\/\/www.blogsoestado.com\/danielmatos\/","name":"Daniel Matos","description":"","potentialAction":[{"@type":"SearchAction","target":{"@type":"EntryPoint","urlTemplate":"https:\/\/www.blogsoestado.com\/danielmatos\/?s={search_term_string}"},"query-input":{"@type":"PropertyValueSpecification","valueRequired":true,"valueName":"search_term_string"}}],"inLanguage":"pt-BR"}]}},"jetpack_featured_media_url":"","_links":{"self":[{"href":"https:\/\/www.blogsoestado.com\/danielmatos\/wp-json\/wp\/v2\/posts\/22315","targetHints":{"allow":["GET"]}}],"collection":[{"href":"https:\/\/www.blogsoestado.com\/danielmatos\/wp-json\/wp\/v2\/posts"}],"about":[{"href":"https:\/\/www.blogsoestado.com\/danielmatos\/wp-json\/wp\/v2\/types\/post"}],"replies":[{"embeddable":true,"href":"https:\/\/www.blogsoestado.com\/danielmatos\/wp-json\/wp\/v2\/comments?post=22315"}],"version-history":[{"count":0,"href":"https:\/\/www.blogsoestado.com\/danielmatos\/wp-json\/wp\/v2\/posts\/22315\/revisions"}],"wp:attachment":[{"href":"https:\/\/www.blogsoestado.com\/danielmatos\/wp-json\/wp\/v2\/media?parent=22315"}],"wp:term":[{"taxonomy":"category","embeddable":true,"href":"https:\/\/www.blogsoestado.com\/danielmatos\/wp-json\/wp\/v2\/categories?post=22315"},{"taxonomy":"post_tag","embeddable":true,"href":"https:\/\/www.blogsoestado.com\/danielmatos\/wp-json\/wp\/v2\/tags?post=22315"}],"curies":[{"name":"wp","href":"https:\/\/api.w.org\/{rel}","templated":true}]}}