{"id":22319,"date":"2015-03-03T16:16:31","date_gmt":"2015-03-03T19:16:31","guid":{"rendered":"https:\/\/www.blogsoestado.com\/danielmatos\/?p=22319"},"modified":"2015-03-03T16:16:31","modified_gmt":"2015-03-03T19:16:31","slug":"vereador-honorato-lanca-projeto-fala-sao-luis","status":"publish","type":"post","link":"https:\/\/www.blogsoestado.com\/danielmatos\/vereador-honorato-lanca-projeto-fala-sao-luis\/","title":{"rendered":"Vereador Honorato lan\u00e7a projeto \u201cFala S\u00e3o Lu\u00eds\u201d"},"content":{"rendered":"<figure id=\"attachment_22320\" aria-describedby=\"caption-attachment-22320\" style=\"width: 640px\" class=\"wp-caption aligncenter\"><a href=\"https:\/\/www.blogsoestado.com\/danielmatos\/files\/2015\/03\/honorato-fala.jpg\"><img fetchpriority=\"high\" decoding=\"async\" class=\"size-full wp-image-22320\" src=\"https:\/\/www.blogsoestado.com\/danielmatos\/files\/2015\/03\/honorato-fala.jpg\" alt=\"Honorato em encontro com populares: a\u00e7\u00e3o enfatiza participa\u00e7\u00e3o popular na atua\u00e7\u00e3o parlamentar\" width=\"640\" height=\"480\" \/><\/a><figcaption id=\"caption-attachment-22320\" class=\"wp-caption-text\">Honorato em encontro com pessoas da comunidade: a\u00e7\u00e3o enfatiza participa\u00e7\u00e3o popular na atua\u00e7\u00e3o parlamentar<\/figcaption><\/figure>\n<pre>O vereador Honorato Fernandes lan\u00e7a, no s\u00e1bado (07), \u00e0s 18h, no Viva Liberdade, o projeto \nFala S\u00e3o Lu\u00eds, uma iniciativa que tem em vista a mobiliza\u00e7\u00e3o e participa\u00e7\u00e3o popular das comunidades dacapital visando ao entendimento do papel do parlamentar nas demandas da sociedade e a import\u00e2ncia de \ntoda cidad\u00e3 e todo cidad\u00e3o no processo de conscientiza\u00e7\u00e3o pol\u00edtica.\n\nHonorato explica: \u201cEsse \u00e9 um tema que identificamos desde a campanha de 2012, quando sentimos a necessidade de mobiliza\u00e7\u00e3o e participa\u00e7\u00e3o efetiva da popula\u00e7\u00e3o na busca da garantia de seus direitos \nconstitucionais e hist\u00f3ricos muitas vezes negados, em parte ou em sua totalidade\u201d. \n\nO vereador esclarece, ainda: \u201cEssa provoca\u00e7\u00e3o acontecer\u00e1 nos diversos cantos da cidade, onde discutiremos e debateremos variados temas, buscando, de maneira conjunta e articulada, encaminhar e solucionar o maior n\u00famero de demandas dos cidad\u00e3os juntos aos \u00f3rg\u00e3os p\u00fablicos, utilizando a for\u00e7a da mobiliza\u00e7\u00e3o e participa\u00e7\u00e3o popular e a legitimidade do mandato de vereador\u201d. \n\nO projeto Fala S\u00e3o Lu\u00eds far\u00e1 encontros nas comunidades e criar\u00e1 o portal <a href=\"http:\/\/www.falasaoluis.com\" target=\"_blank\">www.falasaoluis.com<\/a>,\npotencializando o uso das redes sociais como ferramentas de divulga\u00e7\u00e3o de temas e informa\u00e7\u00f5es importantes, al\u00e9m de ser um espa\u00e7o de intera\u00e7\u00e3o com a popula\u00e7\u00e3o para o encaminhamento de sugest\u00f5es e \nreivindica\u00e7\u00f5es da popula\u00e7\u00e3o. O Fala S\u00e3o Lu\u00eds tamb\u00e9m contar\u00e1 com Whatsapp: 987101344 e Facebook: \n<a href=\"http:\/\/www.facebook.com\/falasaoluis\" target=\"_blank\">www.facebook.com\/falasaoluis<\/a>\n\n<strong>Pesquisa<\/strong> \n\nEm todas as comunidades em que for desenvolvido o projeto ser\u00e1 realizada uma pesquisa presencial, dividida em tr\u00eas blocos: um primeiro com informa\u00e7\u00f5es sobre a realidade do entrevistado, renda, situa\u00e7\u00e3o dafam\u00edlia, sa\u00fade, escolaridade; um segundo que questiona a avalia\u00e7\u00e3o que os moradores fazem do seu bairro e condi\u00e7\u00f5es gerais nas mais diversas pol\u00edticas p\u00fablicas, como sa\u00fade, educa\u00e7\u00e3o, transporte, seguran\u00e7a, etc.; e um terceiro bloco, chamado de sonhos e desejos, em que os moradores s\u00e3o questionados sobre seus anseios para si, para sua fam\u00edlia, seu bairro e sua cidade.\n\nA partir da an\u00e1lise dos resultados dessa pesquisa, o vereador Honorato dar\u00e1 encaminhamento \u00e0s quest\u00f5esidentificadas. \u201cO vereador possui um passaporte, dado pelo povo atrav\u00e9s da vota\u00e7\u00e3o popular, que permite bater e abrir portas juntos aos governos, mas precisa estar em sintonia plena com a popula\u00e7\u00e3o para poder definir prioridades nas suas reivindica\u00e7\u00f5es de forma coletiva. A pesquisa identifica essas prioridades e \u00e9 atr\u00e1s dessas resolu\u00e7\u00f5es que n\u00f3s vamos correr, junto aos governos, \u00f3rg\u00e3os competentes e \nrespectivas autoridades\u201d, assegura Honorato.\n\n<strong>Liberdade<\/strong> \n\nO Fala S\u00e3o Lu\u00eds acontecer\u00e1 em v\u00e1rios territ\u00f3rios da Ilha, mas a escolha da Liberdade para ser o pilotoda pesquisa e o lan\u00e7amento do projeto se deu pelo fato de que tem sido uma \u00e1rea estigmatizada como um bairro extremamente violento. \u201cNa realidade, sabemos que \u00e9 um bairro de pessoas maravilhosas, rico culturalmente, mas que enfrenta dificuldades de diversas ordens por falta de um olhar mais pr\u00f3ximo, \ntamb\u00e9m por ser numa \u00e1rea central em S\u00e3o Lu\u00eds. Prova de todo seu potencial foi a forma acolhedora e \ncheia de esperan\u00e7a com que fomos recebidos na Liberdade\u201d, desmitifica o vereador.<\/pre>\n","protected":false},"excerpt":{"rendered":"<p>O vereador Honorato Fernandes lan\u00e7a, no s\u00e1bado (07), \u00e0s 18h, no Viva Liberdade, o projeto Fala S\u00e3o Lu\u00eds, uma iniciativa [&hellip;]<\/p>\n","protected":false},"author":0,"featured_media":0,"comment_status":"open","ping_status":"open","sticky":false,"template":"","format":"standard","meta":{"site-sidebar-layout":"default","site-content-layout":"","ast-site-content-layout":"default","site-content-style":"default","site-sidebar-style":"default","ast-global-header-display":"","ast-banner-title-visibility":"","ast-main-header-display":"","ast-hfb-above-header-display":"","ast-hfb-below-header-display":"","ast-hfb-mobile-header-display":"","site-post-title":"","ast-breadcrumbs-content":"","ast-featured-img":"","footer-sml-layout":"","ast-disable-related-posts":"","theme-transparent-header-meta":"","adv-header-id-meta":"","stick-header-meta":"","header-above-stick-meta":"","header-main-stick-meta":"","header-below-stick-meta":"","astra-migrate-meta-layouts":"default","ast-page-background-enabled":"default","ast-page-background-meta":{"desktop":{"background-color":"var(--ast-global-color-5)","background-image":"","background-repeat":"repeat","background-position":"center center","background-size":"auto","background-attachment":"scroll","background-type":"","background-media":"","overlay-type":"","overlay-color":"","overlay-opacity":"","overlay-gradient":""},"tablet":{"background-color":"","background-image":"","background-repeat":"repeat","background-position":"center center","background-size":"auto","background-attachment":"scroll","background-type":"","background-media":"","overlay-type":"","overlay-color":"","overlay-opacity":"","overlay-gradient":""},"mobile":{"background-color":"","background-image":"","background-repeat":"repeat","background-position":"center center","background-size":"auto","background-attachment":"scroll","background-type":"","background-media":"","overlay-type":"","overlay-color":"","overlay-opacity":"","overlay-gradient":""}},"ast-content-background-meta":{"desktop":{"background-color":"var(--ast-global-color-4)","background-image":"","background-repeat":"repeat","background-position":"center center","background-size":"auto","background-attachment":"scroll","background-type":"","background-media":"","overlay-type":"","overlay-color":"","overlay-opacity":"","overlay-gradient":""},"tablet":{"background-color":"var(--ast-global-color-4)","background-image":"","background-repeat":"repeat","background-position":"center center","background-size":"auto","background-attachment":"scroll","background-type":"","background-media":"","overlay-type":"","overlay-color":"","overlay-opacity":"","overlay-gradient":""},"mobile":{"background-color":"var(--ast-global-color-4)","background-image":"","background-repeat":"repeat","background-position":"center center","background-size":"auto","background-attachment":"scroll","background-type":"","background-media":"","overlay-type":"","overlay-color":"","overlay-opacity":"","overlay-gradient":""}},"footnotes":""},"categories":[1],"tags":[],"class_list":["post-22319","post","type-post","status-publish","format-standard","hentry","category-sem-categoria"],"yoast_head":"<!-- This site is optimized with the Yoast SEO plugin v26.6 - https:\/\/yoast.com\/wordpress\/plugins\/seo\/ -->\n<title>Vereador Honorato lan\u00e7a projeto \u201cFala S\u00e3o Lu\u00eds\u201d - Daniel Matos<\/title>\n<meta name=\"robots\" content=\"index, follow, max-snippet:-1, max-image-preview:large, max-video-preview:-1\" \/>\n<link rel=\"canonical\" href=\"https:\/\/www.blogsoestado.com\/danielmatos\/vereador-honorato-lanca-projeto-fala-sao-luis\/\" \/>\n<meta property=\"og:locale\" content=\"pt_BR\" \/>\n<meta property=\"og:type\" content=\"article\" \/>\n<meta property=\"og:title\" content=\"Vereador Honorato lan\u00e7a projeto \u201cFala S\u00e3o Lu\u00eds\u201d - Daniel Matos\" \/>\n<meta property=\"og:description\" content=\"O vereador Honorato Fernandes lan\u00e7a, no s\u00e1bado (07), \u00e0s 18h, no Viva Liberdade, o projeto Fala S\u00e3o Lu\u00eds, uma iniciativa [&hellip;]\" \/>\n<meta property=\"og:url\" content=\"https:\/\/www.blogsoestado.com\/danielmatos\/vereador-honorato-lanca-projeto-fala-sao-luis\/\" \/>\n<meta property=\"og:site_name\" content=\"Daniel Matos\" \/>\n<meta property=\"article:published_time\" content=\"2015-03-03T19:16:31+00:00\" \/>\n<meta property=\"og:image\" content=\"https:\/\/www.blogsoestado.com\/danielmatos\/files\/2015\/03\/honorato-fala.jpg\" \/>\n<meta name=\"twitter:card\" content=\"summary_large_image\" \/>\n<meta name=\"twitter:label1\" content=\"Est. tempo de leitura\" \/>\n\t<meta name=\"twitter:data1\" content=\"3 minutos\" \/>\n<script type=\"application\/ld+json\" class=\"yoast-schema-graph\">{\"@context\":\"https:\/\/schema.org\",\"@graph\":[{\"@type\":\"WebPage\",\"@id\":\"https:\/\/www.blogsoestado.com\/danielmatos\/vereador-honorato-lanca-projeto-fala-sao-luis\/\",\"url\":\"https:\/\/www.blogsoestado.com\/danielmatos\/vereador-honorato-lanca-projeto-fala-sao-luis\/\",\"name\":\"Vereador Honorato lan\u00e7a projeto \u201cFala S\u00e3o Lu\u00eds\u201d - Daniel Matos\",\"isPartOf\":{\"@id\":\"https:\/\/www.blogsoestado.com\/danielmatos\/#website\"},\"primaryImageOfPage\":{\"@id\":\"https:\/\/www.blogsoestado.com\/danielmatos\/vereador-honorato-lanca-projeto-fala-sao-luis\/#primaryimage\"},\"image\":{\"@id\":\"https:\/\/www.blogsoestado.com\/danielmatos\/vereador-honorato-lanca-projeto-fala-sao-luis\/#primaryimage\"},\"thumbnailUrl\":\"https:\/\/www.blogsoestado.com\/danielmatos\/files\/2015\/03\/honorato-fala.jpg\",\"datePublished\":\"2015-03-03T19:16:31+00:00\",\"author\":{\"@id\":\"\"},\"breadcrumb\":{\"@id\":\"https:\/\/www.blogsoestado.com\/danielmatos\/vereador-honorato-lanca-projeto-fala-sao-luis\/#breadcrumb\"},\"inLanguage\":\"pt-BR\",\"potentialAction\":[{\"@type\":\"ReadAction\",\"target\":[\"https:\/\/www.blogsoestado.com\/danielmatos\/vereador-honorato-lanca-projeto-fala-sao-luis\/\"]}]},{\"@type\":\"ImageObject\",\"inLanguage\":\"pt-BR\",\"@id\":\"https:\/\/www.blogsoestado.com\/danielmatos\/vereador-honorato-lanca-projeto-fala-sao-luis\/#primaryimage\",\"url\":\"https:\/\/www.blogsoestado.com\/danielmatos\/files\/2015\/03\/honorato-fala.jpg\",\"contentUrl\":\"https:\/\/www.blogsoestado.com\/danielmatos\/files\/2015\/03\/honorato-fala.jpg\"},{\"@type\":\"BreadcrumbList\",\"@id\":\"https:\/\/www.blogsoestado.com\/danielmatos\/vereador-honorato-lanca-projeto-fala-sao-luis\/#breadcrumb\",\"itemListElement\":[{\"@type\":\"ListItem\",\"position\":1,\"name\":\"In\u00edcio\",\"item\":\"https:\/\/www.blogsoestado.com\/danielmatos\/\"},{\"@type\":\"ListItem\",\"position\":2,\"name\":\"Vereador Honorato lan\u00e7a projeto \u201cFala S\u00e3o Lu\u00eds\u201d\"}]},{\"@type\":\"WebSite\",\"@id\":\"https:\/\/www.blogsoestado.com\/danielmatos\/#website\",\"url\":\"https:\/\/www.blogsoestado.com\/danielmatos\/\",\"name\":\"Daniel Matos\",\"description\":\"\",\"potentialAction\":[{\"@type\":\"SearchAction\",\"target\":{\"@type\":\"EntryPoint\",\"urlTemplate\":\"https:\/\/www.blogsoestado.com\/danielmatos\/?s={search_term_string}\"},\"query-input\":{\"@type\":\"PropertyValueSpecification\",\"valueRequired\":true,\"valueName\":\"search_term_string\"}}],\"inLanguage\":\"pt-BR\"}]}<\/script>\n<!-- \/ Yoast SEO plugin. -->","yoast_head_json":{"title":"Vereador Honorato lan\u00e7a projeto \u201cFala S\u00e3o Lu\u00eds\u201d - Daniel Matos","robots":{"index":"index","follow":"follow","max-snippet":"max-snippet:-1","max-image-preview":"max-image-preview:large","max-video-preview":"max-video-preview:-1"},"canonical":"https:\/\/www.blogsoestado.com\/danielmatos\/vereador-honorato-lanca-projeto-fala-sao-luis\/","og_locale":"pt_BR","og_type":"article","og_title":"Vereador Honorato lan\u00e7a projeto \u201cFala S\u00e3o Lu\u00eds\u201d - Daniel Matos","og_description":"O vereador Honorato Fernandes lan\u00e7a, no s\u00e1bado (07), \u00e0s 18h, no Viva Liberdade, o projeto Fala S\u00e3o Lu\u00eds, uma iniciativa [&hellip;]","og_url":"https:\/\/www.blogsoestado.com\/danielmatos\/vereador-honorato-lanca-projeto-fala-sao-luis\/","og_site_name":"Daniel Matos","article_published_time":"2015-03-03T19:16:31+00:00","og_image":[{"url":"https:\/\/www.blogsoestado.com\/danielmatos\/files\/2015\/03\/honorato-fala.jpg","type":"","width":"","height":""}],"twitter_card":"summary_large_image","twitter_misc":{"Est. tempo de leitura":"3 minutos"},"schema":{"@context":"https:\/\/schema.org","@graph":[{"@type":"WebPage","@id":"https:\/\/www.blogsoestado.com\/danielmatos\/vereador-honorato-lanca-projeto-fala-sao-luis\/","url":"https:\/\/www.blogsoestado.com\/danielmatos\/vereador-honorato-lanca-projeto-fala-sao-luis\/","name":"Vereador Honorato lan\u00e7a projeto \u201cFala S\u00e3o Lu\u00eds\u201d - Daniel Matos","isPartOf":{"@id":"https:\/\/www.blogsoestado.com\/danielmatos\/#website"},"primaryImageOfPage":{"@id":"https:\/\/www.blogsoestado.com\/danielmatos\/vereador-honorato-lanca-projeto-fala-sao-luis\/#primaryimage"},"image":{"@id":"https:\/\/www.blogsoestado.com\/danielmatos\/vereador-honorato-lanca-projeto-fala-sao-luis\/#primaryimage"},"thumbnailUrl":"https:\/\/www.blogsoestado.com\/danielmatos\/files\/2015\/03\/honorato-fala.jpg","datePublished":"2015-03-03T19:16:31+00:00","author":{"@id":""},"breadcrumb":{"@id":"https:\/\/www.blogsoestado.com\/danielmatos\/vereador-honorato-lanca-projeto-fala-sao-luis\/#breadcrumb"},"inLanguage":"pt-BR","potentialAction":[{"@type":"ReadAction","target":["https:\/\/www.blogsoestado.com\/danielmatos\/vereador-honorato-lanca-projeto-fala-sao-luis\/"]}]},{"@type":"ImageObject","inLanguage":"pt-BR","@id":"https:\/\/www.blogsoestado.com\/danielmatos\/vereador-honorato-lanca-projeto-fala-sao-luis\/#primaryimage","url":"https:\/\/www.blogsoestado.com\/danielmatos\/files\/2015\/03\/honorato-fala.jpg","contentUrl":"https:\/\/www.blogsoestado.com\/danielmatos\/files\/2015\/03\/honorato-fala.jpg"},{"@type":"BreadcrumbList","@id":"https:\/\/www.blogsoestado.com\/danielmatos\/vereador-honorato-lanca-projeto-fala-sao-luis\/#breadcrumb","itemListElement":[{"@type":"ListItem","position":1,"name":"In\u00edcio","item":"https:\/\/www.blogsoestado.com\/danielmatos\/"},{"@type":"ListItem","position":2,"name":"Vereador Honorato lan\u00e7a projeto \u201cFala S\u00e3o Lu\u00eds\u201d"}]},{"@type":"WebSite","@id":"https:\/\/www.blogsoestado.com\/danielmatos\/#website","url":"https:\/\/www.blogsoestado.com\/danielmatos\/","name":"Daniel Matos","description":"","potentialAction":[{"@type":"SearchAction","target":{"@type":"EntryPoint","urlTemplate":"https:\/\/www.blogsoestado.com\/danielmatos\/?s={search_term_string}"},"query-input":{"@type":"PropertyValueSpecification","valueRequired":true,"valueName":"search_term_string"}}],"inLanguage":"pt-BR"}]}},"jetpack_featured_media_url":"","_links":{"self":[{"href":"https:\/\/www.blogsoestado.com\/danielmatos\/wp-json\/wp\/v2\/posts\/22319","targetHints":{"allow":["GET"]}}],"collection":[{"href":"https:\/\/www.blogsoestado.com\/danielmatos\/wp-json\/wp\/v2\/posts"}],"about":[{"href":"https:\/\/www.blogsoestado.com\/danielmatos\/wp-json\/wp\/v2\/types\/post"}],"replies":[{"embeddable":true,"href":"https:\/\/www.blogsoestado.com\/danielmatos\/wp-json\/wp\/v2\/comments?post=22319"}],"version-history":[{"count":0,"href":"https:\/\/www.blogsoestado.com\/danielmatos\/wp-json\/wp\/v2\/posts\/22319\/revisions"}],"wp:attachment":[{"href":"https:\/\/www.blogsoestado.com\/danielmatos\/wp-json\/wp\/v2\/media?parent=22319"}],"wp:term":[{"taxonomy":"category","embeddable":true,"href":"https:\/\/www.blogsoestado.com\/danielmatos\/wp-json\/wp\/v2\/categories?post=22319"},{"taxonomy":"post_tag","embeddable":true,"href":"https:\/\/www.blogsoestado.com\/danielmatos\/wp-json\/wp\/v2\/tags?post=22319"}],"curies":[{"name":"wp","href":"https:\/\/api.w.org\/{rel}","templated":true}]}}