{"id":22329,"date":"2015-03-03T17:37:36","date_gmt":"2015-03-03T20:37:36","guid":{"rendered":"https:\/\/www.blogsoestado.com\/danielmatos\/?p=22329"},"modified":"2015-03-03T17:37:36","modified_gmt":"2015-03-03T20:37:36","slug":"justica-manda-fechar-chinelo-de-dedo","status":"publish","type":"post","link":"https:\/\/www.blogsoestado.com\/danielmatos\/justica-manda-fechar-chinelo-de-dedo\/","title":{"rendered":"Justi\u00e7a manda fechar Chinelo de Dedo"},"content":{"rendered":"<figure id=\"attachment_22330\" aria-describedby=\"caption-attachment-22330\" style=\"width: 448px\" class=\"wp-caption alignright\"><a href=\"https:\/\/www.blogsoestado.com\/danielmatos\/files\/2015\/03\/chinelo-de-dedo.jpg\"><img fetchpriority=\"high\" decoding=\"async\" class=\"size-full wp-image-22330\" src=\"https:\/\/www.blogsoestado.com\/danielmatos\/files\/2015\/03\/chinelo-de-dedo.jpg\" alt=\"Festas no Chinelo de Dedo est\u00e3o suspensas por decis\u00e3o judicial\" width=\"448\" height=\"336\" \/><\/a><figcaption id=\"caption-attachment-22330\" class=\"wp-caption-text\">Festas no Chinelo de Dedo est\u00e3o suspensas por decis\u00e3o judicial<\/figcaption><\/figure>\n<p>Os desembargadores da 1\u00aa C\u00e2mara C\u00edvel do Tribunal de Justi\u00e7a do Maranh\u00e3o (TJMA) mantiveram senten\u00e7a da 8\u00aa Vara da capital, para determinar o fechamento do estabelecimento \u201cChinelo de Dedo\u201d, localizada no bairro Cohatrac, n\u00e3o podendo este realizar festas ou eventos que venham a perturbar o sossego e a paz social dos moradores da localidade. Cabe recurso da decis\u00e3o.<\/p>\n<p>A a\u00e7\u00e3o original foi proposta por moradores da vizinhan\u00e7a da Avenida Joaquim Mochel, alegando que a casa se estabeleceu em \u00e1rea residencial e promove festas, eventos, shows e venda de bebidas alco\u00f3licas, causando perturba\u00e7\u00e3o ao sossego, tranquilidade e repouso noturno da comunidade, al\u00e9m de polui\u00e7\u00e3o sonora, visto que n\u00e3o possui o devido isolamento ac\u00fastico e o n\u00edvel de ru\u00eddos supera o permitido em lei.<\/p>\n<p><strong>Contesta\u00e7\u00e3o<\/strong><\/p>\n<p>Ap\u00f3s a senten\u00e7a para determinar o fechamento, o Chinelo de Dedo recorreu, alegando em sua defesa que possui toda a documenta\u00e7\u00e3o dos \u00f3rg\u00e3os competentes para o regular funcionamento, tais como alvar\u00e1 municipal, certificado de vistoria do Corpo de Bombeiros, autoriza\u00e7\u00e3o da Delegacia de Costumes, entre outros. Sustentou tamb\u00e9m que opera dentro dos limites sonoros permitidos, possuindo isolamento em paredes, caixa de isolamento e telas de \u201cabafo\u201d.<br \/>\nO relator do recurso, desembargador Jorge Rachid, decidiu manter a ordem de fechamento, ressaltando aspectos jur\u00eddicos ambientais que protegem o direito de todos ao meio ambiente ecologicamente equilibrado.<\/p>\n<p>O magistrado destacou a legisla\u00e7\u00e3o que define a polui\u00e7\u00e3o como a degrada\u00e7\u00e3o da qualidade ambiental resultante de atividades que direta ou indiretamente prejudiquem a sa\u00fade, seguran\u00e7a e bem estar da popula\u00e7\u00e3o.<\/p>\n<p>Para o desembargador, apesar da regularidade no funcionamento, o estabelecimento n\u00e3o comprovou que os ru\u00eddos emitidos nos dias de evento est\u00e3o dentro dos limites permitidos pela legisla\u00e7\u00e3o, causando perturba\u00e7\u00e3o ao sossego da vizinhan\u00e7a.<\/p>\n<p>\u201cQualquer a\u00e7\u00e3o que cause dano ao meio ambiente deve ser devidamente monitorada pelos \u00f3rg\u00e3os p\u00fablicos, a fim de evitar ou minimizar os efeitos decorrentes de eventual polui\u00e7\u00e3o, no caso a sonora, sendo leg\u00edtimo, portanto, o ajuizamento da a\u00e7\u00e3o que vise \u00e0 suspens\u00e3o de festas e at\u00e9 mesmo ao fechamento da casa de show, desde que comprovado o abuso\u201d, assinalou o relator. (Processo: 384472014)<\/p>\n<p><strong>Fonte:<\/strong> Tribunal de Justi\u00e7a do Maranh\u00e3o<\/p>\n","protected":false},"excerpt":{"rendered":"<p>Os desembargadores da 1\u00aa C\u00e2mara C\u00edvel do Tribunal de Justi\u00e7a do Maranh\u00e3o (TJMA) mantiveram senten\u00e7a da 8\u00aa Vara da capital, [&hellip;]<\/p>\n","protected":false},"author":0,"featured_media":0,"comment_status":"open","ping_status":"open","sticky":false,"template":"","format":"standard","meta":{"site-sidebar-layout":"default","site-content-layout":"","ast-site-content-layout":"default","site-content-style":"default","site-sidebar-style":"default","ast-global-header-display":"","ast-banner-title-visibility":"","ast-main-header-display":"","ast-hfb-above-header-display":"","ast-hfb-below-header-display":"","ast-hfb-mobile-header-display":"","site-post-title":"","ast-breadcrumbs-content":"","ast-featured-img":"","footer-sml-layout":"","ast-disable-related-posts":"","theme-transparent-header-meta":"","adv-header-id-meta":"","stick-header-meta":"","header-above-stick-meta":"","header-main-stick-meta":"","header-below-stick-meta":"","astra-migrate-meta-layouts":"default","ast-page-background-enabled":"default","ast-page-background-meta":{"desktop":{"background-color":"var(--ast-global-color-5)","background-image":"","background-repeat":"repeat","background-position":"center center","background-size":"auto","background-attachment":"scroll","background-type":"","background-media":"","overlay-type":"","overlay-color":"","overlay-opacity":"","overlay-gradient":""},"tablet":{"background-color":"","background-image":"","background-repeat":"repeat","background-position":"center center","background-size":"auto","background-attachment":"scroll","background-type":"","background-media":"","overlay-type":"","overlay-color":"","overlay-opacity":"","overlay-gradient":""},"mobile":{"background-color":"","background-image":"","background-repeat":"repeat","background-position":"center center","background-size":"auto","background-attachment":"scroll","background-type":"","background-media":"","overlay-type":"","overlay-color":"","overlay-opacity":"","overlay-gradient":""}},"ast-content-background-meta":{"desktop":{"background-color":"var(--ast-global-color-4)","background-image":"","background-repeat":"repeat","background-position":"center center","background-size":"auto","background-attachment":"scroll","background-type":"","background-media":"","overlay-type":"","overlay-color":"","overlay-opacity":"","overlay-gradient":""},"tablet":{"background-color":"var(--ast-global-color-4)","background-image":"","background-repeat":"repeat","background-position":"center center","background-size":"auto","background-attachment":"scroll","background-type":"","background-media":"","overlay-type":"","overlay-color":"","overlay-opacity":"","overlay-gradient":""},"mobile":{"background-color":"var(--ast-global-color-4)","background-image":"","background-repeat":"repeat","background-position":"center center","background-size":"auto","background-attachment":"scroll","background-type":"","background-media":"","overlay-type":"","overlay-color":"","overlay-opacity":"","overlay-gradient":""}},"footnotes":""},"categories":[1],"tags":[],"class_list":["post-22329","post","type-post","status-publish","format-standard","hentry","category-sem-categoria"],"yoast_head":"<!-- This site is optimized with the Yoast SEO plugin v26.6 - https:\/\/yoast.com\/wordpress\/plugins\/seo\/ -->\n<title>Justi\u00e7a manda fechar Chinelo de Dedo - Daniel Matos<\/title>\n<meta name=\"robots\" content=\"index, follow, max-snippet:-1, max-image-preview:large, max-video-preview:-1\" \/>\n<link rel=\"canonical\" href=\"https:\/\/www.blogsoestado.com\/danielmatos\/justica-manda-fechar-chinelo-de-dedo\/\" \/>\n<meta property=\"og:locale\" content=\"pt_BR\" \/>\n<meta property=\"og:type\" content=\"article\" \/>\n<meta property=\"og:title\" content=\"Justi\u00e7a manda fechar Chinelo de Dedo - Daniel Matos\" \/>\n<meta property=\"og:description\" content=\"Os desembargadores da 1\u00aa C\u00e2mara C\u00edvel do Tribunal de Justi\u00e7a do Maranh\u00e3o (TJMA) mantiveram senten\u00e7a da 8\u00aa Vara da capital, [&hellip;]\" \/>\n<meta property=\"og:url\" content=\"https:\/\/www.blogsoestado.com\/danielmatos\/justica-manda-fechar-chinelo-de-dedo\/\" \/>\n<meta property=\"og:site_name\" content=\"Daniel Matos\" \/>\n<meta property=\"article:published_time\" content=\"2015-03-03T20:37:36+00:00\" \/>\n<meta property=\"og:image\" content=\"https:\/\/www.blogsoestado.com\/danielmatos\/files\/2015\/03\/chinelo-de-dedo.jpg\" \/>\n<meta name=\"twitter:card\" content=\"summary_large_image\" \/>\n<meta name=\"twitter:label1\" content=\"Est. tempo de leitura\" \/>\n\t<meta name=\"twitter:data1\" content=\"2 minutos\" \/>\n<script type=\"application\/ld+json\" class=\"yoast-schema-graph\">{\"@context\":\"https:\/\/schema.org\",\"@graph\":[{\"@type\":\"WebPage\",\"@id\":\"https:\/\/www.blogsoestado.com\/danielmatos\/justica-manda-fechar-chinelo-de-dedo\/\",\"url\":\"https:\/\/www.blogsoestado.com\/danielmatos\/justica-manda-fechar-chinelo-de-dedo\/\",\"name\":\"Justi\u00e7a manda fechar Chinelo de Dedo - Daniel Matos\",\"isPartOf\":{\"@id\":\"https:\/\/www.blogsoestado.com\/danielmatos\/#website\"},\"primaryImageOfPage\":{\"@id\":\"https:\/\/www.blogsoestado.com\/danielmatos\/justica-manda-fechar-chinelo-de-dedo\/#primaryimage\"},\"image\":{\"@id\":\"https:\/\/www.blogsoestado.com\/danielmatos\/justica-manda-fechar-chinelo-de-dedo\/#primaryimage\"},\"thumbnailUrl\":\"https:\/\/www.blogsoestado.com\/danielmatos\/files\/2015\/03\/chinelo-de-dedo.jpg\",\"datePublished\":\"2015-03-03T20:37:36+00:00\",\"author\":{\"@id\":\"\"},\"breadcrumb\":{\"@id\":\"https:\/\/www.blogsoestado.com\/danielmatos\/justica-manda-fechar-chinelo-de-dedo\/#breadcrumb\"},\"inLanguage\":\"pt-BR\",\"potentialAction\":[{\"@type\":\"ReadAction\",\"target\":[\"https:\/\/www.blogsoestado.com\/danielmatos\/justica-manda-fechar-chinelo-de-dedo\/\"]}]},{\"@type\":\"ImageObject\",\"inLanguage\":\"pt-BR\",\"@id\":\"https:\/\/www.blogsoestado.com\/danielmatos\/justica-manda-fechar-chinelo-de-dedo\/#primaryimage\",\"url\":\"https:\/\/www.blogsoestado.com\/danielmatos\/files\/2015\/03\/chinelo-de-dedo.jpg\",\"contentUrl\":\"https:\/\/www.blogsoestado.com\/danielmatos\/files\/2015\/03\/chinelo-de-dedo.jpg\"},{\"@type\":\"BreadcrumbList\",\"@id\":\"https:\/\/www.blogsoestado.com\/danielmatos\/justica-manda-fechar-chinelo-de-dedo\/#breadcrumb\",\"itemListElement\":[{\"@type\":\"ListItem\",\"position\":1,\"name\":\"In\u00edcio\",\"item\":\"https:\/\/www.blogsoestado.com\/danielmatos\/\"},{\"@type\":\"ListItem\",\"position\":2,\"name\":\"Justi\u00e7a manda fechar Chinelo de Dedo\"}]},{\"@type\":\"WebSite\",\"@id\":\"https:\/\/www.blogsoestado.com\/danielmatos\/#website\",\"url\":\"https:\/\/www.blogsoestado.com\/danielmatos\/\",\"name\":\"Daniel Matos\",\"description\":\"\",\"potentialAction\":[{\"@type\":\"SearchAction\",\"target\":{\"@type\":\"EntryPoint\",\"urlTemplate\":\"https:\/\/www.blogsoestado.com\/danielmatos\/?s={search_term_string}\"},\"query-input\":{\"@type\":\"PropertyValueSpecification\",\"valueRequired\":true,\"valueName\":\"search_term_string\"}}],\"inLanguage\":\"pt-BR\"}]}<\/script>\n<!-- \/ Yoast SEO plugin. -->","yoast_head_json":{"title":"Justi\u00e7a manda fechar Chinelo de Dedo - Daniel Matos","robots":{"index":"index","follow":"follow","max-snippet":"max-snippet:-1","max-image-preview":"max-image-preview:large","max-video-preview":"max-video-preview:-1"},"canonical":"https:\/\/www.blogsoestado.com\/danielmatos\/justica-manda-fechar-chinelo-de-dedo\/","og_locale":"pt_BR","og_type":"article","og_title":"Justi\u00e7a manda fechar Chinelo de Dedo - Daniel Matos","og_description":"Os desembargadores da 1\u00aa C\u00e2mara C\u00edvel do Tribunal de Justi\u00e7a do Maranh\u00e3o (TJMA) mantiveram senten\u00e7a da 8\u00aa Vara da capital, [&hellip;]","og_url":"https:\/\/www.blogsoestado.com\/danielmatos\/justica-manda-fechar-chinelo-de-dedo\/","og_site_name":"Daniel Matos","article_published_time":"2015-03-03T20:37:36+00:00","og_image":[{"url":"https:\/\/www.blogsoestado.com\/danielmatos\/files\/2015\/03\/chinelo-de-dedo.jpg","type":"","width":"","height":""}],"twitter_card":"summary_large_image","twitter_misc":{"Est. tempo de leitura":"2 minutos"},"schema":{"@context":"https:\/\/schema.org","@graph":[{"@type":"WebPage","@id":"https:\/\/www.blogsoestado.com\/danielmatos\/justica-manda-fechar-chinelo-de-dedo\/","url":"https:\/\/www.blogsoestado.com\/danielmatos\/justica-manda-fechar-chinelo-de-dedo\/","name":"Justi\u00e7a manda fechar Chinelo de Dedo - Daniel Matos","isPartOf":{"@id":"https:\/\/www.blogsoestado.com\/danielmatos\/#website"},"primaryImageOfPage":{"@id":"https:\/\/www.blogsoestado.com\/danielmatos\/justica-manda-fechar-chinelo-de-dedo\/#primaryimage"},"image":{"@id":"https:\/\/www.blogsoestado.com\/danielmatos\/justica-manda-fechar-chinelo-de-dedo\/#primaryimage"},"thumbnailUrl":"https:\/\/www.blogsoestado.com\/danielmatos\/files\/2015\/03\/chinelo-de-dedo.jpg","datePublished":"2015-03-03T20:37:36+00:00","author":{"@id":""},"breadcrumb":{"@id":"https:\/\/www.blogsoestado.com\/danielmatos\/justica-manda-fechar-chinelo-de-dedo\/#breadcrumb"},"inLanguage":"pt-BR","potentialAction":[{"@type":"ReadAction","target":["https:\/\/www.blogsoestado.com\/danielmatos\/justica-manda-fechar-chinelo-de-dedo\/"]}]},{"@type":"ImageObject","inLanguage":"pt-BR","@id":"https:\/\/www.blogsoestado.com\/danielmatos\/justica-manda-fechar-chinelo-de-dedo\/#primaryimage","url":"https:\/\/www.blogsoestado.com\/danielmatos\/files\/2015\/03\/chinelo-de-dedo.jpg","contentUrl":"https:\/\/www.blogsoestado.com\/danielmatos\/files\/2015\/03\/chinelo-de-dedo.jpg"},{"@type":"BreadcrumbList","@id":"https:\/\/www.blogsoestado.com\/danielmatos\/justica-manda-fechar-chinelo-de-dedo\/#breadcrumb","itemListElement":[{"@type":"ListItem","position":1,"name":"In\u00edcio","item":"https:\/\/www.blogsoestado.com\/danielmatos\/"},{"@type":"ListItem","position":2,"name":"Justi\u00e7a manda fechar Chinelo de Dedo"}]},{"@type":"WebSite","@id":"https:\/\/www.blogsoestado.com\/danielmatos\/#website","url":"https:\/\/www.blogsoestado.com\/danielmatos\/","name":"Daniel Matos","description":"","potentialAction":[{"@type":"SearchAction","target":{"@type":"EntryPoint","urlTemplate":"https:\/\/www.blogsoestado.com\/danielmatos\/?s={search_term_string}"},"query-input":{"@type":"PropertyValueSpecification","valueRequired":true,"valueName":"search_term_string"}}],"inLanguage":"pt-BR"}]}},"jetpack_featured_media_url":"","_links":{"self":[{"href":"https:\/\/www.blogsoestado.com\/danielmatos\/wp-json\/wp\/v2\/posts\/22329","targetHints":{"allow":["GET"]}}],"collection":[{"href":"https:\/\/www.blogsoestado.com\/danielmatos\/wp-json\/wp\/v2\/posts"}],"about":[{"href":"https:\/\/www.blogsoestado.com\/danielmatos\/wp-json\/wp\/v2\/types\/post"}],"replies":[{"embeddable":true,"href":"https:\/\/www.blogsoestado.com\/danielmatos\/wp-json\/wp\/v2\/comments?post=22329"}],"version-history":[{"count":0,"href":"https:\/\/www.blogsoestado.com\/danielmatos\/wp-json\/wp\/v2\/posts\/22329\/revisions"}],"wp:attachment":[{"href":"https:\/\/www.blogsoestado.com\/danielmatos\/wp-json\/wp\/v2\/media?parent=22329"}],"wp:term":[{"taxonomy":"category","embeddable":true,"href":"https:\/\/www.blogsoestado.com\/danielmatos\/wp-json\/wp\/v2\/categories?post=22329"},{"taxonomy":"post_tag","embeddable":true,"href":"https:\/\/www.blogsoestado.com\/danielmatos\/wp-json\/wp\/v2\/tags?post=22329"}],"curies":[{"name":"wp","href":"https:\/\/api.w.org\/{rel}","templated":true}]}}