{"id":22332,"date":"2015-03-03T17:52:12","date_gmt":"2015-03-03T20:52:12","guid":{"rendered":"https:\/\/www.blogsoestado.com\/danielmatos\/?p=22332"},"modified":"2015-03-03T17:52:12","modified_gmt":"2015-03-03T20:52:12","slug":"criada-frente-parlamentar-em-defesa-da-refinaria-premium-i","status":"publish","type":"post","link":"https:\/\/www.blogsoestado.com\/danielmatos\/criada-frente-parlamentar-em-defesa-da-refinaria-premium-i\/","title":{"rendered":"Criada Frente Parlamentar em Defesa da Refinaria Premium I"},"content":{"rendered":"<figure id=\"attachment_22333\" aria-describedby=\"caption-attachment-22333\" style=\"width: 640px\" class=\"wp-caption aligncenter\"><a href=\"https:\/\/www.blogsoestado.com\/danielmatos\/files\/2015\/03\/refinarium.jpg\"><img fetchpriority=\"high\" decoding=\"async\" class=\"size-full wp-image-22333\" src=\"https:\/\/www.blogsoestado.com\/danielmatos\/files\/2015\/03\/refinarium.jpg\" alt=\"Placa com informa\u00e7\u00f5es sobre o projeto da Refinaria Premium I\" width=\"640\" height=\"278\" \/><\/a><figcaption id=\"caption-attachment-22333\" class=\"wp-caption-text\">Placa com informa\u00e7\u00f5es sobre o projeto da Refinaria, que agora conta com frente parlamentar para sua reativa\u00e7\u00e3o<\/figcaption><\/figure>\n<p>A Assembleia Legislativa\u00a0aprovou, na manh\u00e3 desta ter\u00e7a-feira (03), o projeto de resolu\u00e7\u00e3o n\u00ba 04\/2015, que cria a Frente Parlamentar Estadual da Refinaria Premium I, de autoria do deputado estadual Z\u00e9 In\u00e1cio (PT).<\/p>\n<p>Para Z\u00e9 In\u00e1cio, a cria\u00e7\u00e3o da frente parlamentar prop\u00f5e uma articula\u00e7\u00e3o mais ampla, com prefeitos, deputados federais, senadores, c\u00e2maras de vereadores, sociedade civil organizada e sindicatos para discuss\u00e3o da pauta.<\/p>\n<p>A Refinaria Premium do Maranh\u00e3o, projeto de maior valor da Petrobras, em Bacabeira, teve or\u00e7amento inicial previsto de cerca de US$ 20 bilh\u00f5es. Em termos de capacidade, a refinaria do Maranh\u00e3o estava projetada para refinar 600 mil barris de petr\u00f3leo por dia. Esse volume \u00e9 quase o dobro da refinaria de Paul\u00ednia (Replan, em S\u00e3o Paulo), hoje a maior unidade de refino da Petrobras em opera\u00e7\u00e3o, com capacidade de processar 390 mil barris por dia.<\/p>\n<p>Z\u00e9 In\u00e1cio pretende mobilizar toda a sociedade maranhense para que a Petrobr\u00e1s reveja a sua posi\u00e7\u00e3o e continue com o projeto que estava em curso da refinaria.<\/p>\n<p>O deputado\u00a0explicou que a frente parlamentar pretende mobilizar a sociedade maranhense e brasileira para que todos oss cidad\u00e3os conhe\u00e7am a import\u00e2ncia que tem esse projeto para o Maranh\u00e3o. \u201cAinda acredito que o projeto da Refinaria Premium I n\u00e3o foi interrompido.\u00a0Ele foi apenas suspenso temporariamente pelo Governo Federal\/Petrobr\u00e1s e n\u00f3s confiamos que ess medida\u00a0poder\u00e1 ser revertida\u201d, assinalou.<\/p>\n","protected":false},"excerpt":{"rendered":"<p>A Assembleia Legislativa\u00a0aprovou, na manh\u00e3 desta ter\u00e7a-feira (03), o projeto de resolu\u00e7\u00e3o n\u00ba 04\/2015, que cria a Frente Parlamentar Estadual [&hellip;]<\/p>\n","protected":false},"author":0,"featured_media":0,"comment_status":"open","ping_status":"open","sticky":false,"template":"","format":"standard","meta":{"site-sidebar-layout":"default","site-content-layout":"","ast-site-content-layout":"default","site-content-style":"default","site-sidebar-style":"default","ast-global-header-display":"","ast-banner-title-visibility":"","ast-main-header-display":"","ast-hfb-above-header-display":"","ast-hfb-below-header-display":"","ast-hfb-mobile-header-display":"","site-post-title":"","ast-breadcrumbs-content":"","ast-featured-img":"","footer-sml-layout":"","ast-disable-related-posts":"","theme-transparent-header-meta":"","adv-header-id-meta":"","stick-header-meta":"","header-above-stick-meta":"","header-main-stick-meta":"","header-below-stick-meta":"","astra-migrate-meta-layouts":"default","ast-page-background-enabled":"default","ast-page-background-meta":{"desktop":{"background-color":"var(--ast-global-color-5)","background-image":"","background-repeat":"repeat","background-position":"center center","background-size":"auto","background-attachment":"scroll","background-type":"","background-media":"","overlay-type":"","overlay-color":"","overlay-opacity":"","overlay-gradient":""},"tablet":{"background-color":"","background-image":"","background-repeat":"repeat","background-position":"center center","background-size":"auto","background-attachment":"scroll","background-type":"","background-media":"","overlay-type":"","overlay-color":"","overlay-opacity":"","overlay-gradient":""},"mobile":{"background-color":"","background-image":"","background-repeat":"repeat","background-position":"center center","background-size":"auto","background-attachment":"scroll","background-type":"","background-media":"","overlay-type":"","overlay-color":"","overlay-opacity":"","overlay-gradient":""}},"ast-content-background-meta":{"desktop":{"background-color":"var(--ast-global-color-4)","background-image":"","background-repeat":"repeat","background-position":"center center","background-size":"auto","background-attachment":"scroll","background-type":"","background-media":"","overlay-type":"","overlay-color":"","overlay-opacity":"","overlay-gradient":""},"tablet":{"background-color":"var(--ast-global-color-4)","background-image":"","background-repeat":"repeat","background-position":"center center","background-size":"auto","background-attachment":"scroll","background-type":"","background-media":"","overlay-type":"","overlay-color":"","overlay-opacity":"","overlay-gradient":""},"mobile":{"background-color":"var(--ast-global-color-4)","background-image":"","background-repeat":"repeat","background-position":"center center","background-size":"auto","background-attachment":"scroll","background-type":"","background-media":"","overlay-type":"","overlay-color":"","overlay-opacity":"","overlay-gradient":""}},"footnotes":""},"categories":[1],"tags":[],"class_list":["post-22332","post","type-post","status-publish","format-standard","hentry","category-sem-categoria"],"yoast_head":"<!-- This site is optimized with the Yoast SEO plugin v26.6 - https:\/\/yoast.com\/wordpress\/plugins\/seo\/ -->\n<title>Criada Frente Parlamentar em Defesa da Refinaria Premium I - Daniel Matos<\/title>\n<meta name=\"robots\" content=\"index, follow, max-snippet:-1, max-image-preview:large, max-video-preview:-1\" \/>\n<link rel=\"canonical\" href=\"https:\/\/www.blogsoestado.com\/danielmatos\/criada-frente-parlamentar-em-defesa-da-refinaria-premium-i\/\" \/>\n<meta property=\"og:locale\" content=\"pt_BR\" \/>\n<meta property=\"og:type\" content=\"article\" \/>\n<meta property=\"og:title\" content=\"Criada Frente Parlamentar em Defesa da Refinaria Premium I - Daniel Matos\" \/>\n<meta property=\"og:description\" content=\"A Assembleia Legislativa\u00a0aprovou, na manh\u00e3 desta ter\u00e7a-feira (03), o projeto de resolu\u00e7\u00e3o n\u00ba 04\/2015, que cria a Frente Parlamentar Estadual [&hellip;]\" \/>\n<meta property=\"og:url\" content=\"https:\/\/www.blogsoestado.com\/danielmatos\/criada-frente-parlamentar-em-defesa-da-refinaria-premium-i\/\" \/>\n<meta property=\"og:site_name\" content=\"Daniel Matos\" \/>\n<meta property=\"article:published_time\" content=\"2015-03-03T20:52:12+00:00\" \/>\n<meta property=\"og:image\" content=\"https:\/\/www.blogsoestado.com\/danielmatos\/files\/2015\/03\/refinarium.jpg\" \/>\n<meta name=\"twitter:card\" content=\"summary_large_image\" \/>\n<meta name=\"twitter:label1\" content=\"Est. tempo de leitura\" \/>\n\t<meta name=\"twitter:data1\" content=\"1 minuto\" \/>\n<script type=\"application\/ld+json\" class=\"yoast-schema-graph\">{\"@context\":\"https:\/\/schema.org\",\"@graph\":[{\"@type\":\"WebPage\",\"@id\":\"https:\/\/www.blogsoestado.com\/danielmatos\/criada-frente-parlamentar-em-defesa-da-refinaria-premium-i\/\",\"url\":\"https:\/\/www.blogsoestado.com\/danielmatos\/criada-frente-parlamentar-em-defesa-da-refinaria-premium-i\/\",\"name\":\"Criada Frente Parlamentar em Defesa da Refinaria Premium I - Daniel Matos\",\"isPartOf\":{\"@id\":\"https:\/\/www.blogsoestado.com\/danielmatos\/#website\"},\"primaryImageOfPage\":{\"@id\":\"https:\/\/www.blogsoestado.com\/danielmatos\/criada-frente-parlamentar-em-defesa-da-refinaria-premium-i\/#primaryimage\"},\"image\":{\"@id\":\"https:\/\/www.blogsoestado.com\/danielmatos\/criada-frente-parlamentar-em-defesa-da-refinaria-premium-i\/#primaryimage\"},\"thumbnailUrl\":\"https:\/\/www.blogsoestado.com\/danielmatos\/files\/2015\/03\/refinarium.jpg\",\"datePublished\":\"2015-03-03T20:52:12+00:00\",\"author\":{\"@id\":\"\"},\"breadcrumb\":{\"@id\":\"https:\/\/www.blogsoestado.com\/danielmatos\/criada-frente-parlamentar-em-defesa-da-refinaria-premium-i\/#breadcrumb\"},\"inLanguage\":\"pt-BR\",\"potentialAction\":[{\"@type\":\"ReadAction\",\"target\":[\"https:\/\/www.blogsoestado.com\/danielmatos\/criada-frente-parlamentar-em-defesa-da-refinaria-premium-i\/\"]}]},{\"@type\":\"ImageObject\",\"inLanguage\":\"pt-BR\",\"@id\":\"https:\/\/www.blogsoestado.com\/danielmatos\/criada-frente-parlamentar-em-defesa-da-refinaria-premium-i\/#primaryimage\",\"url\":\"https:\/\/www.blogsoestado.com\/danielmatos\/files\/2015\/03\/refinarium.jpg\",\"contentUrl\":\"https:\/\/www.blogsoestado.com\/danielmatos\/files\/2015\/03\/refinarium.jpg\"},{\"@type\":\"BreadcrumbList\",\"@id\":\"https:\/\/www.blogsoestado.com\/danielmatos\/criada-frente-parlamentar-em-defesa-da-refinaria-premium-i\/#breadcrumb\",\"itemListElement\":[{\"@type\":\"ListItem\",\"position\":1,\"name\":\"In\u00edcio\",\"item\":\"https:\/\/www.blogsoestado.com\/danielmatos\/\"},{\"@type\":\"ListItem\",\"position\":2,\"name\":\"Criada Frente Parlamentar em Defesa da Refinaria Premium I\"}]},{\"@type\":\"WebSite\",\"@id\":\"https:\/\/www.blogsoestado.com\/danielmatos\/#website\",\"url\":\"https:\/\/www.blogsoestado.com\/danielmatos\/\",\"name\":\"Daniel Matos\",\"description\":\"\",\"potentialAction\":[{\"@type\":\"SearchAction\",\"target\":{\"@type\":\"EntryPoint\",\"urlTemplate\":\"https:\/\/www.blogsoestado.com\/danielmatos\/?s={search_term_string}\"},\"query-input\":{\"@type\":\"PropertyValueSpecification\",\"valueRequired\":true,\"valueName\":\"search_term_string\"}}],\"inLanguage\":\"pt-BR\"}]}<\/script>\n<!-- \/ Yoast SEO plugin. -->","yoast_head_json":{"title":"Criada Frente Parlamentar em Defesa da Refinaria Premium I - Daniel Matos","robots":{"index":"index","follow":"follow","max-snippet":"max-snippet:-1","max-image-preview":"max-image-preview:large","max-video-preview":"max-video-preview:-1"},"canonical":"https:\/\/www.blogsoestado.com\/danielmatos\/criada-frente-parlamentar-em-defesa-da-refinaria-premium-i\/","og_locale":"pt_BR","og_type":"article","og_title":"Criada Frente Parlamentar em Defesa da Refinaria Premium I - Daniel Matos","og_description":"A Assembleia Legislativa\u00a0aprovou, na manh\u00e3 desta ter\u00e7a-feira (03), o projeto de resolu\u00e7\u00e3o n\u00ba 04\/2015, que cria a Frente Parlamentar Estadual [&hellip;]","og_url":"https:\/\/www.blogsoestado.com\/danielmatos\/criada-frente-parlamentar-em-defesa-da-refinaria-premium-i\/","og_site_name":"Daniel Matos","article_published_time":"2015-03-03T20:52:12+00:00","og_image":[{"url":"https:\/\/www.blogsoestado.com\/danielmatos\/files\/2015\/03\/refinarium.jpg","type":"","width":"","height":""}],"twitter_card":"summary_large_image","twitter_misc":{"Est. tempo de leitura":"1 minuto"},"schema":{"@context":"https:\/\/schema.org","@graph":[{"@type":"WebPage","@id":"https:\/\/www.blogsoestado.com\/danielmatos\/criada-frente-parlamentar-em-defesa-da-refinaria-premium-i\/","url":"https:\/\/www.blogsoestado.com\/danielmatos\/criada-frente-parlamentar-em-defesa-da-refinaria-premium-i\/","name":"Criada Frente Parlamentar em Defesa da Refinaria Premium I - Daniel Matos","isPartOf":{"@id":"https:\/\/www.blogsoestado.com\/danielmatos\/#website"},"primaryImageOfPage":{"@id":"https:\/\/www.blogsoestado.com\/danielmatos\/criada-frente-parlamentar-em-defesa-da-refinaria-premium-i\/#primaryimage"},"image":{"@id":"https:\/\/www.blogsoestado.com\/danielmatos\/criada-frente-parlamentar-em-defesa-da-refinaria-premium-i\/#primaryimage"},"thumbnailUrl":"https:\/\/www.blogsoestado.com\/danielmatos\/files\/2015\/03\/refinarium.jpg","datePublished":"2015-03-03T20:52:12+00:00","author":{"@id":""},"breadcrumb":{"@id":"https:\/\/www.blogsoestado.com\/danielmatos\/criada-frente-parlamentar-em-defesa-da-refinaria-premium-i\/#breadcrumb"},"inLanguage":"pt-BR","potentialAction":[{"@type":"ReadAction","target":["https:\/\/www.blogsoestado.com\/danielmatos\/criada-frente-parlamentar-em-defesa-da-refinaria-premium-i\/"]}]},{"@type":"ImageObject","inLanguage":"pt-BR","@id":"https:\/\/www.blogsoestado.com\/danielmatos\/criada-frente-parlamentar-em-defesa-da-refinaria-premium-i\/#primaryimage","url":"https:\/\/www.blogsoestado.com\/danielmatos\/files\/2015\/03\/refinarium.jpg","contentUrl":"https:\/\/www.blogsoestado.com\/danielmatos\/files\/2015\/03\/refinarium.jpg"},{"@type":"BreadcrumbList","@id":"https:\/\/www.blogsoestado.com\/danielmatos\/criada-frente-parlamentar-em-defesa-da-refinaria-premium-i\/#breadcrumb","itemListElement":[{"@type":"ListItem","position":1,"name":"In\u00edcio","item":"https:\/\/www.blogsoestado.com\/danielmatos\/"},{"@type":"ListItem","position":2,"name":"Criada Frente Parlamentar em Defesa da Refinaria Premium I"}]},{"@type":"WebSite","@id":"https:\/\/www.blogsoestado.com\/danielmatos\/#website","url":"https:\/\/www.blogsoestado.com\/danielmatos\/","name":"Daniel Matos","description":"","potentialAction":[{"@type":"SearchAction","target":{"@type":"EntryPoint","urlTemplate":"https:\/\/www.blogsoestado.com\/danielmatos\/?s={search_term_string}"},"query-input":{"@type":"PropertyValueSpecification","valueRequired":true,"valueName":"search_term_string"}}],"inLanguage":"pt-BR"}]}},"jetpack_featured_media_url":"","_links":{"self":[{"href":"https:\/\/www.blogsoestado.com\/danielmatos\/wp-json\/wp\/v2\/posts\/22332","targetHints":{"allow":["GET"]}}],"collection":[{"href":"https:\/\/www.blogsoestado.com\/danielmatos\/wp-json\/wp\/v2\/posts"}],"about":[{"href":"https:\/\/www.blogsoestado.com\/danielmatos\/wp-json\/wp\/v2\/types\/post"}],"replies":[{"embeddable":true,"href":"https:\/\/www.blogsoestado.com\/danielmatos\/wp-json\/wp\/v2\/comments?post=22332"}],"version-history":[{"count":0,"href":"https:\/\/www.blogsoestado.com\/danielmatos\/wp-json\/wp\/v2\/posts\/22332\/revisions"}],"wp:attachment":[{"href":"https:\/\/www.blogsoestado.com\/danielmatos\/wp-json\/wp\/v2\/media?parent=22332"}],"wp:term":[{"taxonomy":"category","embeddable":true,"href":"https:\/\/www.blogsoestado.com\/danielmatos\/wp-json\/wp\/v2\/categories?post=22332"},{"taxonomy":"post_tag","embeddable":true,"href":"https:\/\/www.blogsoestado.com\/danielmatos\/wp-json\/wp\/v2\/tags?post=22332"}],"curies":[{"name":"wp","href":"https:\/\/api.w.org\/{rel}","templated":true}]}}