{"id":22343,"date":"2015-03-04T15:55:23","date_gmt":"2015-03-04T18:55:23","guid":{"rendered":"https:\/\/www.blogsoestado.com\/danielmatos\/?p=22343"},"modified":"2015-03-04T15:55:23","modified_gmt":"2015-03-04T18:55:23","slug":"programa-mais-medicos-recebe-novos-profissionais-que-atuarao-no-maranhao","status":"publish","type":"post","link":"https:\/\/www.blogsoestado.com\/danielmatos\/programa-mais-medicos-recebe-novos-profissionais-que-atuarao-no-maranhao\/","title":{"rendered":"Programa Mais M\u00e9dicos recebe novos profissionais que atuar\u00e3o no Maranh\u00e3o"},"content":{"rendered":"<p>&nbsp;<\/p>\n<figure id=\"attachment_22344\" aria-describedby=\"caption-attachment-22344\" style=\"width: 448px\" class=\"wp-caption alignleft\"><a href=\"https:\/\/www.blogsoestado.com\/danielmatos\/files\/2015\/03\/mais-medicos-2015.jpg\"><img fetchpriority=\"high\" decoding=\"async\" class=\"size-full wp-image-22344\" src=\"https:\/\/www.blogsoestado.com\/danielmatos\/files\/2015\/03\/mais-medicos-2015.jpg\" alt=\"Ministro Arthur Chioro recepcionou novos profissionais do programa\" width=\"448\" height=\"299\" \/><\/a><figcaption id=\"caption-attachment-22344\" class=\"wp-caption-text\">Ministro Arthur Chioro recepcionou novos profissionais do programa<\/figcaption><\/figure>\n<p>Sa\u00fade \u00e9 direito b\u00e1sico do cidad\u00e3o garantido na Constitui\u00e7\u00e3o. Com 1,8 m\u00e9dicos para cada mil habitantes, o Brasil, no entanto, est\u00e1 muito abaixo da m\u00e9dia de outros pa\u00edses que possuem 3,5 m\u00e9dicos para mil habitantes. O d\u00e9ficit motivou a cria\u00e7\u00e3o pelo Governo Federal do Programa Mais M\u00e9dicos, que nesta ter\u00e7a-feira, 03, realizou, no Audit\u00f3rio Central da UFMA, uma solenidade de acolhimento dos novos m\u00e9dicos do programa no Maranh\u00e3o.<\/p>\n<p>Na abertura da solenidade, que contou com as presen\u00e7as do ministro da Sa\u00fade, Arthur Chioro, do governador Fl\u00e1vio Dino, do prefeito de S\u00e3o Lu\u00eds Edivaldo Holanda J\u00fanior, e de prefeitos de diversos munic\u00edpios maranhenses, o reitor Natalino Salgado disse que a UFMA participa ativamente do Programa Mais M\u00e9dico desde o seu in\u00edcio, com a forma\u00e7\u00e3o de profissionais que ir\u00e3o construir um cen\u00e1rio melhor para a sa\u00fade no Maranh\u00e3o. \u201cNos pr\u00f3ximos anos a Universidade Federal do Maranh\u00e3o estar\u00e1 formando 300 profissionais de sa\u00fade, garantindo, assim, uma parceria cada vez maior entre o Governo Federal, Estadual e Municipal\u201d, informou.<\/p>\n<figure id=\"attachment_22345\" aria-describedby=\"caption-attachment-22345\" style=\"width: 448px\" class=\"wp-caption alignright\"><a href=\"https:\/\/www.blogsoestado.com\/danielmatos\/files\/2015\/03\/mais-medicos-20153.jpg\"><img decoding=\"async\" class=\"size-full wp-image-22345\" src=\"https:\/\/www.blogsoestado.com\/danielmatos\/files\/2015\/03\/mais-medicos-20153.jpg\" alt=\"Reitor Natalino tamb\u00e9m deu as boas vindas \u00e0 nova turma de m\u00e9dicos que atuar\u00e1 no Maranh\u00e3o\" width=\"448\" height=\"299\" \/><\/a><figcaption id=\"caption-attachment-22345\" class=\"wp-caption-text\">Reitor Natalino tamb\u00e9m deu as boas vindas \u00e0 nova turma de m\u00e9dicos que atuar\u00e1 no Maranh\u00e3o<\/figcaption><\/figure>\n<p>O ministro da Sa\u00fade, Artur Chioro, garantiu todo apoio do Governo Federal e do Minist\u00e9rio da Sa\u00fade ao Governo do Maranh\u00e3o para a melhoria e avan\u00e7os na \u00e1rea da sa\u00fade do estado. A meta do Governo Federal, segundo o ministro, \u00e9 garantir que mais cursos possam ser criados em regi\u00f5es de maior demanda e que m\u00e9dicos formados em gradua\u00e7\u00f5es, como da UFMA \u2013 que possui o curso de Medicina em S\u00e3o Lu\u00eds, Pinheiro (na baixada maranhense) e Imperatriz (no sudoeste do estado) \u2013 possam ter garantias de trabalho e venham a atuar nos postos de sa\u00fade das regi\u00f5es de forma\u00e7\u00e3o.<\/p>\n<figure id=\"attachment_22346\" aria-describedby=\"caption-attachment-22346\" style=\"width: 448px\" class=\"wp-caption alignleft\"><a href=\"https:\/\/www.blogsoestado.com\/danielmatos\/files\/2015\/03\/mais-medicos-20152.jpg\"><img decoding=\"async\" class=\"size-full wp-image-22346\" src=\"https:\/\/www.blogsoestado.com\/danielmatos\/files\/2015\/03\/mais-medicos-20152.jpg\" alt=\"Governador Fl\u00e1vio Dino anunciou prioridades da sua gest\u00e3o na \u00e1rea de sa\u00fade\" width=\"448\" height=\"299\" \/><\/a><figcaption id=\"caption-attachment-22346\" class=\"wp-caption-text\">Governador Fl\u00e1vio Dino anunciou prioridades da sua gest\u00e3o na \u00e1rea de sa\u00fade<\/figcaption><\/figure>\n<p>De acordo com dados do Minist\u00e9rio da Sa\u00fade, em 2014 foram abertas 1.294 vagas para m\u00e9dicos nos munic\u00edpios localizados em doze Distritos Sanit\u00e1rios Especiais Ind\u00edgenas (DSEI). At\u00e9 2017, a meta \u00e9 abrir mais de onze mil vagas para profissionais de v\u00e1rias especialidades, via Programa Mais M\u00e9dicos.<br \/>\nNo Maranh\u00e3o, as vagas preenchidas por m\u00e9dicos com o registro no Conselho Regional de Medicina (CRM) chegam a 95%. Foram ofertadas 124 vagas em 41 munic\u00edpios.<\/p>\n<p>Para a terceira chamada, est\u00e3o dispon\u00edveis vagas para cinco munic\u00edpios \u2013 Caxias, Arame, Vila Nova dos Mart\u00edrios, S\u00e3o Jos\u00e9 de Ribamar e Amarante do Maranh\u00e3o. A terceira chamada acontecer\u00e1 nos dias 17 e 18 de mar\u00e7o. Os candidatos tamb\u00e9m podem concorrer a vagas no Distrito Sanit\u00e1rio Especial Ind\u00edgena (DSEI) do Maranh\u00e3o.<\/p>\n<figure id=\"attachment_22347\" aria-describedby=\"caption-attachment-22347\" style=\"width: 448px\" class=\"wp-caption alignright\"><a href=\"https:\/\/www.blogsoestado.com\/danielmatos\/files\/2015\/03\/mais-medicos-20154.jpg\"><img loading=\"lazy\" decoding=\"async\" class=\"size-full wp-image-22347\" src=\"https:\/\/www.blogsoestado.com\/danielmatos\/files\/2015\/03\/mais-medicos-20154.jpg\" alt=\"M\u00e9dicos aguardam com expectativa o in\u00edcio dos atendimentos aos pacientes no Maranh\u00e3o \" width=\"448\" height=\"299\" \/><\/a><figcaption id=\"caption-attachment-22347\" class=\"wp-caption-text\">M\u00e9dicos aguardam com expectativa o in\u00edcio dos atendimentos aos pacientes no Maranh\u00e3o<\/figcaption><\/figure>\n<p>O governador Fl\u00e1vio Dino ressaltou algumas das prioridades da gest\u00e3o para a \u00e1rea de sa\u00fade. \u201cA articula\u00e7\u00e3o entre o Governo Federal, Estadual e Municipal tem como foco a reforma de hospitais, como o de Pinheiro, onde a UFMA possui o curso de medicina, e o Hospital Municipal de Caxias, onde a UEMA tamb\u00e9m tem o curso de medicina. Essas unidades poder\u00e3o, inclusive, ser usadas como hospitais universit\u00e1rios\u201d, disse.<\/p>\n<p>Tutora do Programa Mais M\u00e9dicos na UFMA, a professora Maria do Carmo Lacerda Barbosa, diz que a Universidade \u00e9 a respons\u00e1vel pela supervis\u00e3o acad\u00eamica dos m\u00e9dicos do Programa. \u201cA universidade disponibiliza seis professores, que s\u00e3o os tutores respons\u00e1veis pelos trabalhos, junto ao Governo Federal, para a defini\u00e7\u00e3o das pol\u00edticas do Programa no estado e para a orienta\u00e7\u00e3o aos 82 supervisores, que fazem a avalia\u00e7\u00e3o das atividades dos m\u00e9dicos nos diferentes munic\u00edpios\u201d, explica.<\/p>\n<p>Daniel Murad Sampaio, inscrito para o munic\u00edpio de Matinha &#8211; 236 km da capital &#8211; disse que ser\u00e1 uma satisfa\u00e7\u00e3o servir a popula\u00e7\u00e3o e espera ter uma boa experi\u00eancia. \u201cEstamos na expectativa de como vai ser, mas acredito que ser\u00e1 uma experi\u00eancia muito boa\u201d, especula. O m\u00e9dico revela que, al\u00e9m da exerc\u00edcio profissional, outra vantagem \u00e9 o b\u00f4nus de 10% que ganhar\u00e1, posteriormente, na pontua\u00e7\u00e3o das provas de resid\u00eancia m\u00e9dica, ajudando em sua qualifica\u00e7\u00e3o profissional.<\/p>\n","protected":false},"excerpt":{"rendered":"<p>&nbsp; Sa\u00fade \u00e9 direito b\u00e1sico do cidad\u00e3o garantido na Constitui\u00e7\u00e3o. Com 1,8 m\u00e9dicos para cada mil habitantes, o Brasil, no [&hellip;]<\/p>\n","protected":false},"author":0,"featured_media":0,"comment_status":"open","ping_status":"open","sticky":false,"template":"","format":"standard","meta":{"site-sidebar-layout":"default","site-content-layout":"","ast-site-content-layout":"default","site-content-style":"default","site-sidebar-style":"default","ast-global-header-display":"","ast-banner-title-visibility":"","ast-main-header-display":"","ast-hfb-above-header-display":"","ast-hfb-below-header-display":"","ast-hfb-mobile-header-display":"","site-post-title":"","ast-breadcrumbs-content":"","ast-featured-img":"","footer-sml-layout":"","ast-disable-related-posts":"","theme-transparent-header-meta":"","adv-header-id-meta":"","stick-header-meta":"","header-above-stick-meta":"","header-main-stick-meta":"","header-below-stick-meta":"","astra-migrate-meta-layouts":"default","ast-page-background-enabled":"default","ast-page-background-meta":{"desktop":{"background-color":"var(--ast-global-color-5)","background-image":"","background-repeat":"repeat","background-position":"center center","background-size":"auto","background-attachment":"scroll","background-type":"","background-media":"","overlay-type":"","overlay-color":"","overlay-opacity":"","overlay-gradient":""},"tablet":{"background-color":"","background-image":"","background-repeat":"repeat","background-position":"center center","background-size":"auto","background-attachment":"scroll","background-type":"","background-media":"","overlay-type":"","overlay-color":"","overlay-opacity":"","overlay-gradient":""},"mobile":{"background-color":"","background-image":"","background-repeat":"repeat","background-position":"center center","background-size":"auto","background-attachment":"scroll","background-type":"","background-media":"","overlay-type":"","overlay-color":"","overlay-opacity":"","overlay-gradient":""}},"ast-content-background-meta":{"desktop":{"background-color":"var(--ast-global-color-4)","background-image":"","background-repeat":"repeat","background-position":"center center","background-size":"auto","background-attachment":"scroll","background-type":"","background-media":"","overlay-type":"","overlay-color":"","overlay-opacity":"","overlay-gradient":""},"tablet":{"background-color":"var(--ast-global-color-4)","background-image":"","background-repeat":"repeat","background-position":"center center","background-size":"auto","background-attachment":"scroll","background-type":"","background-media":"","overlay-type":"","overlay-color":"","overlay-opacity":"","overlay-gradient":""},"mobile":{"background-color":"var(--ast-global-color-4)","background-image":"","background-repeat":"repeat","background-position":"center center","background-size":"auto","background-attachment":"scroll","background-type":"","background-media":"","overlay-type":"","overlay-color":"","overlay-opacity":"","overlay-gradient":""}},"footnotes":""},"categories":[1],"tags":[],"class_list":["post-22343","post","type-post","status-publish","format-standard","hentry","category-sem-categoria"],"yoast_head":"<!-- This site is optimized with the Yoast SEO plugin v26.6 - https:\/\/yoast.com\/wordpress\/plugins\/seo\/ -->\n<title>Programa Mais M\u00e9dicos recebe novos profissionais que atuar\u00e3o no Maranh\u00e3o - Daniel Matos<\/title>\n<meta name=\"robots\" content=\"index, follow, max-snippet:-1, max-image-preview:large, max-video-preview:-1\" \/>\n<link rel=\"canonical\" href=\"https:\/\/www.blogsoestado.com\/danielmatos\/programa-mais-medicos-recebe-novos-profissionais-que-atuarao-no-maranhao\/\" \/>\n<meta property=\"og:locale\" content=\"pt_BR\" \/>\n<meta property=\"og:type\" content=\"article\" \/>\n<meta property=\"og:title\" content=\"Programa Mais M\u00e9dicos recebe novos profissionais que atuar\u00e3o no Maranh\u00e3o - Daniel Matos\" \/>\n<meta property=\"og:description\" content=\"&nbsp; Sa\u00fade \u00e9 direito b\u00e1sico do cidad\u00e3o garantido na Constitui\u00e7\u00e3o. Com 1,8 m\u00e9dicos para cada mil habitantes, o Brasil, no [&hellip;]\" \/>\n<meta property=\"og:url\" content=\"https:\/\/www.blogsoestado.com\/danielmatos\/programa-mais-medicos-recebe-novos-profissionais-que-atuarao-no-maranhao\/\" \/>\n<meta property=\"og:site_name\" content=\"Daniel Matos\" \/>\n<meta property=\"article:published_time\" content=\"2015-03-04T18:55:23+00:00\" \/>\n<meta property=\"og:image\" content=\"https:\/\/www.blogsoestado.com\/danielmatos\/files\/2015\/03\/mais-medicos-2015.jpg\" \/>\n<meta name=\"twitter:card\" content=\"summary_large_image\" \/>\n<meta name=\"twitter:label1\" content=\"Est. tempo de leitura\" \/>\n\t<meta name=\"twitter:data1\" content=\"4 minutos\" \/>\n<script type=\"application\/ld+json\" class=\"yoast-schema-graph\">{\"@context\":\"https:\/\/schema.org\",\"@graph\":[{\"@type\":\"WebPage\",\"@id\":\"https:\/\/www.blogsoestado.com\/danielmatos\/programa-mais-medicos-recebe-novos-profissionais-que-atuarao-no-maranhao\/\",\"url\":\"https:\/\/www.blogsoestado.com\/danielmatos\/programa-mais-medicos-recebe-novos-profissionais-que-atuarao-no-maranhao\/\",\"name\":\"Programa Mais M\u00e9dicos recebe novos profissionais que atuar\u00e3o no Maranh\u00e3o - Daniel Matos\",\"isPartOf\":{\"@id\":\"https:\/\/www.blogsoestado.com\/danielmatos\/#website\"},\"primaryImageOfPage\":{\"@id\":\"https:\/\/www.blogsoestado.com\/danielmatos\/programa-mais-medicos-recebe-novos-profissionais-que-atuarao-no-maranhao\/#primaryimage\"},\"image\":{\"@id\":\"https:\/\/www.blogsoestado.com\/danielmatos\/programa-mais-medicos-recebe-novos-profissionais-que-atuarao-no-maranhao\/#primaryimage\"},\"thumbnailUrl\":\"https:\/\/www.blogsoestado.com\/danielmatos\/files\/2015\/03\/mais-medicos-2015.jpg\",\"datePublished\":\"2015-03-04T18:55:23+00:00\",\"author\":{\"@id\":\"\"},\"breadcrumb\":{\"@id\":\"https:\/\/www.blogsoestado.com\/danielmatos\/programa-mais-medicos-recebe-novos-profissionais-que-atuarao-no-maranhao\/#breadcrumb\"},\"inLanguage\":\"pt-BR\",\"potentialAction\":[{\"@type\":\"ReadAction\",\"target\":[\"https:\/\/www.blogsoestado.com\/danielmatos\/programa-mais-medicos-recebe-novos-profissionais-que-atuarao-no-maranhao\/\"]}]},{\"@type\":\"ImageObject\",\"inLanguage\":\"pt-BR\",\"@id\":\"https:\/\/www.blogsoestado.com\/danielmatos\/programa-mais-medicos-recebe-novos-profissionais-que-atuarao-no-maranhao\/#primaryimage\",\"url\":\"https:\/\/www.blogsoestado.com\/danielmatos\/files\/2015\/03\/mais-medicos-2015.jpg\",\"contentUrl\":\"https:\/\/www.blogsoestado.com\/danielmatos\/files\/2015\/03\/mais-medicos-2015.jpg\"},{\"@type\":\"BreadcrumbList\",\"@id\":\"https:\/\/www.blogsoestado.com\/danielmatos\/programa-mais-medicos-recebe-novos-profissionais-que-atuarao-no-maranhao\/#breadcrumb\",\"itemListElement\":[{\"@type\":\"ListItem\",\"position\":1,\"name\":\"In\u00edcio\",\"item\":\"https:\/\/www.blogsoestado.com\/danielmatos\/\"},{\"@type\":\"ListItem\",\"position\":2,\"name\":\"Programa Mais M\u00e9dicos recebe novos profissionais que atuar\u00e3o no Maranh\u00e3o\"}]},{\"@type\":\"WebSite\",\"@id\":\"https:\/\/www.blogsoestado.com\/danielmatos\/#website\",\"url\":\"https:\/\/www.blogsoestado.com\/danielmatos\/\",\"name\":\"Daniel Matos\",\"description\":\"\",\"potentialAction\":[{\"@type\":\"SearchAction\",\"target\":{\"@type\":\"EntryPoint\",\"urlTemplate\":\"https:\/\/www.blogsoestado.com\/danielmatos\/?s={search_term_string}\"},\"query-input\":{\"@type\":\"PropertyValueSpecification\",\"valueRequired\":true,\"valueName\":\"search_term_string\"}}],\"inLanguage\":\"pt-BR\"}]}<\/script>\n<!-- \/ Yoast SEO plugin. -->","yoast_head_json":{"title":"Programa Mais M\u00e9dicos recebe novos profissionais que atuar\u00e3o no Maranh\u00e3o - Daniel Matos","robots":{"index":"index","follow":"follow","max-snippet":"max-snippet:-1","max-image-preview":"max-image-preview:large","max-video-preview":"max-video-preview:-1"},"canonical":"https:\/\/www.blogsoestado.com\/danielmatos\/programa-mais-medicos-recebe-novos-profissionais-que-atuarao-no-maranhao\/","og_locale":"pt_BR","og_type":"article","og_title":"Programa Mais M\u00e9dicos recebe novos profissionais que atuar\u00e3o no Maranh\u00e3o - Daniel Matos","og_description":"&nbsp; Sa\u00fade \u00e9 direito b\u00e1sico do cidad\u00e3o garantido na Constitui\u00e7\u00e3o. Com 1,8 m\u00e9dicos para cada mil habitantes, o Brasil, no [&hellip;]","og_url":"https:\/\/www.blogsoestado.com\/danielmatos\/programa-mais-medicos-recebe-novos-profissionais-que-atuarao-no-maranhao\/","og_site_name":"Daniel Matos","article_published_time":"2015-03-04T18:55:23+00:00","og_image":[{"url":"https:\/\/www.blogsoestado.com\/danielmatos\/files\/2015\/03\/mais-medicos-2015.jpg","type":"","width":"","height":""}],"twitter_card":"summary_large_image","twitter_misc":{"Est. tempo de leitura":"4 minutos"},"schema":{"@context":"https:\/\/schema.org","@graph":[{"@type":"WebPage","@id":"https:\/\/www.blogsoestado.com\/danielmatos\/programa-mais-medicos-recebe-novos-profissionais-que-atuarao-no-maranhao\/","url":"https:\/\/www.blogsoestado.com\/danielmatos\/programa-mais-medicos-recebe-novos-profissionais-que-atuarao-no-maranhao\/","name":"Programa Mais M\u00e9dicos recebe novos profissionais que atuar\u00e3o no Maranh\u00e3o - Daniel Matos","isPartOf":{"@id":"https:\/\/www.blogsoestado.com\/danielmatos\/#website"},"primaryImageOfPage":{"@id":"https:\/\/www.blogsoestado.com\/danielmatos\/programa-mais-medicos-recebe-novos-profissionais-que-atuarao-no-maranhao\/#primaryimage"},"image":{"@id":"https:\/\/www.blogsoestado.com\/danielmatos\/programa-mais-medicos-recebe-novos-profissionais-que-atuarao-no-maranhao\/#primaryimage"},"thumbnailUrl":"https:\/\/www.blogsoestado.com\/danielmatos\/files\/2015\/03\/mais-medicos-2015.jpg","datePublished":"2015-03-04T18:55:23+00:00","author":{"@id":""},"breadcrumb":{"@id":"https:\/\/www.blogsoestado.com\/danielmatos\/programa-mais-medicos-recebe-novos-profissionais-que-atuarao-no-maranhao\/#breadcrumb"},"inLanguage":"pt-BR","potentialAction":[{"@type":"ReadAction","target":["https:\/\/www.blogsoestado.com\/danielmatos\/programa-mais-medicos-recebe-novos-profissionais-que-atuarao-no-maranhao\/"]}]},{"@type":"ImageObject","inLanguage":"pt-BR","@id":"https:\/\/www.blogsoestado.com\/danielmatos\/programa-mais-medicos-recebe-novos-profissionais-que-atuarao-no-maranhao\/#primaryimage","url":"https:\/\/www.blogsoestado.com\/danielmatos\/files\/2015\/03\/mais-medicos-2015.jpg","contentUrl":"https:\/\/www.blogsoestado.com\/danielmatos\/files\/2015\/03\/mais-medicos-2015.jpg"},{"@type":"BreadcrumbList","@id":"https:\/\/www.blogsoestado.com\/danielmatos\/programa-mais-medicos-recebe-novos-profissionais-que-atuarao-no-maranhao\/#breadcrumb","itemListElement":[{"@type":"ListItem","position":1,"name":"In\u00edcio","item":"https:\/\/www.blogsoestado.com\/danielmatos\/"},{"@type":"ListItem","position":2,"name":"Programa Mais M\u00e9dicos recebe novos profissionais que atuar\u00e3o no Maranh\u00e3o"}]},{"@type":"WebSite","@id":"https:\/\/www.blogsoestado.com\/danielmatos\/#website","url":"https:\/\/www.blogsoestado.com\/danielmatos\/","name":"Daniel Matos","description":"","potentialAction":[{"@type":"SearchAction","target":{"@type":"EntryPoint","urlTemplate":"https:\/\/www.blogsoestado.com\/danielmatos\/?s={search_term_string}"},"query-input":{"@type":"PropertyValueSpecification","valueRequired":true,"valueName":"search_term_string"}}],"inLanguage":"pt-BR"}]}},"jetpack_featured_media_url":"","_links":{"self":[{"href":"https:\/\/www.blogsoestado.com\/danielmatos\/wp-json\/wp\/v2\/posts\/22343","targetHints":{"allow":["GET"]}}],"collection":[{"href":"https:\/\/www.blogsoestado.com\/danielmatos\/wp-json\/wp\/v2\/posts"}],"about":[{"href":"https:\/\/www.blogsoestado.com\/danielmatos\/wp-json\/wp\/v2\/types\/post"}],"replies":[{"embeddable":true,"href":"https:\/\/www.blogsoestado.com\/danielmatos\/wp-json\/wp\/v2\/comments?post=22343"}],"version-history":[{"count":0,"href":"https:\/\/www.blogsoestado.com\/danielmatos\/wp-json\/wp\/v2\/posts\/22343\/revisions"}],"wp:attachment":[{"href":"https:\/\/www.blogsoestado.com\/danielmatos\/wp-json\/wp\/v2\/media?parent=22343"}],"wp:term":[{"taxonomy":"category","embeddable":true,"href":"https:\/\/www.blogsoestado.com\/danielmatos\/wp-json\/wp\/v2\/categories?post=22343"},{"taxonomy":"post_tag","embeddable":true,"href":"https:\/\/www.blogsoestado.com\/danielmatos\/wp-json\/wp\/v2\/tags?post=22343"}],"curies":[{"name":"wp","href":"https:\/\/api.w.org\/{rel}","templated":true}]}}