{"id":22353,"date":"2015-03-04T16:21:53","date_gmt":"2015-03-04T19:21:53","guid":{"rendered":"https:\/\/www.blogsoestado.com\/danielmatos\/?p=22353"},"modified":"2015-03-04T16:21:53","modified_gmt":"2015-03-04T19:21:53","slug":"video-tse-rejeita-acao-de-deoclides-macedo-e-devolve-mandato-de-deputado-federal-a-alberto-filho","status":"publish","type":"post","link":"https:\/\/www.blogsoestado.com\/danielmatos\/video-tse-rejeita-acao-de-deoclides-macedo-e-devolve-mandato-de-deputado-federal-a-alberto-filho\/","title":{"rendered":"V\u00eddeo: TSE rejeita a\u00e7\u00e3o de Deoclides Macedo e devolve mandato de deputado federal a Alberto Filho"},"content":{"rendered":"<p>O Plen\u00e1rio do Tribunal Superior Eleitoral (TSE) julgou, por unanimidade, na sess\u00e3o de 3 de mar\u00e7o de 2015, improcedente a a\u00e7\u00e3o cautelar apresentada por Deoclides Macedo , suplente de deputado federal pelo Maranh\u00e3o nas elei\u00e7\u00f5es de 2014. Deoclides teve seu registro indeferido pelo TSE e tentava reverter a decis\u00e3o.<\/p>\n<p>Com isso, o deputado Alberto Filho (PMDB), que com a valida\u00e7\u00e3o dos votos de Deoclides havia perdido a vaga na C\u00e2mara Federal para Juli\u00e3o Amin, recuperou o\u00a0mandato. Assista ao v\u00eddeo do julgamento:<\/p>\n<p>[youtube SCK9sgDrPwI]<\/p>\n","protected":false},"excerpt":{"rendered":"<p>O Plen\u00e1rio do Tribunal Superior Eleitoral (TSE) julgou, por unanimidade, na sess\u00e3o de 3 de mar\u00e7o de 2015, improcedente a [&hellip;]<\/p>\n","protected":false},"author":0,"featured_media":0,"comment_status":"open","ping_status":"open","sticky":false,"template":"","format":"standard","meta":{"site-sidebar-layout":"default","site-content-layout":"","ast-site-content-layout":"default","site-content-style":"default","site-sidebar-style":"default","ast-global-header-display":"","ast-banner-title-visibility":"","ast-main-header-display":"","ast-hfb-above-header-display":"","ast-hfb-below-header-display":"","ast-hfb-mobile-header-display":"","site-post-title":"","ast-breadcrumbs-content":"","ast-featured-img":"","footer-sml-layout":"","ast-disable-related-posts":"","theme-transparent-header-meta":"","adv-header-id-meta":"","stick-header-meta":"","header-above-stick-meta":"","header-main-stick-meta":"","header-below-stick-meta":"","astra-migrate-meta-layouts":"default","ast-page-background-enabled":"default","ast-page-background-meta":{"desktop":{"background-color":"var(--ast-global-color-5)","background-image":"","background-repeat":"repeat","background-position":"center center","background-size":"auto","background-attachment":"scroll","background-type":"","background-media":"","overlay-type":"","overlay-color":"","overlay-opacity":"","overlay-gradient":""},"tablet":{"background-color":"","background-image":"","background-repeat":"repeat","background-position":"center center","background-size":"auto","background-attachment":"scroll","background-type":"","background-media":"","overlay-type":"","overlay-color":"","overlay-opacity":"","overlay-gradient":""},"mobile":{"background-color":"","background-image":"","background-repeat":"repeat","background-position":"center center","background-size":"auto","background-attachment":"scroll","background-type":"","background-media":"","overlay-type":"","overlay-color":"","overlay-opacity":"","overlay-gradient":""}},"ast-content-background-meta":{"desktop":{"background-color":"var(--ast-global-color-4)","background-image":"","background-repeat":"repeat","background-position":"center center","background-size":"auto","background-attachment":"scroll","background-type":"","background-media":"","overlay-type":"","overlay-color":"","overlay-opacity":"","overlay-gradient":""},"tablet":{"background-color":"var(--ast-global-color-4)","background-image":"","background-repeat":"repeat","background-position":"center center","background-size":"auto","background-attachment":"scroll","background-type":"","background-media":"","overlay-type":"","overlay-color":"","overlay-opacity":"","overlay-gradient":""},"mobile":{"background-color":"var(--ast-global-color-4)","background-image":"","background-repeat":"repeat","background-position":"center center","background-size":"auto","background-attachment":"scroll","background-type":"","background-media":"","overlay-type":"","overlay-color":"","overlay-opacity":"","overlay-gradient":""}},"footnotes":""},"categories":[1],"tags":[],"class_list":["post-22353","post","type-post","status-publish","format-standard","hentry","category-sem-categoria"],"yoast_head":"<!-- This site is optimized with the Yoast SEO plugin v26.6 - https:\/\/yoast.com\/wordpress\/plugins\/seo\/ -->\n<title>V\u00eddeo: TSE rejeita a\u00e7\u00e3o de Deoclides Macedo e devolve mandato de deputado federal a Alberto Filho - Daniel Matos<\/title>\n<meta name=\"robots\" content=\"index, follow, max-snippet:-1, max-image-preview:large, max-video-preview:-1\" \/>\n<link rel=\"canonical\" href=\"https:\/\/www.blogsoestado.com\/danielmatos\/video-tse-rejeita-acao-de-deoclides-macedo-e-devolve-mandato-de-deputado-federal-a-alberto-filho\/\" \/>\n<meta property=\"og:locale\" content=\"pt_BR\" \/>\n<meta property=\"og:type\" content=\"article\" \/>\n<meta property=\"og:title\" content=\"V\u00eddeo: TSE rejeita a\u00e7\u00e3o de Deoclides Macedo e devolve mandato de deputado federal a Alberto Filho - Daniel Matos\" \/>\n<meta property=\"og:description\" content=\"O Plen\u00e1rio do Tribunal Superior Eleitoral (TSE) julgou, por unanimidade, na sess\u00e3o de 3 de mar\u00e7o de 2015, improcedente a [&hellip;]\" \/>\n<meta property=\"og:url\" content=\"https:\/\/www.blogsoestado.com\/danielmatos\/video-tse-rejeita-acao-de-deoclides-macedo-e-devolve-mandato-de-deputado-federal-a-alberto-filho\/\" \/>\n<meta property=\"og:site_name\" content=\"Daniel Matos\" \/>\n<meta property=\"article:published_time\" content=\"2015-03-04T19:21:53+00:00\" \/>\n<meta name=\"twitter:card\" content=\"summary_large_image\" \/>\n<script type=\"application\/ld+json\" class=\"yoast-schema-graph\">{\"@context\":\"https:\/\/schema.org\",\"@graph\":[{\"@type\":\"WebPage\",\"@id\":\"https:\/\/www.blogsoestado.com\/danielmatos\/video-tse-rejeita-acao-de-deoclides-macedo-e-devolve-mandato-de-deputado-federal-a-alberto-filho\/\",\"url\":\"https:\/\/www.blogsoestado.com\/danielmatos\/video-tse-rejeita-acao-de-deoclides-macedo-e-devolve-mandato-de-deputado-federal-a-alberto-filho\/\",\"name\":\"V\u00eddeo: TSE rejeita a\u00e7\u00e3o de Deoclides Macedo e devolve mandato de deputado federal a Alberto Filho - Daniel Matos\",\"isPartOf\":{\"@id\":\"https:\/\/www.blogsoestado.com\/danielmatos\/#website\"},\"datePublished\":\"2015-03-04T19:21:53+00:00\",\"author\":{\"@id\":\"\"},\"breadcrumb\":{\"@id\":\"https:\/\/www.blogsoestado.com\/danielmatos\/video-tse-rejeita-acao-de-deoclides-macedo-e-devolve-mandato-de-deputado-federal-a-alberto-filho\/#breadcrumb\"},\"inLanguage\":\"pt-BR\",\"potentialAction\":[{\"@type\":\"ReadAction\",\"target\":[\"https:\/\/www.blogsoestado.com\/danielmatos\/video-tse-rejeita-acao-de-deoclides-macedo-e-devolve-mandato-de-deputado-federal-a-alberto-filho\/\"]}]},{\"@type\":\"BreadcrumbList\",\"@id\":\"https:\/\/www.blogsoestado.com\/danielmatos\/video-tse-rejeita-acao-de-deoclides-macedo-e-devolve-mandato-de-deputado-federal-a-alberto-filho\/#breadcrumb\",\"itemListElement\":[{\"@type\":\"ListItem\",\"position\":1,\"name\":\"In\u00edcio\",\"item\":\"https:\/\/www.blogsoestado.com\/danielmatos\/\"},{\"@type\":\"ListItem\",\"position\":2,\"name\":\"V\u00eddeo: TSE rejeita a\u00e7\u00e3o de Deoclides Macedo e devolve mandato de deputado federal a Alberto Filho\"}]},{\"@type\":\"WebSite\",\"@id\":\"https:\/\/www.blogsoestado.com\/danielmatos\/#website\",\"url\":\"https:\/\/www.blogsoestado.com\/danielmatos\/\",\"name\":\"Daniel Matos\",\"description\":\"\",\"potentialAction\":[{\"@type\":\"SearchAction\",\"target\":{\"@type\":\"EntryPoint\",\"urlTemplate\":\"https:\/\/www.blogsoestado.com\/danielmatos\/?s={search_term_string}\"},\"query-input\":{\"@type\":\"PropertyValueSpecification\",\"valueRequired\":true,\"valueName\":\"search_term_string\"}}],\"inLanguage\":\"pt-BR\"}]}<\/script>\n<!-- \/ Yoast SEO plugin. -->","yoast_head_json":{"title":"V\u00eddeo: TSE rejeita a\u00e7\u00e3o de Deoclides Macedo e devolve mandato de deputado federal a Alberto Filho - Daniel Matos","robots":{"index":"index","follow":"follow","max-snippet":"max-snippet:-1","max-image-preview":"max-image-preview:large","max-video-preview":"max-video-preview:-1"},"canonical":"https:\/\/www.blogsoestado.com\/danielmatos\/video-tse-rejeita-acao-de-deoclides-macedo-e-devolve-mandato-de-deputado-federal-a-alberto-filho\/","og_locale":"pt_BR","og_type":"article","og_title":"V\u00eddeo: TSE rejeita a\u00e7\u00e3o de Deoclides Macedo e devolve mandato de deputado federal a Alberto Filho - Daniel Matos","og_description":"O Plen\u00e1rio do Tribunal Superior Eleitoral (TSE) julgou, por unanimidade, na sess\u00e3o de 3 de mar\u00e7o de 2015, improcedente a [&hellip;]","og_url":"https:\/\/www.blogsoestado.com\/danielmatos\/video-tse-rejeita-acao-de-deoclides-macedo-e-devolve-mandato-de-deputado-federal-a-alberto-filho\/","og_site_name":"Daniel Matos","article_published_time":"2015-03-04T19:21:53+00:00","twitter_card":"summary_large_image","schema":{"@context":"https:\/\/schema.org","@graph":[{"@type":"WebPage","@id":"https:\/\/www.blogsoestado.com\/danielmatos\/video-tse-rejeita-acao-de-deoclides-macedo-e-devolve-mandato-de-deputado-federal-a-alberto-filho\/","url":"https:\/\/www.blogsoestado.com\/danielmatos\/video-tse-rejeita-acao-de-deoclides-macedo-e-devolve-mandato-de-deputado-federal-a-alberto-filho\/","name":"V\u00eddeo: TSE rejeita a\u00e7\u00e3o de Deoclides Macedo e devolve mandato de deputado federal a Alberto Filho - Daniel Matos","isPartOf":{"@id":"https:\/\/www.blogsoestado.com\/danielmatos\/#website"},"datePublished":"2015-03-04T19:21:53+00:00","author":{"@id":""},"breadcrumb":{"@id":"https:\/\/www.blogsoestado.com\/danielmatos\/video-tse-rejeita-acao-de-deoclides-macedo-e-devolve-mandato-de-deputado-federal-a-alberto-filho\/#breadcrumb"},"inLanguage":"pt-BR","potentialAction":[{"@type":"ReadAction","target":["https:\/\/www.blogsoestado.com\/danielmatos\/video-tse-rejeita-acao-de-deoclides-macedo-e-devolve-mandato-de-deputado-federal-a-alberto-filho\/"]}]},{"@type":"BreadcrumbList","@id":"https:\/\/www.blogsoestado.com\/danielmatos\/video-tse-rejeita-acao-de-deoclides-macedo-e-devolve-mandato-de-deputado-federal-a-alberto-filho\/#breadcrumb","itemListElement":[{"@type":"ListItem","position":1,"name":"In\u00edcio","item":"https:\/\/www.blogsoestado.com\/danielmatos\/"},{"@type":"ListItem","position":2,"name":"V\u00eddeo: TSE rejeita a\u00e7\u00e3o de Deoclides Macedo e devolve mandato de deputado federal a Alberto Filho"}]},{"@type":"WebSite","@id":"https:\/\/www.blogsoestado.com\/danielmatos\/#website","url":"https:\/\/www.blogsoestado.com\/danielmatos\/","name":"Daniel Matos","description":"","potentialAction":[{"@type":"SearchAction","target":{"@type":"EntryPoint","urlTemplate":"https:\/\/www.blogsoestado.com\/danielmatos\/?s={search_term_string}"},"query-input":{"@type":"PropertyValueSpecification","valueRequired":true,"valueName":"search_term_string"}}],"inLanguage":"pt-BR"}]}},"jetpack_featured_media_url":"","_links":{"self":[{"href":"https:\/\/www.blogsoestado.com\/danielmatos\/wp-json\/wp\/v2\/posts\/22353","targetHints":{"allow":["GET"]}}],"collection":[{"href":"https:\/\/www.blogsoestado.com\/danielmatos\/wp-json\/wp\/v2\/posts"}],"about":[{"href":"https:\/\/www.blogsoestado.com\/danielmatos\/wp-json\/wp\/v2\/types\/post"}],"replies":[{"embeddable":true,"href":"https:\/\/www.blogsoestado.com\/danielmatos\/wp-json\/wp\/v2\/comments?post=22353"}],"version-history":[{"count":0,"href":"https:\/\/www.blogsoestado.com\/danielmatos\/wp-json\/wp\/v2\/posts\/22353\/revisions"}],"wp:attachment":[{"href":"https:\/\/www.blogsoestado.com\/danielmatos\/wp-json\/wp\/v2\/media?parent=22353"}],"wp:term":[{"taxonomy":"category","embeddable":true,"href":"https:\/\/www.blogsoestado.com\/danielmatos\/wp-json\/wp\/v2\/categories?post=22353"},{"taxonomy":"post_tag","embeddable":true,"href":"https:\/\/www.blogsoestado.com\/danielmatos\/wp-json\/wp\/v2\/tags?post=22353"}],"curies":[{"name":"wp","href":"https:\/\/api.w.org\/{rel}","templated":true}]}}