{"id":22356,"date":"2015-03-04T17:40:36","date_gmt":"2015-03-04T20:40:36","guid":{"rendered":"https:\/\/www.blogsoestado.com\/danielmatos\/?p=22356"},"modified":"2015-03-04T17:40:36","modified_gmt":"2015-03-04T20:40:36","slug":"historiador-benedito-buzar-relembra-fatos-historicos-dos-180-anos-da-assembleia","status":"publish","type":"post","link":"https:\/\/www.blogsoestado.com\/danielmatos\/historiador-benedito-buzar-relembra-fatos-historicos-dos-180-anos-da-assembleia\/","title":{"rendered":"Historiador Benedito Buzar relembra fatos hist\u00f3ricos dos 180 anos da Assembleia"},"content":{"rendered":"<figure id=\"attachment_22357\" aria-describedby=\"caption-attachment-22357\" style=\"width: 640px\" class=\"wp-caption aligncenter\"><a href=\"https:\/\/www.blogsoestado.com\/danielmatos\/files\/2015\/03\/buzar.jpg\"><img fetchpriority=\"high\" decoding=\"async\" class=\"size-full wp-image-22357\" src=\"https:\/\/www.blogsoestado.com\/danielmatos\/files\/2015\/03\/buzar.jpg\" alt=\"Buzar relembrou principais fatos hist\u00f3ricos que marcaram os 180 anos da Assembleia Legislativa\" width=\"640\" height=\"424\" \/><\/a><figcaption id=\"caption-attachment-22357\" class=\"wp-caption-text\">Buzar relembrou principais fatos hist\u00f3ricos que marcaram os 180 anos da Assembleia Legislativa<\/figcaption><\/figure>\n<p>O historiador e ex-deputado estadual Benedito Buzar relembrou, em palestra proferida nesta quarta-feira (4), os principais fatos hist\u00f3ricos que marcaram os 180 anos da Assembleia Legislativa.<\/p>\n<p>Os parlamentares aproveitaram tamb\u00e9m a data para homenagear o deputado que mais exerceu mandatos, o ex-deputado Pontes de Aguiar, com sete passagens pela Assembleia; e, tamb\u00e9m, para prestar uma homenagear \u00e0s mulheres que s\u00e3o ou foram deputadas estaduais.<\/p>\n<p>Durante os 180 anos de hist\u00f3ria, Benedito Buzar disse que foram registradas dezenas de fatos marcantes e que, em muitos momentos, levaram o Maranh\u00e3o a crises pol\u00edticas. Em 1934, por exemplo, o Estado viveu uma dessas crises, levando quase ao impeachment do governador Aquiles Lisboa. Diante do conflito, foi preciso uma interven\u00e7\u00e3o federal, ap\u00f3s a divis\u00e3o interna da Assembleia.<\/p>\n<p>A principal crise seguinte aconteceu quando o ent\u00e3o governador Benedito Leite foi para a Fran\u00e7a, enfermo, indo a \u00f3bito, naquele pa\u00eds. Em tom bem humorado, afirmou que naquela \u00e9poca existiam tr\u00eas vices. \u201cImaginem que hoje s\u00f3 com um j\u00e1 d\u00e1 confus\u00e3o, imagem com tr\u00eas!\u201d, brincou.<\/p>\n<p>Como Benedito Leite faleceu, assumiu ent\u00e3o o primeiro-vice, Colares Moreira, que viajou para o Rio de Janeiro. Dessa forma, o segundo vice quis assumir e diante da disputa, houve interven\u00e7\u00e3o decretada pelo presidente Nilo Pe\u00e7anha, que chamou o presidente da Assembleia para tomar posse. Um fato depreciativo, de acordo com o historiador, aconteceu em 1936, quando o interventor Paulo Ramos foi nomeado e mandou fechar a Assembleia Legislativa.<\/p>\n<p>J\u00e1 em 1945, houve as elei\u00e7\u00f5es e o pa\u00eds, segundo Buzar, produziu uma constitui\u00e7\u00e3o. Em 1954, mesmo com a elei\u00e7\u00e3o do governador Eug\u00eanio Barros, ele n\u00e3o assumiu e houve a famosa Greve de 54, que deixou S\u00e3o Lu\u00eds sitiada por semanas e o Maranh\u00e3o envolvido em numa batalha sangrenta.<\/p>\n<p>O historiador falou ainda dos 20 anos em que Vitorino Freire mandou no estado, como l\u00edder e como senador. Benedito Buzar lembrou que escreveu um livro sobre o per\u00edodo, \u201cO Vitorinismo\u201d, j\u00e1 na quinta edi\u00e7\u00e3o. \u201cFoi o per\u00edodo em que aconteceram, na Assembleia, coisas inacredit\u00e1veis porque a divis\u00e3o entre governo e oposi\u00e7\u00e3o era ferrenha. O embate pol\u00edtico era muito forte, mas a Assembleia era ap\u00eandice do Executivo, lamentavelmente\u201d, contou.<\/p>\n<p>Depois do Vitorinismo, veio a Ditadura e, com isso, em 64, foram cassados deputados estaduais maranhenses, entre eles S\u00e1lvio Dino, pai do governador, e o pr\u00f3prio historiador, que faziam oposi\u00e7\u00e3o ferrenha ao sistema. Buzar agradeceu ao ent\u00e3o presidente da Assembleia, Arnaldo Melo, por haver devolvido simbolicamente os mandatos perdidos pelos deputados cassados.<\/p>\n<p>De acordo com Buzar, um dos momentos mais tristes da hist\u00f3ria do Legislativo\u00a0ocorreu\u00a0em 1967, com a convoca\u00e7\u00e3o da Assembleia para adaptar a Constitui\u00e7\u00e3o do Estado aos Atos Institucionais da Ditadura. Ao final do per\u00edodo, de acordo com Buzar, em meados de 1985, sopraram os ventos da democracia, com a elei\u00e7\u00e3o presidencial no Col\u00e9gio Eleitoral, embora tenha havido racha e disputa judicial na defini\u00e7\u00e3o dos representantes do Estado.<\/p>\n<p><strong>Homenagens<\/strong><\/p>\n<p>O presidente Humberto Coutinho puxou a homenagem com a entrega de medalha de honra ao ex-deputado Ant\u00f4nio Pontes de Aguiar, possuidor do maior n\u00famero de mandatos (sete), al\u00e9m de ter sido vereador e prefeito de Chapadinha. Foi exibido tamb\u00e9m um v\u00eddeo com os ex-presidentes da Casa.<\/p>\n<p>Em seguida, foram homenageadas as atuais deputadas (Ana do G\u00e1s, Francisca Primo, Gra\u00e7a Paz, Nina Melo, Andr\u00e9a Murad, Val\u00e9ria Macedo e Francisca Primo).<\/p>\n<p>As ex-deputadas Aparecida Cardoso, Cleide Coutinho, Cristina Archer, Ivete Botelho, Sandra de Deus, Socorro Waquim, Telma Pinheiro, Marly Abdala, Priscila S\u00e1, Graciete Lisboa, Helena Heluy, Janice Braide e Marinete Gralhada estavam entre as ex-parlamentares homenageadas com a entrega das medalhas.<\/p>\n<p>Todas as solenidades foram acompanhadas pelo governador Fl\u00e1vio Dino (PCdoB).<\/p>\n<p><strong>Fonte:<\/strong> Ag\u00eancia Assembleia<\/p>\n","protected":false},"excerpt":{"rendered":"<p>O historiador e ex-deputado estadual Benedito Buzar relembrou, em palestra proferida nesta quarta-feira (4), os principais fatos hist\u00f3ricos que marcaram [&hellip;]<\/p>\n","protected":false},"author":0,"featured_media":0,"comment_status":"open","ping_status":"open","sticky":false,"template":"","format":"standard","meta":{"site-sidebar-layout":"default","site-content-layout":"","ast-site-content-layout":"default","site-content-style":"default","site-sidebar-style":"default","ast-global-header-display":"","ast-banner-title-visibility":"","ast-main-header-display":"","ast-hfb-above-header-display":"","ast-hfb-below-header-display":"","ast-hfb-mobile-header-display":"","site-post-title":"","ast-breadcrumbs-content":"","ast-featured-img":"","footer-sml-layout":"","ast-disable-related-posts":"","theme-transparent-header-meta":"","adv-header-id-meta":"","stick-header-meta":"","header-above-stick-meta":"","header-main-stick-meta":"","header-below-stick-meta":"","astra-migrate-meta-layouts":"default","ast-page-background-enabled":"default","ast-page-background-meta":{"desktop":{"background-color":"var(--ast-global-color-5)","background-image":"","background-repeat":"repeat","background-position":"center center","background-size":"auto","background-attachment":"scroll","background-type":"","background-media":"","overlay-type":"","overlay-color":"","overlay-opacity":"","overlay-gradient":""},"tablet":{"background-color":"","background-image":"","background-repeat":"repeat","background-position":"center center","background-size":"auto","background-attachment":"scroll","background-type":"","background-media":"","overlay-type":"","overlay-color":"","overlay-opacity":"","overlay-gradient":""},"mobile":{"background-color":"","background-image":"","background-repeat":"repeat","background-position":"center center","background-size":"auto","background-attachment":"scroll","background-type":"","background-media":"","overlay-type":"","overlay-color":"","overlay-opacity":"","overlay-gradient":""}},"ast-content-background-meta":{"desktop":{"background-color":"var(--ast-global-color-4)","background-image":"","background-repeat":"repeat","background-position":"center center","background-size":"auto","background-attachment":"scroll","background-type":"","background-media":"","overlay-type":"","overlay-color":"","overlay-opacity":"","overlay-gradient":""},"tablet":{"background-color":"var(--ast-global-color-4)","background-image":"","background-repeat":"repeat","background-position":"center center","background-size":"auto","background-attachment":"scroll","background-type":"","background-media":"","overlay-type":"","overlay-color":"","overlay-opacity":"","overlay-gradient":""},"mobile":{"background-color":"var(--ast-global-color-4)","background-image":"","background-repeat":"repeat","background-position":"center center","background-size":"auto","background-attachment":"scroll","background-type":"","background-media":"","overlay-type":"","overlay-color":"","overlay-opacity":"","overlay-gradient":""}},"footnotes":""},"categories":[1],"tags":[],"class_list":["post-22356","post","type-post","status-publish","format-standard","hentry","category-sem-categoria"],"yoast_head":"<!-- This site is optimized with the Yoast SEO plugin v26.6 - https:\/\/yoast.com\/wordpress\/plugins\/seo\/ -->\n<title>Historiador Benedito Buzar relembra fatos hist\u00f3ricos dos 180 anos da Assembleia - Daniel Matos<\/title>\n<meta name=\"robots\" content=\"index, follow, max-snippet:-1, max-image-preview:large, max-video-preview:-1\" \/>\n<link rel=\"canonical\" href=\"https:\/\/www.blogsoestado.com\/danielmatos\/historiador-benedito-buzar-relembra-fatos-historicos-dos-180-anos-da-assembleia\/\" \/>\n<meta property=\"og:locale\" content=\"pt_BR\" \/>\n<meta property=\"og:type\" content=\"article\" \/>\n<meta property=\"og:title\" content=\"Historiador Benedito Buzar relembra fatos hist\u00f3ricos dos 180 anos da Assembleia - Daniel Matos\" \/>\n<meta property=\"og:description\" content=\"O historiador e ex-deputado estadual Benedito Buzar relembrou, em palestra proferida nesta quarta-feira (4), os principais fatos hist\u00f3ricos que marcaram [&hellip;]\" \/>\n<meta property=\"og:url\" content=\"https:\/\/www.blogsoestado.com\/danielmatos\/historiador-benedito-buzar-relembra-fatos-historicos-dos-180-anos-da-assembleia\/\" \/>\n<meta property=\"og:site_name\" content=\"Daniel Matos\" \/>\n<meta property=\"article:published_time\" content=\"2015-03-04T20:40:36+00:00\" \/>\n<meta property=\"og:image\" content=\"https:\/\/www.blogsoestado.com\/danielmatos\/files\/2015\/03\/buzar.jpg\" \/>\n<meta name=\"twitter:card\" content=\"summary_large_image\" \/>\n<meta name=\"twitter:label1\" content=\"Est. tempo de leitura\" \/>\n\t<meta name=\"twitter:data1\" content=\"3 minutos\" \/>\n<script type=\"application\/ld+json\" class=\"yoast-schema-graph\">{\"@context\":\"https:\/\/schema.org\",\"@graph\":[{\"@type\":\"WebPage\",\"@id\":\"https:\/\/www.blogsoestado.com\/danielmatos\/historiador-benedito-buzar-relembra-fatos-historicos-dos-180-anos-da-assembleia\/\",\"url\":\"https:\/\/www.blogsoestado.com\/danielmatos\/historiador-benedito-buzar-relembra-fatos-historicos-dos-180-anos-da-assembleia\/\",\"name\":\"Historiador Benedito Buzar relembra fatos hist\u00f3ricos dos 180 anos da Assembleia - Daniel Matos\",\"isPartOf\":{\"@id\":\"https:\/\/www.blogsoestado.com\/danielmatos\/#website\"},\"primaryImageOfPage\":{\"@id\":\"https:\/\/www.blogsoestado.com\/danielmatos\/historiador-benedito-buzar-relembra-fatos-historicos-dos-180-anos-da-assembleia\/#primaryimage\"},\"image\":{\"@id\":\"https:\/\/www.blogsoestado.com\/danielmatos\/historiador-benedito-buzar-relembra-fatos-historicos-dos-180-anos-da-assembleia\/#primaryimage\"},\"thumbnailUrl\":\"https:\/\/www.blogsoestado.com\/danielmatos\/files\/2015\/03\/buzar.jpg\",\"datePublished\":\"2015-03-04T20:40:36+00:00\",\"author\":{\"@id\":\"\"},\"breadcrumb\":{\"@id\":\"https:\/\/www.blogsoestado.com\/danielmatos\/historiador-benedito-buzar-relembra-fatos-historicos-dos-180-anos-da-assembleia\/#breadcrumb\"},\"inLanguage\":\"pt-BR\",\"potentialAction\":[{\"@type\":\"ReadAction\",\"target\":[\"https:\/\/www.blogsoestado.com\/danielmatos\/historiador-benedito-buzar-relembra-fatos-historicos-dos-180-anos-da-assembleia\/\"]}]},{\"@type\":\"ImageObject\",\"inLanguage\":\"pt-BR\",\"@id\":\"https:\/\/www.blogsoestado.com\/danielmatos\/historiador-benedito-buzar-relembra-fatos-historicos-dos-180-anos-da-assembleia\/#primaryimage\",\"url\":\"https:\/\/www.blogsoestado.com\/danielmatos\/files\/2015\/03\/buzar.jpg\",\"contentUrl\":\"https:\/\/www.blogsoestado.com\/danielmatos\/files\/2015\/03\/buzar.jpg\"},{\"@type\":\"BreadcrumbList\",\"@id\":\"https:\/\/www.blogsoestado.com\/danielmatos\/historiador-benedito-buzar-relembra-fatos-historicos-dos-180-anos-da-assembleia\/#breadcrumb\",\"itemListElement\":[{\"@type\":\"ListItem\",\"position\":1,\"name\":\"In\u00edcio\",\"item\":\"https:\/\/www.blogsoestado.com\/danielmatos\/\"},{\"@type\":\"ListItem\",\"position\":2,\"name\":\"Historiador Benedito Buzar relembra fatos hist\u00f3ricos dos 180 anos da Assembleia\"}]},{\"@type\":\"WebSite\",\"@id\":\"https:\/\/www.blogsoestado.com\/danielmatos\/#website\",\"url\":\"https:\/\/www.blogsoestado.com\/danielmatos\/\",\"name\":\"Daniel Matos\",\"description\":\"\",\"potentialAction\":[{\"@type\":\"SearchAction\",\"target\":{\"@type\":\"EntryPoint\",\"urlTemplate\":\"https:\/\/www.blogsoestado.com\/danielmatos\/?s={search_term_string}\"},\"query-input\":{\"@type\":\"PropertyValueSpecification\",\"valueRequired\":true,\"valueName\":\"search_term_string\"}}],\"inLanguage\":\"pt-BR\"}]}<\/script>\n<!-- \/ Yoast SEO plugin. -->","yoast_head_json":{"title":"Historiador Benedito Buzar relembra fatos hist\u00f3ricos dos 180 anos da Assembleia - Daniel Matos","robots":{"index":"index","follow":"follow","max-snippet":"max-snippet:-1","max-image-preview":"max-image-preview:large","max-video-preview":"max-video-preview:-1"},"canonical":"https:\/\/www.blogsoestado.com\/danielmatos\/historiador-benedito-buzar-relembra-fatos-historicos-dos-180-anos-da-assembleia\/","og_locale":"pt_BR","og_type":"article","og_title":"Historiador Benedito Buzar relembra fatos hist\u00f3ricos dos 180 anos da Assembleia - Daniel Matos","og_description":"O historiador e ex-deputado estadual Benedito Buzar relembrou, em palestra proferida nesta quarta-feira (4), os principais fatos hist\u00f3ricos que marcaram [&hellip;]","og_url":"https:\/\/www.blogsoestado.com\/danielmatos\/historiador-benedito-buzar-relembra-fatos-historicos-dos-180-anos-da-assembleia\/","og_site_name":"Daniel Matos","article_published_time":"2015-03-04T20:40:36+00:00","og_image":[{"url":"https:\/\/www.blogsoestado.com\/danielmatos\/files\/2015\/03\/buzar.jpg","type":"","width":"","height":""}],"twitter_card":"summary_large_image","twitter_misc":{"Est. tempo de leitura":"3 minutos"},"schema":{"@context":"https:\/\/schema.org","@graph":[{"@type":"WebPage","@id":"https:\/\/www.blogsoestado.com\/danielmatos\/historiador-benedito-buzar-relembra-fatos-historicos-dos-180-anos-da-assembleia\/","url":"https:\/\/www.blogsoestado.com\/danielmatos\/historiador-benedito-buzar-relembra-fatos-historicos-dos-180-anos-da-assembleia\/","name":"Historiador Benedito Buzar relembra fatos hist\u00f3ricos dos 180 anos da Assembleia - Daniel Matos","isPartOf":{"@id":"https:\/\/www.blogsoestado.com\/danielmatos\/#website"},"primaryImageOfPage":{"@id":"https:\/\/www.blogsoestado.com\/danielmatos\/historiador-benedito-buzar-relembra-fatos-historicos-dos-180-anos-da-assembleia\/#primaryimage"},"image":{"@id":"https:\/\/www.blogsoestado.com\/danielmatos\/historiador-benedito-buzar-relembra-fatos-historicos-dos-180-anos-da-assembleia\/#primaryimage"},"thumbnailUrl":"https:\/\/www.blogsoestado.com\/danielmatos\/files\/2015\/03\/buzar.jpg","datePublished":"2015-03-04T20:40:36+00:00","author":{"@id":""},"breadcrumb":{"@id":"https:\/\/www.blogsoestado.com\/danielmatos\/historiador-benedito-buzar-relembra-fatos-historicos-dos-180-anos-da-assembleia\/#breadcrumb"},"inLanguage":"pt-BR","potentialAction":[{"@type":"ReadAction","target":["https:\/\/www.blogsoestado.com\/danielmatos\/historiador-benedito-buzar-relembra-fatos-historicos-dos-180-anos-da-assembleia\/"]}]},{"@type":"ImageObject","inLanguage":"pt-BR","@id":"https:\/\/www.blogsoestado.com\/danielmatos\/historiador-benedito-buzar-relembra-fatos-historicos-dos-180-anos-da-assembleia\/#primaryimage","url":"https:\/\/www.blogsoestado.com\/danielmatos\/files\/2015\/03\/buzar.jpg","contentUrl":"https:\/\/www.blogsoestado.com\/danielmatos\/files\/2015\/03\/buzar.jpg"},{"@type":"BreadcrumbList","@id":"https:\/\/www.blogsoestado.com\/danielmatos\/historiador-benedito-buzar-relembra-fatos-historicos-dos-180-anos-da-assembleia\/#breadcrumb","itemListElement":[{"@type":"ListItem","position":1,"name":"In\u00edcio","item":"https:\/\/www.blogsoestado.com\/danielmatos\/"},{"@type":"ListItem","position":2,"name":"Historiador Benedito Buzar relembra fatos hist\u00f3ricos dos 180 anos da Assembleia"}]},{"@type":"WebSite","@id":"https:\/\/www.blogsoestado.com\/danielmatos\/#website","url":"https:\/\/www.blogsoestado.com\/danielmatos\/","name":"Daniel Matos","description":"","potentialAction":[{"@type":"SearchAction","target":{"@type":"EntryPoint","urlTemplate":"https:\/\/www.blogsoestado.com\/danielmatos\/?s={search_term_string}"},"query-input":{"@type":"PropertyValueSpecification","valueRequired":true,"valueName":"search_term_string"}}],"inLanguage":"pt-BR"}]}},"jetpack_featured_media_url":"","_links":{"self":[{"href":"https:\/\/www.blogsoestado.com\/danielmatos\/wp-json\/wp\/v2\/posts\/22356","targetHints":{"allow":["GET"]}}],"collection":[{"href":"https:\/\/www.blogsoestado.com\/danielmatos\/wp-json\/wp\/v2\/posts"}],"about":[{"href":"https:\/\/www.blogsoestado.com\/danielmatos\/wp-json\/wp\/v2\/types\/post"}],"replies":[{"embeddable":true,"href":"https:\/\/www.blogsoestado.com\/danielmatos\/wp-json\/wp\/v2\/comments?post=22356"}],"version-history":[{"count":0,"href":"https:\/\/www.blogsoestado.com\/danielmatos\/wp-json\/wp\/v2\/posts\/22356\/revisions"}],"wp:attachment":[{"href":"https:\/\/www.blogsoestado.com\/danielmatos\/wp-json\/wp\/v2\/media?parent=22356"}],"wp:term":[{"taxonomy":"category","embeddable":true,"href":"https:\/\/www.blogsoestado.com\/danielmatos\/wp-json\/wp\/v2\/categories?post=22356"},{"taxonomy":"post_tag","embeddable":true,"href":"https:\/\/www.blogsoestado.com\/danielmatos\/wp-json\/wp\/v2\/tags?post=22356"}],"curies":[{"name":"wp","href":"https:\/\/api.w.org\/{rel}","templated":true}]}}