{"id":22656,"date":"2015-03-17T08:36:44","date_gmt":"2015-03-17T11:36:44","guid":{"rendered":"https:\/\/www.blogsoestado.com\/danielmatos\/?p=22656"},"modified":"2015-03-17T08:36:44","modified_gmt":"2015-03-17T11:36:44","slug":"denuncia-de-adriano-sarney-pode-anular-licitacoes-do-governo-do-estado","status":"publish","type":"post","link":"https:\/\/www.blogsoestado.com\/danielmatos\/denuncia-de-adriano-sarney-pode-anular-licitacoes-do-governo-do-estado\/","title":{"rendered":"Den\u00fancia de Adriano Sarney pode anular licita\u00e7\u00f5es do Governo do Estado"},"content":{"rendered":"<figure id=\"attachment_22657\" aria-describedby=\"caption-attachment-22657\" style=\"width: 416px\" class=\"wp-caption alignleft\"><a href=\"https:\/\/www.blogsoestado.com\/danielmatos\/files\/2015\/03\/adriano-denuncia.jpg\"><img fetchpriority=\"high\" decoding=\"async\" class=\"size-full wp-image-22657\" src=\"https:\/\/www.blogsoestado.com\/danielmatos\/files\/2015\/03\/adriano-denuncia.jpg\" alt=\"Adriano Sarney denunciou irregularidade na composi\u00e7\u00e3o da CCL\" width=\"416\" height=\"336\" \/><\/a><figcaption id=\"caption-attachment-22657\" class=\"wp-caption-text\">Adriano Sarney denunciou irregularidade na composi\u00e7\u00e3o da CCL<\/figcaption><\/figure>\n<p>O deputado Adriano Sarney (PV-MA) fez uso na plen\u00e1ria nesta segunda-feira (16\/03) para fazer uma den\u00fancia que recebeu em seu gabinete e solicitou a imediata averigua\u00e7\u00e3o do Governo. O fato denunciado poderia invalidar todos os atos e decretos tomados pela Comiss\u00e3o Central de Licita\u00e7\u00e3o (CCL), \u00f3rg\u00e3o respons\u00e1vel pelos procedimentos licitat\u00f3rios de interesse dos \u00f3rg\u00e3os e entidades da Administra\u00e7\u00e3o Estadual em 2015.<\/p>\n<p>De acordo com a den\u00fancia, a atual composi\u00e7\u00e3o da CCL fere o artigo 51\u00ba da Lei Federal 8.666 e o artigo 5\u00ba da Lei 9579\/2012, que destacam que a Comiss\u00e3o deve ser composta por pelo menos 2 (dois) membros servidores qualificados pertencentes aos quadros permanentes dos \u00f3rg\u00e3os da Administra\u00e7\u00e3o respons\u00e1veis pela licita\u00e7\u00e3o, escolhidos entre integrantes da Administra\u00e7\u00e3o Direta e Indireta do Estado, ativos ou inativos. Ou seja, o quadro atual composto n\u00e3o obedece a lei pela den\u00fancia.<\/p>\n<p>Caso seja comprovada essa irregularidade, todos os atos, decretos, nomea\u00e7\u00f5es e licita\u00e7\u00f5es realizadas pela Comiss\u00e3o Permanente neste ano poder\u00e3o ser consideradas anuladas.\u00a0\u201cEsta \u00e9 uma den\u00fancia grave e estamos solicitando por meio de requerimento informa\u00e7\u00f5es para apur\u00e1-la!\u201d.<\/p>\n<p><strong>Transpar\u00eancia <\/strong><\/p>\n<p>Adriano tamb\u00e9m solicitou das autoridades a divulga\u00e7\u00e3o dos dados do Portal da Transpar\u00eancia, que segundo o parlamentar est\u00e3o incompletos. \u201cAprovamos a cria\u00e7\u00e3o da Secretaria de Transpar\u00eancia por unanimidade nesta Casa, por medida provis\u00f3ria e a toque de caixa! Infelizmente n\u00e3o vemos a mesma agilidade por parte do Governo que em tr\u00eas meses ainda n\u00e3o disponibiliza as informa\u00e7\u00f5es de forma detalhada!\u201d, finalizou o parlamentar.<\/p>\n","protected":false},"excerpt":{"rendered":"<p>O deputado Adriano Sarney (PV-MA) fez uso na plen\u00e1ria nesta segunda-feira (16\/03) para fazer uma den\u00fancia que recebeu em seu [&hellip;]<\/p>\n","protected":false},"author":0,"featured_media":0,"comment_status":"open","ping_status":"open","sticky":false,"template":"","format":"standard","meta":{"site-sidebar-layout":"default","site-content-layout":"","ast-site-content-layout":"default","site-content-style":"default","site-sidebar-style":"default","ast-global-header-display":"","ast-banner-title-visibility":"","ast-main-header-display":"","ast-hfb-above-header-display":"","ast-hfb-below-header-display":"","ast-hfb-mobile-header-display":"","site-post-title":"","ast-breadcrumbs-content":"","ast-featured-img":"","footer-sml-layout":"","ast-disable-related-posts":"","theme-transparent-header-meta":"","adv-header-id-meta":"","stick-header-meta":"","header-above-stick-meta":"","header-main-stick-meta":"","header-below-stick-meta":"","astra-migrate-meta-layouts":"default","ast-page-background-enabled":"default","ast-page-background-meta":{"desktop":{"background-color":"var(--ast-global-color-5)","background-image":"","background-repeat":"repeat","background-position":"center center","background-size":"auto","background-attachment":"scroll","background-type":"","background-media":"","overlay-type":"","overlay-color":"","overlay-opacity":"","overlay-gradient":""},"tablet":{"background-color":"","background-image":"","background-repeat":"repeat","background-position":"center center","background-size":"auto","background-attachment":"scroll","background-type":"","background-media":"","overlay-type":"","overlay-color":"","overlay-opacity":"","overlay-gradient":""},"mobile":{"background-color":"","background-image":"","background-repeat":"repeat","background-position":"center center","background-size":"auto","background-attachment":"scroll","background-type":"","background-media":"","overlay-type":"","overlay-color":"","overlay-opacity":"","overlay-gradient":""}},"ast-content-background-meta":{"desktop":{"background-color":"var(--ast-global-color-4)","background-image":"","background-repeat":"repeat","background-position":"center center","background-size":"auto","background-attachment":"scroll","background-type":"","background-media":"","overlay-type":"","overlay-color":"","overlay-opacity":"","overlay-gradient":""},"tablet":{"background-color":"var(--ast-global-color-4)","background-image":"","background-repeat":"repeat","background-position":"center center","background-size":"auto","background-attachment":"scroll","background-type":"","background-media":"","overlay-type":"","overlay-color":"","overlay-opacity":"","overlay-gradient":""},"mobile":{"background-color":"var(--ast-global-color-4)","background-image":"","background-repeat":"repeat","background-position":"center center","background-size":"auto","background-attachment":"scroll","background-type":"","background-media":"","overlay-type":"","overlay-color":"","overlay-opacity":"","overlay-gradient":""}},"footnotes":""},"categories":[1],"tags":[],"class_list":["post-22656","post","type-post","status-publish","format-standard","hentry","category-sem-categoria"],"yoast_head":"<!-- This site is optimized with the Yoast SEO plugin v26.6 - https:\/\/yoast.com\/wordpress\/plugins\/seo\/ -->\n<title>Den\u00fancia de Adriano Sarney pode anular licita\u00e7\u00f5es do Governo do Estado - Daniel Matos<\/title>\n<meta name=\"robots\" content=\"index, follow, max-snippet:-1, max-image-preview:large, max-video-preview:-1\" \/>\n<link rel=\"canonical\" href=\"https:\/\/www.blogsoestado.com\/danielmatos\/denuncia-de-adriano-sarney-pode-anular-licitacoes-do-governo-do-estado\/\" \/>\n<meta property=\"og:locale\" content=\"pt_BR\" \/>\n<meta property=\"og:type\" content=\"article\" \/>\n<meta property=\"og:title\" content=\"Den\u00fancia de Adriano Sarney pode anular licita\u00e7\u00f5es do Governo do Estado - Daniel Matos\" \/>\n<meta property=\"og:description\" content=\"O deputado Adriano Sarney (PV-MA) fez uso na plen\u00e1ria nesta segunda-feira (16\/03) para fazer uma den\u00fancia que recebeu em seu [&hellip;]\" \/>\n<meta property=\"og:url\" content=\"https:\/\/www.blogsoestado.com\/danielmatos\/denuncia-de-adriano-sarney-pode-anular-licitacoes-do-governo-do-estado\/\" \/>\n<meta property=\"og:site_name\" content=\"Daniel Matos\" \/>\n<meta property=\"article:published_time\" content=\"2015-03-17T11:36:44+00:00\" \/>\n<meta property=\"og:image\" content=\"https:\/\/www.blogsoestado.com\/danielmatos\/files\/2015\/03\/adriano-denuncia.jpg\" \/>\n<meta name=\"twitter:card\" content=\"summary_large_image\" \/>\n<meta name=\"twitter:label1\" content=\"Est. tempo de leitura\" \/>\n\t<meta name=\"twitter:data1\" content=\"1 minuto\" \/>\n<script type=\"application\/ld+json\" class=\"yoast-schema-graph\">{\"@context\":\"https:\/\/schema.org\",\"@graph\":[{\"@type\":\"WebPage\",\"@id\":\"https:\/\/www.blogsoestado.com\/danielmatos\/denuncia-de-adriano-sarney-pode-anular-licitacoes-do-governo-do-estado\/\",\"url\":\"https:\/\/www.blogsoestado.com\/danielmatos\/denuncia-de-adriano-sarney-pode-anular-licitacoes-do-governo-do-estado\/\",\"name\":\"Den\u00fancia de Adriano Sarney pode anular licita\u00e7\u00f5es do Governo do Estado - Daniel Matos\",\"isPartOf\":{\"@id\":\"https:\/\/www.blogsoestado.com\/danielmatos\/#website\"},\"primaryImageOfPage\":{\"@id\":\"https:\/\/www.blogsoestado.com\/danielmatos\/denuncia-de-adriano-sarney-pode-anular-licitacoes-do-governo-do-estado\/#primaryimage\"},\"image\":{\"@id\":\"https:\/\/www.blogsoestado.com\/danielmatos\/denuncia-de-adriano-sarney-pode-anular-licitacoes-do-governo-do-estado\/#primaryimage\"},\"thumbnailUrl\":\"https:\/\/www.blogsoestado.com\/danielmatos\/files\/2015\/03\/adriano-denuncia.jpg\",\"datePublished\":\"2015-03-17T11:36:44+00:00\",\"author\":{\"@id\":\"\"},\"breadcrumb\":{\"@id\":\"https:\/\/www.blogsoestado.com\/danielmatos\/denuncia-de-adriano-sarney-pode-anular-licitacoes-do-governo-do-estado\/#breadcrumb\"},\"inLanguage\":\"pt-BR\",\"potentialAction\":[{\"@type\":\"ReadAction\",\"target\":[\"https:\/\/www.blogsoestado.com\/danielmatos\/denuncia-de-adriano-sarney-pode-anular-licitacoes-do-governo-do-estado\/\"]}]},{\"@type\":\"ImageObject\",\"inLanguage\":\"pt-BR\",\"@id\":\"https:\/\/www.blogsoestado.com\/danielmatos\/denuncia-de-adriano-sarney-pode-anular-licitacoes-do-governo-do-estado\/#primaryimage\",\"url\":\"https:\/\/www.blogsoestado.com\/danielmatos\/files\/2015\/03\/adriano-denuncia.jpg\",\"contentUrl\":\"https:\/\/www.blogsoestado.com\/danielmatos\/files\/2015\/03\/adriano-denuncia.jpg\"},{\"@type\":\"BreadcrumbList\",\"@id\":\"https:\/\/www.blogsoestado.com\/danielmatos\/denuncia-de-adriano-sarney-pode-anular-licitacoes-do-governo-do-estado\/#breadcrumb\",\"itemListElement\":[{\"@type\":\"ListItem\",\"position\":1,\"name\":\"In\u00edcio\",\"item\":\"https:\/\/www.blogsoestado.com\/danielmatos\/\"},{\"@type\":\"ListItem\",\"position\":2,\"name\":\"Den\u00fancia de Adriano Sarney pode anular licita\u00e7\u00f5es do Governo do Estado\"}]},{\"@type\":\"WebSite\",\"@id\":\"https:\/\/www.blogsoestado.com\/danielmatos\/#website\",\"url\":\"https:\/\/www.blogsoestado.com\/danielmatos\/\",\"name\":\"Daniel Matos\",\"description\":\"\",\"potentialAction\":[{\"@type\":\"SearchAction\",\"target\":{\"@type\":\"EntryPoint\",\"urlTemplate\":\"https:\/\/www.blogsoestado.com\/danielmatos\/?s={search_term_string}\"},\"query-input\":{\"@type\":\"PropertyValueSpecification\",\"valueRequired\":true,\"valueName\":\"search_term_string\"}}],\"inLanguage\":\"pt-BR\"}]}<\/script>\n<!-- \/ Yoast SEO plugin. -->","yoast_head_json":{"title":"Den\u00fancia de Adriano Sarney pode anular licita\u00e7\u00f5es do Governo do Estado - Daniel Matos","robots":{"index":"index","follow":"follow","max-snippet":"max-snippet:-1","max-image-preview":"max-image-preview:large","max-video-preview":"max-video-preview:-1"},"canonical":"https:\/\/www.blogsoestado.com\/danielmatos\/denuncia-de-adriano-sarney-pode-anular-licitacoes-do-governo-do-estado\/","og_locale":"pt_BR","og_type":"article","og_title":"Den\u00fancia de Adriano Sarney pode anular licita\u00e7\u00f5es do Governo do Estado - Daniel Matos","og_description":"O deputado Adriano Sarney (PV-MA) fez uso na plen\u00e1ria nesta segunda-feira (16\/03) para fazer uma den\u00fancia que recebeu em seu [&hellip;]","og_url":"https:\/\/www.blogsoestado.com\/danielmatos\/denuncia-de-adriano-sarney-pode-anular-licitacoes-do-governo-do-estado\/","og_site_name":"Daniel Matos","article_published_time":"2015-03-17T11:36:44+00:00","og_image":[{"url":"https:\/\/www.blogsoestado.com\/danielmatos\/files\/2015\/03\/adriano-denuncia.jpg","type":"","width":"","height":""}],"twitter_card":"summary_large_image","twitter_misc":{"Est. tempo de leitura":"1 minuto"},"schema":{"@context":"https:\/\/schema.org","@graph":[{"@type":"WebPage","@id":"https:\/\/www.blogsoestado.com\/danielmatos\/denuncia-de-adriano-sarney-pode-anular-licitacoes-do-governo-do-estado\/","url":"https:\/\/www.blogsoestado.com\/danielmatos\/denuncia-de-adriano-sarney-pode-anular-licitacoes-do-governo-do-estado\/","name":"Den\u00fancia de Adriano Sarney pode anular licita\u00e7\u00f5es do Governo do Estado - Daniel Matos","isPartOf":{"@id":"https:\/\/www.blogsoestado.com\/danielmatos\/#website"},"primaryImageOfPage":{"@id":"https:\/\/www.blogsoestado.com\/danielmatos\/denuncia-de-adriano-sarney-pode-anular-licitacoes-do-governo-do-estado\/#primaryimage"},"image":{"@id":"https:\/\/www.blogsoestado.com\/danielmatos\/denuncia-de-adriano-sarney-pode-anular-licitacoes-do-governo-do-estado\/#primaryimage"},"thumbnailUrl":"https:\/\/www.blogsoestado.com\/danielmatos\/files\/2015\/03\/adriano-denuncia.jpg","datePublished":"2015-03-17T11:36:44+00:00","author":{"@id":""},"breadcrumb":{"@id":"https:\/\/www.blogsoestado.com\/danielmatos\/denuncia-de-adriano-sarney-pode-anular-licitacoes-do-governo-do-estado\/#breadcrumb"},"inLanguage":"pt-BR","potentialAction":[{"@type":"ReadAction","target":["https:\/\/www.blogsoestado.com\/danielmatos\/denuncia-de-adriano-sarney-pode-anular-licitacoes-do-governo-do-estado\/"]}]},{"@type":"ImageObject","inLanguage":"pt-BR","@id":"https:\/\/www.blogsoestado.com\/danielmatos\/denuncia-de-adriano-sarney-pode-anular-licitacoes-do-governo-do-estado\/#primaryimage","url":"https:\/\/www.blogsoestado.com\/danielmatos\/files\/2015\/03\/adriano-denuncia.jpg","contentUrl":"https:\/\/www.blogsoestado.com\/danielmatos\/files\/2015\/03\/adriano-denuncia.jpg"},{"@type":"BreadcrumbList","@id":"https:\/\/www.blogsoestado.com\/danielmatos\/denuncia-de-adriano-sarney-pode-anular-licitacoes-do-governo-do-estado\/#breadcrumb","itemListElement":[{"@type":"ListItem","position":1,"name":"In\u00edcio","item":"https:\/\/www.blogsoestado.com\/danielmatos\/"},{"@type":"ListItem","position":2,"name":"Den\u00fancia de Adriano Sarney pode anular licita\u00e7\u00f5es do Governo do Estado"}]},{"@type":"WebSite","@id":"https:\/\/www.blogsoestado.com\/danielmatos\/#website","url":"https:\/\/www.blogsoestado.com\/danielmatos\/","name":"Daniel Matos","description":"","potentialAction":[{"@type":"SearchAction","target":{"@type":"EntryPoint","urlTemplate":"https:\/\/www.blogsoestado.com\/danielmatos\/?s={search_term_string}"},"query-input":{"@type":"PropertyValueSpecification","valueRequired":true,"valueName":"search_term_string"}}],"inLanguage":"pt-BR"}]}},"jetpack_featured_media_url":"","_links":{"self":[{"href":"https:\/\/www.blogsoestado.com\/danielmatos\/wp-json\/wp\/v2\/posts\/22656","targetHints":{"allow":["GET"]}}],"collection":[{"href":"https:\/\/www.blogsoestado.com\/danielmatos\/wp-json\/wp\/v2\/posts"}],"about":[{"href":"https:\/\/www.blogsoestado.com\/danielmatos\/wp-json\/wp\/v2\/types\/post"}],"replies":[{"embeddable":true,"href":"https:\/\/www.blogsoestado.com\/danielmatos\/wp-json\/wp\/v2\/comments?post=22656"}],"version-history":[{"count":0,"href":"https:\/\/www.blogsoestado.com\/danielmatos\/wp-json\/wp\/v2\/posts\/22656\/revisions"}],"wp:attachment":[{"href":"https:\/\/www.blogsoestado.com\/danielmatos\/wp-json\/wp\/v2\/media?parent=22656"}],"wp:term":[{"taxonomy":"category","embeddable":true,"href":"https:\/\/www.blogsoestado.com\/danielmatos\/wp-json\/wp\/v2\/categories?post=22656"},{"taxonomy":"post_tag","embeddable":true,"href":"https:\/\/www.blogsoestado.com\/danielmatos\/wp-json\/wp\/v2\/tags?post=22656"}],"curies":[{"name":"wp","href":"https:\/\/api.w.org\/{rel}","templated":true}]}}