{"id":22664,"date":"2015-03-17T10:43:49","date_gmt":"2015-03-17T13:43:49","guid":{"rendered":"https:\/\/www.blogsoestado.com\/danielmatos\/?p=22664"},"modified":"2015-03-17T10:43:49","modified_gmt":"2015-03-17T13:43:49","slug":"cinco-irmaos-sao-condenados-por-assassinato-em-pindare-mirim","status":"publish","type":"post","link":"https:\/\/www.blogsoestado.com\/danielmatos\/cinco-irmaos-sao-condenados-por-assassinato-em-pindare-mirim\/","title":{"rendered":"Cinco irm\u00e3os s\u00e3o condenados por assassinato em Pindar\u00e9-Mirim"},"content":{"rendered":"<p>Os irm\u00e3os Jackson Hughes, Howard Hughes, Auric\u00e9lio e Adriano Correa Mendon\u00e7a e Zeferino Pinto Mendon\u00e7a J\u00fanior foram condenados, cada um, a 19 anos e 3 meses de reclus\u00e3o, pelo assassinato de M\u00e1rcio Ronne Alves Soares, na noite do dia 1\u00ba de julho de 2005, em uma casa no Campo Agr\u00edcola, na cidade de Pindar\u00e9-Mirim, interior do Maranh\u00e3o. Auric\u00e9lio, conhecido como \u201cBitel&#8221;, j\u00e1 cumpre pena por outro crime, em pres\u00eddio no Rio de Janeiro, de onde foi trazido para julgamento em S\u00e3o Lu\u00eds.<\/p>\n<p>Os r\u00e9us foram pronunciados para o j\u00fari popular na Comarca de Pindar\u00e9-Mirim e, por decis\u00e3o do Tribunal de Justi\u00e7a do Maranh\u00e3o, o processo foi desaforado para S\u00e3o Lu\u00eds, sendo o julgamento realizado pelo 2\u00ba Tribunal do J\u00fari da capital, na \u00faltima quarta-feira (11). N\u00e3o compareceram \u00e0 sess\u00e3o, presidida pelo juiz Gilberto de Moura Lima, no F\u00f3rum Des. Sarney Costa, os acusados Howard Hughes, havendo informa\u00e7\u00e3o de que ele j\u00e1 faleceu, e Adriano Mendon\u00e7a, considerado foragido. Todos devem cumprir a pena em regime fechado.<\/p>\n<p>Segundo a den\u00fancia do Minist\u00e9rio P\u00fablico, Auric\u00e9lio Correa Mendon\u00e7a e seus irm\u00e3os bebiam em no bar de um amigo e no momento em que a v\u00edtima passou pelo local foi apontada como sendo a pessoa que teria tido uma desaven\u00e7a com Adriano Mendon\u00e7a. Em seguida, os cinco acusados deslocaram-se para a casa da v\u00edtima com a inten\u00e7\u00e3o de resolver a antiga rixa. Ao chegarem, chacinaram o rapaz que ainda tentou buscar ref\u00fagio em uma casa vizinha.<\/p>\n<p><strong>Outros julgamentos<\/strong><\/p>\n<p>Ainda no 2\u00ba Tribunal do J\u00fari, foi condenado a 12 anos de reclus\u00e3o Julielson Sousa Mesquita, o \u201cTizil\u201d, pela morte de Cledeilson Souza Santos, na madrugada do dia 28 de maio de 2010, no bairro do Portinho. O julgamento ocorreu no \u00faltimo dia 05 de mar\u00e7o. Nessa mesma data, o Conselho de Senten\u00e7a do 1\u00ba Tribunal do J\u00fari, presidido pelo juiz Osmar Gomes dos, condenou a 2 anos de reclus\u00e3o Yasser Assad Rocha, acusado de assassinar o pr\u00f3prio cunhado Jhonatan Ara\u00fajo dos Santos, ap\u00f3s desentendimento entre a v\u00edtima e a irm\u00e3, ent\u00e3o esposa do r\u00e9u, no dia 9 de outubro de 2012, na Vila Concei\u00e7\u00e3o.<\/p>\n<p>J\u00e1 no 3\u00ba Tribunal do J\u00fari, Tiego Medeiros Silva foi condenado a 14 anos e 6 meses de reclus\u00e3o por assassinar, com uma facada no cora\u00e7\u00e3o, a namorada Claudiana Bezerra Cutrim, no dia 03 de agosto de 2013, na Praia do Caolho. O julgamento foi presidido pela ju\u00edza K\u00e1tia Coelho de Sousa Dias, na \u00faltima quarta-feira (11).<\/p>\n<p>No dia seguinte, sexta-feira (13), tamb\u00e9m no 3\u00ba Tribunal do J\u00fari, foi condenado a 11 anos de reclus\u00e3o Fernando Carvalho de Oliveira, pela morte da pr\u00f3pria tia Ant\u00f4nia Carvalho de Oliveira, com quem o r\u00e9u morava no bairro Nova Rep\u00fablica. O crime ocorreu no dia 31 de agosto de 2008, na casa da v\u00edtima. O r\u00e9u esganou e desferiu v\u00e1rios golpes de faca na tia, arrastou o corpo para o terreno da casa vizinha, cobrindo-o com folhas de bananeira. Em seguida, enterrou suas roupas e as da v\u00edtima.<\/p>\n<p><strong>Fonte:<\/strong> Corregedoria Geral de Justi\u00e7a<\/p>\n","protected":false},"excerpt":{"rendered":"<p>Os irm\u00e3os Jackson Hughes, Howard Hughes, Auric\u00e9lio e Adriano Correa Mendon\u00e7a e Zeferino Pinto Mendon\u00e7a J\u00fanior foram condenados, cada um, [&hellip;]<\/p>\n","protected":false},"author":0,"featured_media":0,"comment_status":"open","ping_status":"open","sticky":false,"template":"","format":"standard","meta":{"site-sidebar-layout":"default","site-content-layout":"","ast-site-content-layout":"default","site-content-style":"default","site-sidebar-style":"default","ast-global-header-display":"","ast-banner-title-visibility":"","ast-main-header-display":"","ast-hfb-above-header-display":"","ast-hfb-below-header-display":"","ast-hfb-mobile-header-display":"","site-post-title":"","ast-breadcrumbs-content":"","ast-featured-img":"","footer-sml-layout":"","ast-disable-related-posts":"","theme-transparent-header-meta":"","adv-header-id-meta":"","stick-header-meta":"","header-above-stick-meta":"","header-main-stick-meta":"","header-below-stick-meta":"","astra-migrate-meta-layouts":"default","ast-page-background-enabled":"default","ast-page-background-meta":{"desktop":{"background-color":"var(--ast-global-color-5)","background-image":"","background-repeat":"repeat","background-position":"center center","background-size":"auto","background-attachment":"scroll","background-type":"","background-media":"","overlay-type":"","overlay-color":"","overlay-opacity":"","overlay-gradient":""},"tablet":{"background-color":"","background-image":"","background-repeat":"repeat","background-position":"center center","background-size":"auto","background-attachment":"scroll","background-type":"","background-media":"","overlay-type":"","overlay-color":"","overlay-opacity":"","overlay-gradient":""},"mobile":{"background-color":"","background-image":"","background-repeat":"repeat","background-position":"center center","background-size":"auto","background-attachment":"scroll","background-type":"","background-media":"","overlay-type":"","overlay-color":"","overlay-opacity":"","overlay-gradient":""}},"ast-content-background-meta":{"desktop":{"background-color":"var(--ast-global-color-4)","background-image":"","background-repeat":"repeat","background-position":"center center","background-size":"auto","background-attachment":"scroll","background-type":"","background-media":"","overlay-type":"","overlay-color":"","overlay-opacity":"","overlay-gradient":""},"tablet":{"background-color":"var(--ast-global-color-4)","background-image":"","background-repeat":"repeat","background-position":"center center","background-size":"auto","background-attachment":"scroll","background-type":"","background-media":"","overlay-type":"","overlay-color":"","overlay-opacity":"","overlay-gradient":""},"mobile":{"background-color":"var(--ast-global-color-4)","background-image":"","background-repeat":"repeat","background-position":"center center","background-size":"auto","background-attachment":"scroll","background-type":"","background-media":"","overlay-type":"","overlay-color":"","overlay-opacity":"","overlay-gradient":""}},"footnotes":""},"categories":[1],"tags":[],"class_list":["post-22664","post","type-post","status-publish","format-standard","hentry","category-sem-categoria"],"yoast_head":"<!-- This site is optimized with the Yoast SEO plugin v26.6 - https:\/\/yoast.com\/wordpress\/plugins\/seo\/ -->\n<title>Cinco irm\u00e3os s\u00e3o condenados por assassinato em Pindar\u00e9-Mirim - Daniel Matos<\/title>\n<meta name=\"robots\" content=\"index, follow, max-snippet:-1, max-image-preview:large, max-video-preview:-1\" \/>\n<link rel=\"canonical\" href=\"https:\/\/www.blogsoestado.com\/danielmatos\/cinco-irmaos-sao-condenados-por-assassinato-em-pindare-mirim\/\" \/>\n<meta property=\"og:locale\" content=\"pt_BR\" \/>\n<meta property=\"og:type\" content=\"article\" \/>\n<meta property=\"og:title\" content=\"Cinco irm\u00e3os s\u00e3o condenados por assassinato em Pindar\u00e9-Mirim - Daniel Matos\" \/>\n<meta property=\"og:description\" content=\"Os irm\u00e3os Jackson Hughes, Howard Hughes, Auric\u00e9lio e Adriano Correa Mendon\u00e7a e Zeferino Pinto Mendon\u00e7a J\u00fanior foram condenados, cada um, [&hellip;]\" \/>\n<meta property=\"og:url\" content=\"https:\/\/www.blogsoestado.com\/danielmatos\/cinco-irmaos-sao-condenados-por-assassinato-em-pindare-mirim\/\" \/>\n<meta property=\"og:site_name\" content=\"Daniel Matos\" \/>\n<meta property=\"article:published_time\" content=\"2015-03-17T13:43:49+00:00\" \/>\n<meta name=\"twitter:card\" content=\"summary_large_image\" \/>\n<meta name=\"twitter:label1\" content=\"Est. tempo de leitura\" \/>\n\t<meta name=\"twitter:data1\" content=\"3 minutos\" \/>\n<script type=\"application\/ld+json\" class=\"yoast-schema-graph\">{\"@context\":\"https:\/\/schema.org\",\"@graph\":[{\"@type\":\"WebPage\",\"@id\":\"https:\/\/www.blogsoestado.com\/danielmatos\/cinco-irmaos-sao-condenados-por-assassinato-em-pindare-mirim\/\",\"url\":\"https:\/\/www.blogsoestado.com\/danielmatos\/cinco-irmaos-sao-condenados-por-assassinato-em-pindare-mirim\/\",\"name\":\"Cinco irm\u00e3os s\u00e3o condenados por assassinato em Pindar\u00e9-Mirim - Daniel Matos\",\"isPartOf\":{\"@id\":\"https:\/\/www.blogsoestado.com\/danielmatos\/#website\"},\"datePublished\":\"2015-03-17T13:43:49+00:00\",\"author\":{\"@id\":\"\"},\"breadcrumb\":{\"@id\":\"https:\/\/www.blogsoestado.com\/danielmatos\/cinco-irmaos-sao-condenados-por-assassinato-em-pindare-mirim\/#breadcrumb\"},\"inLanguage\":\"pt-BR\",\"potentialAction\":[{\"@type\":\"ReadAction\",\"target\":[\"https:\/\/www.blogsoestado.com\/danielmatos\/cinco-irmaos-sao-condenados-por-assassinato-em-pindare-mirim\/\"]}]},{\"@type\":\"BreadcrumbList\",\"@id\":\"https:\/\/www.blogsoestado.com\/danielmatos\/cinco-irmaos-sao-condenados-por-assassinato-em-pindare-mirim\/#breadcrumb\",\"itemListElement\":[{\"@type\":\"ListItem\",\"position\":1,\"name\":\"In\u00edcio\",\"item\":\"https:\/\/www.blogsoestado.com\/danielmatos\/\"},{\"@type\":\"ListItem\",\"position\":2,\"name\":\"Cinco irm\u00e3os s\u00e3o condenados por assassinato em Pindar\u00e9-Mirim\"}]},{\"@type\":\"WebSite\",\"@id\":\"https:\/\/www.blogsoestado.com\/danielmatos\/#website\",\"url\":\"https:\/\/www.blogsoestado.com\/danielmatos\/\",\"name\":\"Daniel Matos\",\"description\":\"\",\"potentialAction\":[{\"@type\":\"SearchAction\",\"target\":{\"@type\":\"EntryPoint\",\"urlTemplate\":\"https:\/\/www.blogsoestado.com\/danielmatos\/?s={search_term_string}\"},\"query-input\":{\"@type\":\"PropertyValueSpecification\",\"valueRequired\":true,\"valueName\":\"search_term_string\"}}],\"inLanguage\":\"pt-BR\"}]}<\/script>\n<!-- \/ Yoast SEO plugin. -->","yoast_head_json":{"title":"Cinco irm\u00e3os s\u00e3o condenados por assassinato em Pindar\u00e9-Mirim - Daniel Matos","robots":{"index":"index","follow":"follow","max-snippet":"max-snippet:-1","max-image-preview":"max-image-preview:large","max-video-preview":"max-video-preview:-1"},"canonical":"https:\/\/www.blogsoestado.com\/danielmatos\/cinco-irmaos-sao-condenados-por-assassinato-em-pindare-mirim\/","og_locale":"pt_BR","og_type":"article","og_title":"Cinco irm\u00e3os s\u00e3o condenados por assassinato em Pindar\u00e9-Mirim - Daniel Matos","og_description":"Os irm\u00e3os Jackson Hughes, Howard Hughes, Auric\u00e9lio e Adriano Correa Mendon\u00e7a e Zeferino Pinto Mendon\u00e7a J\u00fanior foram condenados, cada um, [&hellip;]","og_url":"https:\/\/www.blogsoestado.com\/danielmatos\/cinco-irmaos-sao-condenados-por-assassinato-em-pindare-mirim\/","og_site_name":"Daniel Matos","article_published_time":"2015-03-17T13:43:49+00:00","twitter_card":"summary_large_image","twitter_misc":{"Est. tempo de leitura":"3 minutos"},"schema":{"@context":"https:\/\/schema.org","@graph":[{"@type":"WebPage","@id":"https:\/\/www.blogsoestado.com\/danielmatos\/cinco-irmaos-sao-condenados-por-assassinato-em-pindare-mirim\/","url":"https:\/\/www.blogsoestado.com\/danielmatos\/cinco-irmaos-sao-condenados-por-assassinato-em-pindare-mirim\/","name":"Cinco irm\u00e3os s\u00e3o condenados por assassinato em Pindar\u00e9-Mirim - Daniel Matos","isPartOf":{"@id":"https:\/\/www.blogsoestado.com\/danielmatos\/#website"},"datePublished":"2015-03-17T13:43:49+00:00","author":{"@id":""},"breadcrumb":{"@id":"https:\/\/www.blogsoestado.com\/danielmatos\/cinco-irmaos-sao-condenados-por-assassinato-em-pindare-mirim\/#breadcrumb"},"inLanguage":"pt-BR","potentialAction":[{"@type":"ReadAction","target":["https:\/\/www.blogsoestado.com\/danielmatos\/cinco-irmaos-sao-condenados-por-assassinato-em-pindare-mirim\/"]}]},{"@type":"BreadcrumbList","@id":"https:\/\/www.blogsoestado.com\/danielmatos\/cinco-irmaos-sao-condenados-por-assassinato-em-pindare-mirim\/#breadcrumb","itemListElement":[{"@type":"ListItem","position":1,"name":"In\u00edcio","item":"https:\/\/www.blogsoestado.com\/danielmatos\/"},{"@type":"ListItem","position":2,"name":"Cinco irm\u00e3os s\u00e3o condenados por assassinato em Pindar\u00e9-Mirim"}]},{"@type":"WebSite","@id":"https:\/\/www.blogsoestado.com\/danielmatos\/#website","url":"https:\/\/www.blogsoestado.com\/danielmatos\/","name":"Daniel Matos","description":"","potentialAction":[{"@type":"SearchAction","target":{"@type":"EntryPoint","urlTemplate":"https:\/\/www.blogsoestado.com\/danielmatos\/?s={search_term_string}"},"query-input":{"@type":"PropertyValueSpecification","valueRequired":true,"valueName":"search_term_string"}}],"inLanguage":"pt-BR"}]}},"jetpack_featured_media_url":"","_links":{"self":[{"href":"https:\/\/www.blogsoestado.com\/danielmatos\/wp-json\/wp\/v2\/posts\/22664","targetHints":{"allow":["GET"]}}],"collection":[{"href":"https:\/\/www.blogsoestado.com\/danielmatos\/wp-json\/wp\/v2\/posts"}],"about":[{"href":"https:\/\/www.blogsoestado.com\/danielmatos\/wp-json\/wp\/v2\/types\/post"}],"replies":[{"embeddable":true,"href":"https:\/\/www.blogsoestado.com\/danielmatos\/wp-json\/wp\/v2\/comments?post=22664"}],"version-history":[{"count":0,"href":"https:\/\/www.blogsoestado.com\/danielmatos\/wp-json\/wp\/v2\/posts\/22664\/revisions"}],"wp:attachment":[{"href":"https:\/\/www.blogsoestado.com\/danielmatos\/wp-json\/wp\/v2\/media?parent=22664"}],"wp:term":[{"taxonomy":"category","embeddable":true,"href":"https:\/\/www.blogsoestado.com\/danielmatos\/wp-json\/wp\/v2\/categories?post=22664"},{"taxonomy":"post_tag","embeddable":true,"href":"https:\/\/www.blogsoestado.com\/danielmatos\/wp-json\/wp\/v2\/tags?post=22664"}],"curies":[{"name":"wp","href":"https:\/\/api.w.org\/{rel}","templated":true}]}}