{"id":22666,"date":"2015-03-17T11:22:15","date_gmt":"2015-03-17T14:22:15","guid":{"rendered":"https:\/\/www.blogsoestado.com\/danielmatos\/?p=22666"},"modified":"2015-03-17T11:22:15","modified_gmt":"2015-03-17T14:22:15","slug":"homem-da-entrada-no-socorrao-i-com-salto-de-tamanco-cravado-na-testa","status":"publish","type":"post","link":"https:\/\/www.blogsoestado.com\/danielmatos\/homem-da-entrada-no-socorrao-i-com-salto-de-tamanco-cravado-na-testa\/","title":{"rendered":"Homem d\u00e1 entrada no Socorr\u00e3o I com salto de sand\u00e1lia cravado na testa"},"content":{"rendered":"<p><a href=\"https:\/\/www.blogsoestado.com\/danielmatos\/files\/2015\/03\/tamanco.jpg\"><img fetchpriority=\"high\" decoding=\"async\" class=\"aligncenter size-full wp-image-22667\" src=\"https:\/\/www.blogsoestado.com\/danielmatos\/files\/2015\/03\/tamanco.jpg\" alt=\"tamanco\" width=\"480\" height=\"596\" \/><\/a><\/p>\n<p>Um homem deu entrada ontem \u00e0 noite no Hospital Municipal Djalma Marques, o Socorr\u00e3o I, com perfura\u00e7\u00e3o no cr\u00e2nio causada por um salto de tamanco. Profissionais de sa\u00fade que atenderam o paciente afirmaram que ele entrou consciente e falando no centro cir\u00fargico.<\/p>\n<p>Ele informou\u00a0\u00e0\u00a0equipe m\u00e9dica e \u00e0 pol\u00edcia que a agressora foi sua ex-mulher,\u00a0com quem se desentendera.<\/p>\n<p>Segundo informa\u00e7\u00f5es de uma fonte do Socorr\u00e3o I, o homem foi submetido a uma cirurgia para retirada do objeto do cr\u00e2nio e passa bem.<\/p>\n","protected":false},"excerpt":{"rendered":"<p>Um homem deu entrada ontem \u00e0 noite no Hospital Municipal Djalma Marques, o Socorr\u00e3o I, com perfura\u00e7\u00e3o no cr\u00e2nio causada [&hellip;]<\/p>\n","protected":false},"author":0,"featured_media":0,"comment_status":"open","ping_status":"open","sticky":false,"template":"","format":"standard","meta":{"site-sidebar-layout":"default","site-content-layout":"","ast-site-content-layout":"default","site-content-style":"default","site-sidebar-style":"default","ast-global-header-display":"","ast-banner-title-visibility":"","ast-main-header-display":"","ast-hfb-above-header-display":"","ast-hfb-below-header-display":"","ast-hfb-mobile-header-display":"","site-post-title":"","ast-breadcrumbs-content":"","ast-featured-img":"","footer-sml-layout":"","ast-disable-related-posts":"","theme-transparent-header-meta":"","adv-header-id-meta":"","stick-header-meta":"","header-above-stick-meta":"","header-main-stick-meta":"","header-below-stick-meta":"","astra-migrate-meta-layouts":"default","ast-page-background-enabled":"default","ast-page-background-meta":{"desktop":{"background-color":"var(--ast-global-color-5)","background-image":"","background-repeat":"repeat","background-position":"center center","background-size":"auto","background-attachment":"scroll","background-type":"","background-media":"","overlay-type":"","overlay-color":"","overlay-opacity":"","overlay-gradient":""},"tablet":{"background-color":"","background-image":"","background-repeat":"repeat","background-position":"center center","background-size":"auto","background-attachment":"scroll","background-type":"","background-media":"","overlay-type":"","overlay-color":"","overlay-opacity":"","overlay-gradient":""},"mobile":{"background-color":"","background-image":"","background-repeat":"repeat","background-position":"center center","background-size":"auto","background-attachment":"scroll","background-type":"","background-media":"","overlay-type":"","overlay-color":"","overlay-opacity":"","overlay-gradient":""}},"ast-content-background-meta":{"desktop":{"background-color":"var(--ast-global-color-4)","background-image":"","background-repeat":"repeat","background-position":"center center","background-size":"auto","background-attachment":"scroll","background-type":"","background-media":"","overlay-type":"","overlay-color":"","overlay-opacity":"","overlay-gradient":""},"tablet":{"background-color":"var(--ast-global-color-4)","background-image":"","background-repeat":"repeat","background-position":"center center","background-size":"auto","background-attachment":"scroll","background-type":"","background-media":"","overlay-type":"","overlay-color":"","overlay-opacity":"","overlay-gradient":""},"mobile":{"background-color":"var(--ast-global-color-4)","background-image":"","background-repeat":"repeat","background-position":"center center","background-size":"auto","background-attachment":"scroll","background-type":"","background-media":"","overlay-type":"","overlay-color":"","overlay-opacity":"","overlay-gradient":""}},"footnotes":""},"categories":[18,25,26],"tags":[],"class_list":["post-22666","post","type-post","status-publish","format-standard","hentry","category-policia","category-sao-luis","category-violencia"],"yoast_head":"<!-- This site is optimized with the Yoast SEO plugin v26.6 - https:\/\/yoast.com\/wordpress\/plugins\/seo\/ -->\n<title>Homem d\u00e1 entrada no Socorr\u00e3o I com salto de sand\u00e1lia cravado na testa - Daniel Matos<\/title>\n<meta name=\"robots\" content=\"index, follow, max-snippet:-1, max-image-preview:large, max-video-preview:-1\" \/>\n<link rel=\"canonical\" href=\"https:\/\/www.blogsoestado.com\/danielmatos\/homem-da-entrada-no-socorrao-i-com-salto-de-tamanco-cravado-na-testa\/\" \/>\n<meta property=\"og:locale\" content=\"pt_BR\" \/>\n<meta property=\"og:type\" content=\"article\" \/>\n<meta property=\"og:title\" content=\"Homem d\u00e1 entrada no Socorr\u00e3o I com salto de sand\u00e1lia cravado na testa - Daniel Matos\" \/>\n<meta property=\"og:description\" content=\"Um homem deu entrada ontem \u00e0 noite no Hospital Municipal Djalma Marques, o Socorr\u00e3o I, com perfura\u00e7\u00e3o no cr\u00e2nio causada [&hellip;]\" \/>\n<meta property=\"og:url\" content=\"https:\/\/www.blogsoestado.com\/danielmatos\/homem-da-entrada-no-socorrao-i-com-salto-de-tamanco-cravado-na-testa\/\" \/>\n<meta property=\"og:site_name\" content=\"Daniel Matos\" \/>\n<meta property=\"article:published_time\" content=\"2015-03-17T14:22:15+00:00\" \/>\n<meta property=\"og:image\" content=\"https:\/\/www.blogsoestado.com\/danielmatos\/files\/2015\/03\/tamanco.jpg\" \/>\n<meta name=\"twitter:card\" content=\"summary_large_image\" \/>\n<script type=\"application\/ld+json\" class=\"yoast-schema-graph\">{\"@context\":\"https:\/\/schema.org\",\"@graph\":[{\"@type\":\"WebPage\",\"@id\":\"https:\/\/www.blogsoestado.com\/danielmatos\/homem-da-entrada-no-socorrao-i-com-salto-de-tamanco-cravado-na-testa\/\",\"url\":\"https:\/\/www.blogsoestado.com\/danielmatos\/homem-da-entrada-no-socorrao-i-com-salto-de-tamanco-cravado-na-testa\/\",\"name\":\"Homem d\u00e1 entrada no Socorr\u00e3o I com salto de sand\u00e1lia cravado na testa - Daniel Matos\",\"isPartOf\":{\"@id\":\"https:\/\/www.blogsoestado.com\/danielmatos\/#website\"},\"primaryImageOfPage\":{\"@id\":\"https:\/\/www.blogsoestado.com\/danielmatos\/homem-da-entrada-no-socorrao-i-com-salto-de-tamanco-cravado-na-testa\/#primaryimage\"},\"image\":{\"@id\":\"https:\/\/www.blogsoestado.com\/danielmatos\/homem-da-entrada-no-socorrao-i-com-salto-de-tamanco-cravado-na-testa\/#primaryimage\"},\"thumbnailUrl\":\"https:\/\/www.blogsoestado.com\/danielmatos\/files\/2015\/03\/tamanco.jpg\",\"datePublished\":\"2015-03-17T14:22:15+00:00\",\"author\":{\"@id\":\"\"},\"breadcrumb\":{\"@id\":\"https:\/\/www.blogsoestado.com\/danielmatos\/homem-da-entrada-no-socorrao-i-com-salto-de-tamanco-cravado-na-testa\/#breadcrumb\"},\"inLanguage\":\"pt-BR\",\"potentialAction\":[{\"@type\":\"ReadAction\",\"target\":[\"https:\/\/www.blogsoestado.com\/danielmatos\/homem-da-entrada-no-socorrao-i-com-salto-de-tamanco-cravado-na-testa\/\"]}]},{\"@type\":\"ImageObject\",\"inLanguage\":\"pt-BR\",\"@id\":\"https:\/\/www.blogsoestado.com\/danielmatos\/homem-da-entrada-no-socorrao-i-com-salto-de-tamanco-cravado-na-testa\/#primaryimage\",\"url\":\"https:\/\/www.blogsoestado.com\/danielmatos\/files\/2015\/03\/tamanco.jpg\",\"contentUrl\":\"https:\/\/www.blogsoestado.com\/danielmatos\/files\/2015\/03\/tamanco.jpg\"},{\"@type\":\"BreadcrumbList\",\"@id\":\"https:\/\/www.blogsoestado.com\/danielmatos\/homem-da-entrada-no-socorrao-i-com-salto-de-tamanco-cravado-na-testa\/#breadcrumb\",\"itemListElement\":[{\"@type\":\"ListItem\",\"position\":1,\"name\":\"In\u00edcio\",\"item\":\"https:\/\/www.blogsoestado.com\/danielmatos\/\"},{\"@type\":\"ListItem\",\"position\":2,\"name\":\"Homem d\u00e1 entrada no Socorr\u00e3o I com salto de sand\u00e1lia cravado na testa\"}]},{\"@type\":\"WebSite\",\"@id\":\"https:\/\/www.blogsoestado.com\/danielmatos\/#website\",\"url\":\"https:\/\/www.blogsoestado.com\/danielmatos\/\",\"name\":\"Daniel Matos\",\"description\":\"\",\"potentialAction\":[{\"@type\":\"SearchAction\",\"target\":{\"@type\":\"EntryPoint\",\"urlTemplate\":\"https:\/\/www.blogsoestado.com\/danielmatos\/?s={search_term_string}\"},\"query-input\":{\"@type\":\"PropertyValueSpecification\",\"valueRequired\":true,\"valueName\":\"search_term_string\"}}],\"inLanguage\":\"pt-BR\"}]}<\/script>\n<!-- \/ Yoast SEO plugin. -->","yoast_head_json":{"title":"Homem d\u00e1 entrada no Socorr\u00e3o I com salto de sand\u00e1lia cravado na testa - Daniel Matos","robots":{"index":"index","follow":"follow","max-snippet":"max-snippet:-1","max-image-preview":"max-image-preview:large","max-video-preview":"max-video-preview:-1"},"canonical":"https:\/\/www.blogsoestado.com\/danielmatos\/homem-da-entrada-no-socorrao-i-com-salto-de-tamanco-cravado-na-testa\/","og_locale":"pt_BR","og_type":"article","og_title":"Homem d\u00e1 entrada no Socorr\u00e3o I com salto de sand\u00e1lia cravado na testa - Daniel Matos","og_description":"Um homem deu entrada ontem \u00e0 noite no Hospital Municipal Djalma Marques, o Socorr\u00e3o I, com perfura\u00e7\u00e3o no cr\u00e2nio causada [&hellip;]","og_url":"https:\/\/www.blogsoestado.com\/danielmatos\/homem-da-entrada-no-socorrao-i-com-salto-de-tamanco-cravado-na-testa\/","og_site_name":"Daniel Matos","article_published_time":"2015-03-17T14:22:15+00:00","og_image":[{"url":"https:\/\/www.blogsoestado.com\/danielmatos\/files\/2015\/03\/tamanco.jpg","type":"","width":"","height":""}],"twitter_card":"summary_large_image","schema":{"@context":"https:\/\/schema.org","@graph":[{"@type":"WebPage","@id":"https:\/\/www.blogsoestado.com\/danielmatos\/homem-da-entrada-no-socorrao-i-com-salto-de-tamanco-cravado-na-testa\/","url":"https:\/\/www.blogsoestado.com\/danielmatos\/homem-da-entrada-no-socorrao-i-com-salto-de-tamanco-cravado-na-testa\/","name":"Homem d\u00e1 entrada no Socorr\u00e3o I com salto de sand\u00e1lia cravado na testa - Daniel Matos","isPartOf":{"@id":"https:\/\/www.blogsoestado.com\/danielmatos\/#website"},"primaryImageOfPage":{"@id":"https:\/\/www.blogsoestado.com\/danielmatos\/homem-da-entrada-no-socorrao-i-com-salto-de-tamanco-cravado-na-testa\/#primaryimage"},"image":{"@id":"https:\/\/www.blogsoestado.com\/danielmatos\/homem-da-entrada-no-socorrao-i-com-salto-de-tamanco-cravado-na-testa\/#primaryimage"},"thumbnailUrl":"https:\/\/www.blogsoestado.com\/danielmatos\/files\/2015\/03\/tamanco.jpg","datePublished":"2015-03-17T14:22:15+00:00","author":{"@id":""},"breadcrumb":{"@id":"https:\/\/www.blogsoestado.com\/danielmatos\/homem-da-entrada-no-socorrao-i-com-salto-de-tamanco-cravado-na-testa\/#breadcrumb"},"inLanguage":"pt-BR","potentialAction":[{"@type":"ReadAction","target":["https:\/\/www.blogsoestado.com\/danielmatos\/homem-da-entrada-no-socorrao-i-com-salto-de-tamanco-cravado-na-testa\/"]}]},{"@type":"ImageObject","inLanguage":"pt-BR","@id":"https:\/\/www.blogsoestado.com\/danielmatos\/homem-da-entrada-no-socorrao-i-com-salto-de-tamanco-cravado-na-testa\/#primaryimage","url":"https:\/\/www.blogsoestado.com\/danielmatos\/files\/2015\/03\/tamanco.jpg","contentUrl":"https:\/\/www.blogsoestado.com\/danielmatos\/files\/2015\/03\/tamanco.jpg"},{"@type":"BreadcrumbList","@id":"https:\/\/www.blogsoestado.com\/danielmatos\/homem-da-entrada-no-socorrao-i-com-salto-de-tamanco-cravado-na-testa\/#breadcrumb","itemListElement":[{"@type":"ListItem","position":1,"name":"In\u00edcio","item":"https:\/\/www.blogsoestado.com\/danielmatos\/"},{"@type":"ListItem","position":2,"name":"Homem d\u00e1 entrada no Socorr\u00e3o I com salto de sand\u00e1lia cravado na testa"}]},{"@type":"WebSite","@id":"https:\/\/www.blogsoestado.com\/danielmatos\/#website","url":"https:\/\/www.blogsoestado.com\/danielmatos\/","name":"Daniel Matos","description":"","potentialAction":[{"@type":"SearchAction","target":{"@type":"EntryPoint","urlTemplate":"https:\/\/www.blogsoestado.com\/danielmatos\/?s={search_term_string}"},"query-input":{"@type":"PropertyValueSpecification","valueRequired":true,"valueName":"search_term_string"}}],"inLanguage":"pt-BR"}]}},"jetpack_featured_media_url":"","_links":{"self":[{"href":"https:\/\/www.blogsoestado.com\/danielmatos\/wp-json\/wp\/v2\/posts\/22666","targetHints":{"allow":["GET"]}}],"collection":[{"href":"https:\/\/www.blogsoestado.com\/danielmatos\/wp-json\/wp\/v2\/posts"}],"about":[{"href":"https:\/\/www.blogsoestado.com\/danielmatos\/wp-json\/wp\/v2\/types\/post"}],"replies":[{"embeddable":true,"href":"https:\/\/www.blogsoestado.com\/danielmatos\/wp-json\/wp\/v2\/comments?post=22666"}],"version-history":[{"count":0,"href":"https:\/\/www.blogsoestado.com\/danielmatos\/wp-json\/wp\/v2\/posts\/22666\/revisions"}],"wp:attachment":[{"href":"https:\/\/www.blogsoestado.com\/danielmatos\/wp-json\/wp\/v2\/media?parent=22666"}],"wp:term":[{"taxonomy":"category","embeddable":true,"href":"https:\/\/www.blogsoestado.com\/danielmatos\/wp-json\/wp\/v2\/categories?post=22666"},{"taxonomy":"post_tag","embeddable":true,"href":"https:\/\/www.blogsoestado.com\/danielmatos\/wp-json\/wp\/v2\/tags?post=22666"}],"curies":[{"name":"wp","href":"https:\/\/api.w.org\/{rel}","templated":true}]}}