{"id":22854,"date":"2015-03-25T17:57:04","date_gmt":"2015-03-25T20:57:04","guid":{"rendered":"https:\/\/www.blogsoestado.com\/danielmatos\/?p=22854"},"modified":"2015-03-25T17:57:04","modified_gmt":"2015-03-25T20:57:04","slug":"lancada-candidatura-de-valeria-lauande-a-presidencia-da-oab-ma","status":"publish","type":"post","link":"https:\/\/www.blogsoestado.com\/danielmatos\/lancada-candidatura-de-valeria-lauande-a-presidencia-da-oab-ma\/","title":{"rendered":"Lan\u00e7ada candidatura de Val\u00e9ria Lauande \u00e0 presid\u00eancia da OAB-MA"},"content":{"rendered":"<figure id=\"attachment_22856\" aria-describedby=\"caption-attachment-22856\" style=\"width: 640px\" class=\"wp-caption aligncenter\"><a href=\"https:\/\/www.blogsoestado.com\/danielmatos\/files\/2015\/03\/oab-valeria.jpg\"><img fetchpriority=\"high\" decoding=\"async\" class=\"size-full wp-image-22856\" src=\"https:\/\/www.blogsoestado.com\/danielmatos\/files\/2015\/03\/oab-valeria.jpg\" alt=\"Val\u00e9ria Lauande entre o advogado Ulisses Cesar Souza e o atual presidente da OAB-MA, M\u00e1rio Macieira\" width=\"640\" height=\"427\" \/><\/a><figcaption id=\"caption-attachment-22856\" class=\"wp-caption-text\">Val\u00e9ria Lauande entre o advogado Ulisses Cesar Souza e o atual presidente da OAB-MA, M\u00e1rio Macieira<\/figcaption><\/figure>\n<p>Diante de uma plateia lotada, formada por quase 200 advogados, na \u00faltima segunda-feira (23), no Hotel Premier (Ponta d\u2019Areia), foi apontado o nome de Val\u00e9ria Lauande para a disputa da Presid\u00eancia da Ordem dos Advogados do Brasil no Maranh\u00e3o (OAB-MA) no pleito deste ano, cujas elei\u00e7\u00f5es acontecer\u00e3o em novembro.<\/p>\n<p>A advogada, portadora de um curr\u00edculo exemplar, trilhou carreira brilhante na advocacia nacional e estadual. Tem o apoio do atual presidente da OAB-MA, M\u00e1rio Macieira, e de advogados como Carlos Couto, Ulisses C\u00e9sar Martins de Sousa, Marco Ant\u00f4nio Lara, Everton Pacheco, Gustavo Rocha, Ananda Farias, Bruno Leal, KakaDominici, Roberto Cavalcante. Val\u00e9ria Lauande conta ainda com o apoio dos ex-presidentes da OAB Jos\u00e9 Caldas G\u00f3is e Raimundo Marques.<\/p>\n<p><strong>Apelo <\/strong><\/p>\n<p>Confiante ao apresentar ao seu grupo o nome de Val\u00e9ria Lauande, o presidente da OAB-MA, M\u00e1rio Macieira, fez um apelo aos advogados presentes \u00e0 assembleia. Segundo ele, a vit\u00f3ria ser\u00e1 poss\u00edvel com a uni\u00e3o e determina\u00e7\u00e3o de todos que abra\u00e7aram a candidatura. \u201cReconhe\u00e7o o trabalho e a conduta de muitos profissionais que aqui est\u00e3o e isto nos faz acreditar na certeza da vit\u00f3ria\u201d.<\/p>\n<p>Segundo Macieira, Val\u00e9ria tem requisitos de sobra para chegar \u00e0 presid\u00eancia da OAB. Ele enfatizou a import\u00e2ncia de todos durante a campanha e pediu a participa\u00e7\u00e3o ativa e efetiva da classe.<\/p>\n<p>O advogado Ulisses C\u00e9sar Martins de Sousa tamb\u00e9m pediu a uni\u00e3o do grupo e fez refer\u00eancias a presidentes de gest\u00f5es anteriores, a exemplo de Jos\u00e9 Caldas G\u00f3is. \u201cO advogado Jos\u00e9 Caldas G\u00f3is nos ensinou, no exerc\u00edcio da sua carreira como presidente da casa, que existem espa\u00e7os para todos aqueles que querem trabalhar e se dedicar \u00e0 causa da advocacia.\u201d E completou: \u201cVejo em Val\u00e9ria Lauande uma advogada exemplar por sua dedica\u00e7\u00e3o \u00e0 institui\u00e7\u00e3o como vice-presidente e conselheira federal. Com a vit\u00f3ria da primeira mulher \u00e0 presid\u00eancia da casa, teremos a certeza que nossos ideais permanecer\u00e3o para esta gera\u00e7\u00e3o e para aquelas que ir\u00e3o nos suceder\u201d.<\/p>\n<figure id=\"attachment_22857\" aria-describedby=\"caption-attachment-22857\" style=\"width: 640px\" class=\"wp-caption aligncenter\"><a href=\"https:\/\/www.blogsoestado.com\/danielmatos\/files\/2015\/03\/oab-lauande.jpg\"><img decoding=\"async\" class=\"size-full wp-image-22857\" src=\"https:\/\/www.blogsoestado.com\/danielmatos\/files\/2015\/03\/oab-lauande.jpg\" alt=\"Cerca de 200 advogados participaram do ato no qual Val\u00e9ria Lauande anunciou sua candidatura \u00e1 presid\u00eancia da OAB-MA\" width=\"640\" height=\"427\" \/><\/a><figcaption id=\"caption-attachment-22857\" class=\"wp-caption-text\">Cerca de 200 advogados prestigiaram o\u00a0lan\u00e7amento da candidatura de\u00a0Val\u00e9ria Lauande \u00e0 presid\u00eancia da OAB-MA<\/figcaption><\/figure>\n<p>Para Marco Lara, a candidatura de Val\u00e9ria \u201cse legitima n\u00e3o somente pelo trabalho volunt\u00e1rio h\u00e1 anos desenvolvido com denodo em prol da advocacia maranhense e brasileira, como tamb\u00e9m pela sua trajet\u00f3ria \u00e9tica irreproch\u00e1vel no exerc\u00edcio da advocacia\u201d. J\u00e1 o advogado Daniel Blume afirmou que \u201co objetivo \u00e9 que seja mantido e ampliado o eficiente trabalho desenvolvido pelo grupo do habilidoso Presidente M\u00e1rio Macieira\u201d.<\/p>\n<p>O advogado Geomilson Alves Lima disse que v\u00ea com muito otimismo o nome de Val\u00e9ria, por tratar-se de uma profissional competente e que disp\u00f5e de todos os pressupostos para bem representar a advocacia maranhense. Da mesma maneira, reportou-se o advogado Bruno Mendon\u00e7a, carimbando o seu apoio, justificado pela cren\u00e7a no profissionalismo, \u00e9tica e trabalho da candidata. \u201cVal\u00e9ria Lauande tem assinalado na advocacia maranhense e escrito uma excelente hist\u00f3ria\u201d, disse.<\/p>\n<p>Adriano Campos, ao falar de Val\u00e9ria Lauande, foi enf\u00e1tico ao afimar que a advogada \u201c\u00e9 pessoa que combina experi\u00eancia, for\u00e7a, combatividade e temperamento sereno, de forma equilibrada e confi\u00e1vel\u201d e que \u201ccertamente, manter\u00e1 os excelentes rumos de gest\u00e3o institucional, bem como o cuidado constante com os interesses e prerrogativas da advocacia, j\u00e1 t\u00e3o bem trabalhados pelo atual Presidente M\u00e1rio Macieira\u201d.<\/p>\n","protected":false},"excerpt":{"rendered":"<p>Diante de uma plateia lotada, formada por quase 200 advogados, na \u00faltima segunda-feira (23), no Hotel Premier (Ponta d\u2019Areia), foi [&hellip;]<\/p>\n","protected":false},"author":0,"featured_media":0,"comment_status":"open","ping_status":"open","sticky":false,"template":"","format":"standard","meta":{"site-sidebar-layout":"default","site-content-layout":"","ast-site-content-layout":"default","site-content-style":"default","site-sidebar-style":"default","ast-global-header-display":"","ast-banner-title-visibility":"","ast-main-header-display":"","ast-hfb-above-header-display":"","ast-hfb-below-header-display":"","ast-hfb-mobile-header-display":"","site-post-title":"","ast-breadcrumbs-content":"","ast-featured-img":"","footer-sml-layout":"","ast-disable-related-posts":"","theme-transparent-header-meta":"","adv-header-id-meta":"","stick-header-meta":"","header-above-stick-meta":"","header-main-stick-meta":"","header-below-stick-meta":"","astra-migrate-meta-layouts":"default","ast-page-background-enabled":"default","ast-page-background-meta":{"desktop":{"background-color":"var(--ast-global-color-5)","background-image":"","background-repeat":"repeat","background-position":"center center","background-size":"auto","background-attachment":"scroll","background-type":"","background-media":"","overlay-type":"","overlay-color":"","overlay-opacity":"","overlay-gradient":""},"tablet":{"background-color":"","background-image":"","background-repeat":"repeat","background-position":"center center","background-size":"auto","background-attachment":"scroll","background-type":"","background-media":"","overlay-type":"","overlay-color":"","overlay-opacity":"","overlay-gradient":""},"mobile":{"background-color":"","background-image":"","background-repeat":"repeat","background-position":"center center","background-size":"auto","background-attachment":"scroll","background-type":"","background-media":"","overlay-type":"","overlay-color":"","overlay-opacity":"","overlay-gradient":""}},"ast-content-background-meta":{"desktop":{"background-color":"var(--ast-global-color-4)","background-image":"","background-repeat":"repeat","background-position":"center center","background-size":"auto","background-attachment":"scroll","background-type":"","background-media":"","overlay-type":"","overlay-color":"","overlay-opacity":"","overlay-gradient":""},"tablet":{"background-color":"var(--ast-global-color-4)","background-image":"","background-repeat":"repeat","background-position":"center center","background-size":"auto","background-attachment":"scroll","background-type":"","background-media":"","overlay-type":"","overlay-color":"","overlay-opacity":"","overlay-gradient":""},"mobile":{"background-color":"var(--ast-global-color-4)","background-image":"","background-repeat":"repeat","background-position":"center center","background-size":"auto","background-attachment":"scroll","background-type":"","background-media":"","overlay-type":"","overlay-color":"","overlay-opacity":"","overlay-gradient":""}},"footnotes":""},"categories":[1],"tags":[],"class_list":["post-22854","post","type-post","status-publish","format-standard","hentry","category-sem-categoria"],"yoast_head":"<!-- This site is optimized with the Yoast SEO plugin v26.6 - https:\/\/yoast.com\/wordpress\/plugins\/seo\/ -->\n<title>Lan\u00e7ada candidatura de Val\u00e9ria Lauande \u00e0 presid\u00eancia da OAB-MA - Daniel Matos<\/title>\n<meta name=\"robots\" content=\"index, follow, max-snippet:-1, max-image-preview:large, max-video-preview:-1\" \/>\n<link rel=\"canonical\" href=\"https:\/\/www.blogsoestado.com\/danielmatos\/lancada-candidatura-de-valeria-lauande-a-presidencia-da-oab-ma\/\" \/>\n<meta property=\"og:locale\" content=\"pt_BR\" \/>\n<meta property=\"og:type\" content=\"article\" \/>\n<meta property=\"og:title\" content=\"Lan\u00e7ada candidatura de Val\u00e9ria Lauande \u00e0 presid\u00eancia da OAB-MA - Daniel Matos\" \/>\n<meta property=\"og:description\" content=\"Diante de uma plateia lotada, formada por quase 200 advogados, na \u00faltima segunda-feira (23), no Hotel Premier (Ponta d\u2019Areia), foi [&hellip;]\" \/>\n<meta property=\"og:url\" content=\"https:\/\/www.blogsoestado.com\/danielmatos\/lancada-candidatura-de-valeria-lauande-a-presidencia-da-oab-ma\/\" \/>\n<meta property=\"og:site_name\" content=\"Daniel Matos\" \/>\n<meta property=\"article:published_time\" content=\"2015-03-25T20:57:04+00:00\" \/>\n<meta property=\"og:image\" content=\"https:\/\/www.blogsoestado.com\/danielmatos\/files\/2015\/03\/oab-valeria.jpg\" \/>\n<meta name=\"twitter:card\" content=\"summary_large_image\" \/>\n<meta name=\"twitter:label1\" content=\"Est. tempo de leitura\" \/>\n\t<meta name=\"twitter:data1\" content=\"3 minutos\" \/>\n<script type=\"application\/ld+json\" class=\"yoast-schema-graph\">{\"@context\":\"https:\/\/schema.org\",\"@graph\":[{\"@type\":\"WebPage\",\"@id\":\"https:\/\/www.blogsoestado.com\/danielmatos\/lancada-candidatura-de-valeria-lauande-a-presidencia-da-oab-ma\/\",\"url\":\"https:\/\/www.blogsoestado.com\/danielmatos\/lancada-candidatura-de-valeria-lauande-a-presidencia-da-oab-ma\/\",\"name\":\"Lan\u00e7ada candidatura de Val\u00e9ria Lauande \u00e0 presid\u00eancia da OAB-MA - Daniel Matos\",\"isPartOf\":{\"@id\":\"https:\/\/www.blogsoestado.com\/danielmatos\/#website\"},\"primaryImageOfPage\":{\"@id\":\"https:\/\/www.blogsoestado.com\/danielmatos\/lancada-candidatura-de-valeria-lauande-a-presidencia-da-oab-ma\/#primaryimage\"},\"image\":{\"@id\":\"https:\/\/www.blogsoestado.com\/danielmatos\/lancada-candidatura-de-valeria-lauande-a-presidencia-da-oab-ma\/#primaryimage\"},\"thumbnailUrl\":\"https:\/\/www.blogsoestado.com\/danielmatos\/files\/2015\/03\/oab-valeria.jpg\",\"datePublished\":\"2015-03-25T20:57:04+00:00\",\"author\":{\"@id\":\"\"},\"breadcrumb\":{\"@id\":\"https:\/\/www.blogsoestado.com\/danielmatos\/lancada-candidatura-de-valeria-lauande-a-presidencia-da-oab-ma\/#breadcrumb\"},\"inLanguage\":\"pt-BR\",\"potentialAction\":[{\"@type\":\"ReadAction\",\"target\":[\"https:\/\/www.blogsoestado.com\/danielmatos\/lancada-candidatura-de-valeria-lauande-a-presidencia-da-oab-ma\/\"]}]},{\"@type\":\"ImageObject\",\"inLanguage\":\"pt-BR\",\"@id\":\"https:\/\/www.blogsoestado.com\/danielmatos\/lancada-candidatura-de-valeria-lauande-a-presidencia-da-oab-ma\/#primaryimage\",\"url\":\"https:\/\/www.blogsoestado.com\/danielmatos\/files\/2015\/03\/oab-valeria.jpg\",\"contentUrl\":\"https:\/\/www.blogsoestado.com\/danielmatos\/files\/2015\/03\/oab-valeria.jpg\"},{\"@type\":\"BreadcrumbList\",\"@id\":\"https:\/\/www.blogsoestado.com\/danielmatos\/lancada-candidatura-de-valeria-lauande-a-presidencia-da-oab-ma\/#breadcrumb\",\"itemListElement\":[{\"@type\":\"ListItem\",\"position\":1,\"name\":\"In\u00edcio\",\"item\":\"https:\/\/www.blogsoestado.com\/danielmatos\/\"},{\"@type\":\"ListItem\",\"position\":2,\"name\":\"Lan\u00e7ada candidatura de Val\u00e9ria Lauande \u00e0 presid\u00eancia da OAB-MA\"}]},{\"@type\":\"WebSite\",\"@id\":\"https:\/\/www.blogsoestado.com\/danielmatos\/#website\",\"url\":\"https:\/\/www.blogsoestado.com\/danielmatos\/\",\"name\":\"Daniel Matos\",\"description\":\"\",\"potentialAction\":[{\"@type\":\"SearchAction\",\"target\":{\"@type\":\"EntryPoint\",\"urlTemplate\":\"https:\/\/www.blogsoestado.com\/danielmatos\/?s={search_term_string}\"},\"query-input\":{\"@type\":\"PropertyValueSpecification\",\"valueRequired\":true,\"valueName\":\"search_term_string\"}}],\"inLanguage\":\"pt-BR\"}]}<\/script>\n<!-- \/ Yoast SEO plugin. -->","yoast_head_json":{"title":"Lan\u00e7ada candidatura de Val\u00e9ria Lauande \u00e0 presid\u00eancia da OAB-MA - Daniel Matos","robots":{"index":"index","follow":"follow","max-snippet":"max-snippet:-1","max-image-preview":"max-image-preview:large","max-video-preview":"max-video-preview:-1"},"canonical":"https:\/\/www.blogsoestado.com\/danielmatos\/lancada-candidatura-de-valeria-lauande-a-presidencia-da-oab-ma\/","og_locale":"pt_BR","og_type":"article","og_title":"Lan\u00e7ada candidatura de Val\u00e9ria Lauande \u00e0 presid\u00eancia da OAB-MA - Daniel Matos","og_description":"Diante de uma plateia lotada, formada por quase 200 advogados, na \u00faltima segunda-feira (23), no Hotel Premier (Ponta d\u2019Areia), foi [&hellip;]","og_url":"https:\/\/www.blogsoestado.com\/danielmatos\/lancada-candidatura-de-valeria-lauande-a-presidencia-da-oab-ma\/","og_site_name":"Daniel Matos","article_published_time":"2015-03-25T20:57:04+00:00","og_image":[{"url":"https:\/\/www.blogsoestado.com\/danielmatos\/files\/2015\/03\/oab-valeria.jpg","type":"","width":"","height":""}],"twitter_card":"summary_large_image","twitter_misc":{"Est. tempo de leitura":"3 minutos"},"schema":{"@context":"https:\/\/schema.org","@graph":[{"@type":"WebPage","@id":"https:\/\/www.blogsoestado.com\/danielmatos\/lancada-candidatura-de-valeria-lauande-a-presidencia-da-oab-ma\/","url":"https:\/\/www.blogsoestado.com\/danielmatos\/lancada-candidatura-de-valeria-lauande-a-presidencia-da-oab-ma\/","name":"Lan\u00e7ada candidatura de Val\u00e9ria Lauande \u00e0 presid\u00eancia da OAB-MA - Daniel Matos","isPartOf":{"@id":"https:\/\/www.blogsoestado.com\/danielmatos\/#website"},"primaryImageOfPage":{"@id":"https:\/\/www.blogsoestado.com\/danielmatos\/lancada-candidatura-de-valeria-lauande-a-presidencia-da-oab-ma\/#primaryimage"},"image":{"@id":"https:\/\/www.blogsoestado.com\/danielmatos\/lancada-candidatura-de-valeria-lauande-a-presidencia-da-oab-ma\/#primaryimage"},"thumbnailUrl":"https:\/\/www.blogsoestado.com\/danielmatos\/files\/2015\/03\/oab-valeria.jpg","datePublished":"2015-03-25T20:57:04+00:00","author":{"@id":""},"breadcrumb":{"@id":"https:\/\/www.blogsoestado.com\/danielmatos\/lancada-candidatura-de-valeria-lauande-a-presidencia-da-oab-ma\/#breadcrumb"},"inLanguage":"pt-BR","potentialAction":[{"@type":"ReadAction","target":["https:\/\/www.blogsoestado.com\/danielmatos\/lancada-candidatura-de-valeria-lauande-a-presidencia-da-oab-ma\/"]}]},{"@type":"ImageObject","inLanguage":"pt-BR","@id":"https:\/\/www.blogsoestado.com\/danielmatos\/lancada-candidatura-de-valeria-lauande-a-presidencia-da-oab-ma\/#primaryimage","url":"https:\/\/www.blogsoestado.com\/danielmatos\/files\/2015\/03\/oab-valeria.jpg","contentUrl":"https:\/\/www.blogsoestado.com\/danielmatos\/files\/2015\/03\/oab-valeria.jpg"},{"@type":"BreadcrumbList","@id":"https:\/\/www.blogsoestado.com\/danielmatos\/lancada-candidatura-de-valeria-lauande-a-presidencia-da-oab-ma\/#breadcrumb","itemListElement":[{"@type":"ListItem","position":1,"name":"In\u00edcio","item":"https:\/\/www.blogsoestado.com\/danielmatos\/"},{"@type":"ListItem","position":2,"name":"Lan\u00e7ada candidatura de Val\u00e9ria Lauande \u00e0 presid\u00eancia da OAB-MA"}]},{"@type":"WebSite","@id":"https:\/\/www.blogsoestado.com\/danielmatos\/#website","url":"https:\/\/www.blogsoestado.com\/danielmatos\/","name":"Daniel Matos","description":"","potentialAction":[{"@type":"SearchAction","target":{"@type":"EntryPoint","urlTemplate":"https:\/\/www.blogsoestado.com\/danielmatos\/?s={search_term_string}"},"query-input":{"@type":"PropertyValueSpecification","valueRequired":true,"valueName":"search_term_string"}}],"inLanguage":"pt-BR"}]}},"jetpack_featured_media_url":"","_links":{"self":[{"href":"https:\/\/www.blogsoestado.com\/danielmatos\/wp-json\/wp\/v2\/posts\/22854","targetHints":{"allow":["GET"]}}],"collection":[{"href":"https:\/\/www.blogsoestado.com\/danielmatos\/wp-json\/wp\/v2\/posts"}],"about":[{"href":"https:\/\/www.blogsoestado.com\/danielmatos\/wp-json\/wp\/v2\/types\/post"}],"replies":[{"embeddable":true,"href":"https:\/\/www.blogsoestado.com\/danielmatos\/wp-json\/wp\/v2\/comments?post=22854"}],"version-history":[{"count":0,"href":"https:\/\/www.blogsoestado.com\/danielmatos\/wp-json\/wp\/v2\/posts\/22854\/revisions"}],"wp:attachment":[{"href":"https:\/\/www.blogsoestado.com\/danielmatos\/wp-json\/wp\/v2\/media?parent=22854"}],"wp:term":[{"taxonomy":"category","embeddable":true,"href":"https:\/\/www.blogsoestado.com\/danielmatos\/wp-json\/wp\/v2\/categories?post=22854"},{"taxonomy":"post_tag","embeddable":true,"href":"https:\/\/www.blogsoestado.com\/danielmatos\/wp-json\/wp\/v2\/tags?post=22854"}],"curies":[{"name":"wp","href":"https:\/\/api.w.org\/{rel}","templated":true}]}}