{"id":23000,"date":"2015-04-01T11:10:11","date_gmt":"2015-04-01T14:10:11","guid":{"rendered":"https:\/\/www.blogsoestado.com\/danielmatos\/?p=23000"},"modified":"2015-04-01T11:10:11","modified_gmt":"2015-04-01T14:10:11","slug":"mudanca-a-mentira-mais-sordida","status":"publish","type":"post","link":"https:\/\/www.blogsoestado.com\/danielmatos\/mudanca-a-mentira-mais-sordida\/","title":{"rendered":"Mudan\u00e7a, a mentira mais s\u00f3rdida"},"content":{"rendered":"<p><a href=\"https:\/\/www.blogsoestado.com\/danielmatos\/files\/2015\/04\/dia-da-mentira.jpg\"><img fetchpriority=\"high\" decoding=\"async\" class=\"alignleft size-full wp-image-23001\" src=\"https:\/\/www.blogsoestado.com\/danielmatos\/files\/2015\/04\/dia-da-mentira.jpg\" alt=\"dia da mentira\" width=\"400\" height=\"300\" \/><\/a>Hoje, 1\u00ba de abril, \u00e9 Dia da Mentira,\u00a0uma data associada \u00e0\u00a0frivolidade, mas que no Maranh\u00e3o do presente deve ser levada a s\u00e9rio, tamanha a desfa\u00e7atez de um governo que se elegeu pregando um discurso de mudan\u00e7a, que jamais se confirmou na pr\u00e1tica. De novidade mesmo s\u00f3 os m\u00e9todos mais mesquinhos e odiosos j\u00e1 registradas na hist\u00f3ria do estado, que empurram os maranhenses\u00a0de volta \u00e0 pobreza,\u00a0dando vaz\u00e3o a um \u00fanico sentimento:\u00a0a\u00a0desesperan\u00e7a.<\/p>\n<p>No Maranh\u00e3o de hoje o desemprego bate \u00e0 porta clamorosamente, frustrando todas\u00a0as expectativas de progresso de outrora e desmentindo categoricamente a promessa de igualdade e justi\u00e7a social difundida em palanque pelos atuais donos do poder. Dados do Cadastro Geral de Empregados e Desempregados (Caged), do Minist\u00e9rio do Trabalho, revelam que s\u00f3 em janeiro e fevereiro\u00a0deste ano &#8211; portanto, nos dois primeiros meses da era Fl\u00e1vio Dino &#8211; foram fechados 6.369 postos de trabalho no estado.<\/p>\n<p>O epis\u00f3dio mais recente a confirmar\u00a0essa estat\u00edstica dram\u00e1tica foi o an\u00fancio da demiss\u00e3o de 650 empregados da Alumar, um duro golpe na economia local, que gera sobressalto em todos os outros setores produtivos.<\/p>\n<p>A\u00a0promessa de paz tamb\u00e9m n\u00e3o passou de balela. A verdade \u00e9 que a viol\u00eancia campeia pavorosamente, enchendo de dor e sobressalto as fam\u00edlias.\u00a0Independente da classe social, a inseguran\u00e7a\u00a0mostra a sua face impiedosa a cada dia. Nesta quarta-feira, por exemplo, S\u00e3o Lu\u00eds foi acordada com a not\u00edcia macabra do latroc\u00ednio de um estudante em pleno Centro, um grave atentado \u00e0 sociedade, que chocou ainda mais por ter ocorrido em plena luz do dia, na regi\u00e3o mais movimentada da cidade.<\/p>\n<p>O pior \u00e9 que n\u00e3o h\u00e1 qualquer ind\u00edcio concreto de que esse quadro ser\u00e1 alterado. A a\u00e7\u00e3o governamental nesse sentido n\u00e3o vai al\u00e9m\u00a0de um discurso mal engendrado, desconstru\u00eddo\u00a0por sucessivos erros e omiss\u00f5es e, obviamente, pela escalada do crime.<\/p>\n<p>Os maranhenses tamb\u00e9m foram enganados com promessas de melhorias na sa\u00fade, na educa\u00e7\u00e3o, na infraestrutura\u00a0e em tantas outras \u00e1reas de compet\u00eancia do governo. O atendimento hospitalar, revolucionado na gest\u00e3o passada, agora\u00a0passa por crise, materializada pela falta de m\u00e9dicos, enfermeiros e outros profissionais, sucateamento e superlota\u00e7\u00e3o de UPAs e outras unidades de sa\u00fade e at\u00e9 atrasos salariais, um caso flagrante de descaso com a vida.<\/p>\n<p>Dezenas de\u00a0escolas t\u00eam o quadro de professores desfalcado e precisam de reformas emergenciais, pend\u00eancias que comprometem\u00a0drasticamente o ensino e o aprendizado. Os investimentos em infraestrutura s\u00e3o p\u00edfios. N\u00e3o h\u00e1 qualquer plano para recupera\u00e7\u00e3o de\u00a0rodovias estaduais. As estradas que cortam a Ilha de S\u00e3o Lu\u00eds, por exemplo, t\u00eam trechos quase intrafeg\u00e1veis. A situa\u00e7\u00e3o n\u00e3o \u00e9 nova, mas, a julgar pelo que foi prometido, a t\u00e3o esperada recupera\u00e7\u00e3o deveria ser prioridade.<\/p>\n<p>Eleito com vota\u00e7\u00e3o expressiva, o\u00a0governador Fl\u00e1vio Dino vai perdendo a credibilidade em meio a tantas promessas n\u00e3o cumpridas. Para desgosto do\u00a0povo, o Dia da Mentira remete \u00e0 triste realidade vivida hoje em dia no Maranh\u00e3o.<\/p>\n","protected":false},"excerpt":{"rendered":"<p>Hoje, 1\u00ba de abril, \u00e9 Dia da Mentira,\u00a0uma data associada \u00e0\u00a0frivolidade, mas que no Maranh\u00e3o do presente deve ser levada [&hellip;]<\/p>\n","protected":false},"author":0,"featured_media":0,"comment_status":"open","ping_status":"open","sticky":false,"template":"","format":"standard","meta":{"site-sidebar-layout":"default","site-content-layout":"","ast-site-content-layout":"default","site-content-style":"default","site-sidebar-style":"default","ast-global-header-display":"","ast-banner-title-visibility":"","ast-main-header-display":"","ast-hfb-above-header-display":"","ast-hfb-below-header-display":"","ast-hfb-mobile-header-display":"","site-post-title":"","ast-breadcrumbs-content":"","ast-featured-img":"","footer-sml-layout":"","ast-disable-related-posts":"","theme-transparent-header-meta":"","adv-header-id-meta":"","stick-header-meta":"","header-above-stick-meta":"","header-main-stick-meta":"","header-below-stick-meta":"","astra-migrate-meta-layouts":"default","ast-page-background-enabled":"default","ast-page-background-meta":{"desktop":{"background-color":"var(--ast-global-color-5)","background-image":"","background-repeat":"repeat","background-position":"center center","background-size":"auto","background-attachment":"scroll","background-type":"","background-media":"","overlay-type":"","overlay-color":"","overlay-opacity":"","overlay-gradient":""},"tablet":{"background-color":"","background-image":"","background-repeat":"repeat","background-position":"center center","background-size":"auto","background-attachment":"scroll","background-type":"","background-media":"","overlay-type":"","overlay-color":"","overlay-opacity":"","overlay-gradient":""},"mobile":{"background-color":"","background-image":"","background-repeat":"repeat","background-position":"center center","background-size":"auto","background-attachment":"scroll","background-type":"","background-media":"","overlay-type":"","overlay-color":"","overlay-opacity":"","overlay-gradient":""}},"ast-content-background-meta":{"desktop":{"background-color":"var(--ast-global-color-4)","background-image":"","background-repeat":"repeat","background-position":"center center","background-size":"auto","background-attachment":"scroll","background-type":"","background-media":"","overlay-type":"","overlay-color":"","overlay-opacity":"","overlay-gradient":""},"tablet":{"background-color":"var(--ast-global-color-4)","background-image":"","background-repeat":"repeat","background-position":"center center","background-size":"auto","background-attachment":"scroll","background-type":"","background-media":"","overlay-type":"","overlay-color":"","overlay-opacity":"","overlay-gradient":""},"mobile":{"background-color":"var(--ast-global-color-4)","background-image":"","background-repeat":"repeat","background-position":"center center","background-size":"auto","background-attachment":"scroll","background-type":"","background-media":"","overlay-type":"","overlay-color":"","overlay-opacity":"","overlay-gradient":""}},"footnotes":""},"categories":[1],"tags":[],"class_list":["post-23000","post","type-post","status-publish","format-standard","hentry","category-sem-categoria"],"yoast_head":"<!-- This site is optimized with the Yoast SEO plugin v26.6 - https:\/\/yoast.com\/wordpress\/plugins\/seo\/ -->\n<title>Mudan\u00e7a, a mentira mais s\u00f3rdida - Daniel Matos<\/title>\n<meta name=\"robots\" content=\"index, follow, max-snippet:-1, max-image-preview:large, max-video-preview:-1\" \/>\n<link rel=\"canonical\" href=\"https:\/\/www.blogsoestado.com\/danielmatos\/mudanca-a-mentira-mais-sordida\/\" \/>\n<meta property=\"og:locale\" content=\"pt_BR\" \/>\n<meta property=\"og:type\" content=\"article\" \/>\n<meta property=\"og:title\" content=\"Mudan\u00e7a, a mentira mais s\u00f3rdida - Daniel Matos\" \/>\n<meta property=\"og:description\" content=\"Hoje, 1\u00ba de abril, \u00e9 Dia da Mentira,\u00a0uma data associada \u00e0\u00a0frivolidade, mas que no Maranh\u00e3o do presente deve ser levada [&hellip;]\" \/>\n<meta property=\"og:url\" content=\"https:\/\/www.blogsoestado.com\/danielmatos\/mudanca-a-mentira-mais-sordida\/\" \/>\n<meta property=\"og:site_name\" content=\"Daniel Matos\" \/>\n<meta property=\"article:published_time\" content=\"2015-04-01T14:10:11+00:00\" \/>\n<meta property=\"og:image\" content=\"https:\/\/www.blogsoestado.com\/danielmatos\/files\/2015\/04\/dia-da-mentira.jpg\" \/>\n<meta name=\"twitter:card\" content=\"summary_large_image\" \/>\n<meta name=\"twitter:label1\" content=\"Est. tempo de leitura\" \/>\n\t<meta name=\"twitter:data1\" content=\"3 minutos\" \/>\n<script type=\"application\/ld+json\" class=\"yoast-schema-graph\">{\"@context\":\"https:\/\/schema.org\",\"@graph\":[{\"@type\":\"WebPage\",\"@id\":\"https:\/\/www.blogsoestado.com\/danielmatos\/mudanca-a-mentira-mais-sordida\/\",\"url\":\"https:\/\/www.blogsoestado.com\/danielmatos\/mudanca-a-mentira-mais-sordida\/\",\"name\":\"Mudan\u00e7a, a mentira mais s\u00f3rdida - Daniel Matos\",\"isPartOf\":{\"@id\":\"https:\/\/www.blogsoestado.com\/danielmatos\/#website\"},\"primaryImageOfPage\":{\"@id\":\"https:\/\/www.blogsoestado.com\/danielmatos\/mudanca-a-mentira-mais-sordida\/#primaryimage\"},\"image\":{\"@id\":\"https:\/\/www.blogsoestado.com\/danielmatos\/mudanca-a-mentira-mais-sordida\/#primaryimage\"},\"thumbnailUrl\":\"https:\/\/www.blogsoestado.com\/danielmatos\/files\/2015\/04\/dia-da-mentira.jpg\",\"datePublished\":\"2015-04-01T14:10:11+00:00\",\"author\":{\"@id\":\"\"},\"breadcrumb\":{\"@id\":\"https:\/\/www.blogsoestado.com\/danielmatos\/mudanca-a-mentira-mais-sordida\/#breadcrumb\"},\"inLanguage\":\"pt-BR\",\"potentialAction\":[{\"@type\":\"ReadAction\",\"target\":[\"https:\/\/www.blogsoestado.com\/danielmatos\/mudanca-a-mentira-mais-sordida\/\"]}]},{\"@type\":\"ImageObject\",\"inLanguage\":\"pt-BR\",\"@id\":\"https:\/\/www.blogsoestado.com\/danielmatos\/mudanca-a-mentira-mais-sordida\/#primaryimage\",\"url\":\"https:\/\/www.blogsoestado.com\/danielmatos\/files\/2015\/04\/dia-da-mentira.jpg\",\"contentUrl\":\"https:\/\/www.blogsoestado.com\/danielmatos\/files\/2015\/04\/dia-da-mentira.jpg\"},{\"@type\":\"BreadcrumbList\",\"@id\":\"https:\/\/www.blogsoestado.com\/danielmatos\/mudanca-a-mentira-mais-sordida\/#breadcrumb\",\"itemListElement\":[{\"@type\":\"ListItem\",\"position\":1,\"name\":\"In\u00edcio\",\"item\":\"https:\/\/www.blogsoestado.com\/danielmatos\/\"},{\"@type\":\"ListItem\",\"position\":2,\"name\":\"Mudan\u00e7a, a mentira mais s\u00f3rdida\"}]},{\"@type\":\"WebSite\",\"@id\":\"https:\/\/www.blogsoestado.com\/danielmatos\/#website\",\"url\":\"https:\/\/www.blogsoestado.com\/danielmatos\/\",\"name\":\"Daniel Matos\",\"description\":\"\",\"potentialAction\":[{\"@type\":\"SearchAction\",\"target\":{\"@type\":\"EntryPoint\",\"urlTemplate\":\"https:\/\/www.blogsoestado.com\/danielmatos\/?s={search_term_string}\"},\"query-input\":{\"@type\":\"PropertyValueSpecification\",\"valueRequired\":true,\"valueName\":\"search_term_string\"}}],\"inLanguage\":\"pt-BR\"}]}<\/script>\n<!-- \/ Yoast SEO plugin. -->","yoast_head_json":{"title":"Mudan\u00e7a, a mentira mais s\u00f3rdida - Daniel Matos","robots":{"index":"index","follow":"follow","max-snippet":"max-snippet:-1","max-image-preview":"max-image-preview:large","max-video-preview":"max-video-preview:-1"},"canonical":"https:\/\/www.blogsoestado.com\/danielmatos\/mudanca-a-mentira-mais-sordida\/","og_locale":"pt_BR","og_type":"article","og_title":"Mudan\u00e7a, a mentira mais s\u00f3rdida - Daniel Matos","og_description":"Hoje, 1\u00ba de abril, \u00e9 Dia da Mentira,\u00a0uma data associada \u00e0\u00a0frivolidade, mas que no Maranh\u00e3o do presente deve ser levada [&hellip;]","og_url":"https:\/\/www.blogsoestado.com\/danielmatos\/mudanca-a-mentira-mais-sordida\/","og_site_name":"Daniel Matos","article_published_time":"2015-04-01T14:10:11+00:00","og_image":[{"url":"https:\/\/www.blogsoestado.com\/danielmatos\/files\/2015\/04\/dia-da-mentira.jpg","type":"","width":"","height":""}],"twitter_card":"summary_large_image","twitter_misc":{"Est. tempo de leitura":"3 minutos"},"schema":{"@context":"https:\/\/schema.org","@graph":[{"@type":"WebPage","@id":"https:\/\/www.blogsoestado.com\/danielmatos\/mudanca-a-mentira-mais-sordida\/","url":"https:\/\/www.blogsoestado.com\/danielmatos\/mudanca-a-mentira-mais-sordida\/","name":"Mudan\u00e7a, a mentira mais s\u00f3rdida - Daniel Matos","isPartOf":{"@id":"https:\/\/www.blogsoestado.com\/danielmatos\/#website"},"primaryImageOfPage":{"@id":"https:\/\/www.blogsoestado.com\/danielmatos\/mudanca-a-mentira-mais-sordida\/#primaryimage"},"image":{"@id":"https:\/\/www.blogsoestado.com\/danielmatos\/mudanca-a-mentira-mais-sordida\/#primaryimage"},"thumbnailUrl":"https:\/\/www.blogsoestado.com\/danielmatos\/files\/2015\/04\/dia-da-mentira.jpg","datePublished":"2015-04-01T14:10:11+00:00","author":{"@id":""},"breadcrumb":{"@id":"https:\/\/www.blogsoestado.com\/danielmatos\/mudanca-a-mentira-mais-sordida\/#breadcrumb"},"inLanguage":"pt-BR","potentialAction":[{"@type":"ReadAction","target":["https:\/\/www.blogsoestado.com\/danielmatos\/mudanca-a-mentira-mais-sordida\/"]}]},{"@type":"ImageObject","inLanguage":"pt-BR","@id":"https:\/\/www.blogsoestado.com\/danielmatos\/mudanca-a-mentira-mais-sordida\/#primaryimage","url":"https:\/\/www.blogsoestado.com\/danielmatos\/files\/2015\/04\/dia-da-mentira.jpg","contentUrl":"https:\/\/www.blogsoestado.com\/danielmatos\/files\/2015\/04\/dia-da-mentira.jpg"},{"@type":"BreadcrumbList","@id":"https:\/\/www.blogsoestado.com\/danielmatos\/mudanca-a-mentira-mais-sordida\/#breadcrumb","itemListElement":[{"@type":"ListItem","position":1,"name":"In\u00edcio","item":"https:\/\/www.blogsoestado.com\/danielmatos\/"},{"@type":"ListItem","position":2,"name":"Mudan\u00e7a, a mentira mais s\u00f3rdida"}]},{"@type":"WebSite","@id":"https:\/\/www.blogsoestado.com\/danielmatos\/#website","url":"https:\/\/www.blogsoestado.com\/danielmatos\/","name":"Daniel Matos","description":"","potentialAction":[{"@type":"SearchAction","target":{"@type":"EntryPoint","urlTemplate":"https:\/\/www.blogsoestado.com\/danielmatos\/?s={search_term_string}"},"query-input":{"@type":"PropertyValueSpecification","valueRequired":true,"valueName":"search_term_string"}}],"inLanguage":"pt-BR"}]}},"jetpack_featured_media_url":"","_links":{"self":[{"href":"https:\/\/www.blogsoestado.com\/danielmatos\/wp-json\/wp\/v2\/posts\/23000","targetHints":{"allow":["GET"]}}],"collection":[{"href":"https:\/\/www.blogsoestado.com\/danielmatos\/wp-json\/wp\/v2\/posts"}],"about":[{"href":"https:\/\/www.blogsoestado.com\/danielmatos\/wp-json\/wp\/v2\/types\/post"}],"replies":[{"embeddable":true,"href":"https:\/\/www.blogsoestado.com\/danielmatos\/wp-json\/wp\/v2\/comments?post=23000"}],"version-history":[{"count":0,"href":"https:\/\/www.blogsoestado.com\/danielmatos\/wp-json\/wp\/v2\/posts\/23000\/revisions"}],"wp:attachment":[{"href":"https:\/\/www.blogsoestado.com\/danielmatos\/wp-json\/wp\/v2\/media?parent=23000"}],"wp:term":[{"taxonomy":"category","embeddable":true,"href":"https:\/\/www.blogsoestado.com\/danielmatos\/wp-json\/wp\/v2\/categories?post=23000"},{"taxonomy":"post_tag","embeddable":true,"href":"https:\/\/www.blogsoestado.com\/danielmatos\/wp-json\/wp\/v2\/tags?post=23000"}],"curies":[{"name":"wp","href":"https:\/\/api.w.org\/{rel}","templated":true}]}}