{"id":23016,"date":"2015-04-01T15:41:54","date_gmt":"2015-04-01T18:41:54","guid":{"rendered":"https:\/\/www.blogsoestado.com\/danielmatos\/?p=23016"},"modified":"2015-04-01T15:41:54","modified_gmt":"2015-04-01T18:41:54","slug":"deputado-ze-inacio-discute-piso-salarial-regional-com-centrais-sindicais","status":"publish","type":"post","link":"https:\/\/www.blogsoestado.com\/danielmatos\/deputado-ze-inacio-discute-piso-salarial-regional-com-centrais-sindicais\/","title":{"rendered":"Deputado Z\u00e9 In\u00e1cio discute piso salarial regional com centrais sindicais"},"content":{"rendered":"<figure id=\"attachment_23017\" aria-describedby=\"caption-attachment-23017\" style=\"width: 640px\" class=\"wp-caption aligncenter\"><a href=\"https:\/\/www.blogsoestado.com\/danielmatos\/files\/2015\/04\/inacio-centrais-sindicais.jpg\"><img fetchpriority=\"high\" decoding=\"async\" class=\"size-full wp-image-23017\" src=\"https:\/\/www.blogsoestado.com\/danielmatos\/files\/2015\/04\/inacio-centrais-sindicais.jpg\" alt=\"Z\u00e9 In\u00e1cio discutiu com l\u00edderes de centrais sindicais projeto de lei que prev\u00ea regulariza\u00e7\u00e3o do piso salarial dos trabalhadores do Estado do Maranh\u00e3o \" width=\"640\" height=\"399\" \/><\/a><figcaption id=\"caption-attachment-23017\" class=\"wp-caption-text\">Z\u00e9 In\u00e1cio discutiu com l\u00edderes de centrais sindicais projeto de lei que prev\u00ea regulariza\u00e7\u00e3o do piso salarial dos trabalhadores do Estado do Maranh\u00e3o<\/figcaption><\/figure>\n<p>O deputado estadual Z\u00e9 In\u00e1cio (PT) se reuniu\u00a0nesta ter\u00e7a-feira (31) com membros das Centrais Sindicais para discutir o projeto de lei que trata da regulariza\u00e7\u00e3o do piso salarial dos trabalhadores no Estado do Maranh\u00e3o.<\/p>\n<p>Estiveram presentes na reuni\u00e3o representantes da Central \u00danica dos Trabalhadores (CUT), Nova Central Sindical dos Trabalhadores (NCST), Central dos Trabalhadores e Trabalhadores do Brasil (CTB), For\u00e7a Sindical e Centrais de Servi\u00e7os Brasileiros (CSB).<\/p>\n<p>Na oportunidade, o deputado explicou que o objetivo do projeto \u00e9 a cria\u00e7\u00e3o do piso salarial regional das categorias profissionais dos trabalhadores no Estado do Maranh\u00e3o, enumeradas na Classifica\u00e7\u00e3o Brasileira de Ocupa\u00e7\u00f5es (CBO), que prestam servi\u00e7os de natureza n\u00e3o eventual e tenham como tomadores de servi\u00e7o as pessoas f\u00edsicas, as pessoas jur\u00eddicas de direito privado, que sejam estabelecidas ou que tenham filial, sucursal ou escrit\u00f3rio de representa\u00e7\u00e3o no Estado do Maranh\u00e3o e as empresas p\u00fablicas e sociedades de economia mista federais, estaduais e municipais.<\/p>\n<p>O parlamentar afirmou, tamb\u00e9m, que devem estar estabelecidas ou que tenham unidade de atua\u00e7\u00e3o ou filial no estado, a exemplo do que acontecem em outras unidades\u00a0da federa\u00e7\u00e3o, como Rio Grande do Sul, Paran\u00e1, S\u00e3o Paulo, Rio de Janeiro e Santa Catarina. \u201cAlguns estados da federa\u00e7\u00e3o j\u00e1 adotaram a aplica\u00e7\u00e3o do Piso Salarial Regional e o Maranh\u00e3o precisa acompanhar esses avan\u00e7os\u201d, justificou o deputado.<\/p>\n<p>A presidente da Central \u00danica dos Trabalhadores (CUT), Adriana Oliveira, parabenizou o parlamentar pela iniciativa do projeto de lei. \u201cO deputado Z\u00e9 In\u00e1cio teve uma grande inciativa, que \u00e9 o projeto de Lei que regulariza o piso salarial dos trabalhadores\u201d, disse.<\/p>\n<p>J\u00e1 o presidente da For\u00e7a Sindical, Francisco Saraiva, saiu em defesa do Departamento Intersindical de Estat\u00edstica e Estudos Socioecon\u00f4micos (Dieese) que, segundo ele, \u00e9 essencial para a constru\u00e7\u00e3o do Projeto de Lei.<\/p>\n<p>Z\u00e9 In\u00e1cio esclareceu, ainda, que a proposta tamb\u00e9m prev\u00ea a constitui\u00e7\u00e3o de uma comiss\u00e3o tripartite entre as Centrais Sindicais e Federa\u00e7\u00f5es Patronais no Estado, com a participa\u00e7\u00e3o do Governo do Estado atrav\u00e9s da Secretaria de Estado do Trabalho e da Economia Solid\u00e1ria (Setres), e acompanhamento do Minist\u00e9rio P\u00fablico do Trabalho e Superintend\u00eancia Regional do Minist\u00e9rio do Trabalho e Emprego para negociar os valores e reajuste do piso a cada ano.<\/p>\n<p><strong>Encaminhamentos<\/strong><\/p>\n<p>Durante a reuni\u00e3o foram feitos alguns encaminhamentos, como a viabilidade de reuni\u00e3o da assessoria do deputado Z\u00e9 In\u00e1cio com o Dieese para discutir os indicadores da classe trabalhadora do Estado do Maranh\u00e3o. E uma nova audi\u00eancia no dia 22 de abril com as centrais, tendo como finalidade apresenta\u00e7\u00e3o das complementa\u00e7\u00f5es \u00e0 Lei apresentada.<\/p>\n","protected":false},"excerpt":{"rendered":"<p>O deputado estadual Z\u00e9 In\u00e1cio (PT) se reuniu\u00a0nesta ter\u00e7a-feira (31) com membros das Centrais Sindicais para discutir o projeto de [&hellip;]<\/p>\n","protected":false},"author":0,"featured_media":0,"comment_status":"open","ping_status":"open","sticky":false,"template":"","format":"standard","meta":{"site-sidebar-layout":"default","site-content-layout":"","ast-site-content-layout":"default","site-content-style":"default","site-sidebar-style":"default","ast-global-header-display":"","ast-banner-title-visibility":"","ast-main-header-display":"","ast-hfb-above-header-display":"","ast-hfb-below-header-display":"","ast-hfb-mobile-header-display":"","site-post-title":"","ast-breadcrumbs-content":"","ast-featured-img":"","footer-sml-layout":"","ast-disable-related-posts":"","theme-transparent-header-meta":"","adv-header-id-meta":"","stick-header-meta":"","header-above-stick-meta":"","header-main-stick-meta":"","header-below-stick-meta":"","astra-migrate-meta-layouts":"default","ast-page-background-enabled":"default","ast-page-background-meta":{"desktop":{"background-color":"var(--ast-global-color-5)","background-image":"","background-repeat":"repeat","background-position":"center center","background-size":"auto","background-attachment":"scroll","background-type":"","background-media":"","overlay-type":"","overlay-color":"","overlay-opacity":"","overlay-gradient":""},"tablet":{"background-color":"","background-image":"","background-repeat":"repeat","background-position":"center center","background-size":"auto","background-attachment":"scroll","background-type":"","background-media":"","overlay-type":"","overlay-color":"","overlay-opacity":"","overlay-gradient":""},"mobile":{"background-color":"","background-image":"","background-repeat":"repeat","background-position":"center center","background-size":"auto","background-attachment":"scroll","background-type":"","background-media":"","overlay-type":"","overlay-color":"","overlay-opacity":"","overlay-gradient":""}},"ast-content-background-meta":{"desktop":{"background-color":"var(--ast-global-color-4)","background-image":"","background-repeat":"repeat","background-position":"center center","background-size":"auto","background-attachment":"scroll","background-type":"","background-media":"","overlay-type":"","overlay-color":"","overlay-opacity":"","overlay-gradient":""},"tablet":{"background-color":"var(--ast-global-color-4)","background-image":"","background-repeat":"repeat","background-position":"center center","background-size":"auto","background-attachment":"scroll","background-type":"","background-media":"","overlay-type":"","overlay-color":"","overlay-opacity":"","overlay-gradient":""},"mobile":{"background-color":"var(--ast-global-color-4)","background-image":"","background-repeat":"repeat","background-position":"center center","background-size":"auto","background-attachment":"scroll","background-type":"","background-media":"","overlay-type":"","overlay-color":"","overlay-opacity":"","overlay-gradient":""}},"footnotes":""},"categories":[1],"tags":[],"class_list":["post-23016","post","type-post","status-publish","format-standard","hentry","category-sem-categoria"],"yoast_head":"<!-- This site is optimized with the Yoast SEO plugin v26.6 - https:\/\/yoast.com\/wordpress\/plugins\/seo\/ -->\n<title>Deputado Z\u00e9 In\u00e1cio discute piso salarial regional com centrais sindicais - Daniel Matos<\/title>\n<meta name=\"robots\" content=\"index, follow, max-snippet:-1, max-image-preview:large, max-video-preview:-1\" \/>\n<link rel=\"canonical\" href=\"https:\/\/www.blogsoestado.com\/danielmatos\/deputado-ze-inacio-discute-piso-salarial-regional-com-centrais-sindicais\/\" \/>\n<meta property=\"og:locale\" content=\"pt_BR\" \/>\n<meta property=\"og:type\" content=\"article\" \/>\n<meta property=\"og:title\" content=\"Deputado Z\u00e9 In\u00e1cio discute piso salarial regional com centrais sindicais - Daniel Matos\" \/>\n<meta property=\"og:description\" content=\"O deputado estadual Z\u00e9 In\u00e1cio (PT) se reuniu\u00a0nesta ter\u00e7a-feira (31) com membros das Centrais Sindicais para discutir o projeto de [&hellip;]\" \/>\n<meta property=\"og:url\" content=\"https:\/\/www.blogsoestado.com\/danielmatos\/deputado-ze-inacio-discute-piso-salarial-regional-com-centrais-sindicais\/\" \/>\n<meta property=\"og:site_name\" content=\"Daniel Matos\" \/>\n<meta property=\"article:published_time\" content=\"2015-04-01T18:41:54+00:00\" \/>\n<meta property=\"og:image\" content=\"https:\/\/www.blogsoestado.com\/danielmatos\/files\/2015\/04\/inacio-centrais-sindicais.jpg\" \/>\n<meta name=\"twitter:card\" content=\"summary_large_image\" \/>\n<meta name=\"twitter:label1\" content=\"Est. tempo de leitura\" \/>\n\t<meta name=\"twitter:data1\" content=\"2 minutos\" \/>\n<script type=\"application\/ld+json\" class=\"yoast-schema-graph\">{\"@context\":\"https:\/\/schema.org\",\"@graph\":[{\"@type\":\"WebPage\",\"@id\":\"https:\/\/www.blogsoestado.com\/danielmatos\/deputado-ze-inacio-discute-piso-salarial-regional-com-centrais-sindicais\/\",\"url\":\"https:\/\/www.blogsoestado.com\/danielmatos\/deputado-ze-inacio-discute-piso-salarial-regional-com-centrais-sindicais\/\",\"name\":\"Deputado Z\u00e9 In\u00e1cio discute piso salarial regional com centrais sindicais - Daniel Matos\",\"isPartOf\":{\"@id\":\"https:\/\/www.blogsoestado.com\/danielmatos\/#website\"},\"primaryImageOfPage\":{\"@id\":\"https:\/\/www.blogsoestado.com\/danielmatos\/deputado-ze-inacio-discute-piso-salarial-regional-com-centrais-sindicais\/#primaryimage\"},\"image\":{\"@id\":\"https:\/\/www.blogsoestado.com\/danielmatos\/deputado-ze-inacio-discute-piso-salarial-regional-com-centrais-sindicais\/#primaryimage\"},\"thumbnailUrl\":\"https:\/\/www.blogsoestado.com\/danielmatos\/files\/2015\/04\/inacio-centrais-sindicais.jpg\",\"datePublished\":\"2015-04-01T18:41:54+00:00\",\"author\":{\"@id\":\"\"},\"breadcrumb\":{\"@id\":\"https:\/\/www.blogsoestado.com\/danielmatos\/deputado-ze-inacio-discute-piso-salarial-regional-com-centrais-sindicais\/#breadcrumb\"},\"inLanguage\":\"pt-BR\",\"potentialAction\":[{\"@type\":\"ReadAction\",\"target\":[\"https:\/\/www.blogsoestado.com\/danielmatos\/deputado-ze-inacio-discute-piso-salarial-regional-com-centrais-sindicais\/\"]}]},{\"@type\":\"ImageObject\",\"inLanguage\":\"pt-BR\",\"@id\":\"https:\/\/www.blogsoestado.com\/danielmatos\/deputado-ze-inacio-discute-piso-salarial-regional-com-centrais-sindicais\/#primaryimage\",\"url\":\"https:\/\/www.blogsoestado.com\/danielmatos\/files\/2015\/04\/inacio-centrais-sindicais.jpg\",\"contentUrl\":\"https:\/\/www.blogsoestado.com\/danielmatos\/files\/2015\/04\/inacio-centrais-sindicais.jpg\"},{\"@type\":\"BreadcrumbList\",\"@id\":\"https:\/\/www.blogsoestado.com\/danielmatos\/deputado-ze-inacio-discute-piso-salarial-regional-com-centrais-sindicais\/#breadcrumb\",\"itemListElement\":[{\"@type\":\"ListItem\",\"position\":1,\"name\":\"In\u00edcio\",\"item\":\"https:\/\/www.blogsoestado.com\/danielmatos\/\"},{\"@type\":\"ListItem\",\"position\":2,\"name\":\"Deputado Z\u00e9 In\u00e1cio discute piso salarial regional com centrais sindicais\"}]},{\"@type\":\"WebSite\",\"@id\":\"https:\/\/www.blogsoestado.com\/danielmatos\/#website\",\"url\":\"https:\/\/www.blogsoestado.com\/danielmatos\/\",\"name\":\"Daniel Matos\",\"description\":\"\",\"potentialAction\":[{\"@type\":\"SearchAction\",\"target\":{\"@type\":\"EntryPoint\",\"urlTemplate\":\"https:\/\/www.blogsoestado.com\/danielmatos\/?s={search_term_string}\"},\"query-input\":{\"@type\":\"PropertyValueSpecification\",\"valueRequired\":true,\"valueName\":\"search_term_string\"}}],\"inLanguage\":\"pt-BR\"}]}<\/script>\n<!-- \/ Yoast SEO plugin. -->","yoast_head_json":{"title":"Deputado Z\u00e9 In\u00e1cio discute piso salarial regional com centrais sindicais - Daniel Matos","robots":{"index":"index","follow":"follow","max-snippet":"max-snippet:-1","max-image-preview":"max-image-preview:large","max-video-preview":"max-video-preview:-1"},"canonical":"https:\/\/www.blogsoestado.com\/danielmatos\/deputado-ze-inacio-discute-piso-salarial-regional-com-centrais-sindicais\/","og_locale":"pt_BR","og_type":"article","og_title":"Deputado Z\u00e9 In\u00e1cio discute piso salarial regional com centrais sindicais - Daniel Matos","og_description":"O deputado estadual Z\u00e9 In\u00e1cio (PT) se reuniu\u00a0nesta ter\u00e7a-feira (31) com membros das Centrais Sindicais para discutir o projeto de [&hellip;]","og_url":"https:\/\/www.blogsoestado.com\/danielmatos\/deputado-ze-inacio-discute-piso-salarial-regional-com-centrais-sindicais\/","og_site_name":"Daniel Matos","article_published_time":"2015-04-01T18:41:54+00:00","og_image":[{"url":"https:\/\/www.blogsoestado.com\/danielmatos\/files\/2015\/04\/inacio-centrais-sindicais.jpg","type":"","width":"","height":""}],"twitter_card":"summary_large_image","twitter_misc":{"Est. tempo de leitura":"2 minutos"},"schema":{"@context":"https:\/\/schema.org","@graph":[{"@type":"WebPage","@id":"https:\/\/www.blogsoestado.com\/danielmatos\/deputado-ze-inacio-discute-piso-salarial-regional-com-centrais-sindicais\/","url":"https:\/\/www.blogsoestado.com\/danielmatos\/deputado-ze-inacio-discute-piso-salarial-regional-com-centrais-sindicais\/","name":"Deputado Z\u00e9 In\u00e1cio discute piso salarial regional com centrais sindicais - Daniel Matos","isPartOf":{"@id":"https:\/\/www.blogsoestado.com\/danielmatos\/#website"},"primaryImageOfPage":{"@id":"https:\/\/www.blogsoestado.com\/danielmatos\/deputado-ze-inacio-discute-piso-salarial-regional-com-centrais-sindicais\/#primaryimage"},"image":{"@id":"https:\/\/www.blogsoestado.com\/danielmatos\/deputado-ze-inacio-discute-piso-salarial-regional-com-centrais-sindicais\/#primaryimage"},"thumbnailUrl":"https:\/\/www.blogsoestado.com\/danielmatos\/files\/2015\/04\/inacio-centrais-sindicais.jpg","datePublished":"2015-04-01T18:41:54+00:00","author":{"@id":""},"breadcrumb":{"@id":"https:\/\/www.blogsoestado.com\/danielmatos\/deputado-ze-inacio-discute-piso-salarial-regional-com-centrais-sindicais\/#breadcrumb"},"inLanguage":"pt-BR","potentialAction":[{"@type":"ReadAction","target":["https:\/\/www.blogsoestado.com\/danielmatos\/deputado-ze-inacio-discute-piso-salarial-regional-com-centrais-sindicais\/"]}]},{"@type":"ImageObject","inLanguage":"pt-BR","@id":"https:\/\/www.blogsoestado.com\/danielmatos\/deputado-ze-inacio-discute-piso-salarial-regional-com-centrais-sindicais\/#primaryimage","url":"https:\/\/www.blogsoestado.com\/danielmatos\/files\/2015\/04\/inacio-centrais-sindicais.jpg","contentUrl":"https:\/\/www.blogsoestado.com\/danielmatos\/files\/2015\/04\/inacio-centrais-sindicais.jpg"},{"@type":"BreadcrumbList","@id":"https:\/\/www.blogsoestado.com\/danielmatos\/deputado-ze-inacio-discute-piso-salarial-regional-com-centrais-sindicais\/#breadcrumb","itemListElement":[{"@type":"ListItem","position":1,"name":"In\u00edcio","item":"https:\/\/www.blogsoestado.com\/danielmatos\/"},{"@type":"ListItem","position":2,"name":"Deputado Z\u00e9 In\u00e1cio discute piso salarial regional com centrais sindicais"}]},{"@type":"WebSite","@id":"https:\/\/www.blogsoestado.com\/danielmatos\/#website","url":"https:\/\/www.blogsoestado.com\/danielmatos\/","name":"Daniel Matos","description":"","potentialAction":[{"@type":"SearchAction","target":{"@type":"EntryPoint","urlTemplate":"https:\/\/www.blogsoestado.com\/danielmatos\/?s={search_term_string}"},"query-input":{"@type":"PropertyValueSpecification","valueRequired":true,"valueName":"search_term_string"}}],"inLanguage":"pt-BR"}]}},"jetpack_featured_media_url":"","_links":{"self":[{"href":"https:\/\/www.blogsoestado.com\/danielmatos\/wp-json\/wp\/v2\/posts\/23016","targetHints":{"allow":["GET"]}}],"collection":[{"href":"https:\/\/www.blogsoestado.com\/danielmatos\/wp-json\/wp\/v2\/posts"}],"about":[{"href":"https:\/\/www.blogsoestado.com\/danielmatos\/wp-json\/wp\/v2\/types\/post"}],"replies":[{"embeddable":true,"href":"https:\/\/www.blogsoestado.com\/danielmatos\/wp-json\/wp\/v2\/comments?post=23016"}],"version-history":[{"count":0,"href":"https:\/\/www.blogsoestado.com\/danielmatos\/wp-json\/wp\/v2\/posts\/23016\/revisions"}],"wp:attachment":[{"href":"https:\/\/www.blogsoestado.com\/danielmatos\/wp-json\/wp\/v2\/media?parent=23016"}],"wp:term":[{"taxonomy":"category","embeddable":true,"href":"https:\/\/www.blogsoestado.com\/danielmatos\/wp-json\/wp\/v2\/categories?post=23016"},{"taxonomy":"post_tag","embeddable":true,"href":"https:\/\/www.blogsoestado.com\/danielmatos\/wp-json\/wp\/v2\/tags?post=23016"}],"curies":[{"name":"wp","href":"https:\/\/api.w.org\/{rel}","templated":true}]}}