{"id":23019,"date":"2015-04-01T15:53:26","date_gmt":"2015-04-01T18:53:26","guid":{"rendered":"https:\/\/www.blogsoestado.com\/danielmatos\/?p=23019"},"modified":"2015-04-01T15:53:26","modified_gmt":"2015-04-01T18:53:26","slug":"deputado-wellington-ministra-palestra-para-jovens-e-adultos-de-escola-publica","status":"publish","type":"post","link":"https:\/\/www.blogsoestado.com\/danielmatos\/deputado-wellington-ministra-palestra-para-jovens-e-adultos-de-escola-publica\/","title":{"rendered":"Deputado Wellington ministra palestra para jovens e adultos de escola p\u00fablica"},"content":{"rendered":"<figure id=\"attachment_23020\" aria-describedby=\"caption-attachment-23020\" style=\"width: 640px\" class=\"wp-caption aligncenter\"><a href=\"https:\/\/www.blogsoestado.com\/danielmatos\/files\/2015\/04\/wellington-palestra.jpg\"><img fetchpriority=\"high\" decoding=\"async\" class=\"size-full wp-image-23020\" src=\"https:\/\/www.blogsoestado.com\/danielmatos\/files\/2015\/04\/wellington-palestra.jpg\" alt=\"Wellington do Curso palestrou para mais de 100 estudantes do EJA, com idade entre 15 e 60 anos\" width=\"640\" height=\"424\" \/><\/a><figcaption id=\"caption-attachment-23020\" class=\"wp-caption-text\">Wellington do Curso palestrou para mais de 100 estudantes do EJA, com idade entre 15 e 60 anos<\/figcaption><\/figure>\n<p>A convite da professora e vice gestora Elizabeth Correia, o deputado Wellington do Curso (PPS) ministrou uma palestra motivacional para mais de 100 estudantes que integram o EJA (Educa\u00e7\u00e3o de Jovens e Adultos), entre 15 a 60 anos, na noite desta segunda-feira (30), na Unidade Escolar Elcida Ramos de Sousa.<\/p>\n<p>Na oportunidade, o parlamentar, que tamb\u00e9m estudou em escola p\u00fablica, emocionou aos presentes ao falar sobre sua trajet\u00f3ria de vida e todos os desafios que teve de enfrentar para ascender profissionalmente, al\u00e9m de reafirmar, tamb\u00e9m, o seu compromisso com a Educa\u00e7\u00e3o.<\/p>\n<p>&#8220;Eu tinha tudo para n\u00e3o estar aqui hoje, pois n\u00e3o tive vida f\u00e1cil. Enfrentei muitos desafios e momentos de dificuldades. N\u00e3o estou aqui para dar exemplo a voc\u00eas, mas para lhes dizer que nunca desistam dos seus sonhos. A nossa maior gl\u00f3ria n\u00e3o reside no fato de nunca cairmos, mas sim em nos levantarmos sempre depois de cada queda. Nunca \u00e9 tarde para mudar de vida! Se tivermos persist\u00eancia, dedica\u00e7\u00e3o e for\u00e7a de vontade, n\u00f3s podemos realizar tudo o que queremos&#8221;, destacou o vice-presidente da Comiss\u00e3o de Educa\u00e7\u00e3o da Assembleia Legislativa.<\/p>\n<p><strong>Elei\u00e7\u00e3o de conselheiros tutelares<\/strong><\/p>\n<p>Na ter\u00e7a-feira (31), no Plenarinho da Assembleia Legislativa, Wellington, que vice-presidente da Comiss\u00e3o de Direitos Humanos, participou de Audi\u00eancia P\u00fablica sobre o processo eleitoral unificado da escolha dos conselheiros tutelares 2015.<\/p>\n<p>O evento, presidido pela deputada Val\u00e9ria Macedo (PDT), teve como objetivo a discuss\u00e3o, prepara\u00e7\u00e3o, encaminhamento e efetiva\u00e7\u00e3o da escolha dos conselheiros tutelares, e contou com a participa\u00e7\u00e3o de representantes do Conselho Estadual de Direitos Humanos; do Promotor da Inf\u00e2ncia e da Juventude, M\u00e1rcio Thadeu; e da Secret\u00e1ria de Direitos Humanos, Fl\u00e1via Gerusa.<\/p>\n<p>Para Wellington do Curso \u00e9 de fundamental import\u00e2ncia o tema em discuss\u00e3o, pois, segundo ele, \u00e9 necess\u00e1rio que haja pol\u00edticas p\u00fablicas s\u00e9rias voltadas \u00e0s crian\u00e7as e aos adolescentes, que s\u00e3o os que mais sofrem em situa\u00e7\u00e3o de vulnerabilidade.<\/p>\n<p>\u201cPrecisamos avan\u00e7ar e melhorar em pol\u00edticas p\u00fablicas s\u00e9rias em prol dos direitos humanos, principalmente na defesa das crian\u00e7as e adolescentes, que mais est\u00e3o vulner\u00e1veis aos descasos p\u00fablicos. Assumindo a minha responsabilidade enquanto parlamentar e vice-presidente da Comiss\u00e3o de Direitos Humanos da Assembleia, somo minha voz \u00e0 dos conselheiros tutelares e me coloco \u00e0 disposi\u00e7\u00e3o do Minist\u00e9rio P\u00fablico, dos conselheiros e de todos os que estiverem dispostos a abra\u00e7ar essa causa\u201d, finalizou.<\/p>\n","protected":false},"excerpt":{"rendered":"<p>A convite da professora e vice gestora Elizabeth Correia, o deputado Wellington do Curso (PPS) ministrou uma palestra motivacional para [&hellip;]<\/p>\n","protected":false},"author":0,"featured_media":0,"comment_status":"open","ping_status":"open","sticky":false,"template":"","format":"standard","meta":{"site-sidebar-layout":"default","site-content-layout":"","ast-site-content-layout":"default","site-content-style":"default","site-sidebar-style":"default","ast-global-header-display":"","ast-banner-title-visibility":"","ast-main-header-display":"","ast-hfb-above-header-display":"","ast-hfb-below-header-display":"","ast-hfb-mobile-header-display":"","site-post-title":"","ast-breadcrumbs-content":"","ast-featured-img":"","footer-sml-layout":"","ast-disable-related-posts":"","theme-transparent-header-meta":"","adv-header-id-meta":"","stick-header-meta":"","header-above-stick-meta":"","header-main-stick-meta":"","header-below-stick-meta":"","astra-migrate-meta-layouts":"default","ast-page-background-enabled":"default","ast-page-background-meta":{"desktop":{"background-color":"var(--ast-global-color-5)","background-image":"","background-repeat":"repeat","background-position":"center center","background-size":"auto","background-attachment":"scroll","background-type":"","background-media":"","overlay-type":"","overlay-color":"","overlay-opacity":"","overlay-gradient":""},"tablet":{"background-color":"","background-image":"","background-repeat":"repeat","background-position":"center center","background-size":"auto","background-attachment":"scroll","background-type":"","background-media":"","overlay-type":"","overlay-color":"","overlay-opacity":"","overlay-gradient":""},"mobile":{"background-color":"","background-image":"","background-repeat":"repeat","background-position":"center center","background-size":"auto","background-attachment":"scroll","background-type":"","background-media":"","overlay-type":"","overlay-color":"","overlay-opacity":"","overlay-gradient":""}},"ast-content-background-meta":{"desktop":{"background-color":"var(--ast-global-color-4)","background-image":"","background-repeat":"repeat","background-position":"center center","background-size":"auto","background-attachment":"scroll","background-type":"","background-media":"","overlay-type":"","overlay-color":"","overlay-opacity":"","overlay-gradient":""},"tablet":{"background-color":"var(--ast-global-color-4)","background-image":"","background-repeat":"repeat","background-position":"center center","background-size":"auto","background-attachment":"scroll","background-type":"","background-media":"","overlay-type":"","overlay-color":"","overlay-opacity":"","overlay-gradient":""},"mobile":{"background-color":"var(--ast-global-color-4)","background-image":"","background-repeat":"repeat","background-position":"center center","background-size":"auto","background-attachment":"scroll","background-type":"","background-media":"","overlay-type":"","overlay-color":"","overlay-opacity":"","overlay-gradient":""}},"footnotes":""},"categories":[1],"tags":[],"class_list":["post-23019","post","type-post","status-publish","format-standard","hentry","category-sem-categoria"],"yoast_head":"<!-- This site is optimized with the Yoast SEO plugin v26.6 - https:\/\/yoast.com\/wordpress\/plugins\/seo\/ -->\n<title>Deputado Wellington ministra palestra para jovens e adultos de escola p\u00fablica - Daniel Matos<\/title>\n<meta name=\"robots\" content=\"index, follow, max-snippet:-1, max-image-preview:large, max-video-preview:-1\" \/>\n<link rel=\"canonical\" href=\"https:\/\/www.blogsoestado.com\/danielmatos\/deputado-wellington-ministra-palestra-para-jovens-e-adultos-de-escola-publica\/\" \/>\n<meta property=\"og:locale\" content=\"pt_BR\" \/>\n<meta property=\"og:type\" content=\"article\" \/>\n<meta property=\"og:title\" content=\"Deputado Wellington ministra palestra para jovens e adultos de escola p\u00fablica - Daniel Matos\" \/>\n<meta property=\"og:description\" content=\"A convite da professora e vice gestora Elizabeth Correia, o deputado Wellington do Curso (PPS) ministrou uma palestra motivacional para [&hellip;]\" \/>\n<meta property=\"og:url\" content=\"https:\/\/www.blogsoestado.com\/danielmatos\/deputado-wellington-ministra-palestra-para-jovens-e-adultos-de-escola-publica\/\" \/>\n<meta property=\"og:site_name\" content=\"Daniel Matos\" \/>\n<meta property=\"article:published_time\" content=\"2015-04-01T18:53:26+00:00\" \/>\n<meta property=\"og:image\" content=\"https:\/\/www.blogsoestado.com\/danielmatos\/files\/2015\/04\/wellington-palestra.jpg\" \/>\n<meta name=\"twitter:card\" content=\"summary_large_image\" \/>\n<meta name=\"twitter:label1\" content=\"Est. tempo de leitura\" \/>\n\t<meta name=\"twitter:data1\" content=\"2 minutos\" \/>\n<script type=\"application\/ld+json\" class=\"yoast-schema-graph\">{\"@context\":\"https:\/\/schema.org\",\"@graph\":[{\"@type\":\"WebPage\",\"@id\":\"https:\/\/www.blogsoestado.com\/danielmatos\/deputado-wellington-ministra-palestra-para-jovens-e-adultos-de-escola-publica\/\",\"url\":\"https:\/\/www.blogsoestado.com\/danielmatos\/deputado-wellington-ministra-palestra-para-jovens-e-adultos-de-escola-publica\/\",\"name\":\"Deputado Wellington ministra palestra para jovens e adultos de escola p\u00fablica - Daniel Matos\",\"isPartOf\":{\"@id\":\"https:\/\/www.blogsoestado.com\/danielmatos\/#website\"},\"primaryImageOfPage\":{\"@id\":\"https:\/\/www.blogsoestado.com\/danielmatos\/deputado-wellington-ministra-palestra-para-jovens-e-adultos-de-escola-publica\/#primaryimage\"},\"image\":{\"@id\":\"https:\/\/www.blogsoestado.com\/danielmatos\/deputado-wellington-ministra-palestra-para-jovens-e-adultos-de-escola-publica\/#primaryimage\"},\"thumbnailUrl\":\"https:\/\/www.blogsoestado.com\/danielmatos\/files\/2015\/04\/wellington-palestra.jpg\",\"datePublished\":\"2015-04-01T18:53:26+00:00\",\"author\":{\"@id\":\"\"},\"breadcrumb\":{\"@id\":\"https:\/\/www.blogsoestado.com\/danielmatos\/deputado-wellington-ministra-palestra-para-jovens-e-adultos-de-escola-publica\/#breadcrumb\"},\"inLanguage\":\"pt-BR\",\"potentialAction\":[{\"@type\":\"ReadAction\",\"target\":[\"https:\/\/www.blogsoestado.com\/danielmatos\/deputado-wellington-ministra-palestra-para-jovens-e-adultos-de-escola-publica\/\"]}]},{\"@type\":\"ImageObject\",\"inLanguage\":\"pt-BR\",\"@id\":\"https:\/\/www.blogsoestado.com\/danielmatos\/deputado-wellington-ministra-palestra-para-jovens-e-adultos-de-escola-publica\/#primaryimage\",\"url\":\"https:\/\/www.blogsoestado.com\/danielmatos\/files\/2015\/04\/wellington-palestra.jpg\",\"contentUrl\":\"https:\/\/www.blogsoestado.com\/danielmatos\/files\/2015\/04\/wellington-palestra.jpg\"},{\"@type\":\"BreadcrumbList\",\"@id\":\"https:\/\/www.blogsoestado.com\/danielmatos\/deputado-wellington-ministra-palestra-para-jovens-e-adultos-de-escola-publica\/#breadcrumb\",\"itemListElement\":[{\"@type\":\"ListItem\",\"position\":1,\"name\":\"In\u00edcio\",\"item\":\"https:\/\/www.blogsoestado.com\/danielmatos\/\"},{\"@type\":\"ListItem\",\"position\":2,\"name\":\"Deputado Wellington ministra palestra para jovens e adultos de escola p\u00fablica\"}]},{\"@type\":\"WebSite\",\"@id\":\"https:\/\/www.blogsoestado.com\/danielmatos\/#website\",\"url\":\"https:\/\/www.blogsoestado.com\/danielmatos\/\",\"name\":\"Daniel Matos\",\"description\":\"\",\"potentialAction\":[{\"@type\":\"SearchAction\",\"target\":{\"@type\":\"EntryPoint\",\"urlTemplate\":\"https:\/\/www.blogsoestado.com\/danielmatos\/?s={search_term_string}\"},\"query-input\":{\"@type\":\"PropertyValueSpecification\",\"valueRequired\":true,\"valueName\":\"search_term_string\"}}],\"inLanguage\":\"pt-BR\"}]}<\/script>\n<!-- \/ Yoast SEO plugin. -->","yoast_head_json":{"title":"Deputado Wellington ministra palestra para jovens e adultos de escola p\u00fablica - Daniel Matos","robots":{"index":"index","follow":"follow","max-snippet":"max-snippet:-1","max-image-preview":"max-image-preview:large","max-video-preview":"max-video-preview:-1"},"canonical":"https:\/\/www.blogsoestado.com\/danielmatos\/deputado-wellington-ministra-palestra-para-jovens-e-adultos-de-escola-publica\/","og_locale":"pt_BR","og_type":"article","og_title":"Deputado Wellington ministra palestra para jovens e adultos de escola p\u00fablica - Daniel Matos","og_description":"A convite da professora e vice gestora Elizabeth Correia, o deputado Wellington do Curso (PPS) ministrou uma palestra motivacional para [&hellip;]","og_url":"https:\/\/www.blogsoestado.com\/danielmatos\/deputado-wellington-ministra-palestra-para-jovens-e-adultos-de-escola-publica\/","og_site_name":"Daniel Matos","article_published_time":"2015-04-01T18:53:26+00:00","og_image":[{"url":"https:\/\/www.blogsoestado.com\/danielmatos\/files\/2015\/04\/wellington-palestra.jpg","type":"","width":"","height":""}],"twitter_card":"summary_large_image","twitter_misc":{"Est. tempo de leitura":"2 minutos"},"schema":{"@context":"https:\/\/schema.org","@graph":[{"@type":"WebPage","@id":"https:\/\/www.blogsoestado.com\/danielmatos\/deputado-wellington-ministra-palestra-para-jovens-e-adultos-de-escola-publica\/","url":"https:\/\/www.blogsoestado.com\/danielmatos\/deputado-wellington-ministra-palestra-para-jovens-e-adultos-de-escola-publica\/","name":"Deputado Wellington ministra palestra para jovens e adultos de escola p\u00fablica - Daniel Matos","isPartOf":{"@id":"https:\/\/www.blogsoestado.com\/danielmatos\/#website"},"primaryImageOfPage":{"@id":"https:\/\/www.blogsoestado.com\/danielmatos\/deputado-wellington-ministra-palestra-para-jovens-e-adultos-de-escola-publica\/#primaryimage"},"image":{"@id":"https:\/\/www.blogsoestado.com\/danielmatos\/deputado-wellington-ministra-palestra-para-jovens-e-adultos-de-escola-publica\/#primaryimage"},"thumbnailUrl":"https:\/\/www.blogsoestado.com\/danielmatos\/files\/2015\/04\/wellington-palestra.jpg","datePublished":"2015-04-01T18:53:26+00:00","author":{"@id":""},"breadcrumb":{"@id":"https:\/\/www.blogsoestado.com\/danielmatos\/deputado-wellington-ministra-palestra-para-jovens-e-adultos-de-escola-publica\/#breadcrumb"},"inLanguage":"pt-BR","potentialAction":[{"@type":"ReadAction","target":["https:\/\/www.blogsoestado.com\/danielmatos\/deputado-wellington-ministra-palestra-para-jovens-e-adultos-de-escola-publica\/"]}]},{"@type":"ImageObject","inLanguage":"pt-BR","@id":"https:\/\/www.blogsoestado.com\/danielmatos\/deputado-wellington-ministra-palestra-para-jovens-e-adultos-de-escola-publica\/#primaryimage","url":"https:\/\/www.blogsoestado.com\/danielmatos\/files\/2015\/04\/wellington-palestra.jpg","contentUrl":"https:\/\/www.blogsoestado.com\/danielmatos\/files\/2015\/04\/wellington-palestra.jpg"},{"@type":"BreadcrumbList","@id":"https:\/\/www.blogsoestado.com\/danielmatos\/deputado-wellington-ministra-palestra-para-jovens-e-adultos-de-escola-publica\/#breadcrumb","itemListElement":[{"@type":"ListItem","position":1,"name":"In\u00edcio","item":"https:\/\/www.blogsoestado.com\/danielmatos\/"},{"@type":"ListItem","position":2,"name":"Deputado Wellington ministra palestra para jovens e adultos de escola p\u00fablica"}]},{"@type":"WebSite","@id":"https:\/\/www.blogsoestado.com\/danielmatos\/#website","url":"https:\/\/www.blogsoestado.com\/danielmatos\/","name":"Daniel Matos","description":"","potentialAction":[{"@type":"SearchAction","target":{"@type":"EntryPoint","urlTemplate":"https:\/\/www.blogsoestado.com\/danielmatos\/?s={search_term_string}"},"query-input":{"@type":"PropertyValueSpecification","valueRequired":true,"valueName":"search_term_string"}}],"inLanguage":"pt-BR"}]}},"jetpack_featured_media_url":"","_links":{"self":[{"href":"https:\/\/www.blogsoestado.com\/danielmatos\/wp-json\/wp\/v2\/posts\/23019","targetHints":{"allow":["GET"]}}],"collection":[{"href":"https:\/\/www.blogsoestado.com\/danielmatos\/wp-json\/wp\/v2\/posts"}],"about":[{"href":"https:\/\/www.blogsoestado.com\/danielmatos\/wp-json\/wp\/v2\/types\/post"}],"replies":[{"embeddable":true,"href":"https:\/\/www.blogsoestado.com\/danielmatos\/wp-json\/wp\/v2\/comments?post=23019"}],"version-history":[{"count":0,"href":"https:\/\/www.blogsoestado.com\/danielmatos\/wp-json\/wp\/v2\/posts\/23019\/revisions"}],"wp:attachment":[{"href":"https:\/\/www.blogsoestado.com\/danielmatos\/wp-json\/wp\/v2\/media?parent=23019"}],"wp:term":[{"taxonomy":"category","embeddable":true,"href":"https:\/\/www.blogsoestado.com\/danielmatos\/wp-json\/wp\/v2\/categories?post=23019"},{"taxonomy":"post_tag","embeddable":true,"href":"https:\/\/www.blogsoestado.com\/danielmatos\/wp-json\/wp\/v2\/tags?post=23019"}],"curies":[{"name":"wp","href":"https:\/\/api.w.org\/{rel}","templated":true}]}}