{"id":23024,"date":"2015-04-01T16:10:12","date_gmt":"2015-04-01T19:10:12","guid":{"rendered":"https:\/\/www.blogsoestado.com\/danielmatos\/?p=23024"},"modified":"2015-04-01T16:10:12","modified_gmt":"2015-04-01T19:10:12","slug":"camara-municipal-aprova-permissao-de-placas-para-taxi-lotacao","status":"publish","type":"post","link":"https:\/\/www.blogsoestado.com\/danielmatos\/camara-municipal-aprova-permissao-de-placas-para-taxi-lotacao\/","title":{"rendered":"C\u00e2mara Municipal aprova permiss\u00e3o de placas para t\u00e1xi-lota\u00e7\u00e3o"},"content":{"rendered":"<figure id=\"attachment_23025\" aria-describedby=\"caption-attachment-23025\" style=\"width: 640px\" class=\"wp-caption aligncenter\"><a href=\"https:\/\/www.blogsoestado.com\/danielmatos\/files\/2015\/04\/astro-t\u00e1xi-lota\u00e7\u00e3o.jpg\"><img fetchpriority=\"high\" decoding=\"async\" class=\"size-full wp-image-23025\" src=\"https:\/\/www.blogsoestado.com\/danielmatos\/files\/2015\/04\/astro-t\u00e1xi-lota\u00e7\u00e3o.jpg\" alt=\"Presidente da C\u00e2mara, Astro de Agum, com representantes do servi\u00e7o de t\u00e1xi-lota\u00e7\u00e3o (Foto: Paulo Caru\u00e1) \" width=\"640\" height=\"425\" \/><\/a><figcaption id=\"caption-attachment-23025\" class=\"wp-caption-text\">Presidente da C\u00e2mara, Astro de Ogum, com representantes do servi\u00e7o de t\u00e1xi-lota\u00e7\u00e3o (<strong>Foto:<\/strong> Paulo Caru\u00e1)<\/figcaption><\/figure>\n<p>Uma emenda aditiva a lei promulgada 248\/2013, que trata sobre a permiss\u00e3o de placas para taxi lota\u00e7\u00e3o, foi aprovada na C\u00e2mara Municipal de S\u00e3o Lu\u00eds nesta quarta-feira, (01\/04). O projeto, de autoria da Mesa Diretora do Legislativo Ludovicense, foi colocado em pauta por solicita\u00e7\u00e3o do vereador Astro de Ogum (PMN).<\/p>\n<p>A proposta altera o par\u00e1grafo terceiro da lei que trata da permiss\u00e3o de 180 placas para os profissionais que exploram o servi\u00e7o de t\u00e1xi lota\u00e7\u00e3o no eixo Itaqui-Bacanga, pertencentes a cooperativas legalmente constitu\u00eddas.<\/p>\n<p>Ap\u00f3s a aprova\u00e7\u00e3o da mat\u00e9ria, Astro de Ogum parabenizou a todos os vereadores pela decis\u00e3o tomada, destacando a posi\u00e7\u00e3o de uni\u00e3o de todo o parlamento na regulamenta\u00e7\u00e3o da quest\u00e3o.<\/p>\n<p>Transporte domina debate &#8211; J\u00e1 o hor\u00e1rio destinado ao pequeno expediente para pronunciamento dos vereadores foi dominado pelo tema relativo \u00e0 quest\u00e3o do aumento das tarifas do transporte coletivo. Os vereadores Rose Sales (PCdoB), F\u00e1bio C\u00e2mara (PMDB) e B\u00e1rbara Soeiro (PMN) fizeram abordagem sobre assunto, enquanto Nato Sena (PRP) teceu coment\u00e1rio ao fato da prefeitura ter conseguido uma liminar suspendendo os efeitos da lei 363\/14, que prev\u00ea a realiza\u00e7\u00e3o de audi\u00eancia p\u00fablica antes do Executivo decretar qualquer aumento de tarifa como a do transporte p\u00fablico.<\/p>\n<p>Coube ao vereador Francisco Carvalho (PSL) esclarecer que \u201ca popula\u00e7\u00e3o precisa tomar conhecimento de que a C\u00e2mara aprovou um projeto de lei disciplinando que todo e qualquer aumento de tarifa de servi\u00e7o p\u00fablico deve vir a esta Casa para ser discutido em audi\u00eancia\u201d.<\/p>\n<p>Por sua vez, Astro de Ogum lembrou que a C\u00e2mara n\u00e3o tem nada a ver com aumento de passagem e que no passado existia uma comiss\u00e3o no Legislativo que tratava do assunto, mas foi extinta. \u201cA lei criada para tratar de audi\u00eancia no tocante ao aumento de tarifa n\u00e3o pro\u00edbe o aumento, apenas disciplina a forma\u201d, explicou o presidente.<\/p>\n<p><strong>Isen\u00e7\u00e3o de ICMS <\/strong><\/p>\n<p>No auge do debate acerca do aumento da passagem de \u00f4nibus, o vereador Roberto Rocha Junior (PSB) surgiu com a proposta de que o Executivo municipal, aliado ao governo estadual, conceda a redu\u00e7\u00e3o do ICMS do combust\u00edvel e do pneu para o setor do transporte coletivo. Para ele essa seria uma maneira de amenizar o problema relacionado com o reajuste das passagens, que penaliza muito o bolso do trabalhador.<\/p>\n","protected":false},"excerpt":{"rendered":"<p>Uma emenda aditiva a lei promulgada 248\/2013, que trata sobre a permiss\u00e3o de placas para taxi lota\u00e7\u00e3o, foi aprovada na [&hellip;]<\/p>\n","protected":false},"author":0,"featured_media":0,"comment_status":"open","ping_status":"open","sticky":false,"template":"","format":"standard","meta":{"site-sidebar-layout":"default","site-content-layout":"","ast-site-content-layout":"default","site-content-style":"default","site-sidebar-style":"default","ast-global-header-display":"","ast-banner-title-visibility":"","ast-main-header-display":"","ast-hfb-above-header-display":"","ast-hfb-below-header-display":"","ast-hfb-mobile-header-display":"","site-post-title":"","ast-breadcrumbs-content":"","ast-featured-img":"","footer-sml-layout":"","ast-disable-related-posts":"","theme-transparent-header-meta":"","adv-header-id-meta":"","stick-header-meta":"","header-above-stick-meta":"","header-main-stick-meta":"","header-below-stick-meta":"","astra-migrate-meta-layouts":"default","ast-page-background-enabled":"default","ast-page-background-meta":{"desktop":{"background-color":"var(--ast-global-color-5)","background-image":"","background-repeat":"repeat","background-position":"center center","background-size":"auto","background-attachment":"scroll","background-type":"","background-media":"","overlay-type":"","overlay-color":"","overlay-opacity":"","overlay-gradient":""},"tablet":{"background-color":"","background-image":"","background-repeat":"repeat","background-position":"center center","background-size":"auto","background-attachment":"scroll","background-type":"","background-media":"","overlay-type":"","overlay-color":"","overlay-opacity":"","overlay-gradient":""},"mobile":{"background-color":"","background-image":"","background-repeat":"repeat","background-position":"center center","background-size":"auto","background-attachment":"scroll","background-type":"","background-media":"","overlay-type":"","overlay-color":"","overlay-opacity":"","overlay-gradient":""}},"ast-content-background-meta":{"desktop":{"background-color":"var(--ast-global-color-4)","background-image":"","background-repeat":"repeat","background-position":"center center","background-size":"auto","background-attachment":"scroll","background-type":"","background-media":"","overlay-type":"","overlay-color":"","overlay-opacity":"","overlay-gradient":""},"tablet":{"background-color":"var(--ast-global-color-4)","background-image":"","background-repeat":"repeat","background-position":"center center","background-size":"auto","background-attachment":"scroll","background-type":"","background-media":"","overlay-type":"","overlay-color":"","overlay-opacity":"","overlay-gradient":""},"mobile":{"background-color":"var(--ast-global-color-4)","background-image":"","background-repeat":"repeat","background-position":"center center","background-size":"auto","background-attachment":"scroll","background-type":"","background-media":"","overlay-type":"","overlay-color":"","overlay-opacity":"","overlay-gradient":""}},"footnotes":""},"categories":[1],"tags":[],"class_list":["post-23024","post","type-post","status-publish","format-standard","hentry","category-sem-categoria"],"yoast_head":"<!-- This site is optimized with the Yoast SEO plugin v26.6 - https:\/\/yoast.com\/wordpress\/plugins\/seo\/ -->\n<title>C\u00e2mara Municipal aprova permiss\u00e3o de placas para t\u00e1xi-lota\u00e7\u00e3o - Daniel Matos<\/title>\n<meta name=\"robots\" content=\"index, follow, max-snippet:-1, max-image-preview:large, max-video-preview:-1\" \/>\n<link rel=\"canonical\" href=\"https:\/\/www.blogsoestado.com\/danielmatos\/camara-municipal-aprova-permissao-de-placas-para-taxi-lotacao\/\" \/>\n<meta property=\"og:locale\" content=\"pt_BR\" \/>\n<meta property=\"og:type\" content=\"article\" \/>\n<meta property=\"og:title\" content=\"C\u00e2mara Municipal aprova permiss\u00e3o de placas para t\u00e1xi-lota\u00e7\u00e3o - Daniel Matos\" \/>\n<meta property=\"og:description\" content=\"Uma emenda aditiva a lei promulgada 248\/2013, que trata sobre a permiss\u00e3o de placas para taxi lota\u00e7\u00e3o, foi aprovada na [&hellip;]\" \/>\n<meta property=\"og:url\" content=\"https:\/\/www.blogsoestado.com\/danielmatos\/camara-municipal-aprova-permissao-de-placas-para-taxi-lotacao\/\" \/>\n<meta property=\"og:site_name\" content=\"Daniel Matos\" \/>\n<meta property=\"article:published_time\" content=\"2015-04-01T19:10:12+00:00\" \/>\n<meta name=\"twitter:card\" content=\"summary_large_image\" \/>\n<meta name=\"twitter:label1\" content=\"Est. tempo de leitura\" \/>\n\t<meta name=\"twitter:data1\" content=\"2 minutos\" \/>\n<script type=\"application\/ld+json\" class=\"yoast-schema-graph\">{\"@context\":\"https:\/\/schema.org\",\"@graph\":[{\"@type\":\"WebPage\",\"@id\":\"https:\/\/www.blogsoestado.com\/danielmatos\/camara-municipal-aprova-permissao-de-placas-para-taxi-lotacao\/\",\"url\":\"https:\/\/www.blogsoestado.com\/danielmatos\/camara-municipal-aprova-permissao-de-placas-para-taxi-lotacao\/\",\"name\":\"C\u00e2mara Municipal aprova permiss\u00e3o de placas para t\u00e1xi-lota\u00e7\u00e3o - Daniel Matos\",\"isPartOf\":{\"@id\":\"https:\/\/www.blogsoestado.com\/danielmatos\/#website\"},\"datePublished\":\"2015-04-01T19:10:12+00:00\",\"author\":{\"@id\":\"\"},\"breadcrumb\":{\"@id\":\"https:\/\/www.blogsoestado.com\/danielmatos\/camara-municipal-aprova-permissao-de-placas-para-taxi-lotacao\/#breadcrumb\"},\"inLanguage\":\"pt-BR\",\"potentialAction\":[{\"@type\":\"ReadAction\",\"target\":[\"https:\/\/www.blogsoestado.com\/danielmatos\/camara-municipal-aprova-permissao-de-placas-para-taxi-lotacao\/\"]}]},{\"@type\":\"BreadcrumbList\",\"@id\":\"https:\/\/www.blogsoestado.com\/danielmatos\/camara-municipal-aprova-permissao-de-placas-para-taxi-lotacao\/#breadcrumb\",\"itemListElement\":[{\"@type\":\"ListItem\",\"position\":1,\"name\":\"In\u00edcio\",\"item\":\"https:\/\/www.blogsoestado.com\/danielmatos\/\"},{\"@type\":\"ListItem\",\"position\":2,\"name\":\"C\u00e2mara Municipal aprova permiss\u00e3o de placas para t\u00e1xi-lota\u00e7\u00e3o\"}]},{\"@type\":\"WebSite\",\"@id\":\"https:\/\/www.blogsoestado.com\/danielmatos\/#website\",\"url\":\"https:\/\/www.blogsoestado.com\/danielmatos\/\",\"name\":\"Daniel Matos\",\"description\":\"\",\"potentialAction\":[{\"@type\":\"SearchAction\",\"target\":{\"@type\":\"EntryPoint\",\"urlTemplate\":\"https:\/\/www.blogsoestado.com\/danielmatos\/?s={search_term_string}\"},\"query-input\":{\"@type\":\"PropertyValueSpecification\",\"valueRequired\":true,\"valueName\":\"search_term_string\"}}],\"inLanguage\":\"pt-BR\"}]}<\/script>\n<!-- \/ Yoast SEO plugin. -->","yoast_head_json":{"title":"C\u00e2mara Municipal aprova permiss\u00e3o de placas para t\u00e1xi-lota\u00e7\u00e3o - Daniel Matos","robots":{"index":"index","follow":"follow","max-snippet":"max-snippet:-1","max-image-preview":"max-image-preview:large","max-video-preview":"max-video-preview:-1"},"canonical":"https:\/\/www.blogsoestado.com\/danielmatos\/camara-municipal-aprova-permissao-de-placas-para-taxi-lotacao\/","og_locale":"pt_BR","og_type":"article","og_title":"C\u00e2mara Municipal aprova permiss\u00e3o de placas para t\u00e1xi-lota\u00e7\u00e3o - Daniel Matos","og_description":"Uma emenda aditiva a lei promulgada 248\/2013, que trata sobre a permiss\u00e3o de placas para taxi lota\u00e7\u00e3o, foi aprovada na [&hellip;]","og_url":"https:\/\/www.blogsoestado.com\/danielmatos\/camara-municipal-aprova-permissao-de-placas-para-taxi-lotacao\/","og_site_name":"Daniel Matos","article_published_time":"2015-04-01T19:10:12+00:00","twitter_card":"summary_large_image","twitter_misc":{"Est. tempo de leitura":"2 minutos"},"schema":{"@context":"https:\/\/schema.org","@graph":[{"@type":"WebPage","@id":"https:\/\/www.blogsoestado.com\/danielmatos\/camara-municipal-aprova-permissao-de-placas-para-taxi-lotacao\/","url":"https:\/\/www.blogsoestado.com\/danielmatos\/camara-municipal-aprova-permissao-de-placas-para-taxi-lotacao\/","name":"C\u00e2mara Municipal aprova permiss\u00e3o de placas para t\u00e1xi-lota\u00e7\u00e3o - Daniel Matos","isPartOf":{"@id":"https:\/\/www.blogsoestado.com\/danielmatos\/#website"},"datePublished":"2015-04-01T19:10:12+00:00","author":{"@id":""},"breadcrumb":{"@id":"https:\/\/www.blogsoestado.com\/danielmatos\/camara-municipal-aprova-permissao-de-placas-para-taxi-lotacao\/#breadcrumb"},"inLanguage":"pt-BR","potentialAction":[{"@type":"ReadAction","target":["https:\/\/www.blogsoestado.com\/danielmatos\/camara-municipal-aprova-permissao-de-placas-para-taxi-lotacao\/"]}]},{"@type":"BreadcrumbList","@id":"https:\/\/www.blogsoestado.com\/danielmatos\/camara-municipal-aprova-permissao-de-placas-para-taxi-lotacao\/#breadcrumb","itemListElement":[{"@type":"ListItem","position":1,"name":"In\u00edcio","item":"https:\/\/www.blogsoestado.com\/danielmatos\/"},{"@type":"ListItem","position":2,"name":"C\u00e2mara Municipal aprova permiss\u00e3o de placas para t\u00e1xi-lota\u00e7\u00e3o"}]},{"@type":"WebSite","@id":"https:\/\/www.blogsoestado.com\/danielmatos\/#website","url":"https:\/\/www.blogsoestado.com\/danielmatos\/","name":"Daniel Matos","description":"","potentialAction":[{"@type":"SearchAction","target":{"@type":"EntryPoint","urlTemplate":"https:\/\/www.blogsoestado.com\/danielmatos\/?s={search_term_string}"},"query-input":{"@type":"PropertyValueSpecification","valueRequired":true,"valueName":"search_term_string"}}],"inLanguage":"pt-BR"}]}},"jetpack_featured_media_url":"","_links":{"self":[{"href":"https:\/\/www.blogsoestado.com\/danielmatos\/wp-json\/wp\/v2\/posts\/23024","targetHints":{"allow":["GET"]}}],"collection":[{"href":"https:\/\/www.blogsoestado.com\/danielmatos\/wp-json\/wp\/v2\/posts"}],"about":[{"href":"https:\/\/www.blogsoestado.com\/danielmatos\/wp-json\/wp\/v2\/types\/post"}],"replies":[{"embeddable":true,"href":"https:\/\/www.blogsoestado.com\/danielmatos\/wp-json\/wp\/v2\/comments?post=23024"}],"version-history":[{"count":0,"href":"https:\/\/www.blogsoestado.com\/danielmatos\/wp-json\/wp\/v2\/posts\/23024\/revisions"}],"wp:attachment":[{"href":"https:\/\/www.blogsoestado.com\/danielmatos\/wp-json\/wp\/v2\/media?parent=23024"}],"wp:term":[{"taxonomy":"category","embeddable":true,"href":"https:\/\/www.blogsoestado.com\/danielmatos\/wp-json\/wp\/v2\/categories?post=23024"},{"taxonomy":"post_tag","embeddable":true,"href":"https:\/\/www.blogsoestado.com\/danielmatos\/wp-json\/wp\/v2\/tags?post=23024"}],"curies":[{"name":"wp","href":"https:\/\/api.w.org\/{rel}","templated":true}]}}