{"id":23027,"date":"2015-04-01T16:20:44","date_gmt":"2015-04-01T19:20:44","guid":{"rendered":"https:\/\/www.blogsoestado.com\/danielmatos\/?p=23027"},"modified":"2015-04-01T16:20:44","modified_gmt":"2015-04-01T19:20:44","slug":"prefeitura-de-paco-do-lumiar-homenageia-mulheres-de-destaque-no-municipio","status":"publish","type":"post","link":"https:\/\/www.blogsoestado.com\/danielmatos\/prefeitura-de-paco-do-lumiar-homenageia-mulheres-de-destaque-no-municipio\/","title":{"rendered":"Prefeitura de Pa\u00e7o do Lumiar homenageia mulheres de destaque no munic\u00edpio"},"content":{"rendered":"<figure id=\"attachment_23028\" aria-describedby=\"caption-attachment-23028\" style=\"width: 640px\" class=\"wp-caption aligncenter\"><a href=\"https:\/\/www.blogsoestado.com\/danielmatos\/files\/2015\/04\/pa\u00e7o-homenageia-mulheres.jpg\"><img fetchpriority=\"high\" decoding=\"async\" class=\"size-full wp-image-23028\" src=\"https:\/\/www.blogsoestado.com\/danielmatos\/files\/2015\/04\/pa\u00e7o-homenageia-mulheres.jpg\" alt=\"Homenagem ocorreu na segunda edi\u00e7\u00e3o do Baile de Gala das Mulheres Luminenses\" width=\"640\" height=\"427\" \/><\/a><figcaption id=\"caption-attachment-23028\" class=\"wp-caption-text\">Homenagem ocorreu na segunda edi\u00e7\u00e3o do Baile de Gala das Mulheres Luminenses (<strong>Foto:<\/strong> Hamilton Jr.)<\/figcaption><\/figure>\n<p>Na noite de ontem (31), a Secretaria Extraordin\u00e1ria de Pol\u00edticas para as Mulheres (SEMUP) homenageou 10 mulheres de destaque no munic\u00edpio, na segunda edi\u00e7\u00e3o do Baile de Gala das Mulheres Luminenses, realizado no convento das Ir. da Purifica\u00e7\u00e3o, no Maiob\u00e3o. A cerim\u00f4nia marcou o encerramento do m\u00eas da Mulher e contou com a presen\u00e7a de secret\u00e1rios municipais, dos vereadores Leonardo Bruno Rodrigues e Wellington Sousa e familiares das homenageadas.<\/p>\n<p>De acordo com a secret\u00e1ria Carla Sousa, a Prefeitura de Pa\u00e7o do Lumiar promove essa homenagem simb\u00f3lica em reconhecimento ao trabalho das mulheres luminenses em v\u00e1rios segmentos. \u201cAcreditamos na for\u00e7a da mulher de Pa\u00e7o do Lumiar, no seu poder de transforma\u00e7\u00e3o e supera\u00e7\u00e3o, e a pol\u00edtica de assist\u00eancia ao g\u00eanero justifica e reafirma o compromisso da gest\u00e3o do prefeito Josemar que, de forma audaciosa, criou a secretaria da Mulher\u201d, ressaltou Carla Sousa.<\/p>\n<p>Entre as homenageadas est\u00e1 a dona Ign\u00eas Vit\u00f3ria Ferreira da Cruz, uma das moradoras mais antigas da Sede de Pa\u00e7o do Lumiar, professora e mantenedora da tradicional Festa do Divino Esp\u00edrito Santo. \u201cFiquei muito emocionada pela indica\u00e7\u00e3o entre tantas mulheres importantes no munic\u00edpio. Para mim \u00e9 uma alegria imensa ser reconhecida pela meu trabalho e na minha cidade que tanto amo\u201d, declarou dona In\u00eas.<\/p>\n<p>Outra mulher de destaque no munic\u00edpio, homenageada da noite, foi a pedagoga escritora romancista, Ahtange Ferreira, autora de tr\u00eas livros reconhecidos nacionalmente e membro da Academia Luminense de Letras de Pa\u00e7o do Lumiar.<\/p>\n<p>A honraria foi concedida tamb\u00e9m \u00e0 Lurdenilde Costa (L\u00edder Comunit\u00e1ria), Miriam Costa (empreendedora), Olindina Heronita (idosa),Lucilene da Silva Concei\u00e7\u00e3o (artes\u00e3), K\u00e1tia Regina (trabalho social), K\u00e1tia R\u00e9gia (sa\u00fade), Maria da Gra\u00e7a Privado (educa\u00e7\u00e3o) e Maria de F\u00e1tima da Silva (sindicalista).<\/p>\n","protected":false},"excerpt":{"rendered":"<p>Na noite de ontem (31), a Secretaria Extraordin\u00e1ria de Pol\u00edticas para as Mulheres (SEMUP) homenageou 10 mulheres de destaque no [&hellip;]<\/p>\n","protected":false},"author":0,"featured_media":0,"comment_status":"open","ping_status":"open","sticky":false,"template":"","format":"standard","meta":{"site-sidebar-layout":"default","site-content-layout":"","ast-site-content-layout":"default","site-content-style":"default","site-sidebar-style":"default","ast-global-header-display":"","ast-banner-title-visibility":"","ast-main-header-display":"","ast-hfb-above-header-display":"","ast-hfb-below-header-display":"","ast-hfb-mobile-header-display":"","site-post-title":"","ast-breadcrumbs-content":"","ast-featured-img":"","footer-sml-layout":"","ast-disable-related-posts":"","theme-transparent-header-meta":"","adv-header-id-meta":"","stick-header-meta":"","header-above-stick-meta":"","header-main-stick-meta":"","header-below-stick-meta":"","astra-migrate-meta-layouts":"default","ast-page-background-enabled":"default","ast-page-background-meta":{"desktop":{"background-color":"var(--ast-global-color-5)","background-image":"","background-repeat":"repeat","background-position":"center center","background-size":"auto","background-attachment":"scroll","background-type":"","background-media":"","overlay-type":"","overlay-color":"","overlay-opacity":"","overlay-gradient":""},"tablet":{"background-color":"","background-image":"","background-repeat":"repeat","background-position":"center center","background-size":"auto","background-attachment":"scroll","background-type":"","background-media":"","overlay-type":"","overlay-color":"","overlay-opacity":"","overlay-gradient":""},"mobile":{"background-color":"","background-image":"","background-repeat":"repeat","background-position":"center center","background-size":"auto","background-attachment":"scroll","background-type":"","background-media":"","overlay-type":"","overlay-color":"","overlay-opacity":"","overlay-gradient":""}},"ast-content-background-meta":{"desktop":{"background-color":"var(--ast-global-color-4)","background-image":"","background-repeat":"repeat","background-position":"center center","background-size":"auto","background-attachment":"scroll","background-type":"","background-media":"","overlay-type":"","overlay-color":"","overlay-opacity":"","overlay-gradient":""},"tablet":{"background-color":"var(--ast-global-color-4)","background-image":"","background-repeat":"repeat","background-position":"center center","background-size":"auto","background-attachment":"scroll","background-type":"","background-media":"","overlay-type":"","overlay-color":"","overlay-opacity":"","overlay-gradient":""},"mobile":{"background-color":"var(--ast-global-color-4)","background-image":"","background-repeat":"repeat","background-position":"center center","background-size":"auto","background-attachment":"scroll","background-type":"","background-media":"","overlay-type":"","overlay-color":"","overlay-opacity":"","overlay-gradient":""}},"footnotes":""},"categories":[1],"tags":[],"class_list":["post-23027","post","type-post","status-publish","format-standard","hentry","category-sem-categoria"],"yoast_head":"<!-- This site is optimized with the Yoast SEO plugin v26.6 - https:\/\/yoast.com\/wordpress\/plugins\/seo\/ -->\n<title>Prefeitura de Pa\u00e7o do Lumiar homenageia mulheres de destaque no munic\u00edpio - Daniel Matos<\/title>\n<meta name=\"robots\" content=\"index, follow, max-snippet:-1, max-image-preview:large, max-video-preview:-1\" \/>\n<link rel=\"canonical\" href=\"https:\/\/www.blogsoestado.com\/danielmatos\/prefeitura-de-paco-do-lumiar-homenageia-mulheres-de-destaque-no-municipio\/\" \/>\n<meta property=\"og:locale\" content=\"pt_BR\" \/>\n<meta property=\"og:type\" content=\"article\" \/>\n<meta property=\"og:title\" content=\"Prefeitura de Pa\u00e7o do Lumiar homenageia mulheres de destaque no munic\u00edpio - Daniel Matos\" \/>\n<meta property=\"og:description\" content=\"Na noite de ontem (31), a Secretaria Extraordin\u00e1ria de Pol\u00edticas para as Mulheres (SEMUP) homenageou 10 mulheres de destaque no [&hellip;]\" \/>\n<meta property=\"og:url\" content=\"https:\/\/www.blogsoestado.com\/danielmatos\/prefeitura-de-paco-do-lumiar-homenageia-mulheres-de-destaque-no-municipio\/\" \/>\n<meta property=\"og:site_name\" content=\"Daniel Matos\" \/>\n<meta property=\"article:published_time\" content=\"2015-04-01T19:20:44+00:00\" \/>\n<meta name=\"twitter:card\" content=\"summary_large_image\" \/>\n<meta name=\"twitter:label1\" content=\"Est. tempo de leitura\" \/>\n\t<meta name=\"twitter:data1\" content=\"2 minutos\" \/>\n<script type=\"application\/ld+json\" class=\"yoast-schema-graph\">{\"@context\":\"https:\/\/schema.org\",\"@graph\":[{\"@type\":\"WebPage\",\"@id\":\"https:\/\/www.blogsoestado.com\/danielmatos\/prefeitura-de-paco-do-lumiar-homenageia-mulheres-de-destaque-no-municipio\/\",\"url\":\"https:\/\/www.blogsoestado.com\/danielmatos\/prefeitura-de-paco-do-lumiar-homenageia-mulheres-de-destaque-no-municipio\/\",\"name\":\"Prefeitura de Pa\u00e7o do Lumiar homenageia mulheres de destaque no munic\u00edpio - Daniel Matos\",\"isPartOf\":{\"@id\":\"https:\/\/www.blogsoestado.com\/danielmatos\/#website\"},\"datePublished\":\"2015-04-01T19:20:44+00:00\",\"author\":{\"@id\":\"\"},\"breadcrumb\":{\"@id\":\"https:\/\/www.blogsoestado.com\/danielmatos\/prefeitura-de-paco-do-lumiar-homenageia-mulheres-de-destaque-no-municipio\/#breadcrumb\"},\"inLanguage\":\"pt-BR\",\"potentialAction\":[{\"@type\":\"ReadAction\",\"target\":[\"https:\/\/www.blogsoestado.com\/danielmatos\/prefeitura-de-paco-do-lumiar-homenageia-mulheres-de-destaque-no-municipio\/\"]}]},{\"@type\":\"BreadcrumbList\",\"@id\":\"https:\/\/www.blogsoestado.com\/danielmatos\/prefeitura-de-paco-do-lumiar-homenageia-mulheres-de-destaque-no-municipio\/#breadcrumb\",\"itemListElement\":[{\"@type\":\"ListItem\",\"position\":1,\"name\":\"In\u00edcio\",\"item\":\"https:\/\/www.blogsoestado.com\/danielmatos\/\"},{\"@type\":\"ListItem\",\"position\":2,\"name\":\"Prefeitura de Pa\u00e7o do Lumiar homenageia mulheres de destaque no munic\u00edpio\"}]},{\"@type\":\"WebSite\",\"@id\":\"https:\/\/www.blogsoestado.com\/danielmatos\/#website\",\"url\":\"https:\/\/www.blogsoestado.com\/danielmatos\/\",\"name\":\"Daniel Matos\",\"description\":\"\",\"potentialAction\":[{\"@type\":\"SearchAction\",\"target\":{\"@type\":\"EntryPoint\",\"urlTemplate\":\"https:\/\/www.blogsoestado.com\/danielmatos\/?s={search_term_string}\"},\"query-input\":{\"@type\":\"PropertyValueSpecification\",\"valueRequired\":true,\"valueName\":\"search_term_string\"}}],\"inLanguage\":\"pt-BR\"}]}<\/script>\n<!-- \/ Yoast SEO plugin. -->","yoast_head_json":{"title":"Prefeitura de Pa\u00e7o do Lumiar homenageia mulheres de destaque no munic\u00edpio - Daniel Matos","robots":{"index":"index","follow":"follow","max-snippet":"max-snippet:-1","max-image-preview":"max-image-preview:large","max-video-preview":"max-video-preview:-1"},"canonical":"https:\/\/www.blogsoestado.com\/danielmatos\/prefeitura-de-paco-do-lumiar-homenageia-mulheres-de-destaque-no-municipio\/","og_locale":"pt_BR","og_type":"article","og_title":"Prefeitura de Pa\u00e7o do Lumiar homenageia mulheres de destaque no munic\u00edpio - Daniel Matos","og_description":"Na noite de ontem (31), a Secretaria Extraordin\u00e1ria de Pol\u00edticas para as Mulheres (SEMUP) homenageou 10 mulheres de destaque no [&hellip;]","og_url":"https:\/\/www.blogsoestado.com\/danielmatos\/prefeitura-de-paco-do-lumiar-homenageia-mulheres-de-destaque-no-municipio\/","og_site_name":"Daniel Matos","article_published_time":"2015-04-01T19:20:44+00:00","twitter_card":"summary_large_image","twitter_misc":{"Est. tempo de leitura":"2 minutos"},"schema":{"@context":"https:\/\/schema.org","@graph":[{"@type":"WebPage","@id":"https:\/\/www.blogsoestado.com\/danielmatos\/prefeitura-de-paco-do-lumiar-homenageia-mulheres-de-destaque-no-municipio\/","url":"https:\/\/www.blogsoestado.com\/danielmatos\/prefeitura-de-paco-do-lumiar-homenageia-mulheres-de-destaque-no-municipio\/","name":"Prefeitura de Pa\u00e7o do Lumiar homenageia mulheres de destaque no munic\u00edpio - Daniel Matos","isPartOf":{"@id":"https:\/\/www.blogsoestado.com\/danielmatos\/#website"},"datePublished":"2015-04-01T19:20:44+00:00","author":{"@id":""},"breadcrumb":{"@id":"https:\/\/www.blogsoestado.com\/danielmatos\/prefeitura-de-paco-do-lumiar-homenageia-mulheres-de-destaque-no-municipio\/#breadcrumb"},"inLanguage":"pt-BR","potentialAction":[{"@type":"ReadAction","target":["https:\/\/www.blogsoestado.com\/danielmatos\/prefeitura-de-paco-do-lumiar-homenageia-mulheres-de-destaque-no-municipio\/"]}]},{"@type":"BreadcrumbList","@id":"https:\/\/www.blogsoestado.com\/danielmatos\/prefeitura-de-paco-do-lumiar-homenageia-mulheres-de-destaque-no-municipio\/#breadcrumb","itemListElement":[{"@type":"ListItem","position":1,"name":"In\u00edcio","item":"https:\/\/www.blogsoestado.com\/danielmatos\/"},{"@type":"ListItem","position":2,"name":"Prefeitura de Pa\u00e7o do Lumiar homenageia mulheres de destaque no munic\u00edpio"}]},{"@type":"WebSite","@id":"https:\/\/www.blogsoestado.com\/danielmatos\/#website","url":"https:\/\/www.blogsoestado.com\/danielmatos\/","name":"Daniel Matos","description":"","potentialAction":[{"@type":"SearchAction","target":{"@type":"EntryPoint","urlTemplate":"https:\/\/www.blogsoestado.com\/danielmatos\/?s={search_term_string}"},"query-input":{"@type":"PropertyValueSpecification","valueRequired":true,"valueName":"search_term_string"}}],"inLanguage":"pt-BR"}]}},"jetpack_featured_media_url":"","_links":{"self":[{"href":"https:\/\/www.blogsoestado.com\/danielmatos\/wp-json\/wp\/v2\/posts\/23027","targetHints":{"allow":["GET"]}}],"collection":[{"href":"https:\/\/www.blogsoestado.com\/danielmatos\/wp-json\/wp\/v2\/posts"}],"about":[{"href":"https:\/\/www.blogsoestado.com\/danielmatos\/wp-json\/wp\/v2\/types\/post"}],"replies":[{"embeddable":true,"href":"https:\/\/www.blogsoestado.com\/danielmatos\/wp-json\/wp\/v2\/comments?post=23027"}],"version-history":[{"count":0,"href":"https:\/\/www.blogsoestado.com\/danielmatos\/wp-json\/wp\/v2\/posts\/23027\/revisions"}],"wp:attachment":[{"href":"https:\/\/www.blogsoestado.com\/danielmatos\/wp-json\/wp\/v2\/media?parent=23027"}],"wp:term":[{"taxonomy":"category","embeddable":true,"href":"https:\/\/www.blogsoestado.com\/danielmatos\/wp-json\/wp\/v2\/categories?post=23027"},{"taxonomy":"post_tag","embeddable":true,"href":"https:\/\/www.blogsoestado.com\/danielmatos\/wp-json\/wp\/v2\/tags?post=23027"}],"curies":[{"name":"wp","href":"https:\/\/api.w.org\/{rel}","templated":true}]}}