{"id":23045,"date":"2015-04-02T11:09:52","date_gmt":"2015-04-02T14:09:52","guid":{"rendered":"https:\/\/www.blogsoestado.com\/danielmatos\/?p=23045"},"modified":"2015-04-02T11:09:52","modified_gmt":"2015-04-02T14:09:52","slug":"vereadora-cobra-de-flavio-dino-reativacao-de-maternidade-no-anjo-da-guarda","status":"publish","type":"post","link":"https:\/\/www.blogsoestado.com\/danielmatos\/vereadora-cobra-de-flavio-dino-reativacao-de-maternidade-no-anjo-da-guarda\/","title":{"rendered":"Vereadora cobra de Fl\u00e1vio Dino reativa\u00e7\u00e3o de maternidade no Anjo da Guarda"},"content":{"rendered":"<figure id=\"attachment_23046\" aria-describedby=\"caption-attachment-23046\" style=\"width: 314px\" class=\"wp-caption alignleft\"><a href=\"https:\/\/www.blogsoestado.com\/danielmatos\/files\/2015\/04\/eidimar-gomes.jpg\"><img fetchpriority=\"high\" decoding=\"async\" class=\"size-full wp-image-23046\" src=\"https:\/\/www.blogsoestado.com\/danielmatos\/files\/2015\/04\/eidimar-gomes.jpg\" alt=\"Vereadora quer que Governo do Estado reabra maternidade totalmente reformada pela gest\u00e3o anterior \" width=\"314\" height=\"270\" \/><\/a><figcaption id=\"caption-attachment-23046\" class=\"wp-caption-text\">Vereadora quer que Governo do Estado reabra maternidade totalmente reformada pela gest\u00e3o anterior<\/figcaption><\/figure>\n<p>A vereadora Eidimar Gomes (PSDB) visitou na sexta-feira, 27, o Hospital Comunit\u00e1rio Nossa Senhora da Penha, maternidade gerenciada pelo Centro Comunit\u00e1rio Cat\u00f3lico do Anjo da Guarda, na \u00e1rea Itaqui-Bacanga, em S\u00e3o Lu\u00eds.<\/p>\n<p>Na visita, a parlamentar constatou que a unidade de sa\u00fade est\u00e1 fechada mesmo depois de ter passado por reforma, que foi custeada com recursos do Governo do Estado, recebendo at\u00e9 novos equipamentos.<\/p>\n<p>Como o hospital n\u00e3o voltou a funcionar, as mulheres gr\u00e1vidas que precisam de atendimentos acabam tendo que se deslocar para outros bairros para fazer consultas. \u201cN\u00e3o podemos admitir que as gestantes desta regi\u00e3o se desloquem para outras \u00e1reas, sendo que temos uma maternidade totalmente equipada, pronta para receber os pacientes, mas que continua sem funcionar,\u201d concluiu Eidimar Gomes.<\/p>\n<p>Durante a visita, a vereadora pode comprovar o bom estado que se encontra o pr\u00e9dio rec\u00e9m\u00ad reformado. Segundo a vereadora, h\u00e1 macas e outros equipamentos novos, por\u00e9m abandonados desde que a unidade foi inaugurada, em 23 de dezembro de 2014, pelo ent\u00e3o secret\u00e1rio Jos\u00e9 M\u00e1rcio Leite.<\/p>\n<p>Hoje, a unidade tem 28 leitos e cinco consult\u00f3rios. Enfermarias, salas de parto e outros setores equipados, mas sem uso. Ainda sem previs\u00e3o para voltar a funcionar, esta situa\u00e7\u00e3o mobilizou Eidimar Gomes a fazer uma indica\u00e7\u00e3o, que foi aprovada pela C\u00e2mara Municipal de S\u00e3o Lu\u00eds, ao Governador do Estado, Fl\u00e1vio Dino para tomar as devidas provid\u00eancias para o retorno imediato do funcionamento do Hospital Nossa Senhora da Penha.<\/p>\n<p>&#8220;Faz mais de um ano que fechou para a reforma e nunca mais funcionou. Conhe\u00e7o pessoas que tiveram que fazer o pr\u00e9\u00ad-natal no Centro. J\u00e1 com seis meses de gravidez, precisou se deslocar, mesmo tendo uma maternidade aqui no bairro&#8221;, lembrou a dona de casa, Maria de Jesus.<\/p>\n<p>Maria Domingas Almeida lembra que \u00e9 a segunda vez que chega ao hospital na esperan\u00e7a de encontr\u00e1-lo funcionando, mas volta para casa decepcionada. \u201cA maternidade foi entregue, mas ainda n\u00e3o est\u00e1 funcionando, \u00e9 a segunda vez que venho, \u00e9 uma situa\u00e7\u00e3o revoltante,\u201d relatou.<\/p>\n","protected":false},"excerpt":{"rendered":"<p>A vereadora Eidimar Gomes (PSDB) visitou na sexta-feira, 27, o Hospital Comunit\u00e1rio Nossa Senhora da Penha, maternidade gerenciada pelo Centro [&hellip;]<\/p>\n","protected":false},"author":0,"featured_media":0,"comment_status":"open","ping_status":"open","sticky":false,"template":"","format":"standard","meta":{"site-sidebar-layout":"default","site-content-layout":"","ast-site-content-layout":"default","site-content-style":"default","site-sidebar-style":"default","ast-global-header-display":"","ast-banner-title-visibility":"","ast-main-header-display":"","ast-hfb-above-header-display":"","ast-hfb-below-header-display":"","ast-hfb-mobile-header-display":"","site-post-title":"","ast-breadcrumbs-content":"","ast-featured-img":"","footer-sml-layout":"","ast-disable-related-posts":"","theme-transparent-header-meta":"","adv-header-id-meta":"","stick-header-meta":"","header-above-stick-meta":"","header-main-stick-meta":"","header-below-stick-meta":"","astra-migrate-meta-layouts":"default","ast-page-background-enabled":"default","ast-page-background-meta":{"desktop":{"background-color":"var(--ast-global-color-5)","background-image":"","background-repeat":"repeat","background-position":"center center","background-size":"auto","background-attachment":"scroll","background-type":"","background-media":"","overlay-type":"","overlay-color":"","overlay-opacity":"","overlay-gradient":""},"tablet":{"background-color":"","background-image":"","background-repeat":"repeat","background-position":"center center","background-size":"auto","background-attachment":"scroll","background-type":"","background-media":"","overlay-type":"","overlay-color":"","overlay-opacity":"","overlay-gradient":""},"mobile":{"background-color":"","background-image":"","background-repeat":"repeat","background-position":"center center","background-size":"auto","background-attachment":"scroll","background-type":"","background-media":"","overlay-type":"","overlay-color":"","overlay-opacity":"","overlay-gradient":""}},"ast-content-background-meta":{"desktop":{"background-color":"var(--ast-global-color-4)","background-image":"","background-repeat":"repeat","background-position":"center center","background-size":"auto","background-attachment":"scroll","background-type":"","background-media":"","overlay-type":"","overlay-color":"","overlay-opacity":"","overlay-gradient":""},"tablet":{"background-color":"var(--ast-global-color-4)","background-image":"","background-repeat":"repeat","background-position":"center center","background-size":"auto","background-attachment":"scroll","background-type":"","background-media":"","overlay-type":"","overlay-color":"","overlay-opacity":"","overlay-gradient":""},"mobile":{"background-color":"var(--ast-global-color-4)","background-image":"","background-repeat":"repeat","background-position":"center center","background-size":"auto","background-attachment":"scroll","background-type":"","background-media":"","overlay-type":"","overlay-color":"","overlay-opacity":"","overlay-gradient":""}},"footnotes":""},"categories":[1],"tags":[],"class_list":["post-23045","post","type-post","status-publish","format-standard","hentry","category-sem-categoria"],"yoast_head":"<!-- This site is optimized with the Yoast SEO plugin v26.6 - https:\/\/yoast.com\/wordpress\/plugins\/seo\/ -->\n<title>Vereadora cobra de Fl\u00e1vio Dino reativa\u00e7\u00e3o de maternidade no Anjo da Guarda - Daniel Matos<\/title>\n<meta name=\"robots\" content=\"index, follow, max-snippet:-1, max-image-preview:large, max-video-preview:-1\" \/>\n<link rel=\"canonical\" href=\"https:\/\/www.blogsoestado.com\/danielmatos\/vereadora-cobra-de-flavio-dino-reativacao-de-maternidade-no-anjo-da-guarda\/\" \/>\n<meta property=\"og:locale\" content=\"pt_BR\" \/>\n<meta property=\"og:type\" content=\"article\" \/>\n<meta property=\"og:title\" content=\"Vereadora cobra de Fl\u00e1vio Dino reativa\u00e7\u00e3o de maternidade no Anjo da Guarda - Daniel Matos\" \/>\n<meta property=\"og:description\" content=\"A vereadora Eidimar Gomes (PSDB) visitou na sexta-feira, 27, o Hospital Comunit\u00e1rio Nossa Senhora da Penha, maternidade gerenciada pelo Centro [&hellip;]\" \/>\n<meta property=\"og:url\" content=\"https:\/\/www.blogsoestado.com\/danielmatos\/vereadora-cobra-de-flavio-dino-reativacao-de-maternidade-no-anjo-da-guarda\/\" \/>\n<meta property=\"og:site_name\" content=\"Daniel Matos\" \/>\n<meta property=\"article:published_time\" content=\"2015-04-02T14:09:52+00:00\" \/>\n<meta property=\"og:image\" content=\"https:\/\/www.blogsoestado.com\/danielmatos\/files\/2015\/04\/eidimar-gomes.jpg\" \/>\n<meta name=\"twitter:card\" content=\"summary_large_image\" \/>\n<meta name=\"twitter:label1\" content=\"Est. tempo de leitura\" \/>\n\t<meta name=\"twitter:data1\" content=\"2 minutos\" \/>\n<script type=\"application\/ld+json\" class=\"yoast-schema-graph\">{\"@context\":\"https:\/\/schema.org\",\"@graph\":[{\"@type\":\"WebPage\",\"@id\":\"https:\/\/www.blogsoestado.com\/danielmatos\/vereadora-cobra-de-flavio-dino-reativacao-de-maternidade-no-anjo-da-guarda\/\",\"url\":\"https:\/\/www.blogsoestado.com\/danielmatos\/vereadora-cobra-de-flavio-dino-reativacao-de-maternidade-no-anjo-da-guarda\/\",\"name\":\"Vereadora cobra de Fl\u00e1vio Dino reativa\u00e7\u00e3o de maternidade no Anjo da Guarda - Daniel Matos\",\"isPartOf\":{\"@id\":\"https:\/\/www.blogsoestado.com\/danielmatos\/#website\"},\"primaryImageOfPage\":{\"@id\":\"https:\/\/www.blogsoestado.com\/danielmatos\/vereadora-cobra-de-flavio-dino-reativacao-de-maternidade-no-anjo-da-guarda\/#primaryimage\"},\"image\":{\"@id\":\"https:\/\/www.blogsoestado.com\/danielmatos\/vereadora-cobra-de-flavio-dino-reativacao-de-maternidade-no-anjo-da-guarda\/#primaryimage\"},\"thumbnailUrl\":\"https:\/\/www.blogsoestado.com\/danielmatos\/files\/2015\/04\/eidimar-gomes.jpg\",\"datePublished\":\"2015-04-02T14:09:52+00:00\",\"author\":{\"@id\":\"\"},\"breadcrumb\":{\"@id\":\"https:\/\/www.blogsoestado.com\/danielmatos\/vereadora-cobra-de-flavio-dino-reativacao-de-maternidade-no-anjo-da-guarda\/#breadcrumb\"},\"inLanguage\":\"pt-BR\",\"potentialAction\":[{\"@type\":\"ReadAction\",\"target\":[\"https:\/\/www.blogsoestado.com\/danielmatos\/vereadora-cobra-de-flavio-dino-reativacao-de-maternidade-no-anjo-da-guarda\/\"]}]},{\"@type\":\"ImageObject\",\"inLanguage\":\"pt-BR\",\"@id\":\"https:\/\/www.blogsoestado.com\/danielmatos\/vereadora-cobra-de-flavio-dino-reativacao-de-maternidade-no-anjo-da-guarda\/#primaryimage\",\"url\":\"https:\/\/www.blogsoestado.com\/danielmatos\/files\/2015\/04\/eidimar-gomes.jpg\",\"contentUrl\":\"https:\/\/www.blogsoestado.com\/danielmatos\/files\/2015\/04\/eidimar-gomes.jpg\"},{\"@type\":\"BreadcrumbList\",\"@id\":\"https:\/\/www.blogsoestado.com\/danielmatos\/vereadora-cobra-de-flavio-dino-reativacao-de-maternidade-no-anjo-da-guarda\/#breadcrumb\",\"itemListElement\":[{\"@type\":\"ListItem\",\"position\":1,\"name\":\"In\u00edcio\",\"item\":\"https:\/\/www.blogsoestado.com\/danielmatos\/\"},{\"@type\":\"ListItem\",\"position\":2,\"name\":\"Vereadora cobra de Fl\u00e1vio Dino reativa\u00e7\u00e3o de maternidade no Anjo da Guarda\"}]},{\"@type\":\"WebSite\",\"@id\":\"https:\/\/www.blogsoestado.com\/danielmatos\/#website\",\"url\":\"https:\/\/www.blogsoestado.com\/danielmatos\/\",\"name\":\"Daniel Matos\",\"description\":\"\",\"potentialAction\":[{\"@type\":\"SearchAction\",\"target\":{\"@type\":\"EntryPoint\",\"urlTemplate\":\"https:\/\/www.blogsoestado.com\/danielmatos\/?s={search_term_string}\"},\"query-input\":{\"@type\":\"PropertyValueSpecification\",\"valueRequired\":true,\"valueName\":\"search_term_string\"}}],\"inLanguage\":\"pt-BR\"}]}<\/script>\n<!-- \/ Yoast SEO plugin. -->","yoast_head_json":{"title":"Vereadora cobra de Fl\u00e1vio Dino reativa\u00e7\u00e3o de maternidade no Anjo da Guarda - Daniel Matos","robots":{"index":"index","follow":"follow","max-snippet":"max-snippet:-1","max-image-preview":"max-image-preview:large","max-video-preview":"max-video-preview:-1"},"canonical":"https:\/\/www.blogsoestado.com\/danielmatos\/vereadora-cobra-de-flavio-dino-reativacao-de-maternidade-no-anjo-da-guarda\/","og_locale":"pt_BR","og_type":"article","og_title":"Vereadora cobra de Fl\u00e1vio Dino reativa\u00e7\u00e3o de maternidade no Anjo da Guarda - Daniel Matos","og_description":"A vereadora Eidimar Gomes (PSDB) visitou na sexta-feira, 27, o Hospital Comunit\u00e1rio Nossa Senhora da Penha, maternidade gerenciada pelo Centro [&hellip;]","og_url":"https:\/\/www.blogsoestado.com\/danielmatos\/vereadora-cobra-de-flavio-dino-reativacao-de-maternidade-no-anjo-da-guarda\/","og_site_name":"Daniel Matos","article_published_time":"2015-04-02T14:09:52+00:00","og_image":[{"url":"https:\/\/www.blogsoestado.com\/danielmatos\/files\/2015\/04\/eidimar-gomes.jpg","type":"","width":"","height":""}],"twitter_card":"summary_large_image","twitter_misc":{"Est. tempo de leitura":"2 minutos"},"schema":{"@context":"https:\/\/schema.org","@graph":[{"@type":"WebPage","@id":"https:\/\/www.blogsoestado.com\/danielmatos\/vereadora-cobra-de-flavio-dino-reativacao-de-maternidade-no-anjo-da-guarda\/","url":"https:\/\/www.blogsoestado.com\/danielmatos\/vereadora-cobra-de-flavio-dino-reativacao-de-maternidade-no-anjo-da-guarda\/","name":"Vereadora cobra de Fl\u00e1vio Dino reativa\u00e7\u00e3o de maternidade no Anjo da Guarda - Daniel Matos","isPartOf":{"@id":"https:\/\/www.blogsoestado.com\/danielmatos\/#website"},"primaryImageOfPage":{"@id":"https:\/\/www.blogsoestado.com\/danielmatos\/vereadora-cobra-de-flavio-dino-reativacao-de-maternidade-no-anjo-da-guarda\/#primaryimage"},"image":{"@id":"https:\/\/www.blogsoestado.com\/danielmatos\/vereadora-cobra-de-flavio-dino-reativacao-de-maternidade-no-anjo-da-guarda\/#primaryimage"},"thumbnailUrl":"https:\/\/www.blogsoestado.com\/danielmatos\/files\/2015\/04\/eidimar-gomes.jpg","datePublished":"2015-04-02T14:09:52+00:00","author":{"@id":""},"breadcrumb":{"@id":"https:\/\/www.blogsoestado.com\/danielmatos\/vereadora-cobra-de-flavio-dino-reativacao-de-maternidade-no-anjo-da-guarda\/#breadcrumb"},"inLanguage":"pt-BR","potentialAction":[{"@type":"ReadAction","target":["https:\/\/www.blogsoestado.com\/danielmatos\/vereadora-cobra-de-flavio-dino-reativacao-de-maternidade-no-anjo-da-guarda\/"]}]},{"@type":"ImageObject","inLanguage":"pt-BR","@id":"https:\/\/www.blogsoestado.com\/danielmatos\/vereadora-cobra-de-flavio-dino-reativacao-de-maternidade-no-anjo-da-guarda\/#primaryimage","url":"https:\/\/www.blogsoestado.com\/danielmatos\/files\/2015\/04\/eidimar-gomes.jpg","contentUrl":"https:\/\/www.blogsoestado.com\/danielmatos\/files\/2015\/04\/eidimar-gomes.jpg"},{"@type":"BreadcrumbList","@id":"https:\/\/www.blogsoestado.com\/danielmatos\/vereadora-cobra-de-flavio-dino-reativacao-de-maternidade-no-anjo-da-guarda\/#breadcrumb","itemListElement":[{"@type":"ListItem","position":1,"name":"In\u00edcio","item":"https:\/\/www.blogsoestado.com\/danielmatos\/"},{"@type":"ListItem","position":2,"name":"Vereadora cobra de Fl\u00e1vio Dino reativa\u00e7\u00e3o de maternidade no Anjo da Guarda"}]},{"@type":"WebSite","@id":"https:\/\/www.blogsoestado.com\/danielmatos\/#website","url":"https:\/\/www.blogsoestado.com\/danielmatos\/","name":"Daniel Matos","description":"","potentialAction":[{"@type":"SearchAction","target":{"@type":"EntryPoint","urlTemplate":"https:\/\/www.blogsoestado.com\/danielmatos\/?s={search_term_string}"},"query-input":{"@type":"PropertyValueSpecification","valueRequired":true,"valueName":"search_term_string"}}],"inLanguage":"pt-BR"}]}},"jetpack_featured_media_url":"","_links":{"self":[{"href":"https:\/\/www.blogsoestado.com\/danielmatos\/wp-json\/wp\/v2\/posts\/23045","targetHints":{"allow":["GET"]}}],"collection":[{"href":"https:\/\/www.blogsoestado.com\/danielmatos\/wp-json\/wp\/v2\/posts"}],"about":[{"href":"https:\/\/www.blogsoestado.com\/danielmatos\/wp-json\/wp\/v2\/types\/post"}],"replies":[{"embeddable":true,"href":"https:\/\/www.blogsoestado.com\/danielmatos\/wp-json\/wp\/v2\/comments?post=23045"}],"version-history":[{"count":0,"href":"https:\/\/www.blogsoestado.com\/danielmatos\/wp-json\/wp\/v2\/posts\/23045\/revisions"}],"wp:attachment":[{"href":"https:\/\/www.blogsoestado.com\/danielmatos\/wp-json\/wp\/v2\/media?parent=23045"}],"wp:term":[{"taxonomy":"category","embeddable":true,"href":"https:\/\/www.blogsoestado.com\/danielmatos\/wp-json\/wp\/v2\/categories?post=23045"},{"taxonomy":"post_tag","embeddable":true,"href":"https:\/\/www.blogsoestado.com\/danielmatos\/wp-json\/wp\/v2\/tags?post=23045"}],"curies":[{"name":"wp","href":"https:\/\/api.w.org\/{rel}","templated":true}]}}