{"id":23057,"date":"2015-04-03T11:25:04","date_gmt":"2015-04-03T14:25:04","guid":{"rendered":"https:\/\/www.blogsoestado.com\/danielmatos\/?p=23057"},"modified":"2015-04-03T11:25:04","modified_gmt":"2015-04-03T14:25:04","slug":"flavio-dino-exonera-secretario-adjunto-da-seduc-indicado-por-weverton-rocha","status":"publish","type":"post","link":"https:\/\/www.blogsoestado.com\/danielmatos\/flavio-dino-exonera-secretario-adjunto-da-seduc-indicado-por-weverton-rocha\/","title":{"rendered":"Fl\u00e1vio Dino exonera secret\u00e1rio-adjunto da Seduc indicado por Weverton Rocha"},"content":{"rendered":"<figure id=\"attachment_23058\" aria-describedby=\"caption-attachment-23058\" style=\"width: 448px\" class=\"wp-caption alignright\"><a href=\"https:\/\/www.blogsoestado.com\/danielmatos\/files\/2015\/04\/weverton-dino.jpg\"><img fetchpriority=\"high\" decoding=\"async\" class=\"size-full wp-image-23058\" src=\"https:\/\/www.blogsoestado.com\/danielmatos\/files\/2015\/04\/weverton-dino.jpg\" alt=\"Fl\u00e1vio Dino excluiu indicado de Weverton do seu governo \" width=\"448\" height=\"319\" \/><\/a><figcaption id=\"caption-attachment-23058\" class=\"wp-caption-text\">Fl\u00e1vio Dino excluiu indicado do deputado Weverton Rocha do seu governo<\/figcaption><\/figure>\n<p>Mais um\u00a0indicado\u00a0do deputado federal Weverton Rocha (PDT) foi exonerado ap\u00f3s criar problemas no \u00f3rg\u00e3o em que\u00a0estava lotado. Depois de Kariadne Maia, demitida em fevereiro do ano passado do cargo\u00a0de secret\u00e1ria-adjunta da Secretaria Municipal de Educa\u00e7\u00e3o (Semed), por conspira\u00e7\u00e3o e por envolvimento com uma ONG suspeita, foi a vez de Rodrigo Paz, agora ex-secret\u00e1rio-adjunto de Suporte ao Sistema Educacional da Secretaria Estadual de Educa\u00e7\u00e3o (Seduc). O ato de exonera\u00e7\u00e3o, assinado pelo governador Fl\u00e1vio Dino, foi publicado no \u00faltimo dia 1\u00ba no Di\u00e1rio Oficial do Estado.<\/p>\n<p>Segundo apurou o blog, Rodrigo Paz responde ao processo criminal de n\u00ba 29732002, em tramita\u00e7\u00e3o na Vara de Execu\u00e7\u00f5es Criminais e Penas Alternativas da capital. A a\u00e7\u00e3o foi movida pela sociedade,\u00a0de acordo com o sistema de busca do site do Tribunal de Justi\u00e7a do Maranh\u00e3o, que n\u00e3o especifica o motivo pelo qual ele foi processado.<\/p>\n<p>N\u00e3o bastassem\u00a0os maus antecedentes, o ex-adjunto\u00a0era taxado de incompetente.\u00a0Mesmo assim, agia com extrema arrog\u00e2ncia\u00a0e tratava todos na Seduc com maldade. Para piorar, entrou em rota de colis\u00e3o com a pr\u00f3pria secret\u00e1ria de Educa\u00e7\u00e3o, \u00c1urea Prazeres, que n\u00e3o suportando mais a presen\u00e7a inc\u00f4moda,\u00a0sentenciou: &#8220;ou ele ou eu!&#8221;.<\/p>\n<p>N\u00e3o deu outra, o aliado de Weverton\u00a0perdeu a boquinha no governo, para desgosto do padrinho. No caso de Kariadne,\u00a0Fl\u00e1vio Dino deu ao deputado pedetista o direito de indicar o substituto. N\u00e3o se sabe se dessa vez\u00a0o governador fez a mesma concess\u00e3o. Abaixo, o ato de exonera\u00e7\u00e3o de Rodrigo Paz:<\/p>\n<p><a href=\"https:\/\/www.blogsoestado.com\/danielmatos\/files\/2015\/04\/exonera\u00e7\u00e3o-seduc.jpg\"><img decoding=\"async\" class=\"aligncenter size-full wp-image-23059\" src=\"https:\/\/www.blogsoestado.com\/danielmatos\/files\/2015\/04\/exonera\u00e7\u00e3o-seduc.jpg\" alt=\"exonera\u00e7\u00e3o seduc\" width=\"384\" height=\"640\" \/><\/a><\/p>\n","protected":false},"excerpt":{"rendered":"<p>Mais um\u00a0indicado\u00a0do deputado federal Weverton Rocha (PDT) foi exonerado ap\u00f3s criar problemas no \u00f3rg\u00e3o em que\u00a0estava lotado. Depois de Kariadne [&hellip;]<\/p>\n","protected":false},"author":0,"featured_media":0,"comment_status":"open","ping_status":"open","sticky":false,"template":"","format":"standard","meta":{"site-sidebar-layout":"default","site-content-layout":"","ast-site-content-layout":"default","site-content-style":"default","site-sidebar-style":"default","ast-global-header-display":"","ast-banner-title-visibility":"","ast-main-header-display":"","ast-hfb-above-header-display":"","ast-hfb-below-header-display":"","ast-hfb-mobile-header-display":"","site-post-title":"","ast-breadcrumbs-content":"","ast-featured-img":"","footer-sml-layout":"","ast-disable-related-posts":"","theme-transparent-header-meta":"","adv-header-id-meta":"","stick-header-meta":"","header-above-stick-meta":"","header-main-stick-meta":"","header-below-stick-meta":"","astra-migrate-meta-layouts":"default","ast-page-background-enabled":"default","ast-page-background-meta":{"desktop":{"background-color":"var(--ast-global-color-5)","background-image":"","background-repeat":"repeat","background-position":"center center","background-size":"auto","background-attachment":"scroll","background-type":"","background-media":"","overlay-type":"","overlay-color":"","overlay-opacity":"","overlay-gradient":""},"tablet":{"background-color":"","background-image":"","background-repeat":"repeat","background-position":"center center","background-size":"auto","background-attachment":"scroll","background-type":"","background-media":"","overlay-type":"","overlay-color":"","overlay-opacity":"","overlay-gradient":""},"mobile":{"background-color":"","background-image":"","background-repeat":"repeat","background-position":"center center","background-size":"auto","background-attachment":"scroll","background-type":"","background-media":"","overlay-type":"","overlay-color":"","overlay-opacity":"","overlay-gradient":""}},"ast-content-background-meta":{"desktop":{"background-color":"var(--ast-global-color-4)","background-image":"","background-repeat":"repeat","background-position":"center center","background-size":"auto","background-attachment":"scroll","background-type":"","background-media":"","overlay-type":"","overlay-color":"","overlay-opacity":"","overlay-gradient":""},"tablet":{"background-color":"var(--ast-global-color-4)","background-image":"","background-repeat":"repeat","background-position":"center center","background-size":"auto","background-attachment":"scroll","background-type":"","background-media":"","overlay-type":"","overlay-color":"","overlay-opacity":"","overlay-gradient":""},"mobile":{"background-color":"var(--ast-global-color-4)","background-image":"","background-repeat":"repeat","background-position":"center center","background-size":"auto","background-attachment":"scroll","background-type":"","background-media":"","overlay-type":"","overlay-color":"","overlay-opacity":"","overlay-gradient":""}},"footnotes":""},"categories":[1],"tags":[],"class_list":["post-23057","post","type-post","status-publish","format-standard","hentry","category-sem-categoria"],"yoast_head":"<!-- This site is optimized with the Yoast SEO plugin v26.6 - https:\/\/yoast.com\/wordpress\/plugins\/seo\/ -->\n<title>Fl\u00e1vio Dino exonera secret\u00e1rio-adjunto da Seduc indicado por Weverton Rocha - Daniel Matos<\/title>\n<meta name=\"robots\" content=\"index, follow, max-snippet:-1, max-image-preview:large, max-video-preview:-1\" \/>\n<link rel=\"canonical\" href=\"https:\/\/www.blogsoestado.com\/danielmatos\/flavio-dino-exonera-secretario-adjunto-da-seduc-indicado-por-weverton-rocha\/\" \/>\n<meta property=\"og:locale\" content=\"pt_BR\" \/>\n<meta property=\"og:type\" content=\"article\" \/>\n<meta property=\"og:title\" content=\"Fl\u00e1vio Dino exonera secret\u00e1rio-adjunto da Seduc indicado por Weverton Rocha - Daniel Matos\" \/>\n<meta property=\"og:description\" content=\"Mais um\u00a0indicado\u00a0do deputado federal Weverton Rocha (PDT) foi exonerado ap\u00f3s criar problemas no \u00f3rg\u00e3o em que\u00a0estava lotado. Depois de Kariadne [&hellip;]\" \/>\n<meta property=\"og:url\" content=\"https:\/\/www.blogsoestado.com\/danielmatos\/flavio-dino-exonera-secretario-adjunto-da-seduc-indicado-por-weverton-rocha\/\" \/>\n<meta property=\"og:site_name\" content=\"Daniel Matos\" \/>\n<meta property=\"article:published_time\" content=\"2015-04-03T14:25:04+00:00\" \/>\n<meta property=\"og:image\" content=\"https:\/\/www.blogsoestado.com\/danielmatos\/files\/2015\/04\/weverton-dino.jpg\" \/>\n<meta name=\"twitter:card\" content=\"summary_large_image\" \/>\n<meta name=\"twitter:label1\" content=\"Est. tempo de leitura\" \/>\n\t<meta name=\"twitter:data1\" content=\"1 minuto\" \/>\n<script type=\"application\/ld+json\" class=\"yoast-schema-graph\">{\"@context\":\"https:\/\/schema.org\",\"@graph\":[{\"@type\":\"WebPage\",\"@id\":\"https:\/\/www.blogsoestado.com\/danielmatos\/flavio-dino-exonera-secretario-adjunto-da-seduc-indicado-por-weverton-rocha\/\",\"url\":\"https:\/\/www.blogsoestado.com\/danielmatos\/flavio-dino-exonera-secretario-adjunto-da-seduc-indicado-por-weverton-rocha\/\",\"name\":\"Fl\u00e1vio Dino exonera secret\u00e1rio-adjunto da Seduc indicado por Weverton Rocha - Daniel Matos\",\"isPartOf\":{\"@id\":\"https:\/\/www.blogsoestado.com\/danielmatos\/#website\"},\"primaryImageOfPage\":{\"@id\":\"https:\/\/www.blogsoestado.com\/danielmatos\/flavio-dino-exonera-secretario-adjunto-da-seduc-indicado-por-weverton-rocha\/#primaryimage\"},\"image\":{\"@id\":\"https:\/\/www.blogsoestado.com\/danielmatos\/flavio-dino-exonera-secretario-adjunto-da-seduc-indicado-por-weverton-rocha\/#primaryimage\"},\"thumbnailUrl\":\"https:\/\/www.blogsoestado.com\/danielmatos\/files\/2015\/04\/weverton-dino.jpg\",\"datePublished\":\"2015-04-03T14:25:04+00:00\",\"author\":{\"@id\":\"\"},\"breadcrumb\":{\"@id\":\"https:\/\/www.blogsoestado.com\/danielmatos\/flavio-dino-exonera-secretario-adjunto-da-seduc-indicado-por-weverton-rocha\/#breadcrumb\"},\"inLanguage\":\"pt-BR\",\"potentialAction\":[{\"@type\":\"ReadAction\",\"target\":[\"https:\/\/www.blogsoestado.com\/danielmatos\/flavio-dino-exonera-secretario-adjunto-da-seduc-indicado-por-weverton-rocha\/\"]}]},{\"@type\":\"ImageObject\",\"inLanguage\":\"pt-BR\",\"@id\":\"https:\/\/www.blogsoestado.com\/danielmatos\/flavio-dino-exonera-secretario-adjunto-da-seduc-indicado-por-weverton-rocha\/#primaryimage\",\"url\":\"https:\/\/www.blogsoestado.com\/danielmatos\/files\/2015\/04\/weverton-dino.jpg\",\"contentUrl\":\"https:\/\/www.blogsoestado.com\/danielmatos\/files\/2015\/04\/weverton-dino.jpg\"},{\"@type\":\"BreadcrumbList\",\"@id\":\"https:\/\/www.blogsoestado.com\/danielmatos\/flavio-dino-exonera-secretario-adjunto-da-seduc-indicado-por-weverton-rocha\/#breadcrumb\",\"itemListElement\":[{\"@type\":\"ListItem\",\"position\":1,\"name\":\"In\u00edcio\",\"item\":\"https:\/\/www.blogsoestado.com\/danielmatos\/\"},{\"@type\":\"ListItem\",\"position\":2,\"name\":\"Fl\u00e1vio Dino exonera secret\u00e1rio-adjunto da Seduc indicado por Weverton Rocha\"}]},{\"@type\":\"WebSite\",\"@id\":\"https:\/\/www.blogsoestado.com\/danielmatos\/#website\",\"url\":\"https:\/\/www.blogsoestado.com\/danielmatos\/\",\"name\":\"Daniel Matos\",\"description\":\"\",\"potentialAction\":[{\"@type\":\"SearchAction\",\"target\":{\"@type\":\"EntryPoint\",\"urlTemplate\":\"https:\/\/www.blogsoestado.com\/danielmatos\/?s={search_term_string}\"},\"query-input\":{\"@type\":\"PropertyValueSpecification\",\"valueRequired\":true,\"valueName\":\"search_term_string\"}}],\"inLanguage\":\"pt-BR\"}]}<\/script>\n<!-- \/ Yoast SEO plugin. -->","yoast_head_json":{"title":"Fl\u00e1vio Dino exonera secret\u00e1rio-adjunto da Seduc indicado por Weverton Rocha - Daniel Matos","robots":{"index":"index","follow":"follow","max-snippet":"max-snippet:-1","max-image-preview":"max-image-preview:large","max-video-preview":"max-video-preview:-1"},"canonical":"https:\/\/www.blogsoestado.com\/danielmatos\/flavio-dino-exonera-secretario-adjunto-da-seduc-indicado-por-weverton-rocha\/","og_locale":"pt_BR","og_type":"article","og_title":"Fl\u00e1vio Dino exonera secret\u00e1rio-adjunto da Seduc indicado por Weverton Rocha - Daniel Matos","og_description":"Mais um\u00a0indicado\u00a0do deputado federal Weverton Rocha (PDT) foi exonerado ap\u00f3s criar problemas no \u00f3rg\u00e3o em que\u00a0estava lotado. Depois de Kariadne [&hellip;]","og_url":"https:\/\/www.blogsoestado.com\/danielmatos\/flavio-dino-exonera-secretario-adjunto-da-seduc-indicado-por-weverton-rocha\/","og_site_name":"Daniel Matos","article_published_time":"2015-04-03T14:25:04+00:00","og_image":[{"url":"https:\/\/www.blogsoestado.com\/danielmatos\/files\/2015\/04\/weverton-dino.jpg","type":"","width":"","height":""}],"twitter_card":"summary_large_image","twitter_misc":{"Est. tempo de leitura":"1 minuto"},"schema":{"@context":"https:\/\/schema.org","@graph":[{"@type":"WebPage","@id":"https:\/\/www.blogsoestado.com\/danielmatos\/flavio-dino-exonera-secretario-adjunto-da-seduc-indicado-por-weverton-rocha\/","url":"https:\/\/www.blogsoestado.com\/danielmatos\/flavio-dino-exonera-secretario-adjunto-da-seduc-indicado-por-weverton-rocha\/","name":"Fl\u00e1vio Dino exonera secret\u00e1rio-adjunto da Seduc indicado por Weverton Rocha - Daniel Matos","isPartOf":{"@id":"https:\/\/www.blogsoestado.com\/danielmatos\/#website"},"primaryImageOfPage":{"@id":"https:\/\/www.blogsoestado.com\/danielmatos\/flavio-dino-exonera-secretario-adjunto-da-seduc-indicado-por-weverton-rocha\/#primaryimage"},"image":{"@id":"https:\/\/www.blogsoestado.com\/danielmatos\/flavio-dino-exonera-secretario-adjunto-da-seduc-indicado-por-weverton-rocha\/#primaryimage"},"thumbnailUrl":"https:\/\/www.blogsoestado.com\/danielmatos\/files\/2015\/04\/weverton-dino.jpg","datePublished":"2015-04-03T14:25:04+00:00","author":{"@id":""},"breadcrumb":{"@id":"https:\/\/www.blogsoestado.com\/danielmatos\/flavio-dino-exonera-secretario-adjunto-da-seduc-indicado-por-weverton-rocha\/#breadcrumb"},"inLanguage":"pt-BR","potentialAction":[{"@type":"ReadAction","target":["https:\/\/www.blogsoestado.com\/danielmatos\/flavio-dino-exonera-secretario-adjunto-da-seduc-indicado-por-weverton-rocha\/"]}]},{"@type":"ImageObject","inLanguage":"pt-BR","@id":"https:\/\/www.blogsoestado.com\/danielmatos\/flavio-dino-exonera-secretario-adjunto-da-seduc-indicado-por-weverton-rocha\/#primaryimage","url":"https:\/\/www.blogsoestado.com\/danielmatos\/files\/2015\/04\/weverton-dino.jpg","contentUrl":"https:\/\/www.blogsoestado.com\/danielmatos\/files\/2015\/04\/weverton-dino.jpg"},{"@type":"BreadcrumbList","@id":"https:\/\/www.blogsoestado.com\/danielmatos\/flavio-dino-exonera-secretario-adjunto-da-seduc-indicado-por-weverton-rocha\/#breadcrumb","itemListElement":[{"@type":"ListItem","position":1,"name":"In\u00edcio","item":"https:\/\/www.blogsoestado.com\/danielmatos\/"},{"@type":"ListItem","position":2,"name":"Fl\u00e1vio Dino exonera secret\u00e1rio-adjunto da Seduc indicado por Weverton Rocha"}]},{"@type":"WebSite","@id":"https:\/\/www.blogsoestado.com\/danielmatos\/#website","url":"https:\/\/www.blogsoestado.com\/danielmatos\/","name":"Daniel Matos","description":"","potentialAction":[{"@type":"SearchAction","target":{"@type":"EntryPoint","urlTemplate":"https:\/\/www.blogsoestado.com\/danielmatos\/?s={search_term_string}"},"query-input":{"@type":"PropertyValueSpecification","valueRequired":true,"valueName":"search_term_string"}}],"inLanguage":"pt-BR"}]}},"jetpack_featured_media_url":"","_links":{"self":[{"href":"https:\/\/www.blogsoestado.com\/danielmatos\/wp-json\/wp\/v2\/posts\/23057","targetHints":{"allow":["GET"]}}],"collection":[{"href":"https:\/\/www.blogsoestado.com\/danielmatos\/wp-json\/wp\/v2\/posts"}],"about":[{"href":"https:\/\/www.blogsoestado.com\/danielmatos\/wp-json\/wp\/v2\/types\/post"}],"replies":[{"embeddable":true,"href":"https:\/\/www.blogsoestado.com\/danielmatos\/wp-json\/wp\/v2\/comments?post=23057"}],"version-history":[{"count":0,"href":"https:\/\/www.blogsoestado.com\/danielmatos\/wp-json\/wp\/v2\/posts\/23057\/revisions"}],"wp:attachment":[{"href":"https:\/\/www.blogsoestado.com\/danielmatos\/wp-json\/wp\/v2\/media?parent=23057"}],"wp:term":[{"taxonomy":"category","embeddable":true,"href":"https:\/\/www.blogsoestado.com\/danielmatos\/wp-json\/wp\/v2\/categories?post=23057"},{"taxonomy":"post_tag","embeddable":true,"href":"https:\/\/www.blogsoestado.com\/danielmatos\/wp-json\/wp\/v2\/tags?post=23057"}],"curies":[{"name":"wp","href":"https:\/\/api.w.org\/{rel}","templated":true}]}}