{"id":23067,"date":"2015-04-03T13:19:31","date_gmt":"2015-04-03T16:19:31","guid":{"rendered":"https:\/\/www.blogsoestado.com\/danielmatos\/?p=23067"},"modified":"2015-04-03T13:19:31","modified_gmt":"2015-04-03T16:19:31","slug":"tarifa-de-onibus-mais-cara-sera-reduzida-em-r-020","status":"publish","type":"post","link":"https:\/\/www.blogsoestado.com\/danielmatos\/tarifa-de-onibus-mais-cara-sera-reduzida-em-r-020\/","title":{"rendered":"Tarifa de \u00f4nibus mais cara ser\u00e1 reduzida em R$ 0,20"},"content":{"rendered":"<p><a href=\"https:\/\/www.blogsoestado.com\/danielmatos\/files\/2015\/04\/tarifa-onibus.jpg\"><img fetchpriority=\"high\" decoding=\"async\" class=\"alignleft size-full wp-image-23068\" src=\"https:\/\/www.blogsoestado.com\/danielmatos\/files\/2015\/04\/tarifa-onibus.jpg\" alt=\"tarifa onibus\" width=\"372\" height=\"201\" \/><\/a>O prefeito Edivaldo Holanda J\u00fanior reduziu o pre\u00e7o da passagem de \u00f4nibus do Sistema Integrado de R$ 2,80 para R$ 2,60. A redu\u00e7\u00e3o come\u00e7a a valer a partir de segunda-feira (6) e foi obtida gra\u00e7as ao pedido do prefeito Edivaldo Holanda J\u00fanior, que solicitou ao governador Fl\u00e1vio Dino a desonera\u00e7\u00e3o do ICMS cobrado sobre o \u00f3leo diesel para as empresas de \u00f4nibus. O pedido foi aceito pelo governador.<\/p>\n<p>Por meio da Secretaria Municipal de Tr\u00e2nsito e Transportes (SMTT), a Prefeitura j\u00e1 havia conseguido reduzir o reajuste proposto pelo Sindicato das Empresas de Transporte (SET), de 30% para 16%. &#8220;Pela proposta do SET, a passagem custaria R$ 3,50. O prefeito n\u00e3o aceitou. Com os 16%, ficou em R$ 2,80 e somente concordamos para evitar que a popula\u00e7\u00e3o fosse desgastada com uma nova greve&#8221;, explicou o secret\u00e1rio Canind\u00e9 Barros.<\/p>\n<p>Apesar do aceite de 16% para evitar uma greve e preju\u00edzo \u00e0 popula\u00e7\u00e3o, o prefeito Edivaldo prop\u00f4s ao governador Fl\u00e1vio Dino que fosse desonerado o ICMS sobre o diesel, o que permitiu a redu\u00e7\u00e3o de R$ 2,80 para R$ 2,60 no sistema integrado.<\/p>\n<p>A medida foi tomada ap\u00f3s diversas rodadas de negocia\u00e7\u00f5es que envolveram Prefeitura de S\u00e3o Lu\u00eds, governo do Estado e SET. &#8220;Desde o in\u00edcio das negocia\u00e7\u00f5es, temos nos empenhado ao m\u00e1ximo para impedir qualquer paralisa\u00e7\u00e3o dos servi\u00e7os de transporte p\u00fablico em nossa cidade, preservando o direito de ir e vir do usu\u00e1rio do sistema&#8221;, disse o prefeito Edivaldo.<\/p>\n<p><strong>Fonte:<\/strong> Secretaria Municipal de Comunica\u00e7\u00e3o (Secom)<\/p>\n","protected":false},"excerpt":{"rendered":"<p>O prefeito Edivaldo Holanda J\u00fanior reduziu o pre\u00e7o da passagem de \u00f4nibus do Sistema Integrado de R$ 2,80 para R$ [&hellip;]<\/p>\n","protected":false},"author":0,"featured_media":0,"comment_status":"open","ping_status":"open","sticky":false,"template":"","format":"standard","meta":{"site-sidebar-layout":"default","site-content-layout":"","ast-site-content-layout":"default","site-content-style":"default","site-sidebar-style":"default","ast-global-header-display":"","ast-banner-title-visibility":"","ast-main-header-display":"","ast-hfb-above-header-display":"","ast-hfb-below-header-display":"","ast-hfb-mobile-header-display":"","site-post-title":"","ast-breadcrumbs-content":"","ast-featured-img":"","footer-sml-layout":"","ast-disable-related-posts":"","theme-transparent-header-meta":"","adv-header-id-meta":"","stick-header-meta":"","header-above-stick-meta":"","header-main-stick-meta":"","header-below-stick-meta":"","astra-migrate-meta-layouts":"default","ast-page-background-enabled":"default","ast-page-background-meta":{"desktop":{"background-color":"var(--ast-global-color-5)","background-image":"","background-repeat":"repeat","background-position":"center center","background-size":"auto","background-attachment":"scroll","background-type":"","background-media":"","overlay-type":"","overlay-color":"","overlay-opacity":"","overlay-gradient":""},"tablet":{"background-color":"","background-image":"","background-repeat":"repeat","background-position":"center center","background-size":"auto","background-attachment":"scroll","background-type":"","background-media":"","overlay-type":"","overlay-color":"","overlay-opacity":"","overlay-gradient":""},"mobile":{"background-color":"","background-image":"","background-repeat":"repeat","background-position":"center center","background-size":"auto","background-attachment":"scroll","background-type":"","background-media":"","overlay-type":"","overlay-color":"","overlay-opacity":"","overlay-gradient":""}},"ast-content-background-meta":{"desktop":{"background-color":"var(--ast-global-color-4)","background-image":"","background-repeat":"repeat","background-position":"center center","background-size":"auto","background-attachment":"scroll","background-type":"","background-media":"","overlay-type":"","overlay-color":"","overlay-opacity":"","overlay-gradient":""},"tablet":{"background-color":"var(--ast-global-color-4)","background-image":"","background-repeat":"repeat","background-position":"center center","background-size":"auto","background-attachment":"scroll","background-type":"","background-media":"","overlay-type":"","overlay-color":"","overlay-opacity":"","overlay-gradient":""},"mobile":{"background-color":"var(--ast-global-color-4)","background-image":"","background-repeat":"repeat","background-position":"center center","background-size":"auto","background-attachment":"scroll","background-type":"","background-media":"","overlay-type":"","overlay-color":"","overlay-opacity":"","overlay-gradient":""}},"footnotes":""},"categories":[1],"tags":[],"class_list":["post-23067","post","type-post","status-publish","format-standard","hentry","category-sem-categoria"],"yoast_head":"<!-- This site is optimized with the Yoast SEO plugin v26.6 - https:\/\/yoast.com\/wordpress\/plugins\/seo\/ -->\n<title>Tarifa de \u00f4nibus mais cara ser\u00e1 reduzida em R$ 0,20 - Daniel Matos<\/title>\n<meta name=\"robots\" content=\"index, follow, max-snippet:-1, max-image-preview:large, max-video-preview:-1\" \/>\n<link rel=\"canonical\" href=\"https:\/\/www.blogsoestado.com\/danielmatos\/tarifa-de-onibus-mais-cara-sera-reduzida-em-r-020\/\" \/>\n<meta property=\"og:locale\" content=\"pt_BR\" \/>\n<meta property=\"og:type\" content=\"article\" \/>\n<meta property=\"og:title\" content=\"Tarifa de \u00f4nibus mais cara ser\u00e1 reduzida em R$ 0,20 - Daniel Matos\" \/>\n<meta property=\"og:description\" content=\"O prefeito Edivaldo Holanda J\u00fanior reduziu o pre\u00e7o da passagem de \u00f4nibus do Sistema Integrado de R$ 2,80 para R$ [&hellip;]\" \/>\n<meta property=\"og:url\" content=\"https:\/\/www.blogsoestado.com\/danielmatos\/tarifa-de-onibus-mais-cara-sera-reduzida-em-r-020\/\" \/>\n<meta property=\"og:site_name\" content=\"Daniel Matos\" \/>\n<meta property=\"article:published_time\" content=\"2015-04-03T16:19:31+00:00\" \/>\n<meta property=\"og:image\" content=\"https:\/\/www.blogsoestado.com\/danielmatos\/files\/2015\/04\/tarifa-onibus.jpg\" \/>\n<meta name=\"twitter:card\" content=\"summary_large_image\" \/>\n<meta name=\"twitter:label1\" content=\"Est. tempo de leitura\" \/>\n\t<meta name=\"twitter:data1\" content=\"1 minuto\" \/>\n<script type=\"application\/ld+json\" class=\"yoast-schema-graph\">{\"@context\":\"https:\/\/schema.org\",\"@graph\":[{\"@type\":\"WebPage\",\"@id\":\"https:\/\/www.blogsoestado.com\/danielmatos\/tarifa-de-onibus-mais-cara-sera-reduzida-em-r-020\/\",\"url\":\"https:\/\/www.blogsoestado.com\/danielmatos\/tarifa-de-onibus-mais-cara-sera-reduzida-em-r-020\/\",\"name\":\"Tarifa de \u00f4nibus mais cara ser\u00e1 reduzida em R$ 0,20 - Daniel Matos\",\"isPartOf\":{\"@id\":\"https:\/\/www.blogsoestado.com\/danielmatos\/#website\"},\"primaryImageOfPage\":{\"@id\":\"https:\/\/www.blogsoestado.com\/danielmatos\/tarifa-de-onibus-mais-cara-sera-reduzida-em-r-020\/#primaryimage\"},\"image\":{\"@id\":\"https:\/\/www.blogsoestado.com\/danielmatos\/tarifa-de-onibus-mais-cara-sera-reduzida-em-r-020\/#primaryimage\"},\"thumbnailUrl\":\"https:\/\/www.blogsoestado.com\/danielmatos\/files\/2015\/04\/tarifa-onibus.jpg\",\"datePublished\":\"2015-04-03T16:19:31+00:00\",\"author\":{\"@id\":\"\"},\"breadcrumb\":{\"@id\":\"https:\/\/www.blogsoestado.com\/danielmatos\/tarifa-de-onibus-mais-cara-sera-reduzida-em-r-020\/#breadcrumb\"},\"inLanguage\":\"pt-BR\",\"potentialAction\":[{\"@type\":\"ReadAction\",\"target\":[\"https:\/\/www.blogsoestado.com\/danielmatos\/tarifa-de-onibus-mais-cara-sera-reduzida-em-r-020\/\"]}]},{\"@type\":\"ImageObject\",\"inLanguage\":\"pt-BR\",\"@id\":\"https:\/\/www.blogsoestado.com\/danielmatos\/tarifa-de-onibus-mais-cara-sera-reduzida-em-r-020\/#primaryimage\",\"url\":\"https:\/\/www.blogsoestado.com\/danielmatos\/files\/2015\/04\/tarifa-onibus.jpg\",\"contentUrl\":\"https:\/\/www.blogsoestado.com\/danielmatos\/files\/2015\/04\/tarifa-onibus.jpg\"},{\"@type\":\"BreadcrumbList\",\"@id\":\"https:\/\/www.blogsoestado.com\/danielmatos\/tarifa-de-onibus-mais-cara-sera-reduzida-em-r-020\/#breadcrumb\",\"itemListElement\":[{\"@type\":\"ListItem\",\"position\":1,\"name\":\"In\u00edcio\",\"item\":\"https:\/\/www.blogsoestado.com\/danielmatos\/\"},{\"@type\":\"ListItem\",\"position\":2,\"name\":\"Tarifa de \u00f4nibus mais cara ser\u00e1 reduzida em R$ 0,20\"}]},{\"@type\":\"WebSite\",\"@id\":\"https:\/\/www.blogsoestado.com\/danielmatos\/#website\",\"url\":\"https:\/\/www.blogsoestado.com\/danielmatos\/\",\"name\":\"Daniel Matos\",\"description\":\"\",\"potentialAction\":[{\"@type\":\"SearchAction\",\"target\":{\"@type\":\"EntryPoint\",\"urlTemplate\":\"https:\/\/www.blogsoestado.com\/danielmatos\/?s={search_term_string}\"},\"query-input\":{\"@type\":\"PropertyValueSpecification\",\"valueRequired\":true,\"valueName\":\"search_term_string\"}}],\"inLanguage\":\"pt-BR\"}]}<\/script>\n<!-- \/ Yoast SEO plugin. -->","yoast_head_json":{"title":"Tarifa de \u00f4nibus mais cara ser\u00e1 reduzida em R$ 0,20 - Daniel Matos","robots":{"index":"index","follow":"follow","max-snippet":"max-snippet:-1","max-image-preview":"max-image-preview:large","max-video-preview":"max-video-preview:-1"},"canonical":"https:\/\/www.blogsoestado.com\/danielmatos\/tarifa-de-onibus-mais-cara-sera-reduzida-em-r-020\/","og_locale":"pt_BR","og_type":"article","og_title":"Tarifa de \u00f4nibus mais cara ser\u00e1 reduzida em R$ 0,20 - Daniel Matos","og_description":"O prefeito Edivaldo Holanda J\u00fanior reduziu o pre\u00e7o da passagem de \u00f4nibus do Sistema Integrado de R$ 2,80 para R$ [&hellip;]","og_url":"https:\/\/www.blogsoestado.com\/danielmatos\/tarifa-de-onibus-mais-cara-sera-reduzida-em-r-020\/","og_site_name":"Daniel Matos","article_published_time":"2015-04-03T16:19:31+00:00","og_image":[{"url":"https:\/\/www.blogsoestado.com\/danielmatos\/files\/2015\/04\/tarifa-onibus.jpg","type":"","width":"","height":""}],"twitter_card":"summary_large_image","twitter_misc":{"Est. tempo de leitura":"1 minuto"},"schema":{"@context":"https:\/\/schema.org","@graph":[{"@type":"WebPage","@id":"https:\/\/www.blogsoestado.com\/danielmatos\/tarifa-de-onibus-mais-cara-sera-reduzida-em-r-020\/","url":"https:\/\/www.blogsoestado.com\/danielmatos\/tarifa-de-onibus-mais-cara-sera-reduzida-em-r-020\/","name":"Tarifa de \u00f4nibus mais cara ser\u00e1 reduzida em R$ 0,20 - Daniel Matos","isPartOf":{"@id":"https:\/\/www.blogsoestado.com\/danielmatos\/#website"},"primaryImageOfPage":{"@id":"https:\/\/www.blogsoestado.com\/danielmatos\/tarifa-de-onibus-mais-cara-sera-reduzida-em-r-020\/#primaryimage"},"image":{"@id":"https:\/\/www.blogsoestado.com\/danielmatos\/tarifa-de-onibus-mais-cara-sera-reduzida-em-r-020\/#primaryimage"},"thumbnailUrl":"https:\/\/www.blogsoestado.com\/danielmatos\/files\/2015\/04\/tarifa-onibus.jpg","datePublished":"2015-04-03T16:19:31+00:00","author":{"@id":""},"breadcrumb":{"@id":"https:\/\/www.blogsoestado.com\/danielmatos\/tarifa-de-onibus-mais-cara-sera-reduzida-em-r-020\/#breadcrumb"},"inLanguage":"pt-BR","potentialAction":[{"@type":"ReadAction","target":["https:\/\/www.blogsoestado.com\/danielmatos\/tarifa-de-onibus-mais-cara-sera-reduzida-em-r-020\/"]}]},{"@type":"ImageObject","inLanguage":"pt-BR","@id":"https:\/\/www.blogsoestado.com\/danielmatos\/tarifa-de-onibus-mais-cara-sera-reduzida-em-r-020\/#primaryimage","url":"https:\/\/www.blogsoestado.com\/danielmatos\/files\/2015\/04\/tarifa-onibus.jpg","contentUrl":"https:\/\/www.blogsoestado.com\/danielmatos\/files\/2015\/04\/tarifa-onibus.jpg"},{"@type":"BreadcrumbList","@id":"https:\/\/www.blogsoestado.com\/danielmatos\/tarifa-de-onibus-mais-cara-sera-reduzida-em-r-020\/#breadcrumb","itemListElement":[{"@type":"ListItem","position":1,"name":"In\u00edcio","item":"https:\/\/www.blogsoestado.com\/danielmatos\/"},{"@type":"ListItem","position":2,"name":"Tarifa de \u00f4nibus mais cara ser\u00e1 reduzida em R$ 0,20"}]},{"@type":"WebSite","@id":"https:\/\/www.blogsoestado.com\/danielmatos\/#website","url":"https:\/\/www.blogsoestado.com\/danielmatos\/","name":"Daniel Matos","description":"","potentialAction":[{"@type":"SearchAction","target":{"@type":"EntryPoint","urlTemplate":"https:\/\/www.blogsoestado.com\/danielmatos\/?s={search_term_string}"},"query-input":{"@type":"PropertyValueSpecification","valueRequired":true,"valueName":"search_term_string"}}],"inLanguage":"pt-BR"}]}},"jetpack_featured_media_url":"","_links":{"self":[{"href":"https:\/\/www.blogsoestado.com\/danielmatos\/wp-json\/wp\/v2\/posts\/23067","targetHints":{"allow":["GET"]}}],"collection":[{"href":"https:\/\/www.blogsoestado.com\/danielmatos\/wp-json\/wp\/v2\/posts"}],"about":[{"href":"https:\/\/www.blogsoestado.com\/danielmatos\/wp-json\/wp\/v2\/types\/post"}],"replies":[{"embeddable":true,"href":"https:\/\/www.blogsoestado.com\/danielmatos\/wp-json\/wp\/v2\/comments?post=23067"}],"version-history":[{"count":0,"href":"https:\/\/www.blogsoestado.com\/danielmatos\/wp-json\/wp\/v2\/posts\/23067\/revisions"}],"wp:attachment":[{"href":"https:\/\/www.blogsoestado.com\/danielmatos\/wp-json\/wp\/v2\/media?parent=23067"}],"wp:term":[{"taxonomy":"category","embeddable":true,"href":"https:\/\/www.blogsoestado.com\/danielmatos\/wp-json\/wp\/v2\/categories?post=23067"},{"taxonomy":"post_tag","embeddable":true,"href":"https:\/\/www.blogsoestado.com\/danielmatos\/wp-json\/wp\/v2\/tags?post=23067"}],"curies":[{"name":"wp","href":"https:\/\/api.w.org\/{rel}","templated":true}]}}