{"id":23070,"date":"2015-04-03T15:20:56","date_gmt":"2015-04-03T18:20:56","guid":{"rendered":"https:\/\/www.blogsoestado.com\/danielmatos\/?p=23070"},"modified":"2015-04-03T15:20:56","modified_gmt":"2015-04-03T18:20:56","slug":"wellington-do-curso-participa-da-ii-caminhada-do-autismo","status":"publish","type":"post","link":"https:\/\/www.blogsoestado.com\/danielmatos\/wellington-do-curso-participa-da-ii-caminhada-do-autismo\/","title":{"rendered":"Wellington do Curso participa da II Caminhada do Autismo"},"content":{"rendered":"<figure id=\"attachment_23071\" aria-describedby=\"caption-attachment-23071\" style=\"width: 640px\" class=\"wp-caption aligncenter\"><a href=\"https:\/\/www.blogsoestado.com\/danielmatos\/files\/2015\/04\/wellington-autismo2.jpg\"><img fetchpriority=\"high\" decoding=\"async\" class=\"size-full wp-image-23071\" src=\"https:\/\/www.blogsoestado.com\/danielmatos\/files\/2015\/04\/wellington-autismo2.jpg\" alt=\"Deputado Wellington do Curso com participantes da II Caminhada do Autismo\" width=\"640\" height=\"424\" \/><\/a><figcaption id=\"caption-attachment-23071\" class=\"wp-caption-text\">Deputado Wellington do Curso na Avenida Litor\u00e2nea com participantes da II Caminhada do Autismo<\/figcaption><\/figure>\n<p>Em homenagem ao Dia Mundial de Conscientiza\u00e7\u00e3o do Autismo, o deputado estadual e vice-presidente da Comiss\u00e3o de Direitos Humanos da Assembleia, Wellington do Curso (PPS), participou, durante toda a tarde desta quinta-feira (2), da\u00a0II Caminhada de Conscientiza\u00e7\u00e3o do Autismo, realizada na Litor\u00e2nea.<\/p>\n<p>O evento teve a iniciativa do movimento em defesa dos autistas &#8220;Ilha Azul&#8221;, composto por m\u00e3es e defensores das causas em prol dos autistas e teve como objetivo divulgar e sensibilizar a popula\u00e7\u00e3o sobre a s\u00edndrome do autismo e sua inclus\u00e3o na sociedade.<\/p>\n<p>&#8220;A participa\u00e7\u00e3o do deputado Wellington, representante da categoria na Assembleia Legislativa, \u00e9 de extrema import\u00e2ncia e refor\u00e7a o compromisso que o parlamentar vem cumprindo na defesa desta causa nobre&#8221;, relatou uma das organizadoras.<\/p>\n<p>Wellington destacou a import\u00e2ncia da inclus\u00e3o do espectro autista na sociedade e reafirmou que continuar\u00e1 na luta pela defesa dos direitos fundamentais, al\u00e9m de apresentar o trabalho que vem desenvolvendo.<\/p>\n<p>&#8220;A sociedade finge que n\u00e3o v\u00ea o autista e muitas vezes age como se fosse autista. Temos que aproveitar este dia de comemora\u00e7\u00e3o para discutir medidas e pol\u00edticas p\u00fablicas que nos ajudem a combater o preconceito contra essas pessoas, que apesar de representarem cerca de 1% da popula\u00e7\u00e3o, ainda n\u00e3o s\u00e3o tratados como cidad\u00e3os dignos de aten\u00e7\u00e3o especial. Compreendo o autismo n\u00e3o como uma defici\u00eancia, mas como algo que requer especial aten\u00e7\u00e3o.<\/p>\n<p>Por amor ao Maranh\u00e3o, nosso mandato est\u00e1 em defesa, sem exclus\u00e3o, do cumprimento dos direitos fundamentais. Reafirmo hoje o meu compromisso, n\u00e3o apenas com esses pais que em mim confiaram, mas com aquilo que deve ser zelado em quaisquer circunst\u00e2ncias: a dignidade&#8221;, ressaltou.<\/p>\n","protected":false},"excerpt":{"rendered":"<p>Em homenagem ao Dia Mundial de Conscientiza\u00e7\u00e3o do Autismo, o deputado estadual e vice-presidente da Comiss\u00e3o de Direitos Humanos da [&hellip;]<\/p>\n","protected":false},"author":0,"featured_media":0,"comment_status":"open","ping_status":"open","sticky":false,"template":"","format":"standard","meta":{"site-sidebar-layout":"default","site-content-layout":"","ast-site-content-layout":"default","site-content-style":"default","site-sidebar-style":"default","ast-global-header-display":"","ast-banner-title-visibility":"","ast-main-header-display":"","ast-hfb-above-header-display":"","ast-hfb-below-header-display":"","ast-hfb-mobile-header-display":"","site-post-title":"","ast-breadcrumbs-content":"","ast-featured-img":"","footer-sml-layout":"","ast-disable-related-posts":"","theme-transparent-header-meta":"","adv-header-id-meta":"","stick-header-meta":"","header-above-stick-meta":"","header-main-stick-meta":"","header-below-stick-meta":"","astra-migrate-meta-layouts":"default","ast-page-background-enabled":"default","ast-page-background-meta":{"desktop":{"background-color":"var(--ast-global-color-5)","background-image":"","background-repeat":"repeat","background-position":"center center","background-size":"auto","background-attachment":"scroll","background-type":"","background-media":"","overlay-type":"","overlay-color":"","overlay-opacity":"","overlay-gradient":""},"tablet":{"background-color":"","background-image":"","background-repeat":"repeat","background-position":"center center","background-size":"auto","background-attachment":"scroll","background-type":"","background-media":"","overlay-type":"","overlay-color":"","overlay-opacity":"","overlay-gradient":""},"mobile":{"background-color":"","background-image":"","background-repeat":"repeat","background-position":"center center","background-size":"auto","background-attachment":"scroll","background-type":"","background-media":"","overlay-type":"","overlay-color":"","overlay-opacity":"","overlay-gradient":""}},"ast-content-background-meta":{"desktop":{"background-color":"var(--ast-global-color-4)","background-image":"","background-repeat":"repeat","background-position":"center center","background-size":"auto","background-attachment":"scroll","background-type":"","background-media":"","overlay-type":"","overlay-color":"","overlay-opacity":"","overlay-gradient":""},"tablet":{"background-color":"var(--ast-global-color-4)","background-image":"","background-repeat":"repeat","background-position":"center center","background-size":"auto","background-attachment":"scroll","background-type":"","background-media":"","overlay-type":"","overlay-color":"","overlay-opacity":"","overlay-gradient":""},"mobile":{"background-color":"var(--ast-global-color-4)","background-image":"","background-repeat":"repeat","background-position":"center center","background-size":"auto","background-attachment":"scroll","background-type":"","background-media":"","overlay-type":"","overlay-color":"","overlay-opacity":"","overlay-gradient":""}},"footnotes":""},"categories":[1],"tags":[],"class_list":["post-23070","post","type-post","status-publish","format-standard","hentry","category-sem-categoria"],"yoast_head":"<!-- This site is optimized with the Yoast SEO plugin v26.6 - https:\/\/yoast.com\/wordpress\/plugins\/seo\/ -->\n<title>Wellington do Curso participa da II Caminhada do Autismo - Daniel Matos<\/title>\n<meta name=\"robots\" content=\"index, follow, max-snippet:-1, max-image-preview:large, max-video-preview:-1\" \/>\n<link rel=\"canonical\" href=\"https:\/\/www.blogsoestado.com\/danielmatos\/wellington-do-curso-participa-da-ii-caminhada-do-autismo\/\" \/>\n<meta property=\"og:locale\" content=\"pt_BR\" \/>\n<meta property=\"og:type\" content=\"article\" \/>\n<meta property=\"og:title\" content=\"Wellington do Curso participa da II Caminhada do Autismo - Daniel Matos\" \/>\n<meta property=\"og:description\" content=\"Em homenagem ao Dia Mundial de Conscientiza\u00e7\u00e3o do Autismo, o deputado estadual e vice-presidente da Comiss\u00e3o de Direitos Humanos da [&hellip;]\" \/>\n<meta property=\"og:url\" content=\"https:\/\/www.blogsoestado.com\/danielmatos\/wellington-do-curso-participa-da-ii-caminhada-do-autismo\/\" \/>\n<meta property=\"og:site_name\" content=\"Daniel Matos\" \/>\n<meta property=\"article:published_time\" content=\"2015-04-03T18:20:56+00:00\" \/>\n<meta property=\"og:image\" content=\"https:\/\/www.blogsoestado.com\/danielmatos\/files\/2015\/04\/wellington-autismo2.jpg\" \/>\n<meta name=\"twitter:card\" content=\"summary_large_image\" \/>\n<meta name=\"twitter:label1\" content=\"Est. tempo de leitura\" \/>\n\t<meta name=\"twitter:data1\" content=\"2 minutos\" \/>\n<script type=\"application\/ld+json\" class=\"yoast-schema-graph\">{\"@context\":\"https:\/\/schema.org\",\"@graph\":[{\"@type\":\"WebPage\",\"@id\":\"https:\/\/www.blogsoestado.com\/danielmatos\/wellington-do-curso-participa-da-ii-caminhada-do-autismo\/\",\"url\":\"https:\/\/www.blogsoestado.com\/danielmatos\/wellington-do-curso-participa-da-ii-caminhada-do-autismo\/\",\"name\":\"Wellington do Curso participa da II Caminhada do Autismo - Daniel Matos\",\"isPartOf\":{\"@id\":\"https:\/\/www.blogsoestado.com\/danielmatos\/#website\"},\"primaryImageOfPage\":{\"@id\":\"https:\/\/www.blogsoestado.com\/danielmatos\/wellington-do-curso-participa-da-ii-caminhada-do-autismo\/#primaryimage\"},\"image\":{\"@id\":\"https:\/\/www.blogsoestado.com\/danielmatos\/wellington-do-curso-participa-da-ii-caminhada-do-autismo\/#primaryimage\"},\"thumbnailUrl\":\"https:\/\/www.blogsoestado.com\/danielmatos\/files\/2015\/04\/wellington-autismo2.jpg\",\"datePublished\":\"2015-04-03T18:20:56+00:00\",\"author\":{\"@id\":\"\"},\"breadcrumb\":{\"@id\":\"https:\/\/www.blogsoestado.com\/danielmatos\/wellington-do-curso-participa-da-ii-caminhada-do-autismo\/#breadcrumb\"},\"inLanguage\":\"pt-BR\",\"potentialAction\":[{\"@type\":\"ReadAction\",\"target\":[\"https:\/\/www.blogsoestado.com\/danielmatos\/wellington-do-curso-participa-da-ii-caminhada-do-autismo\/\"]}]},{\"@type\":\"ImageObject\",\"inLanguage\":\"pt-BR\",\"@id\":\"https:\/\/www.blogsoestado.com\/danielmatos\/wellington-do-curso-participa-da-ii-caminhada-do-autismo\/#primaryimage\",\"url\":\"https:\/\/www.blogsoestado.com\/danielmatos\/files\/2015\/04\/wellington-autismo2.jpg\",\"contentUrl\":\"https:\/\/www.blogsoestado.com\/danielmatos\/files\/2015\/04\/wellington-autismo2.jpg\"},{\"@type\":\"BreadcrumbList\",\"@id\":\"https:\/\/www.blogsoestado.com\/danielmatos\/wellington-do-curso-participa-da-ii-caminhada-do-autismo\/#breadcrumb\",\"itemListElement\":[{\"@type\":\"ListItem\",\"position\":1,\"name\":\"In\u00edcio\",\"item\":\"https:\/\/www.blogsoestado.com\/danielmatos\/\"},{\"@type\":\"ListItem\",\"position\":2,\"name\":\"Wellington do Curso participa da II Caminhada do Autismo\"}]},{\"@type\":\"WebSite\",\"@id\":\"https:\/\/www.blogsoestado.com\/danielmatos\/#website\",\"url\":\"https:\/\/www.blogsoestado.com\/danielmatos\/\",\"name\":\"Daniel Matos\",\"description\":\"\",\"potentialAction\":[{\"@type\":\"SearchAction\",\"target\":{\"@type\":\"EntryPoint\",\"urlTemplate\":\"https:\/\/www.blogsoestado.com\/danielmatos\/?s={search_term_string}\"},\"query-input\":{\"@type\":\"PropertyValueSpecification\",\"valueRequired\":true,\"valueName\":\"search_term_string\"}}],\"inLanguage\":\"pt-BR\"}]}<\/script>\n<!-- \/ Yoast SEO plugin. -->","yoast_head_json":{"title":"Wellington do Curso participa da II Caminhada do Autismo - Daniel Matos","robots":{"index":"index","follow":"follow","max-snippet":"max-snippet:-1","max-image-preview":"max-image-preview:large","max-video-preview":"max-video-preview:-1"},"canonical":"https:\/\/www.blogsoestado.com\/danielmatos\/wellington-do-curso-participa-da-ii-caminhada-do-autismo\/","og_locale":"pt_BR","og_type":"article","og_title":"Wellington do Curso participa da II Caminhada do Autismo - Daniel Matos","og_description":"Em homenagem ao Dia Mundial de Conscientiza\u00e7\u00e3o do Autismo, o deputado estadual e vice-presidente da Comiss\u00e3o de Direitos Humanos da [&hellip;]","og_url":"https:\/\/www.blogsoestado.com\/danielmatos\/wellington-do-curso-participa-da-ii-caminhada-do-autismo\/","og_site_name":"Daniel Matos","article_published_time":"2015-04-03T18:20:56+00:00","og_image":[{"url":"https:\/\/www.blogsoestado.com\/danielmatos\/files\/2015\/04\/wellington-autismo2.jpg","type":"","width":"","height":""}],"twitter_card":"summary_large_image","twitter_misc":{"Est. tempo de leitura":"2 minutos"},"schema":{"@context":"https:\/\/schema.org","@graph":[{"@type":"WebPage","@id":"https:\/\/www.blogsoestado.com\/danielmatos\/wellington-do-curso-participa-da-ii-caminhada-do-autismo\/","url":"https:\/\/www.blogsoestado.com\/danielmatos\/wellington-do-curso-participa-da-ii-caminhada-do-autismo\/","name":"Wellington do Curso participa da II Caminhada do Autismo - Daniel Matos","isPartOf":{"@id":"https:\/\/www.blogsoestado.com\/danielmatos\/#website"},"primaryImageOfPage":{"@id":"https:\/\/www.blogsoestado.com\/danielmatos\/wellington-do-curso-participa-da-ii-caminhada-do-autismo\/#primaryimage"},"image":{"@id":"https:\/\/www.blogsoestado.com\/danielmatos\/wellington-do-curso-participa-da-ii-caminhada-do-autismo\/#primaryimage"},"thumbnailUrl":"https:\/\/www.blogsoestado.com\/danielmatos\/files\/2015\/04\/wellington-autismo2.jpg","datePublished":"2015-04-03T18:20:56+00:00","author":{"@id":""},"breadcrumb":{"@id":"https:\/\/www.blogsoestado.com\/danielmatos\/wellington-do-curso-participa-da-ii-caminhada-do-autismo\/#breadcrumb"},"inLanguage":"pt-BR","potentialAction":[{"@type":"ReadAction","target":["https:\/\/www.blogsoestado.com\/danielmatos\/wellington-do-curso-participa-da-ii-caminhada-do-autismo\/"]}]},{"@type":"ImageObject","inLanguage":"pt-BR","@id":"https:\/\/www.blogsoestado.com\/danielmatos\/wellington-do-curso-participa-da-ii-caminhada-do-autismo\/#primaryimage","url":"https:\/\/www.blogsoestado.com\/danielmatos\/files\/2015\/04\/wellington-autismo2.jpg","contentUrl":"https:\/\/www.blogsoestado.com\/danielmatos\/files\/2015\/04\/wellington-autismo2.jpg"},{"@type":"BreadcrumbList","@id":"https:\/\/www.blogsoestado.com\/danielmatos\/wellington-do-curso-participa-da-ii-caminhada-do-autismo\/#breadcrumb","itemListElement":[{"@type":"ListItem","position":1,"name":"In\u00edcio","item":"https:\/\/www.blogsoestado.com\/danielmatos\/"},{"@type":"ListItem","position":2,"name":"Wellington do Curso participa da II Caminhada do Autismo"}]},{"@type":"WebSite","@id":"https:\/\/www.blogsoestado.com\/danielmatos\/#website","url":"https:\/\/www.blogsoestado.com\/danielmatos\/","name":"Daniel Matos","description":"","potentialAction":[{"@type":"SearchAction","target":{"@type":"EntryPoint","urlTemplate":"https:\/\/www.blogsoestado.com\/danielmatos\/?s={search_term_string}"},"query-input":{"@type":"PropertyValueSpecification","valueRequired":true,"valueName":"search_term_string"}}],"inLanguage":"pt-BR"}]}},"jetpack_featured_media_url":"","_links":{"self":[{"href":"https:\/\/www.blogsoestado.com\/danielmatos\/wp-json\/wp\/v2\/posts\/23070","targetHints":{"allow":["GET"]}}],"collection":[{"href":"https:\/\/www.blogsoestado.com\/danielmatos\/wp-json\/wp\/v2\/posts"}],"about":[{"href":"https:\/\/www.blogsoestado.com\/danielmatos\/wp-json\/wp\/v2\/types\/post"}],"replies":[{"embeddable":true,"href":"https:\/\/www.blogsoestado.com\/danielmatos\/wp-json\/wp\/v2\/comments?post=23070"}],"version-history":[{"count":0,"href":"https:\/\/www.blogsoestado.com\/danielmatos\/wp-json\/wp\/v2\/posts\/23070\/revisions"}],"wp:attachment":[{"href":"https:\/\/www.blogsoestado.com\/danielmatos\/wp-json\/wp\/v2\/media?parent=23070"}],"wp:term":[{"taxonomy":"category","embeddable":true,"href":"https:\/\/www.blogsoestado.com\/danielmatos\/wp-json\/wp\/v2\/categories?post=23070"},{"taxonomy":"post_tag","embeddable":true,"href":"https:\/\/www.blogsoestado.com\/danielmatos\/wp-json\/wp\/v2\/tags?post=23070"}],"curies":[{"name":"wp","href":"https:\/\/api.w.org\/{rel}","templated":true}]}}