{"id":23073,"date":"2015-04-06T09:26:59","date_gmt":"2015-04-06T12:26:59","guid":{"rendered":"https:\/\/www.blogsoestado.com\/danielmatos\/?p=23073"},"modified":"2015-04-06T09:26:59","modified_gmt":"2015-04-06T12:26:59","slug":"video-guarita-do-cdp-de-pedrinhas-e-fuzilada-durante-resgate-de-4-presos","status":"publish","type":"post","link":"https:\/\/www.blogsoestado.com\/danielmatos\/video-guarita-do-cdp-de-pedrinhas-e-fuzilada-durante-resgate-de-4-presos\/","title":{"rendered":"V\u00ecdeo: guarita do CDP de Pedrinhas \u00e9 fuzilada durante resgate de 4 presos"},"content":{"rendered":"<p>[youtube\u00a03sGCyBKeWvA]<\/p>\n<p>Uma guarita que abrigava policiais militares respons\u00e1veis pela seguran\u00e7a do Centro de Deten\u00e7\u00e3o Provis\u00f3ria (CDP) de Pedrinhas foi fuzilada por bandidos durante o\u00a0resgate de quatro comparsas que estavam detidos\u00a0na unidade prisional. Por sorte, nenhum PM foi alvejado pelos disparos de pistola e de fuzis AK-47 e 556 usados na a\u00e7\u00e3o criminosa espetacular.<\/p>\n<p>A fuga aconteceu por volta das 4h da madrugada\u00a0de ontem.\u00a0Em nota, a Secretaria de Estado de Justi\u00e7a e Administra\u00e7\u00e3o Penitenci\u00e1ria (Sejap) informou que o\u00a0Complexo Penitenci\u00e1rio de Pedrinhas foi alvo de forte ataque externo de oito bandidos usando v\u00e1rios ve\u00edculos, fuzis e pistolas. A a\u00e7\u00e3o\u00a0resultou no resgate de quatro detentos do CDP.<\/p>\n<p>Os presos resgatados foram identificados como\u00a0Adeilton Alves Nunes, Ilton Carlos Martins, John Lennon da Silva Lima e John Carlos Campos Silva, todos de alt\u00edssima periculosidade.<\/p>\n<p>Meia hora depois da opera\u00e7\u00e3o, um dos ve\u00edculos usados pelos bandidos j\u00e1 havia sido localizado e apreendido pela Policia Militar com apoio do GTA e da Pol\u00edcia Rodovi\u00e1ria Federal. Um patrulheiro da PRF\u00a0foi atingido no p\u00e9 durante tiroteio com os bandidos em fuga.<\/p>\n<p>O\u00a0relat\u00f3rio da ocorr\u00eancia revela que o sistema de seguran\u00e7a obteve\u00a0informa\u00e7\u00f5es antes\u00a0do resgate em Pedrinhos e mesmo assim n\u00e3o conseguiu evit\u00e1-lo.<\/p>\n<p>A\u00a0Secretaria de Seguran\u00e7a P\u00fablica e a Sejap\u00a0continuam as buscas pelos fugitivos, mas at\u00e9 agora nenhum foi recapturado.<\/p>\n","protected":false},"excerpt":{"rendered":"<p>[youtube\u00a03sGCyBKeWvA] Uma guarita que abrigava policiais militares respons\u00e1veis pela seguran\u00e7a do Centro de Deten\u00e7\u00e3o Provis\u00f3ria (CDP) de Pedrinhas foi fuzilada [&hellip;]<\/p>\n","protected":false},"author":0,"featured_media":0,"comment_status":"open","ping_status":"open","sticky":false,"template":"","format":"standard","meta":{"site-sidebar-layout":"default","site-content-layout":"","ast-site-content-layout":"default","site-content-style":"default","site-sidebar-style":"default","ast-global-header-display":"","ast-banner-title-visibility":"","ast-main-header-display":"","ast-hfb-above-header-display":"","ast-hfb-below-header-display":"","ast-hfb-mobile-header-display":"","site-post-title":"","ast-breadcrumbs-content":"","ast-featured-img":"","footer-sml-layout":"","ast-disable-related-posts":"","theme-transparent-header-meta":"","adv-header-id-meta":"","stick-header-meta":"","header-above-stick-meta":"","header-main-stick-meta":"","header-below-stick-meta":"","astra-migrate-meta-layouts":"default","ast-page-background-enabled":"default","ast-page-background-meta":{"desktop":{"background-color":"var(--ast-global-color-5)","background-image":"","background-repeat":"repeat","background-position":"center center","background-size":"auto","background-attachment":"scroll","background-type":"","background-media":"","overlay-type":"","overlay-color":"","overlay-opacity":"","overlay-gradient":""},"tablet":{"background-color":"","background-image":"","background-repeat":"repeat","background-position":"center center","background-size":"auto","background-attachment":"scroll","background-type":"","background-media":"","overlay-type":"","overlay-color":"","overlay-opacity":"","overlay-gradient":""},"mobile":{"background-color":"","background-image":"","background-repeat":"repeat","background-position":"center center","background-size":"auto","background-attachment":"scroll","background-type":"","background-media":"","overlay-type":"","overlay-color":"","overlay-opacity":"","overlay-gradient":""}},"ast-content-background-meta":{"desktop":{"background-color":"var(--ast-global-color-4)","background-image":"","background-repeat":"repeat","background-position":"center center","background-size":"auto","background-attachment":"scroll","background-type":"","background-media":"","overlay-type":"","overlay-color":"","overlay-opacity":"","overlay-gradient":""},"tablet":{"background-color":"var(--ast-global-color-4)","background-image":"","background-repeat":"repeat","background-position":"center center","background-size":"auto","background-attachment":"scroll","background-type":"","background-media":"","overlay-type":"","overlay-color":"","overlay-opacity":"","overlay-gradient":""},"mobile":{"background-color":"var(--ast-global-color-4)","background-image":"","background-repeat":"repeat","background-position":"center center","background-size":"auto","background-attachment":"scroll","background-type":"","background-media":"","overlay-type":"","overlay-color":"","overlay-opacity":"","overlay-gradient":""}},"footnotes":""},"categories":[1],"tags":[],"class_list":["post-23073","post","type-post","status-publish","format-standard","hentry","category-sem-categoria"],"yoast_head":"<!-- This site is optimized with the Yoast SEO plugin v26.6 - https:\/\/yoast.com\/wordpress\/plugins\/seo\/ -->\n<title>V\u00ecdeo: guarita do CDP de Pedrinhas \u00e9 fuzilada durante resgate de 4 presos - Daniel Matos<\/title>\n<meta name=\"robots\" content=\"index, follow, max-snippet:-1, max-image-preview:large, max-video-preview:-1\" \/>\n<link rel=\"canonical\" href=\"https:\/\/www.blogsoestado.com\/danielmatos\/video-guarita-do-cdp-de-pedrinhas-e-fuzilada-durante-resgate-de-4-presos\/\" \/>\n<meta property=\"og:locale\" content=\"pt_BR\" \/>\n<meta property=\"og:type\" content=\"article\" \/>\n<meta property=\"og:title\" content=\"V\u00ecdeo: guarita do CDP de Pedrinhas \u00e9 fuzilada durante resgate de 4 presos - Daniel Matos\" \/>\n<meta property=\"og:description\" content=\"[youtube\u00a03sGCyBKeWvA] Uma guarita que abrigava policiais militares respons\u00e1veis pela seguran\u00e7a do Centro de Deten\u00e7\u00e3o Provis\u00f3ria (CDP) de Pedrinhas foi fuzilada [&hellip;]\" \/>\n<meta property=\"og:url\" content=\"https:\/\/www.blogsoestado.com\/danielmatos\/video-guarita-do-cdp-de-pedrinhas-e-fuzilada-durante-resgate-de-4-presos\/\" \/>\n<meta property=\"og:site_name\" content=\"Daniel Matos\" \/>\n<meta property=\"article:published_time\" content=\"2015-04-06T12:26:59+00:00\" \/>\n<meta name=\"twitter:card\" content=\"summary_large_image\" \/>\n<meta name=\"twitter:label1\" content=\"Est. tempo de leitura\" \/>\n\t<meta name=\"twitter:data1\" content=\"1 minuto\" \/>\n<script type=\"application\/ld+json\" class=\"yoast-schema-graph\">{\"@context\":\"https:\/\/schema.org\",\"@graph\":[{\"@type\":\"WebPage\",\"@id\":\"https:\/\/www.blogsoestado.com\/danielmatos\/video-guarita-do-cdp-de-pedrinhas-e-fuzilada-durante-resgate-de-4-presos\/\",\"url\":\"https:\/\/www.blogsoestado.com\/danielmatos\/video-guarita-do-cdp-de-pedrinhas-e-fuzilada-durante-resgate-de-4-presos\/\",\"name\":\"V\u00ecdeo: guarita do CDP de Pedrinhas \u00e9 fuzilada durante resgate de 4 presos - Daniel Matos\",\"isPartOf\":{\"@id\":\"https:\/\/www.blogsoestado.com\/danielmatos\/#website\"},\"datePublished\":\"2015-04-06T12:26:59+00:00\",\"author\":{\"@id\":\"\"},\"breadcrumb\":{\"@id\":\"https:\/\/www.blogsoestado.com\/danielmatos\/video-guarita-do-cdp-de-pedrinhas-e-fuzilada-durante-resgate-de-4-presos\/#breadcrumb\"},\"inLanguage\":\"pt-BR\",\"potentialAction\":[{\"@type\":\"ReadAction\",\"target\":[\"https:\/\/www.blogsoestado.com\/danielmatos\/video-guarita-do-cdp-de-pedrinhas-e-fuzilada-durante-resgate-de-4-presos\/\"]}]},{\"@type\":\"BreadcrumbList\",\"@id\":\"https:\/\/www.blogsoestado.com\/danielmatos\/video-guarita-do-cdp-de-pedrinhas-e-fuzilada-durante-resgate-de-4-presos\/#breadcrumb\",\"itemListElement\":[{\"@type\":\"ListItem\",\"position\":1,\"name\":\"In\u00edcio\",\"item\":\"https:\/\/www.blogsoestado.com\/danielmatos\/\"},{\"@type\":\"ListItem\",\"position\":2,\"name\":\"V\u00ecdeo: guarita do CDP de Pedrinhas \u00e9 fuzilada durante resgate de 4 presos\"}]},{\"@type\":\"WebSite\",\"@id\":\"https:\/\/www.blogsoestado.com\/danielmatos\/#website\",\"url\":\"https:\/\/www.blogsoestado.com\/danielmatos\/\",\"name\":\"Daniel Matos\",\"description\":\"\",\"potentialAction\":[{\"@type\":\"SearchAction\",\"target\":{\"@type\":\"EntryPoint\",\"urlTemplate\":\"https:\/\/www.blogsoestado.com\/danielmatos\/?s={search_term_string}\"},\"query-input\":{\"@type\":\"PropertyValueSpecification\",\"valueRequired\":true,\"valueName\":\"search_term_string\"}}],\"inLanguage\":\"pt-BR\"}]}<\/script>\n<!-- \/ Yoast SEO plugin. -->","yoast_head_json":{"title":"V\u00ecdeo: guarita do CDP de Pedrinhas \u00e9 fuzilada durante resgate de 4 presos - Daniel Matos","robots":{"index":"index","follow":"follow","max-snippet":"max-snippet:-1","max-image-preview":"max-image-preview:large","max-video-preview":"max-video-preview:-1"},"canonical":"https:\/\/www.blogsoestado.com\/danielmatos\/video-guarita-do-cdp-de-pedrinhas-e-fuzilada-durante-resgate-de-4-presos\/","og_locale":"pt_BR","og_type":"article","og_title":"V\u00ecdeo: guarita do CDP de Pedrinhas \u00e9 fuzilada durante resgate de 4 presos - Daniel Matos","og_description":"[youtube\u00a03sGCyBKeWvA] Uma guarita que abrigava policiais militares respons\u00e1veis pela seguran\u00e7a do Centro de Deten\u00e7\u00e3o Provis\u00f3ria (CDP) de Pedrinhas foi fuzilada [&hellip;]","og_url":"https:\/\/www.blogsoestado.com\/danielmatos\/video-guarita-do-cdp-de-pedrinhas-e-fuzilada-durante-resgate-de-4-presos\/","og_site_name":"Daniel Matos","article_published_time":"2015-04-06T12:26:59+00:00","twitter_card":"summary_large_image","twitter_misc":{"Est. tempo de leitura":"1 minuto"},"schema":{"@context":"https:\/\/schema.org","@graph":[{"@type":"WebPage","@id":"https:\/\/www.blogsoestado.com\/danielmatos\/video-guarita-do-cdp-de-pedrinhas-e-fuzilada-durante-resgate-de-4-presos\/","url":"https:\/\/www.blogsoestado.com\/danielmatos\/video-guarita-do-cdp-de-pedrinhas-e-fuzilada-durante-resgate-de-4-presos\/","name":"V\u00ecdeo: guarita do CDP de Pedrinhas \u00e9 fuzilada durante resgate de 4 presos - Daniel Matos","isPartOf":{"@id":"https:\/\/www.blogsoestado.com\/danielmatos\/#website"},"datePublished":"2015-04-06T12:26:59+00:00","author":{"@id":""},"breadcrumb":{"@id":"https:\/\/www.blogsoestado.com\/danielmatos\/video-guarita-do-cdp-de-pedrinhas-e-fuzilada-durante-resgate-de-4-presos\/#breadcrumb"},"inLanguage":"pt-BR","potentialAction":[{"@type":"ReadAction","target":["https:\/\/www.blogsoestado.com\/danielmatos\/video-guarita-do-cdp-de-pedrinhas-e-fuzilada-durante-resgate-de-4-presos\/"]}]},{"@type":"BreadcrumbList","@id":"https:\/\/www.blogsoestado.com\/danielmatos\/video-guarita-do-cdp-de-pedrinhas-e-fuzilada-durante-resgate-de-4-presos\/#breadcrumb","itemListElement":[{"@type":"ListItem","position":1,"name":"In\u00edcio","item":"https:\/\/www.blogsoestado.com\/danielmatos\/"},{"@type":"ListItem","position":2,"name":"V\u00ecdeo: guarita do CDP de Pedrinhas \u00e9 fuzilada durante resgate de 4 presos"}]},{"@type":"WebSite","@id":"https:\/\/www.blogsoestado.com\/danielmatos\/#website","url":"https:\/\/www.blogsoestado.com\/danielmatos\/","name":"Daniel Matos","description":"","potentialAction":[{"@type":"SearchAction","target":{"@type":"EntryPoint","urlTemplate":"https:\/\/www.blogsoestado.com\/danielmatos\/?s={search_term_string}"},"query-input":{"@type":"PropertyValueSpecification","valueRequired":true,"valueName":"search_term_string"}}],"inLanguage":"pt-BR"}]}},"jetpack_featured_media_url":"","_links":{"self":[{"href":"https:\/\/www.blogsoestado.com\/danielmatos\/wp-json\/wp\/v2\/posts\/23073","targetHints":{"allow":["GET"]}}],"collection":[{"href":"https:\/\/www.blogsoestado.com\/danielmatos\/wp-json\/wp\/v2\/posts"}],"about":[{"href":"https:\/\/www.blogsoestado.com\/danielmatos\/wp-json\/wp\/v2\/types\/post"}],"replies":[{"embeddable":true,"href":"https:\/\/www.blogsoestado.com\/danielmatos\/wp-json\/wp\/v2\/comments?post=23073"}],"version-history":[{"count":0,"href":"https:\/\/www.blogsoestado.com\/danielmatos\/wp-json\/wp\/v2\/posts\/23073\/revisions"}],"wp:attachment":[{"href":"https:\/\/www.blogsoestado.com\/danielmatos\/wp-json\/wp\/v2\/media?parent=23073"}],"wp:term":[{"taxonomy":"category","embeddable":true,"href":"https:\/\/www.blogsoestado.com\/danielmatos\/wp-json\/wp\/v2\/categories?post=23073"},{"taxonomy":"post_tag","embeddable":true,"href":"https:\/\/www.blogsoestado.com\/danielmatos\/wp-json\/wp\/v2\/tags?post=23073"}],"curies":[{"name":"wp","href":"https:\/\/api.w.org\/{rel}","templated":true}]}}