{"id":23077,"date":"2015-04-06T09:45:56","date_gmt":"2015-04-06T12:45:56","guid":{"rendered":"https:\/\/www.blogsoestado.com\/danielmatos\/?p=23077"},"modified":"2015-04-06T09:45:56","modified_gmt":"2015-04-06T12:45:56","slug":"tecnicos-do-cosemsma-e-municipios-participarao-de-oficina-do-qualifar-sus","status":"publish","type":"post","link":"https:\/\/www.blogsoestado.com\/danielmatos\/tecnicos-do-cosemsma-e-municipios-participarao-de-oficina-do-qualifar-sus\/","title":{"rendered":"T\u00e9cnicos do COSEMS\/MA e munic\u00edpios participar\u00e3o de oficina do Qualifar-SUS"},"content":{"rendered":"<p><a href=\"https:\/\/www.blogsoestado.com\/danielmatos\/files\/2015\/04\/cosems.png\"><img fetchpriority=\"high\" decoding=\"async\" class=\"aligncenter size-full wp-image-23078\" src=\"https:\/\/www.blogsoestado.com\/danielmatos\/files\/2015\/04\/cosems.png\" alt=\"cosems\" width=\"594\" height=\"150\" \/><\/a><\/p>\n<p>De ter\u00e7a-feira(07) at\u00e9 quinta-feira(09), no audit\u00f3rio da Casa do Trabalhador, pr\u00f3ximo ao elevado do Trabalhador, dezenas de t\u00e9cnicos estar\u00e3o participando do Qualifar-SUS, uma oficina de apoio a implanta\u00e7\u00e3o\/implementa\u00e7\u00e3o do eixo para os munic\u00edpios contemplados nos anos de 2013 e 2014 no Maranh\u00e3o.<\/p>\n<p>A oficina \u00e9 organizada pela Coordena\u00e7\u00e3o geral da Assist\u00eancia Farmac\u00eautica B\u00e1sica do Minist\u00e9rio da Sa\u00fade, tendo como p\u00fablico alvo, al\u00e9m de representante do COSEMS\/MA, secret\u00e1rios municipais de sa\u00fade, coordenadores da assist\u00eancia farmac\u00eautica municipais, farmac\u00eauticos e, ainda, coordenadores da assist\u00eancia farmac\u00eautica da SES\/MA.<\/p>\n<p>Na ter\u00e7a-feira(07) estar\u00e3o participando da oficina os munic\u00edpios de Amarante do Maranh\u00e3o, Afonso Cunha, Altamira do Maranh\u00e3o, Feira Nova do Maranh\u00e3o, Formosa da Serra Negra, Lago Verde, Loreto, Maraj\u00e1 do Sena e Samba\u00edba<\/p>\n<p>Na quarta-feira(08) ser\u00e1 a vez dos munic\u00edpios de Cantanhede, Cedral, Fortuna, Mata Roma, Nina Rodrigues e S\u00e3o Jos\u00e9 dos Bas\u00edlios. Finalmente, na quinta-feira(09) as cidades de Alc\u00e2ntara, Araguan\u00e3, Bacurituba, Buriti Bravo, Centro do Guilherme, Centro Novo do Maranh\u00e3o, Lagoa do Mato, Mirador, Palmeir\u00e2ndia e Tufil\u00e2ndia.<\/p>\n","protected":false},"excerpt":{"rendered":"<p>De ter\u00e7a-feira(07) at\u00e9 quinta-feira(09), no audit\u00f3rio da Casa do Trabalhador, pr\u00f3ximo ao elevado do Trabalhador, dezenas de t\u00e9cnicos estar\u00e3o participando [&hellip;]<\/p>\n","protected":false},"author":0,"featured_media":0,"comment_status":"open","ping_status":"open","sticky":false,"template":"","format":"standard","meta":{"site-sidebar-layout":"default","site-content-layout":"","ast-site-content-layout":"default","site-content-style":"default","site-sidebar-style":"default","ast-global-header-display":"","ast-banner-title-visibility":"","ast-main-header-display":"","ast-hfb-above-header-display":"","ast-hfb-below-header-display":"","ast-hfb-mobile-header-display":"","site-post-title":"","ast-breadcrumbs-content":"","ast-featured-img":"","footer-sml-layout":"","ast-disable-related-posts":"","theme-transparent-header-meta":"","adv-header-id-meta":"","stick-header-meta":"","header-above-stick-meta":"","header-main-stick-meta":"","header-below-stick-meta":"","astra-migrate-meta-layouts":"default","ast-page-background-enabled":"default","ast-page-background-meta":{"desktop":{"background-color":"var(--ast-global-color-5)","background-image":"","background-repeat":"repeat","background-position":"center center","background-size":"auto","background-attachment":"scroll","background-type":"","background-media":"","overlay-type":"","overlay-color":"","overlay-opacity":"","overlay-gradient":""},"tablet":{"background-color":"","background-image":"","background-repeat":"repeat","background-position":"center center","background-size":"auto","background-attachment":"scroll","background-type":"","background-media":"","overlay-type":"","overlay-color":"","overlay-opacity":"","overlay-gradient":""},"mobile":{"background-color":"","background-image":"","background-repeat":"repeat","background-position":"center center","background-size":"auto","background-attachment":"scroll","background-type":"","background-media":"","overlay-type":"","overlay-color":"","overlay-opacity":"","overlay-gradient":""}},"ast-content-background-meta":{"desktop":{"background-color":"var(--ast-global-color-4)","background-image":"","background-repeat":"repeat","background-position":"center center","background-size":"auto","background-attachment":"scroll","background-type":"","background-media":"","overlay-type":"","overlay-color":"","overlay-opacity":"","overlay-gradient":""},"tablet":{"background-color":"var(--ast-global-color-4)","background-image":"","background-repeat":"repeat","background-position":"center center","background-size":"auto","background-attachment":"scroll","background-type":"","background-media":"","overlay-type":"","overlay-color":"","overlay-opacity":"","overlay-gradient":""},"mobile":{"background-color":"var(--ast-global-color-4)","background-image":"","background-repeat":"repeat","background-position":"center center","background-size":"auto","background-attachment":"scroll","background-type":"","background-media":"","overlay-type":"","overlay-color":"","overlay-opacity":"","overlay-gradient":""}},"footnotes":""},"categories":[1],"tags":[],"class_list":["post-23077","post","type-post","status-publish","format-standard","hentry","category-sem-categoria"],"yoast_head":"<!-- This site is optimized with the Yoast SEO plugin v26.6 - https:\/\/yoast.com\/wordpress\/plugins\/seo\/ -->\n<title>T\u00e9cnicos do COSEMS\/MA e munic\u00edpios participar\u00e3o de oficina do Qualifar-SUS - Daniel Matos<\/title>\n<meta name=\"robots\" content=\"index, follow, max-snippet:-1, max-image-preview:large, max-video-preview:-1\" \/>\n<link rel=\"canonical\" href=\"https:\/\/www.blogsoestado.com\/danielmatos\/tecnicos-do-cosemsma-e-municipios-participarao-de-oficina-do-qualifar-sus\/\" \/>\n<meta property=\"og:locale\" content=\"pt_BR\" \/>\n<meta property=\"og:type\" content=\"article\" \/>\n<meta property=\"og:title\" content=\"T\u00e9cnicos do COSEMS\/MA e munic\u00edpios participar\u00e3o de oficina do Qualifar-SUS - Daniel Matos\" \/>\n<meta property=\"og:description\" content=\"De ter\u00e7a-feira(07) at\u00e9 quinta-feira(09), no audit\u00f3rio da Casa do Trabalhador, pr\u00f3ximo ao elevado do Trabalhador, dezenas de t\u00e9cnicos estar\u00e3o participando [&hellip;]\" \/>\n<meta property=\"og:url\" content=\"https:\/\/www.blogsoestado.com\/danielmatos\/tecnicos-do-cosemsma-e-municipios-participarao-de-oficina-do-qualifar-sus\/\" \/>\n<meta property=\"og:site_name\" content=\"Daniel Matos\" \/>\n<meta property=\"article:published_time\" content=\"2015-04-06T12:45:56+00:00\" \/>\n<meta property=\"og:image\" content=\"https:\/\/www.blogsoestado.com\/danielmatos\/files\/2015\/04\/cosems.png\" \/>\n<meta name=\"twitter:card\" content=\"summary_large_image\" \/>\n<meta name=\"twitter:label1\" content=\"Est. tempo de leitura\" \/>\n\t<meta name=\"twitter:data1\" content=\"1 minuto\" \/>\n<script type=\"application\/ld+json\" class=\"yoast-schema-graph\">{\"@context\":\"https:\/\/schema.org\",\"@graph\":[{\"@type\":\"WebPage\",\"@id\":\"https:\/\/www.blogsoestado.com\/danielmatos\/tecnicos-do-cosemsma-e-municipios-participarao-de-oficina-do-qualifar-sus\/\",\"url\":\"https:\/\/www.blogsoestado.com\/danielmatos\/tecnicos-do-cosemsma-e-municipios-participarao-de-oficina-do-qualifar-sus\/\",\"name\":\"T\u00e9cnicos do COSEMS\/MA e munic\u00edpios participar\u00e3o de oficina do Qualifar-SUS - Daniel Matos\",\"isPartOf\":{\"@id\":\"https:\/\/www.blogsoestado.com\/danielmatos\/#website\"},\"primaryImageOfPage\":{\"@id\":\"https:\/\/www.blogsoestado.com\/danielmatos\/tecnicos-do-cosemsma-e-municipios-participarao-de-oficina-do-qualifar-sus\/#primaryimage\"},\"image\":{\"@id\":\"https:\/\/www.blogsoestado.com\/danielmatos\/tecnicos-do-cosemsma-e-municipios-participarao-de-oficina-do-qualifar-sus\/#primaryimage\"},\"thumbnailUrl\":\"https:\/\/www.blogsoestado.com\/danielmatos\/files\/2015\/04\/cosems.png\",\"datePublished\":\"2015-04-06T12:45:56+00:00\",\"author\":{\"@id\":\"\"},\"breadcrumb\":{\"@id\":\"https:\/\/www.blogsoestado.com\/danielmatos\/tecnicos-do-cosemsma-e-municipios-participarao-de-oficina-do-qualifar-sus\/#breadcrumb\"},\"inLanguage\":\"pt-BR\",\"potentialAction\":[{\"@type\":\"ReadAction\",\"target\":[\"https:\/\/www.blogsoestado.com\/danielmatos\/tecnicos-do-cosemsma-e-municipios-participarao-de-oficina-do-qualifar-sus\/\"]}]},{\"@type\":\"ImageObject\",\"inLanguage\":\"pt-BR\",\"@id\":\"https:\/\/www.blogsoestado.com\/danielmatos\/tecnicos-do-cosemsma-e-municipios-participarao-de-oficina-do-qualifar-sus\/#primaryimage\",\"url\":\"https:\/\/www.blogsoestado.com\/danielmatos\/files\/2015\/04\/cosems.png\",\"contentUrl\":\"https:\/\/www.blogsoestado.com\/danielmatos\/files\/2015\/04\/cosems.png\"},{\"@type\":\"BreadcrumbList\",\"@id\":\"https:\/\/www.blogsoestado.com\/danielmatos\/tecnicos-do-cosemsma-e-municipios-participarao-de-oficina-do-qualifar-sus\/#breadcrumb\",\"itemListElement\":[{\"@type\":\"ListItem\",\"position\":1,\"name\":\"In\u00edcio\",\"item\":\"https:\/\/www.blogsoestado.com\/danielmatos\/\"},{\"@type\":\"ListItem\",\"position\":2,\"name\":\"T\u00e9cnicos do COSEMS\/MA e munic\u00edpios participar\u00e3o de oficina do Qualifar-SUS\"}]},{\"@type\":\"WebSite\",\"@id\":\"https:\/\/www.blogsoestado.com\/danielmatos\/#website\",\"url\":\"https:\/\/www.blogsoestado.com\/danielmatos\/\",\"name\":\"Daniel Matos\",\"description\":\"\",\"potentialAction\":[{\"@type\":\"SearchAction\",\"target\":{\"@type\":\"EntryPoint\",\"urlTemplate\":\"https:\/\/www.blogsoestado.com\/danielmatos\/?s={search_term_string}\"},\"query-input\":{\"@type\":\"PropertyValueSpecification\",\"valueRequired\":true,\"valueName\":\"search_term_string\"}}],\"inLanguage\":\"pt-BR\"}]}<\/script>\n<!-- \/ Yoast SEO plugin. -->","yoast_head_json":{"title":"T\u00e9cnicos do COSEMS\/MA e munic\u00edpios participar\u00e3o de oficina do Qualifar-SUS - Daniel Matos","robots":{"index":"index","follow":"follow","max-snippet":"max-snippet:-1","max-image-preview":"max-image-preview:large","max-video-preview":"max-video-preview:-1"},"canonical":"https:\/\/www.blogsoestado.com\/danielmatos\/tecnicos-do-cosemsma-e-municipios-participarao-de-oficina-do-qualifar-sus\/","og_locale":"pt_BR","og_type":"article","og_title":"T\u00e9cnicos do COSEMS\/MA e munic\u00edpios participar\u00e3o de oficina do Qualifar-SUS - Daniel Matos","og_description":"De ter\u00e7a-feira(07) at\u00e9 quinta-feira(09), no audit\u00f3rio da Casa do Trabalhador, pr\u00f3ximo ao elevado do Trabalhador, dezenas de t\u00e9cnicos estar\u00e3o participando [&hellip;]","og_url":"https:\/\/www.blogsoestado.com\/danielmatos\/tecnicos-do-cosemsma-e-municipios-participarao-de-oficina-do-qualifar-sus\/","og_site_name":"Daniel Matos","article_published_time":"2015-04-06T12:45:56+00:00","og_image":[{"url":"https:\/\/www.blogsoestado.com\/danielmatos\/files\/2015\/04\/cosems.png","type":"","width":"","height":""}],"twitter_card":"summary_large_image","twitter_misc":{"Est. tempo de leitura":"1 minuto"},"schema":{"@context":"https:\/\/schema.org","@graph":[{"@type":"WebPage","@id":"https:\/\/www.blogsoestado.com\/danielmatos\/tecnicos-do-cosemsma-e-municipios-participarao-de-oficina-do-qualifar-sus\/","url":"https:\/\/www.blogsoestado.com\/danielmatos\/tecnicos-do-cosemsma-e-municipios-participarao-de-oficina-do-qualifar-sus\/","name":"T\u00e9cnicos do COSEMS\/MA e munic\u00edpios participar\u00e3o de oficina do Qualifar-SUS - Daniel Matos","isPartOf":{"@id":"https:\/\/www.blogsoestado.com\/danielmatos\/#website"},"primaryImageOfPage":{"@id":"https:\/\/www.blogsoestado.com\/danielmatos\/tecnicos-do-cosemsma-e-municipios-participarao-de-oficina-do-qualifar-sus\/#primaryimage"},"image":{"@id":"https:\/\/www.blogsoestado.com\/danielmatos\/tecnicos-do-cosemsma-e-municipios-participarao-de-oficina-do-qualifar-sus\/#primaryimage"},"thumbnailUrl":"https:\/\/www.blogsoestado.com\/danielmatos\/files\/2015\/04\/cosems.png","datePublished":"2015-04-06T12:45:56+00:00","author":{"@id":""},"breadcrumb":{"@id":"https:\/\/www.blogsoestado.com\/danielmatos\/tecnicos-do-cosemsma-e-municipios-participarao-de-oficina-do-qualifar-sus\/#breadcrumb"},"inLanguage":"pt-BR","potentialAction":[{"@type":"ReadAction","target":["https:\/\/www.blogsoestado.com\/danielmatos\/tecnicos-do-cosemsma-e-municipios-participarao-de-oficina-do-qualifar-sus\/"]}]},{"@type":"ImageObject","inLanguage":"pt-BR","@id":"https:\/\/www.blogsoestado.com\/danielmatos\/tecnicos-do-cosemsma-e-municipios-participarao-de-oficina-do-qualifar-sus\/#primaryimage","url":"https:\/\/www.blogsoestado.com\/danielmatos\/files\/2015\/04\/cosems.png","contentUrl":"https:\/\/www.blogsoestado.com\/danielmatos\/files\/2015\/04\/cosems.png"},{"@type":"BreadcrumbList","@id":"https:\/\/www.blogsoestado.com\/danielmatos\/tecnicos-do-cosemsma-e-municipios-participarao-de-oficina-do-qualifar-sus\/#breadcrumb","itemListElement":[{"@type":"ListItem","position":1,"name":"In\u00edcio","item":"https:\/\/www.blogsoestado.com\/danielmatos\/"},{"@type":"ListItem","position":2,"name":"T\u00e9cnicos do COSEMS\/MA e munic\u00edpios participar\u00e3o de oficina do Qualifar-SUS"}]},{"@type":"WebSite","@id":"https:\/\/www.blogsoestado.com\/danielmatos\/#website","url":"https:\/\/www.blogsoestado.com\/danielmatos\/","name":"Daniel Matos","description":"","potentialAction":[{"@type":"SearchAction","target":{"@type":"EntryPoint","urlTemplate":"https:\/\/www.blogsoestado.com\/danielmatos\/?s={search_term_string}"},"query-input":{"@type":"PropertyValueSpecification","valueRequired":true,"valueName":"search_term_string"}}],"inLanguage":"pt-BR"}]}},"jetpack_featured_media_url":"","_links":{"self":[{"href":"https:\/\/www.blogsoestado.com\/danielmatos\/wp-json\/wp\/v2\/posts\/23077","targetHints":{"allow":["GET"]}}],"collection":[{"href":"https:\/\/www.blogsoestado.com\/danielmatos\/wp-json\/wp\/v2\/posts"}],"about":[{"href":"https:\/\/www.blogsoestado.com\/danielmatos\/wp-json\/wp\/v2\/types\/post"}],"replies":[{"embeddable":true,"href":"https:\/\/www.blogsoestado.com\/danielmatos\/wp-json\/wp\/v2\/comments?post=23077"}],"version-history":[{"count":0,"href":"https:\/\/www.blogsoestado.com\/danielmatos\/wp-json\/wp\/v2\/posts\/23077\/revisions"}],"wp:attachment":[{"href":"https:\/\/www.blogsoestado.com\/danielmatos\/wp-json\/wp\/v2\/media?parent=23077"}],"wp:term":[{"taxonomy":"category","embeddable":true,"href":"https:\/\/www.blogsoestado.com\/danielmatos\/wp-json\/wp\/v2\/categories?post=23077"},{"taxonomy":"post_tag","embeddable":true,"href":"https:\/\/www.blogsoestado.com\/danielmatos\/wp-json\/wp\/v2\/tags?post=23077"}],"curies":[{"name":"wp","href":"https:\/\/api.w.org\/{rel}","templated":true}]}}