{"id":23081,"date":"2015-04-06T11:23:36","date_gmt":"2015-04-06T14:23:36","guid":{"rendered":"https:\/\/www.blogsoestado.com\/danielmatos\/?p=23081"},"modified":"2015-04-06T11:23:36","modified_gmt":"2015-04-06T14:23:36","slug":"camara-de-sao-luis-debate-reforma-politica","status":"publish","type":"post","link":"https:\/\/www.blogsoestado.com\/danielmatos\/camara-de-sao-luis-debate-reforma-politica\/","title":{"rendered":"C\u00e2mara de S\u00e3o Lu\u00eds debate reforma pol\u00edtica"},"content":{"rendered":"<p>A C\u00e2mara Municipal de S\u00e3o Lu\u00eds, atrav\u00e9s de um requerimento aprovado de autoria do vice-l\u00edder do governo, vereador Ivaldo Rodrigues (PDT), vai debater nesta segunda feira (06) no plen\u00e1rio Sim\u00e3o Est\u00e1cio da Silveira, o tema \u201cReforma Pol\u00edtica\u201d em audi\u00eancia p\u00fablica. Ser\u00e1 o primeiro grande evento pol\u00edtico ap\u00f3s a p\u00e1scoa e ter\u00e1 a participa\u00e7\u00e3o da classe pol\u00edtica, da sociedade civil, classes estudantil e religiosa, al\u00e9m de todos os seguimentos da sociedade.<\/p>\n<p>\u201cSer\u00e1 toda sociedade junta discutindo a Reforma Pol\u00edtica, onde haver\u00e1 um mediador, que ser\u00e1 o Juiz Marlon Reis, autor da lei da ficha limpa e do livro o nobre deputado, al\u00e9m de fazer parte do F\u00f3rum nacional sobre Reforma Pol\u00edtica. Teremos os debatedores, deputado federal, Pedro Fernandes, indicado pelo congresso, o juiz federal, Ivor\u00ed Luis da Silva, representantes da CNBB e OAB, al\u00e9m de outras institui\u00e7\u00f5es. O que importa \u00e9 que estaremos debatendo Reforma Pol\u00edtica como sociedade. O evento \u00e9 da sociedade\u201d \u2013 disse Ivaldo Rodrigues, autor da proposi\u00e7\u00e3o.<\/p>\n<p>De acordo com o vereador, v\u00e1rios itens ser\u00e3o debatidos, como financiamento p\u00fablico de campanha, paridade, reelei\u00e7\u00e3o, entre outros assuntos.<\/p>\n<p>O que? Audi\u00eancia P\u00fablica<br \/>\nQuando? Dia 06\/04\/2015 (Segunda feira) \u00e0s 10hs<br \/>\nOnde? C\u00e2mara Municipal de S\u00e3o Lu\u00eds, Rua da Estrela, em frente ao Teatro Jo\u00e3o do Vale.<br \/>\nComo? Debater Reforma pol\u00edtica<\/p>\n<p><strong>PALESTRANTE:<\/strong><\/p>\n<p>Deputado Federal Pedro Fernandes (Membro Efetivo da Comiss\u00e3o de Reforma Pol\u00edtica da C\u00e2mara de Deputados)<\/p>\n<p><strong>DEBATEDORES:<\/strong><\/p>\n<p>Dr. Mario Macieira (Presidente da OAB-MA)<\/p>\n<p>Dom Belis\u00e1rio (Vice Presidente da Confedera\u00e7\u00e3o Nacional dos Bispos do Brasil &#8211; CNBB)<\/p>\n<p>Dr. Gil Cutrim (Presidente da FAMEM)<\/p>\n<p>Maria Adriana Oliveira (Presidente da CUT-MA)<\/p>\n<p>Deputado Federal Weverton Rocha (Representante da Bancada Maranhense)<\/p>\n<p>Deputada Estadual Val\u00e9ria Marcedo (Representante da Assembleia Legislativa)<\/p>\n<p>Marcio Jerry (Secret\u00e1rio de Estado de Assuntos Pol\u00edticos e Federativos)<\/p>\n<p>Lula Filho (Secret\u00e1rio de Governo da Prefeitura Municipal de S\u00e3o Lu\u00eds)<\/p>\n<p>Desembargadora Cleonice Freire (Presidente do Tribunal de Justi\u00e7a do MA)<\/p>\n<p>Conselheiro Jorge Pav\u00e3o (Presidente do Tribunal de Contas do Estado)<\/p>\n<p>Desembargador Ant\u00f4nio Guerreiro Junior (Presidente do Tribunal Regional Eleitoral)<\/p>\n","protected":false},"excerpt":{"rendered":"<p>A C\u00e2mara Municipal de S\u00e3o Lu\u00eds, atrav\u00e9s de um requerimento aprovado de autoria do vice-l\u00edder do governo, vereador Ivaldo Rodrigues [&hellip;]<\/p>\n","protected":false},"author":0,"featured_media":0,"comment_status":"open","ping_status":"open","sticky":false,"template":"","format":"standard","meta":{"site-sidebar-layout":"default","site-content-layout":"","ast-site-content-layout":"default","site-content-style":"default","site-sidebar-style":"default","ast-global-header-display":"","ast-banner-title-visibility":"","ast-main-header-display":"","ast-hfb-above-header-display":"","ast-hfb-below-header-display":"","ast-hfb-mobile-header-display":"","site-post-title":"","ast-breadcrumbs-content":"","ast-featured-img":"","footer-sml-layout":"","ast-disable-related-posts":"","theme-transparent-header-meta":"","adv-header-id-meta":"","stick-header-meta":"","header-above-stick-meta":"","header-main-stick-meta":"","header-below-stick-meta":"","astra-migrate-meta-layouts":"default","ast-page-background-enabled":"default","ast-page-background-meta":{"desktop":{"background-color":"var(--ast-global-color-5)","background-image":"","background-repeat":"repeat","background-position":"center center","background-size":"auto","background-attachment":"scroll","background-type":"","background-media":"","overlay-type":"","overlay-color":"","overlay-opacity":"","overlay-gradient":""},"tablet":{"background-color":"","background-image":"","background-repeat":"repeat","background-position":"center center","background-size":"auto","background-attachment":"scroll","background-type":"","background-media":"","overlay-type":"","overlay-color":"","overlay-opacity":"","overlay-gradient":""},"mobile":{"background-color":"","background-image":"","background-repeat":"repeat","background-position":"center center","background-size":"auto","background-attachment":"scroll","background-type":"","background-media":"","overlay-type":"","overlay-color":"","overlay-opacity":"","overlay-gradient":""}},"ast-content-background-meta":{"desktop":{"background-color":"var(--ast-global-color-4)","background-image":"","background-repeat":"repeat","background-position":"center center","background-size":"auto","background-attachment":"scroll","background-type":"","background-media":"","overlay-type":"","overlay-color":"","overlay-opacity":"","overlay-gradient":""},"tablet":{"background-color":"var(--ast-global-color-4)","background-image":"","background-repeat":"repeat","background-position":"center center","background-size":"auto","background-attachment":"scroll","background-type":"","background-media":"","overlay-type":"","overlay-color":"","overlay-opacity":"","overlay-gradient":""},"mobile":{"background-color":"var(--ast-global-color-4)","background-image":"","background-repeat":"repeat","background-position":"center center","background-size":"auto","background-attachment":"scroll","background-type":"","background-media":"","overlay-type":"","overlay-color":"","overlay-opacity":"","overlay-gradient":""}},"footnotes":""},"categories":[1],"tags":[],"class_list":["post-23081","post","type-post","status-publish","format-standard","hentry","category-sem-categoria"],"yoast_head":"<!-- This site is optimized with the Yoast SEO plugin v26.6 - https:\/\/yoast.com\/wordpress\/plugins\/seo\/ -->\n<title>C\u00e2mara de S\u00e3o Lu\u00eds debate reforma pol\u00edtica - Daniel Matos<\/title>\n<meta name=\"robots\" content=\"index, follow, max-snippet:-1, max-image-preview:large, max-video-preview:-1\" \/>\n<link rel=\"canonical\" href=\"https:\/\/www.blogsoestado.com\/danielmatos\/camara-de-sao-luis-debate-reforma-politica\/\" \/>\n<meta property=\"og:locale\" content=\"pt_BR\" \/>\n<meta property=\"og:type\" content=\"article\" \/>\n<meta property=\"og:title\" content=\"C\u00e2mara de S\u00e3o Lu\u00eds debate reforma pol\u00edtica - Daniel Matos\" \/>\n<meta property=\"og:description\" content=\"A C\u00e2mara Municipal de S\u00e3o Lu\u00eds, atrav\u00e9s de um requerimento aprovado de autoria do vice-l\u00edder do governo, vereador Ivaldo Rodrigues [&hellip;]\" \/>\n<meta property=\"og:url\" content=\"https:\/\/www.blogsoestado.com\/danielmatos\/camara-de-sao-luis-debate-reforma-politica\/\" \/>\n<meta property=\"og:site_name\" content=\"Daniel Matos\" \/>\n<meta property=\"article:published_time\" content=\"2015-04-06T14:23:36+00:00\" \/>\n<meta name=\"twitter:card\" content=\"summary_large_image\" \/>\n<meta name=\"twitter:label1\" content=\"Est. tempo de leitura\" \/>\n\t<meta name=\"twitter:data1\" content=\"2 minutos\" \/>\n<script type=\"application\/ld+json\" class=\"yoast-schema-graph\">{\"@context\":\"https:\/\/schema.org\",\"@graph\":[{\"@type\":\"WebPage\",\"@id\":\"https:\/\/www.blogsoestado.com\/danielmatos\/camara-de-sao-luis-debate-reforma-politica\/\",\"url\":\"https:\/\/www.blogsoestado.com\/danielmatos\/camara-de-sao-luis-debate-reforma-politica\/\",\"name\":\"C\u00e2mara de S\u00e3o Lu\u00eds debate reforma pol\u00edtica - Daniel Matos\",\"isPartOf\":{\"@id\":\"https:\/\/www.blogsoestado.com\/danielmatos\/#website\"},\"datePublished\":\"2015-04-06T14:23:36+00:00\",\"author\":{\"@id\":\"\"},\"breadcrumb\":{\"@id\":\"https:\/\/www.blogsoestado.com\/danielmatos\/camara-de-sao-luis-debate-reforma-politica\/#breadcrumb\"},\"inLanguage\":\"pt-BR\",\"potentialAction\":[{\"@type\":\"ReadAction\",\"target\":[\"https:\/\/www.blogsoestado.com\/danielmatos\/camara-de-sao-luis-debate-reforma-politica\/\"]}]},{\"@type\":\"BreadcrumbList\",\"@id\":\"https:\/\/www.blogsoestado.com\/danielmatos\/camara-de-sao-luis-debate-reforma-politica\/#breadcrumb\",\"itemListElement\":[{\"@type\":\"ListItem\",\"position\":1,\"name\":\"In\u00edcio\",\"item\":\"https:\/\/www.blogsoestado.com\/danielmatos\/\"},{\"@type\":\"ListItem\",\"position\":2,\"name\":\"C\u00e2mara de S\u00e3o Lu\u00eds debate reforma pol\u00edtica\"}]},{\"@type\":\"WebSite\",\"@id\":\"https:\/\/www.blogsoestado.com\/danielmatos\/#website\",\"url\":\"https:\/\/www.blogsoestado.com\/danielmatos\/\",\"name\":\"Daniel Matos\",\"description\":\"\",\"potentialAction\":[{\"@type\":\"SearchAction\",\"target\":{\"@type\":\"EntryPoint\",\"urlTemplate\":\"https:\/\/www.blogsoestado.com\/danielmatos\/?s={search_term_string}\"},\"query-input\":{\"@type\":\"PropertyValueSpecification\",\"valueRequired\":true,\"valueName\":\"search_term_string\"}}],\"inLanguage\":\"pt-BR\"}]}<\/script>\n<!-- \/ Yoast SEO plugin. -->","yoast_head_json":{"title":"C\u00e2mara de S\u00e3o Lu\u00eds debate reforma pol\u00edtica - Daniel Matos","robots":{"index":"index","follow":"follow","max-snippet":"max-snippet:-1","max-image-preview":"max-image-preview:large","max-video-preview":"max-video-preview:-1"},"canonical":"https:\/\/www.blogsoestado.com\/danielmatos\/camara-de-sao-luis-debate-reforma-politica\/","og_locale":"pt_BR","og_type":"article","og_title":"C\u00e2mara de S\u00e3o Lu\u00eds debate reforma pol\u00edtica - Daniel Matos","og_description":"A C\u00e2mara Municipal de S\u00e3o Lu\u00eds, atrav\u00e9s de um requerimento aprovado de autoria do vice-l\u00edder do governo, vereador Ivaldo Rodrigues [&hellip;]","og_url":"https:\/\/www.blogsoestado.com\/danielmatos\/camara-de-sao-luis-debate-reforma-politica\/","og_site_name":"Daniel Matos","article_published_time":"2015-04-06T14:23:36+00:00","twitter_card":"summary_large_image","twitter_misc":{"Est. tempo de leitura":"2 minutos"},"schema":{"@context":"https:\/\/schema.org","@graph":[{"@type":"WebPage","@id":"https:\/\/www.blogsoestado.com\/danielmatos\/camara-de-sao-luis-debate-reforma-politica\/","url":"https:\/\/www.blogsoestado.com\/danielmatos\/camara-de-sao-luis-debate-reforma-politica\/","name":"C\u00e2mara de S\u00e3o Lu\u00eds debate reforma pol\u00edtica - Daniel Matos","isPartOf":{"@id":"https:\/\/www.blogsoestado.com\/danielmatos\/#website"},"datePublished":"2015-04-06T14:23:36+00:00","author":{"@id":""},"breadcrumb":{"@id":"https:\/\/www.blogsoestado.com\/danielmatos\/camara-de-sao-luis-debate-reforma-politica\/#breadcrumb"},"inLanguage":"pt-BR","potentialAction":[{"@type":"ReadAction","target":["https:\/\/www.blogsoestado.com\/danielmatos\/camara-de-sao-luis-debate-reforma-politica\/"]}]},{"@type":"BreadcrumbList","@id":"https:\/\/www.blogsoestado.com\/danielmatos\/camara-de-sao-luis-debate-reforma-politica\/#breadcrumb","itemListElement":[{"@type":"ListItem","position":1,"name":"In\u00edcio","item":"https:\/\/www.blogsoestado.com\/danielmatos\/"},{"@type":"ListItem","position":2,"name":"C\u00e2mara de S\u00e3o Lu\u00eds debate reforma pol\u00edtica"}]},{"@type":"WebSite","@id":"https:\/\/www.blogsoestado.com\/danielmatos\/#website","url":"https:\/\/www.blogsoestado.com\/danielmatos\/","name":"Daniel Matos","description":"","potentialAction":[{"@type":"SearchAction","target":{"@type":"EntryPoint","urlTemplate":"https:\/\/www.blogsoestado.com\/danielmatos\/?s={search_term_string}"},"query-input":{"@type":"PropertyValueSpecification","valueRequired":true,"valueName":"search_term_string"}}],"inLanguage":"pt-BR"}]}},"jetpack_featured_media_url":"","_links":{"self":[{"href":"https:\/\/www.blogsoestado.com\/danielmatos\/wp-json\/wp\/v2\/posts\/23081","targetHints":{"allow":["GET"]}}],"collection":[{"href":"https:\/\/www.blogsoestado.com\/danielmatos\/wp-json\/wp\/v2\/posts"}],"about":[{"href":"https:\/\/www.blogsoestado.com\/danielmatos\/wp-json\/wp\/v2\/types\/post"}],"replies":[{"embeddable":true,"href":"https:\/\/www.blogsoestado.com\/danielmatos\/wp-json\/wp\/v2\/comments?post=23081"}],"version-history":[{"count":0,"href":"https:\/\/www.blogsoestado.com\/danielmatos\/wp-json\/wp\/v2\/posts\/23081\/revisions"}],"wp:attachment":[{"href":"https:\/\/www.blogsoestado.com\/danielmatos\/wp-json\/wp\/v2\/media?parent=23081"}],"wp:term":[{"taxonomy":"category","embeddable":true,"href":"https:\/\/www.blogsoestado.com\/danielmatos\/wp-json\/wp\/v2\/categories?post=23081"},{"taxonomy":"post_tag","embeddable":true,"href":"https:\/\/www.blogsoestado.com\/danielmatos\/wp-json\/wp\/v2\/tags?post=23081"}],"curies":[{"name":"wp","href":"https:\/\/api.w.org\/{rel}","templated":true}]}}