{"id":23083,"date":"2015-04-06T15:59:33","date_gmt":"2015-04-06T18:59:33","guid":{"rendered":"https:\/\/www.blogsoestado.com\/danielmatos\/?p=23083"},"modified":"2015-04-06T15:59:33","modified_gmt":"2015-04-06T18:59:33","slug":"ze-inacio-participa-do-lancamento-da-frente-parlamentar-em-defesa-da-petrobras-no-congresso","status":"publish","type":"post","link":"https:\/\/www.blogsoestado.com\/danielmatos\/ze-inacio-participa-do-lancamento-da-frente-parlamentar-em-defesa-da-petrobras-no-congresso\/","title":{"rendered":"Z\u00e9 In\u00e1cio participa do lan\u00e7amento da Frente Parlamentar em Defesa da Petrobr\u00e1s no Congresso"},"content":{"rendered":"<figure id=\"attachment_23084\" aria-describedby=\"caption-attachment-23084\" style=\"width: 448px\" class=\"wp-caption alignright\"><a href=\"https:\/\/www.blogsoestado.com\/danielmatos\/files\/2015\/04\/ze-inacio-frente.jpg\"><img fetchpriority=\"high\" decoding=\"async\" class=\"size-full wp-image-23084\" src=\"https:\/\/www.blogsoestado.com\/danielmatos\/files\/2015\/04\/ze-inacio-frente.jpg\" alt=\"Z\u00e9 In\u00e1cio na C\u00e2mara Federal, no lan\u00e7amento da Frente Parlamentar em Defesa da Petrobras\" width=\"448\" height=\"298\" \/><\/a><figcaption id=\"caption-attachment-23084\" class=\"wp-caption-text\">Z\u00e9 In\u00e1cio na C\u00e2mara Federal, no lan\u00e7amento da Frente Parlamentar em Defesa da Petrobras<\/figcaption><\/figure>\n<p>O deputado Z\u00e9 In\u00e1cio (PT) participou, na C\u00e2mara dos Deputados, em Bras\u00edlia, do lan\u00e7amento da Frente Parlamentar Mista em Defesa da Petrobras. O evento foi organizado pelo deputado federal Davidson Magalh\u00e3es (PCdoB-BA).<\/p>\n<p>Para o parlamentar, inciativas como a\u00a0do deputado Davidson Magalh\u00e3es, que\u00a0defendem a Petrobr\u00e1s como patrim\u00f4nio da\u00a0na\u00e7\u00e3o, s\u00e3o importantes. &#8220;No Maranh\u00e3o, tamb\u00e9m criamos a frente parlamentar em defesa da Refinaria Premium I, e estamos entrando com o intuito de firmar\u00a0parceria nessa articula\u00e7\u00e3o\u201d, destacou\u00a0o parlamentar.<\/p>\n<p>A\u00a0cria\u00e7\u00e3o da frente teve o apoio de 210 deputados federais e 42 senadores, que subscreveram a proposta. A frente promover\u00e1 uma mobiliza\u00e7\u00e3o interna, no Congresso, para tentar barrar iniciativas de quebrar o regime de partilha, adotado na \u00e1rea do pr\u00e9-sal, e tamb\u00e9m propostas de privatiza\u00e7\u00e3o.<\/p>\n<p><strong>Refinaria Premium I <\/strong><\/p>\n<figure id=\"attachment_23085\" aria-describedby=\"caption-attachment-23085\" style=\"width: 448px\" class=\"wp-caption alignleft\"><a href=\"https:\/\/www.blogsoestado.com\/danielmatos\/files\/2015\/04\/ze-inacio-frente2.jpg\"><img decoding=\"async\" class=\"size-full wp-image-23085\" src=\"https:\/\/www.blogsoestado.com\/danielmatos\/files\/2015\/04\/ze-inacio-frente2.jpg\" alt=\"Z\u00e9 In\u00e1cio com o deputado federal Davidson Magalh\u00e3es, autor da proposta de cria\u00e7\u00e3o da frente\" width=\"448\" height=\"298\" \/><\/a><figcaption id=\"caption-attachment-23085\" class=\"wp-caption-text\">Z\u00e9 In\u00e1cio com o deputado federal Davidson Magalh\u00e3es, autor da proposta de cria\u00e7\u00e3o da frente<\/figcaption><\/figure>\n<p>A cria\u00e7\u00e3o da frente parlamentar prop\u00f5e uma articula\u00e7\u00e3o mais ampla, com prefeitos, deputados federais, senadores, c\u00e2maras de vereadores, sociedade civil organizada e sindicatos para discuss\u00e3o da pauta.<\/p>\n<p>A Refinaria Premium do Maranh\u00e3o, projeto de maior valor da Petrobras, em Bacabeira, teve or\u00e7amento inicial de cerca de US$ 20 bilh\u00f5es. Em termos de capacidade, a refinaria do Maranh\u00e3o estava projetada para refinar 600 mil barris de petr\u00f3leo por dia. Esse volume \u00e9 quase o dobro da refinaria de Paul\u00ednia (Replan, em S\u00e3o Paulo), hoje a maior unidade de refino da Petrobras em opera\u00e7\u00e3o, com capacidade de processar 390 mil barris por dia.<\/p>\n<p>Z\u00e9 In\u00e1cio pretende mobilizar toda a sociedade maranhense para que a Petrobras reveja a sua posi\u00e7\u00e3o e d\u00ea continuidade ao projeto que estava em curso, ainda que seja redimensionado em tamanhos e valores.<\/p>\n<p>O deputado\u00a0acrescenta\u00a0que a frente parlamentar prev\u00ea a mobiliza\u00e7\u00e3o\u00a0da sociedade maranhense e brasileira para que todos conhe\u00e7am a import\u00e2ncia que tem esse projeto para o Maranh\u00e3o. \u201cAinda acredito que o projeto da Refinaria Premium I n\u00e3o foi interrompido, ele foi apenas suspenso temporariamente pelo governo federal\/Petrobr\u00e1s e n\u00f3s confiamos que a\u00a0situa\u00e7\u00e3o pode ser revertida\u201d,\u00a0ressalta.<\/p>\n","protected":false},"excerpt":{"rendered":"<p>O deputado Z\u00e9 In\u00e1cio (PT) participou, na C\u00e2mara dos Deputados, em Bras\u00edlia, do lan\u00e7amento da Frente Parlamentar Mista em Defesa [&hellip;]<\/p>\n","protected":false},"author":0,"featured_media":0,"comment_status":"open","ping_status":"open","sticky":false,"template":"","format":"standard","meta":{"site-sidebar-layout":"default","site-content-layout":"","ast-site-content-layout":"default","site-content-style":"default","site-sidebar-style":"default","ast-global-header-display":"","ast-banner-title-visibility":"","ast-main-header-display":"","ast-hfb-above-header-display":"","ast-hfb-below-header-display":"","ast-hfb-mobile-header-display":"","site-post-title":"","ast-breadcrumbs-content":"","ast-featured-img":"","footer-sml-layout":"","ast-disable-related-posts":"","theme-transparent-header-meta":"","adv-header-id-meta":"","stick-header-meta":"","header-above-stick-meta":"","header-main-stick-meta":"","header-below-stick-meta":"","astra-migrate-meta-layouts":"default","ast-page-background-enabled":"default","ast-page-background-meta":{"desktop":{"background-color":"var(--ast-global-color-5)","background-image":"","background-repeat":"repeat","background-position":"center center","background-size":"auto","background-attachment":"scroll","background-type":"","background-media":"","overlay-type":"","overlay-color":"","overlay-opacity":"","overlay-gradient":""},"tablet":{"background-color":"","background-image":"","background-repeat":"repeat","background-position":"center center","background-size":"auto","background-attachment":"scroll","background-type":"","background-media":"","overlay-type":"","overlay-color":"","overlay-opacity":"","overlay-gradient":""},"mobile":{"background-color":"","background-image":"","background-repeat":"repeat","background-position":"center center","background-size":"auto","background-attachment":"scroll","background-type":"","background-media":"","overlay-type":"","overlay-color":"","overlay-opacity":"","overlay-gradient":""}},"ast-content-background-meta":{"desktop":{"background-color":"var(--ast-global-color-4)","background-image":"","background-repeat":"repeat","background-position":"center center","background-size":"auto","background-attachment":"scroll","background-type":"","background-media":"","overlay-type":"","overlay-color":"","overlay-opacity":"","overlay-gradient":""},"tablet":{"background-color":"var(--ast-global-color-4)","background-image":"","background-repeat":"repeat","background-position":"center center","background-size":"auto","background-attachment":"scroll","background-type":"","background-media":"","overlay-type":"","overlay-color":"","overlay-opacity":"","overlay-gradient":""},"mobile":{"background-color":"var(--ast-global-color-4)","background-image":"","background-repeat":"repeat","background-position":"center center","background-size":"auto","background-attachment":"scroll","background-type":"","background-media":"","overlay-type":"","overlay-color":"","overlay-opacity":"","overlay-gradient":""}},"footnotes":""},"categories":[1],"tags":[],"class_list":["post-23083","post","type-post","status-publish","format-standard","hentry","category-sem-categoria"],"yoast_head":"<!-- This site is optimized with the Yoast SEO plugin v26.6 - https:\/\/yoast.com\/wordpress\/plugins\/seo\/ -->\n<title>Z\u00e9 In\u00e1cio participa do lan\u00e7amento da Frente Parlamentar em Defesa da Petrobr\u00e1s no Congresso - Daniel Matos<\/title>\n<meta name=\"robots\" content=\"index, follow, max-snippet:-1, max-image-preview:large, max-video-preview:-1\" \/>\n<link rel=\"canonical\" href=\"https:\/\/www.blogsoestado.com\/danielmatos\/ze-inacio-participa-do-lancamento-da-frente-parlamentar-em-defesa-da-petrobras-no-congresso\/\" \/>\n<meta property=\"og:locale\" content=\"pt_BR\" \/>\n<meta property=\"og:type\" content=\"article\" \/>\n<meta property=\"og:title\" content=\"Z\u00e9 In\u00e1cio participa do lan\u00e7amento da Frente Parlamentar em Defesa da Petrobr\u00e1s no Congresso - Daniel Matos\" \/>\n<meta property=\"og:description\" content=\"O deputado Z\u00e9 In\u00e1cio (PT) participou, na C\u00e2mara dos Deputados, em Bras\u00edlia, do lan\u00e7amento da Frente Parlamentar Mista em Defesa [&hellip;]\" \/>\n<meta property=\"og:url\" content=\"https:\/\/www.blogsoestado.com\/danielmatos\/ze-inacio-participa-do-lancamento-da-frente-parlamentar-em-defesa-da-petrobras-no-congresso\/\" \/>\n<meta property=\"og:site_name\" content=\"Daniel Matos\" \/>\n<meta property=\"article:published_time\" content=\"2015-04-06T18:59:33+00:00\" \/>\n<meta property=\"og:image\" content=\"https:\/\/www.blogsoestado.com\/danielmatos\/files\/2015\/04\/ze-inacio-frente.jpg\" \/>\n<meta name=\"twitter:card\" content=\"summary_large_image\" \/>\n<meta name=\"twitter:label1\" content=\"Est. tempo de leitura\" \/>\n\t<meta name=\"twitter:data1\" content=\"2 minutos\" \/>\n<script type=\"application\/ld+json\" class=\"yoast-schema-graph\">{\"@context\":\"https:\/\/schema.org\",\"@graph\":[{\"@type\":\"WebPage\",\"@id\":\"https:\/\/www.blogsoestado.com\/danielmatos\/ze-inacio-participa-do-lancamento-da-frente-parlamentar-em-defesa-da-petrobras-no-congresso\/\",\"url\":\"https:\/\/www.blogsoestado.com\/danielmatos\/ze-inacio-participa-do-lancamento-da-frente-parlamentar-em-defesa-da-petrobras-no-congresso\/\",\"name\":\"Z\u00e9 In\u00e1cio participa do lan\u00e7amento da Frente Parlamentar em Defesa da Petrobr\u00e1s no Congresso - Daniel Matos\",\"isPartOf\":{\"@id\":\"https:\/\/www.blogsoestado.com\/danielmatos\/#website\"},\"primaryImageOfPage\":{\"@id\":\"https:\/\/www.blogsoestado.com\/danielmatos\/ze-inacio-participa-do-lancamento-da-frente-parlamentar-em-defesa-da-petrobras-no-congresso\/#primaryimage\"},\"image\":{\"@id\":\"https:\/\/www.blogsoestado.com\/danielmatos\/ze-inacio-participa-do-lancamento-da-frente-parlamentar-em-defesa-da-petrobras-no-congresso\/#primaryimage\"},\"thumbnailUrl\":\"https:\/\/www.blogsoestado.com\/danielmatos\/files\/2015\/04\/ze-inacio-frente.jpg\",\"datePublished\":\"2015-04-06T18:59:33+00:00\",\"author\":{\"@id\":\"\"},\"breadcrumb\":{\"@id\":\"https:\/\/www.blogsoestado.com\/danielmatos\/ze-inacio-participa-do-lancamento-da-frente-parlamentar-em-defesa-da-petrobras-no-congresso\/#breadcrumb\"},\"inLanguage\":\"pt-BR\",\"potentialAction\":[{\"@type\":\"ReadAction\",\"target\":[\"https:\/\/www.blogsoestado.com\/danielmatos\/ze-inacio-participa-do-lancamento-da-frente-parlamentar-em-defesa-da-petrobras-no-congresso\/\"]}]},{\"@type\":\"ImageObject\",\"inLanguage\":\"pt-BR\",\"@id\":\"https:\/\/www.blogsoestado.com\/danielmatos\/ze-inacio-participa-do-lancamento-da-frente-parlamentar-em-defesa-da-petrobras-no-congresso\/#primaryimage\",\"url\":\"https:\/\/www.blogsoestado.com\/danielmatos\/files\/2015\/04\/ze-inacio-frente.jpg\",\"contentUrl\":\"https:\/\/www.blogsoestado.com\/danielmatos\/files\/2015\/04\/ze-inacio-frente.jpg\"},{\"@type\":\"BreadcrumbList\",\"@id\":\"https:\/\/www.blogsoestado.com\/danielmatos\/ze-inacio-participa-do-lancamento-da-frente-parlamentar-em-defesa-da-petrobras-no-congresso\/#breadcrumb\",\"itemListElement\":[{\"@type\":\"ListItem\",\"position\":1,\"name\":\"In\u00edcio\",\"item\":\"https:\/\/www.blogsoestado.com\/danielmatos\/\"},{\"@type\":\"ListItem\",\"position\":2,\"name\":\"Z\u00e9 In\u00e1cio participa do lan\u00e7amento da Frente Parlamentar em Defesa da Petrobr\u00e1s no Congresso\"}]},{\"@type\":\"WebSite\",\"@id\":\"https:\/\/www.blogsoestado.com\/danielmatos\/#website\",\"url\":\"https:\/\/www.blogsoestado.com\/danielmatos\/\",\"name\":\"Daniel Matos\",\"description\":\"\",\"potentialAction\":[{\"@type\":\"SearchAction\",\"target\":{\"@type\":\"EntryPoint\",\"urlTemplate\":\"https:\/\/www.blogsoestado.com\/danielmatos\/?s={search_term_string}\"},\"query-input\":{\"@type\":\"PropertyValueSpecification\",\"valueRequired\":true,\"valueName\":\"search_term_string\"}}],\"inLanguage\":\"pt-BR\"}]}<\/script>\n<!-- \/ Yoast SEO plugin. -->","yoast_head_json":{"title":"Z\u00e9 In\u00e1cio participa do lan\u00e7amento da Frente Parlamentar em Defesa da Petrobr\u00e1s no Congresso - Daniel Matos","robots":{"index":"index","follow":"follow","max-snippet":"max-snippet:-1","max-image-preview":"max-image-preview:large","max-video-preview":"max-video-preview:-1"},"canonical":"https:\/\/www.blogsoestado.com\/danielmatos\/ze-inacio-participa-do-lancamento-da-frente-parlamentar-em-defesa-da-petrobras-no-congresso\/","og_locale":"pt_BR","og_type":"article","og_title":"Z\u00e9 In\u00e1cio participa do lan\u00e7amento da Frente Parlamentar em Defesa da Petrobr\u00e1s no Congresso - Daniel Matos","og_description":"O deputado Z\u00e9 In\u00e1cio (PT) participou, na C\u00e2mara dos Deputados, em Bras\u00edlia, do lan\u00e7amento da Frente Parlamentar Mista em Defesa [&hellip;]","og_url":"https:\/\/www.blogsoestado.com\/danielmatos\/ze-inacio-participa-do-lancamento-da-frente-parlamentar-em-defesa-da-petrobras-no-congresso\/","og_site_name":"Daniel Matos","article_published_time":"2015-04-06T18:59:33+00:00","og_image":[{"url":"https:\/\/www.blogsoestado.com\/danielmatos\/files\/2015\/04\/ze-inacio-frente.jpg","type":"","width":"","height":""}],"twitter_card":"summary_large_image","twitter_misc":{"Est. tempo de leitura":"2 minutos"},"schema":{"@context":"https:\/\/schema.org","@graph":[{"@type":"WebPage","@id":"https:\/\/www.blogsoestado.com\/danielmatos\/ze-inacio-participa-do-lancamento-da-frente-parlamentar-em-defesa-da-petrobras-no-congresso\/","url":"https:\/\/www.blogsoestado.com\/danielmatos\/ze-inacio-participa-do-lancamento-da-frente-parlamentar-em-defesa-da-petrobras-no-congresso\/","name":"Z\u00e9 In\u00e1cio participa do lan\u00e7amento da Frente Parlamentar em Defesa da Petrobr\u00e1s no Congresso - Daniel Matos","isPartOf":{"@id":"https:\/\/www.blogsoestado.com\/danielmatos\/#website"},"primaryImageOfPage":{"@id":"https:\/\/www.blogsoestado.com\/danielmatos\/ze-inacio-participa-do-lancamento-da-frente-parlamentar-em-defesa-da-petrobras-no-congresso\/#primaryimage"},"image":{"@id":"https:\/\/www.blogsoestado.com\/danielmatos\/ze-inacio-participa-do-lancamento-da-frente-parlamentar-em-defesa-da-petrobras-no-congresso\/#primaryimage"},"thumbnailUrl":"https:\/\/www.blogsoestado.com\/danielmatos\/files\/2015\/04\/ze-inacio-frente.jpg","datePublished":"2015-04-06T18:59:33+00:00","author":{"@id":""},"breadcrumb":{"@id":"https:\/\/www.blogsoestado.com\/danielmatos\/ze-inacio-participa-do-lancamento-da-frente-parlamentar-em-defesa-da-petrobras-no-congresso\/#breadcrumb"},"inLanguage":"pt-BR","potentialAction":[{"@type":"ReadAction","target":["https:\/\/www.blogsoestado.com\/danielmatos\/ze-inacio-participa-do-lancamento-da-frente-parlamentar-em-defesa-da-petrobras-no-congresso\/"]}]},{"@type":"ImageObject","inLanguage":"pt-BR","@id":"https:\/\/www.blogsoestado.com\/danielmatos\/ze-inacio-participa-do-lancamento-da-frente-parlamentar-em-defesa-da-petrobras-no-congresso\/#primaryimage","url":"https:\/\/www.blogsoestado.com\/danielmatos\/files\/2015\/04\/ze-inacio-frente.jpg","contentUrl":"https:\/\/www.blogsoestado.com\/danielmatos\/files\/2015\/04\/ze-inacio-frente.jpg"},{"@type":"BreadcrumbList","@id":"https:\/\/www.blogsoestado.com\/danielmatos\/ze-inacio-participa-do-lancamento-da-frente-parlamentar-em-defesa-da-petrobras-no-congresso\/#breadcrumb","itemListElement":[{"@type":"ListItem","position":1,"name":"In\u00edcio","item":"https:\/\/www.blogsoestado.com\/danielmatos\/"},{"@type":"ListItem","position":2,"name":"Z\u00e9 In\u00e1cio participa do lan\u00e7amento da Frente Parlamentar em Defesa da Petrobr\u00e1s no Congresso"}]},{"@type":"WebSite","@id":"https:\/\/www.blogsoestado.com\/danielmatos\/#website","url":"https:\/\/www.blogsoestado.com\/danielmatos\/","name":"Daniel Matos","description":"","potentialAction":[{"@type":"SearchAction","target":{"@type":"EntryPoint","urlTemplate":"https:\/\/www.blogsoestado.com\/danielmatos\/?s={search_term_string}"},"query-input":{"@type":"PropertyValueSpecification","valueRequired":true,"valueName":"search_term_string"}}],"inLanguage":"pt-BR"}]}},"jetpack_featured_media_url":"","_links":{"self":[{"href":"https:\/\/www.blogsoestado.com\/danielmatos\/wp-json\/wp\/v2\/posts\/23083","targetHints":{"allow":["GET"]}}],"collection":[{"href":"https:\/\/www.blogsoestado.com\/danielmatos\/wp-json\/wp\/v2\/posts"}],"about":[{"href":"https:\/\/www.blogsoestado.com\/danielmatos\/wp-json\/wp\/v2\/types\/post"}],"replies":[{"embeddable":true,"href":"https:\/\/www.blogsoestado.com\/danielmatos\/wp-json\/wp\/v2\/comments?post=23083"}],"version-history":[{"count":0,"href":"https:\/\/www.blogsoestado.com\/danielmatos\/wp-json\/wp\/v2\/posts\/23083\/revisions"}],"wp:attachment":[{"href":"https:\/\/www.blogsoestado.com\/danielmatos\/wp-json\/wp\/v2\/media?parent=23083"}],"wp:term":[{"taxonomy":"category","embeddable":true,"href":"https:\/\/www.blogsoestado.com\/danielmatos\/wp-json\/wp\/v2\/categories?post=23083"},{"taxonomy":"post_tag","embeddable":true,"href":"https:\/\/www.blogsoestado.com\/danielmatos\/wp-json\/wp\/v2\/tags?post=23083"}],"curies":[{"name":"wp","href":"https:\/\/api.w.org\/{rel}","templated":true}]}}